{"id":34449,"date":"2024-11-13T11:46:41","date_gmt":"2024-11-13T10:46:41","guid":{"rendered":"https:\/\/www.entreculturas.org\/?post_type=noticia&#038;p=34449"},"modified":"2026-04-08T09:42:53","modified_gmt":"2026-04-08T07:42:53","slug":"save-the-children-alianza-por-la-solidaridad-entreculturas-y-varios-socios-locales-unen-esfuerzos-por-la-ninez-y-las-comunidades-en-colombia","status":"publish","type":"noticia","link":"https:\/\/www.entreculturas.org\/fr\/noticia\/save-the-children-alianza-por-la-solidaridad-entreculturas-y-varios-socios-locales-unen-esfuerzos-por-la-ninez-y-las-comunidades-en-colombia\/","title":{"rendered":"Entreculturas, Save the Children,  Alianza por la Solidaridad y varios socios locales unen esfuerzos por la ni\u00f1ez y las comunidades en Colombia"},"content":{"rendered":"\n<p>Con el apoyo de la Uni\u00f3n Europea, estas organizaciones trabajan en conjunto para fortalecer la gesti\u00f3n del riesgo, la acci\u00f3n anticipatoria y la capacidad de respuesta institucional en Nari\u00f1o, Arauca, Cauca y Valle del Cauca.<br><br>El proyecto apoyara la implementaci\u00f3n del Plan de Acci\u00f3n Nacional sobre Escuelas Seguras (2022-2026), promoviendo el acceso y calidad en la educaci\u00f3n por dos a\u00f1os.<br><br>Colombia enfrenta m\u00faltiples desaf\u00edos debido al conflicto armado, fen\u00f3menos naturales y flujos migratorios mixtos. Seg\u00fan un informe de OCHA (sept, 2024), de los 50 millones de personas que habitan el pa\u00eds, 9 millones (17 %) est\u00e1n en situaci\u00f3n de necesidad, enfrentando altos riesgos de protecci\u00f3n e inseguridad alimentaria.<\/p>\n\n\n\n<p>La ni\u00f1ez en Colombia se ve especialmente afectada; dos de cada tres ni\u00f1os, ni\u00f1as y adolescentes v\u00edctimas del conflicto pertenecen a comunidades \u00e9tnicas. En 2023, los eventos violentos en el entorno educativo aumentaron un 53 %, con el 43 % de estos ocurriendo en las escuelas y el 57 % en el trayecto hacia ellas (NRC, 2023). Adem\u00e1s, el reclutamiento de menores por grupos armados ilegales creci\u00f3 un 500 %, con 184 casos reportados en 2023 frente a 30 en 2022 (Defensor\u00eda del Pueblo, 2024). Tambi\u00e9n se registr\u00f3 un aumento del 22 % en la deserci\u00f3n escolar intra-anual en el sector oficial (Ministerio de Educaci\u00f3n Nacional, 2023).<\/p>\n\n\n\n<p>Ante estas necesidades, nace \u00abCreer. Comunidades resilientes, escuelas resilientes\u00bb, un consorcio financiado por la Uni\u00f3n Europea que agrupa a tres organizaciones internacionales y cuatro socios locales con capacidad y experiencia en los departamentos de intervenci\u00f3n: Cauca, Valle del Cauca, Nari\u00f1o y Arauca.<\/p>\n\n\n\n<p>Save the Children, Alianza por la Solidaridad, Entreculturas como organizaciones internacionales, y el Servicio Jesuita a Refugiados Colombia, la Asociaci\u00f3n Agencia de Comunicaciones del Pac\u00edfico \u2013 ACOP, APOYAR Arauca y la Asociaci\u00f3n de Consejos Comunitarios del Norte del Cauca- ACONC, Cuerpo de Bomberos Voluntarios Cauca y Gobernaci\u00f3n de Cauca, como socias locales, implementar\u00e1n distintas acciones para acompa\u00f1ar a las comunidades en la transformaci\u00f3n de esta realidad.<\/p>\n\n\n\n<p>Para \u00d3scar*, un ni\u00f1o del Distrito de Buenaventura, una escuela segura es \u201cdonde los ni\u00f1os y ni\u00f1as puedan salir de su casa y tener la certeza que van a llegar a sus escuelas sin ser objetos de alg\u00fan enfrentamiento. Que estos puedan tener la plena seguridad de que se pueden dirigir a las escuelas para recibir una educaci\u00f3n de calidad y digna\u201d.<\/p>\n\n\n\n<h2 class=\"wp-block-heading\" id=\"h-dentro-de-los-objetivos-planteados-por-creer-para-los-proximos-dos-anos-se-destacan\">Dentro de los objetivos planteados por Creer para los pr\u00f3ximos dos a\u00f1os se destacan:<\/h2>\n\n\n\n<p>Mejorar las capacidades de las comunidades participantes para proteger a los ni\u00f1os, ni\u00f1as y adolescentes teniendo como gu\u00eda el Marco Integral de Seguridad Escolar y el Plan de Acci\u00f3n Nacional de Escuelas Seguras.<br><br>Fortalecer a organizaciones afrocolombianas y autoridades locales en la gesti\u00f3n integral del riesgo mejorando sus planes de preparaci\u00f3n, acci\u00f3n temprana y respuesta de manera articulada y coordinada a nivel local, departamental y nacional.<br><br>Promover el acceso y la permanencia de ni\u00f1os, ni\u00f1as y adolescentes en escuelas seguras.<br><br>\u201cEl consorcio, financiado por la Uni\u00f3n Europea, trabajar\u00e1 con ni\u00f1as, ni\u00f1os y adolescentes, sus familias y comunidades, instituciones educativas, autoridades locales, entre otros. Nuestra prioridad ser\u00e1 focalizar distintos grupos \u00e9tnicos que han sido afectados hist\u00f3ricamente por el conflicto armado, desplazamiento, los fen\u00f3menos naturales o la migraci\u00f3n forzada\u201d, menciona Juli\u00e1n Cort\u00e9s, gerente del consorcio.<br><\/p>\n\n\n\n<p>Finalmente, las organizaciones del consorcio que hacen presencia en los territorios se comprometen a trav\u00e9s de la participaci\u00f3n y construcci\u00f3n colectiva, de la mano con las comunidades y autoridades locales, a brindar herramientas y recursos para fortalecer acciones de anticipaci\u00f3n que permita dejar capacidad instalada en territorio ante emergencias de m\u00faltiples impactos y contribuir a que ni\u00f1as, ni\u00f1os y adolescentes puedan acceder a una educaci\u00f3n segura, incluso en medio de las crisis.<br><\/p>\n\n\n\n<h2 class=\"wp-block-heading\" id=\"h-acerca-de-las-organizaciones-que-hacen-parte-de-creer\">Acerca de las organizaciones que hacen parte de Creer:<\/h2>\n\n\n\n<p><br>Alianza por la Solidaridad -ActionAid: organizaci\u00f3n internacional con sede en Espa\u00f1a y presencia en Colombia desde 1998. Durante 25 a\u00f1os, ha mantenido una estrategia de trabajo sostenida en el Pac\u00edfico colombiano para responder a las consecuencias que el conflicto armado, los fen\u00f3menos naturales y los flujos migratorios tienen en las comunidades.<br><\/p>\n\n\n\n<p>Entreculturas: ONG de la Compa\u00f1\u00eda de Jes\u00fas que defiende el derecho a la educaci\u00f3n, promoviendo el acceso a una formaci\u00f3n de calidad y en igualdad de oportunidades en contextos de exclusi\u00f3n y vulnerabilidad en \u00c1frica, Am\u00e9rica Latina, Asia y Europa. En sus acciones, aborda cinco causas fundamentales: educaci\u00f3n, migraci\u00f3n y refugio, equidad de g\u00e9nero, justicia socioambiental y participaci\u00f3n ciudadana.<br><\/p>\n\n\n\n<p>Save the Children: es una organizaci\u00f3n sin \u00e1nimo de lucro con m\u00e1s de 100 a\u00f1os de trayectoria y presencia en m\u00e1s de 110 pa\u00edses. Trabajamos por el desarrollo y protecci\u00f3n integral de los derechos de la ni\u00f1ez y adolescencia m\u00e1s vulnerable en Colombia.<br><\/p>\n\n\n\n<p>Servicio Jesuita a Refugiados Colombia (JRS): Inspirados por el generoso amor y ejemplo de Jesucristo, es una organizaci\u00f3n internacional cat\u00f3lica cuya misi\u00f3n es acompa\u00f1ar, servir y defender a los refugiados y otras personas desplazadas por la fuerza, para que puedan sanar sus heridas, aprender y marcar su propio futuro.<\/p>\n\n\n\n<p>Asociaci\u00f3n de Consejos Comunitarios del Norte del Cauca- ACONC: organizaci\u00f3n \u00e9tnica territorial que agrupa a 43 consejos comunitarios del norte del Cauca, representando a unas 139 mil personas bajo las condiciones de la Ley 70 de 1993, decreto 1745 de 1995 y el derecho propio que hace parte de las pr\u00e1cticas ancestrales de las comunidades negras en sus territorios.<\/p>\n\n\n\n<p>Asociaci\u00f3n Agencia de Comunicaciones del Pac\u00edfico \u2013 ACOP: es una corporaci\u00f3n que ofrece servicios de capacitaci\u00f3n, producci\u00f3n y difusi\u00f3n en medios de comunicaci\u00f3n como televisi\u00f3n, radio, prensa y Tic\u00b4s, crea planes de comunicaci\u00f3n a organizaciones, instituciones y empresas p\u00fablicas y privadas, con el objetivo de fortalecer la presencia e imagen institucional en el territorio, as\u00ed como el posicionamiento en el mercado, procurando que nuestro accionar este encaminado al fomento de la cultura de la legalidad, el servicio comunitario, la eficiencia, la construcci\u00f3n de paz, y la contribuci\u00f3n con el desarrollo social, econ\u00f3mico y cultural de las comunidades.<\/p>\n\n\n\n<p>APOYAR \u2013 Arauca: una organizaci\u00f3n comprometida con la generaci\u00f3n y fortalecimiento de las capacidades. APOYAR es una escuela de aprendizaje que aporta al pensamiento cr\u00edtico y a la construcci\u00f3n de capacidades t\u00e9cnicas y humanas.<\/p>\n","protected":false},"excerpt":{"rendered":"<p>Con el apoyo de la Uni\u00f3n Europea, estas organizaciones trabajan en conjunto para fortalecer la gesti\u00f3n del riesgo, la acci\u00f3n anticipatoria y la capacidad de respuesta institucional en Nari\u00f1o, Arauca, Cauca y Valle del Cauca. El proyecto apoyara la implementaci\u00f3n del Plan de Acci\u00f3n Nacional sobre Escuelas Seguras (2022-2026), promoviendo el acceso y calidad en la educaci\u00f3n por dos a\u00f1os. Colombia enfrenta m\u00faltiples desaf\u00edos debido al conflicto armado, fen\u00f3menos naturales y flujos migratorios mixtos. Seg\u00fan un informe de OCHA (sept, 2024), de los 50 millones de personas que habitan el pa\u00eds, 9 millones (17 %) est\u00e1n en situaci\u00f3n de necesidad, enfrentando altos riesgos de protecci\u00f3n e inseguridad alimentaria. La ni\u00f1ez en Colombia se ve especialmente afectada; dos de cada tres ni\u00f1os, ni\u00f1as y adolescentes v\u00edctimas del conflicto pertenecen a comunidades \u00e9tnicas. En 2023, los eventos violentos en el entorno educativo aumentaron un 53 %, con el 43 % de estos [&hellip;]<\/p>\n","protected":false},"featured_media":35518,"template":"","meta":{"_acf_changed":false},"categories":[7],"tags":[289],"country":[],"cause":[128],"class_list":["post-34449","noticia","type-noticia","status-publish","has-post-thumbnail","hentry","category-noticia","tag-educacion","cause-educacion"],"acf":[],"yoast_head":"<!-- This site is optimized with the Yoast SEO Premium plugin v21.6 (Yoast SEO v27.5) - https:\/\/yoast.com\/product\/yoast-seo-premium-wordpress\/ -->\n<title>Entreculturas trabaja por la educaci\u00f3n en Colombia<\/title>\n<meta name=\"description\" content=\"Entreculturas, Save the Children y Alianza por la Solidaridad unen esfuerzos por la educaci\u00f3n de la infancia en Colombia\" \/>\n<meta name=\"robots\" content=\"index, follow, max-snippet:-1, max-image-preview:large, max-video-preview:-1\" \/>\n<link rel=\"canonical\" href=\"https:\/\/www.entreculturas.org\/fr\/noticia\/save-the-children-alianza-por-la-solidaridad-entreculturas-y-varios-socios-locales-unen-esfuerzos-por-la-ninez-y-las-comunidades-en-colombia\/\" \/>\n<meta property=\"og:locale\" content=\"fr_FR\" \/>\n<meta property=\"og:type\" content=\"article\" \/>\n<meta property=\"og:title\" content=\"Entreculturas, Save the Children, Alianza por la Solidaridad y varios socios locales unen esfuerzos por la ni\u00f1ez y las comunidades en Colombia\" \/>\n<meta property=\"og:description\" content=\"Entreculturas, Save the Children y Alianza por la Solidaridad unen esfuerzos por la educaci\u00f3n de la infancia en Colombia\" \/>\n<meta property=\"og:url\" content=\"https:\/\/www.entreculturas.org\/fr\/noticia\/save-the-children-alianza-por-la-solidaridad-entreculturas-y-varios-socios-locales-unen-esfuerzos-por-la-ninez-y-las-comunidades-en-colombia\/\" \/>\n<meta property=\"og:site_name\" content=\"Entreculturas\" \/>\n<meta property=\"article:publisher\" content=\"https:\/\/www.facebook.com\/entreculturas\" \/>\n<meta property=\"article:modified_time\" content=\"2026-04-08T07:42:53+00:00\" \/>\n<meta property=\"og:image\" content=\"https:\/\/www.entreculturas.org\/wp-content\/uploads\/2024\/11\/Identidad-visual-consorcio-creer-1-1-scaled.jpg\" \/>\n\t<meta property=\"og:image:width\" content=\"2560\" \/>\n\t<meta property=\"og:image:height\" content=\"966\" \/>\n\t<meta property=\"og:image:type\" content=\"image\/jpeg\" \/>\n<meta name=\"twitter:card\" content=\"summary_large_image\" \/>\n<meta name=\"twitter:site\" content=\"@Entreculturas\" \/>\n<script type=\"application\/ld+json\" class=\"yoast-schema-graph\">{\"@context\":\"https:\\\/\\\/schema.org\",\"@graph\":[{\"@type\":\"WebPage\",\"@id\":\"https:\\\/\\\/www.entreculturas.org\\\/fr\\\/noticia\\\/save-the-children-alianza-por-la-solidaridad-entreculturas-y-varios-socios-locales-unen-esfuerzos-por-la-ninez-y-las-comunidades-en-colombia\\\/\",\"url\":\"https:\\\/\\\/www.entreculturas.org\\\/fr\\\/noticia\\\/save-the-children-alianza-por-la-solidaridad-entreculturas-y-varios-socios-locales-unen-esfuerzos-por-la-ninez-y-las-comunidades-en-colombia\\\/\",\"name\":\"Entreculturas trabaja por la educaci\u00f3n en Colombia\",\"isPartOf\":{\"@id\":\"https:\\\/\\\/www.entreculturas.org\\\/fr\\\/#website\"},\"primaryImageOfPage\":{\"@id\":\"https:\\\/\\\/www.entreculturas.org\\\/fr\\\/noticia\\\/save-the-children-alianza-por-la-solidaridad-entreculturas-y-varios-socios-locales-unen-esfuerzos-por-la-ninez-y-las-comunidades-en-colombia\\\/#primaryimage\"},\"image\":{\"@id\":\"https:\\\/\\\/www.entreculturas.org\\\/fr\\\/noticia\\\/save-the-children-alianza-por-la-solidaridad-entreculturas-y-varios-socios-locales-unen-esfuerzos-por-la-ninez-y-las-comunidades-en-colombia\\\/#primaryimage\"},\"thumbnailUrl\":\"https:\\\/\\\/www.entreculturas.org\\\/wp-content\\\/uploads\\\/2024\\\/11\\\/Identidad-visual-consorcio-creer-1-1-scaled.jpg\",\"datePublished\":\"2024-11-13T10:46:41+00:00\",\"dateModified\":\"2026-04-08T07:42:53+00:00\",\"description\":\"Entreculturas, Save the Children y Alianza por la Solidaridad unen esfuerzos por la educaci\u00f3n de la infancia en Colombia\",\"breadcrumb\":{\"@id\":\"https:\\\/\\\/www.entreculturas.org\\\/fr\\\/noticia\\\/save-the-children-alianza-por-la-solidaridad-entreculturas-y-varios-socios-locales-unen-esfuerzos-por-la-ninez-y-las-comunidades-en-colombia\\\/#breadcrumb\"},\"inLanguage\":\"fr-FR\",\"potentialAction\":[{\"@type\":\"ReadAction\",\"target\":[\"https:\\\/\\\/www.entreculturas.org\\\/fr\\\/noticia\\\/save-the-children-alianza-por-la-solidaridad-entreculturas-y-varios-socios-locales-unen-esfuerzos-por-la-ninez-y-las-comunidades-en-colombia\\\/\"]}]},{\"@type\":\"ImageObject\",\"inLanguage\":\"fr-FR\",\"@id\":\"https:\\\/\\\/www.entreculturas.org\\\/fr\\\/noticia\\\/save-the-children-alianza-por-la-solidaridad-entreculturas-y-varios-socios-locales-unen-esfuerzos-por-la-ninez-y-las-comunidades-en-colombia\\\/#primaryimage\",\"url\":\"https:\\\/\\\/www.entreculturas.org\\\/wp-content\\\/uploads\\\/2024\\\/11\\\/Identidad-visual-consorcio-creer-1-1-scaled.jpg\",\"contentUrl\":\"https:\\\/\\\/www.entreculturas.org\\\/wp-content\\\/uploads\\\/2024\\\/11\\\/Identidad-visual-consorcio-creer-1-1-scaled.jpg\",\"width\":2560,\"height\":966},{\"@type\":\"BreadcrumbList\",\"@id\":\"https:\\\/\\\/www.entreculturas.org\\\/fr\\\/noticia\\\/save-the-children-alianza-por-la-solidaridad-entreculturas-y-varios-socios-locales-unen-esfuerzos-por-la-ninez-y-las-comunidades-en-colombia\\\/#breadcrumb\",\"itemListElement\":[{\"@type\":\"ListItem\",\"position\":1,\"name\":\"Home\",\"item\":\"https:\\\/\\\/www.entreculturas.org\\\/fr\\\/\"},{\"@type\":\"ListItem\",\"position\":2,\"name\":\"Noticias\",\"item\":\"https:\\\/\\\/www.entreculturas.org\\\/fr\\\/noticias\\\/\"},{\"@type\":\"ListItem\",\"position\":3,\"name\":\"Entreculturas, Save the Children, Alianza por la Solidaridad y varios socios locales unen esfuerzos por la ni\u00f1ez y las comunidades en Colombia\"}]},{\"@type\":\"WebSite\",\"@id\":\"https:\\\/\\\/www.entreculturas.org\\\/fr\\\/#website\",\"url\":\"https:\\\/\\\/www.entreculturas.org\\\/fr\\\/\",\"name\":\"Entreculturas\",\"description\":\"\",\"publisher\":{\"@id\":\"https:\\\/\\\/www.entreculturas.org\\\/fr\\\/#organization\"},\"alternateName\":\"Entreculturas\",\"potentialAction\":[{\"@type\":\"SearchAction\",\"target\":{\"@type\":\"EntryPoint\",\"urlTemplate\":\"https:\\\/\\\/www.entreculturas.org\\\/fr\\\/?s={search_term_string}\"},\"query-input\":{\"@type\":\"PropertyValueSpecification\",\"valueRequired\":true,\"valueName\":\"search_term_string\"}}],\"inLanguage\":\"fr-FR\"},{\"@type\":\"Organization\",\"@id\":\"https:\\\/\\\/www.entreculturas.org\\\/fr\\\/#organization\",\"name\":\"Entreculturas\",\"url\":\"https:\\\/\\\/www.entreculturas.org\\\/fr\\\/\",\"logo\":{\"@type\":\"ImageObject\",\"inLanguage\":\"fr-FR\",\"@id\":\"https:\\\/\\\/www.entreculturas.org\\\/fr\\\/#\\\/schema\\\/logo\\\/image\\\/\",\"url\":\"https:\\\/\\\/www.entreculturas.org\\\/wp-content\\\/uploads\\\/2025\\\/10\\\/ESP.svg\",\"contentUrl\":\"https:\\\/\\\/www.entreculturas.org\\\/wp-content\\\/uploads\\\/2025\\\/10\\\/ESP.svg\",\"caption\":\"Entreculturas\"},\"image\":{\"@id\":\"https:\\\/\\\/www.entreculturas.org\\\/fr\\\/#\\\/schema\\\/logo\\\/image\\\/\"},\"sameAs\":[\"https:\\\/\\\/www.facebook.com\\\/entreculturas\",\"https:\\\/\\\/x.com\\\/Entreculturas\",\"https:\\\/\\\/www.instagram.com\\\/entreculturas\\\/\",\"https:\\\/\\\/www.youtube.com\\\/user\\\/entreculturasvideo\",\"https:\\\/\\\/www.linkedin.com\\\/company\\\/fundacion-entreculturas-ngdo\\\/\",\"https:\\\/\\\/www.flickr.com\\\/photos\\\/98455522@N04\\\/albums\\\/\"]}]}<\/script>\n<!-- \/ Yoast SEO Premium plugin. -->","yoast_head_json":{"title":"Entreculturas trabaja por la educaci\u00f3n en Colombia","description":"Entreculturas, Save the Children y Alianza por la Solidaridad unen esfuerzos por la educaci\u00f3n de la infancia en Colombia","robots":{"index":"index","follow":"follow","max-snippet":"max-snippet:-1","max-image-preview":"max-image-preview:large","max-video-preview":"max-video-preview:-1"},"canonical":"https:\/\/www.entreculturas.org\/fr\/noticia\/save-the-children-alianza-por-la-solidaridad-entreculturas-y-varios-socios-locales-unen-esfuerzos-por-la-ninez-y-las-comunidades-en-colombia\/","og_locale":"fr_FR","og_type":"article","og_title":"Entreculturas, Save the Children, Alianza por la Solidaridad y varios socios locales unen esfuerzos por la ni\u00f1ez y las comunidades en Colombia","og_description":"Entreculturas, Save the Children y Alianza por la Solidaridad unen esfuerzos por la educaci\u00f3n de la infancia en Colombia","og_url":"https:\/\/www.entreculturas.org\/fr\/noticia\/save-the-children-alianza-por-la-solidaridad-entreculturas-y-varios-socios-locales-unen-esfuerzos-por-la-ninez-y-las-comunidades-en-colombia\/","og_site_name":"Entreculturas","article_publisher":"https:\/\/www.facebook.com\/entreculturas","article_modified_time":"2026-04-08T07:42:53+00:00","og_image":[{"width":2560,"height":966,"url":"https:\/\/www.entreculturas.org\/wp-content\/uploads\/2024\/11\/Identidad-visual-consorcio-creer-1-1-scaled.jpg","type":"image\/jpeg"}],"twitter_card":"summary_large_image","twitter_site":"@Entreculturas","schema":{"@context":"https:\/\/schema.org","@graph":[{"@type":"WebPage","@id":"https:\/\/www.entreculturas.org\/fr\/noticia\/save-the-children-alianza-por-la-solidaridad-entreculturas-y-varios-socios-locales-unen-esfuerzos-por-la-ninez-y-las-comunidades-en-colombia\/","url":"https:\/\/www.entreculturas.org\/fr\/noticia\/save-the-children-alianza-por-la-solidaridad-entreculturas-y-varios-socios-locales-unen-esfuerzos-por-la-ninez-y-las-comunidades-en-colombia\/","name":"Entreculturas trabaja por la educaci\u00f3n en Colombia","isPartOf":{"@id":"https:\/\/www.entreculturas.org\/fr\/#website"},"primaryImageOfPage":{"@id":"https:\/\/www.entreculturas.org\/fr\/noticia\/save-the-children-alianza-por-la-solidaridad-entreculturas-y-varios-socios-locales-unen-esfuerzos-por-la-ninez-y-las-comunidades-en-colombia\/#primaryimage"},"image":{"@id":"https:\/\/www.entreculturas.org\/fr\/noticia\/save-the-children-alianza-por-la-solidaridad-entreculturas-y-varios-socios-locales-unen-esfuerzos-por-la-ninez-y-las-comunidades-en-colombia\/#primaryimage"},"thumbnailUrl":"https:\/\/www.entreculturas.org\/wp-content\/uploads\/2024\/11\/Identidad-visual-consorcio-creer-1-1-scaled.jpg","datePublished":"2024-11-13T10:46:41+00:00","dateModified":"2026-04-08T07:42:53+00:00","description":"Entreculturas, Save the Children y Alianza por la Solidaridad unen esfuerzos por la educaci\u00f3n de la infancia en Colombia","breadcrumb":{"@id":"https:\/\/www.entreculturas.org\/fr\/noticia\/save-the-children-alianza-por-la-solidaridad-entreculturas-y-varios-socios-locales-unen-esfuerzos-por-la-ninez-y-las-comunidades-en-colombia\/#breadcrumb"},"inLanguage":"fr-FR","potentialAction":[{"@type":"ReadAction","target":["https:\/\/www.entreculturas.org\/fr\/noticia\/save-the-children-alianza-por-la-solidaridad-entreculturas-y-varios-socios-locales-unen-esfuerzos-por-la-ninez-y-las-comunidades-en-colombia\/"]}]},{"@type":"ImageObject","inLanguage":"fr-FR","@id":"https:\/\/www.entreculturas.org\/fr\/noticia\/save-the-children-alianza-por-la-solidaridad-entreculturas-y-varios-socios-locales-unen-esfuerzos-por-la-ninez-y-las-comunidades-en-colombia\/#primaryimage","url":"https:\/\/www.entreculturas.org\/wp-content\/uploads\/2024\/11\/Identidad-visual-consorcio-creer-1-1-scaled.jpg","contentUrl":"https:\/\/www.entreculturas.org\/wp-content\/uploads\/2024\/11\/Identidad-visual-consorcio-creer-1-1-scaled.jpg","width":2560,"height":966},{"@type":"BreadcrumbList","@id":"https:\/\/www.entreculturas.org\/fr\/noticia\/save-the-children-alianza-por-la-solidaridad-entreculturas-y-varios-socios-locales-unen-esfuerzos-por-la-ninez-y-las-comunidades-en-colombia\/#breadcrumb","itemListElement":[{"@type":"ListItem","position":1,"name":"Home","item":"https:\/\/www.entreculturas.org\/fr\/"},{"@type":"ListItem","position":2,"name":"Noticias","item":"https:\/\/www.entreculturas.org\/fr\/noticias\/"},{"@type":"ListItem","position":3,"name":"Entreculturas, Save the Children, Alianza por la Solidaridad y varios socios locales unen esfuerzos por la ni\u00f1ez y las comunidades en Colombia"}]},{"@type":"WebSite","@id":"https:\/\/www.entreculturas.org\/fr\/#website","url":"https:\/\/www.entreculturas.org\/fr\/","name":"Entreculturas","description":"","publisher":{"@id":"https:\/\/www.entreculturas.org\/fr\/#organization"},"alternateName":"Entreculturas","potentialAction":[{"@type":"SearchAction","target":{"@type":"EntryPoint","urlTemplate":"https:\/\/www.entreculturas.org\/fr\/?s={search_term_string}"},"query-input":{"@type":"PropertyValueSpecification","valueRequired":true,"valueName":"search_term_string"}}],"inLanguage":"fr-FR"},{"@type":"Organization","@id":"https:\/\/www.entreculturas.org\/fr\/#organization","name":"Entreculturas","url":"https:\/\/www.entreculturas.org\/fr\/","logo":{"@type":"ImageObject","inLanguage":"fr-FR","@id":"https:\/\/www.entreculturas.org\/fr\/#\/schema\/logo\/image\/","url":"https:\/\/www.entreculturas.org\/wp-content\/uploads\/2025\/10\/ESP.svg","contentUrl":"https:\/\/www.entreculturas.org\/wp-content\/uploads\/2025\/10\/ESP.svg","caption":"Entreculturas"},"image":{"@id":"https:\/\/www.entreculturas.org\/fr\/#\/schema\/logo\/image\/"},"sameAs":["https:\/\/www.facebook.com\/entreculturas","https:\/\/x.com\/Entreculturas","https:\/\/www.instagram.com\/entreculturas\/","https:\/\/www.youtube.com\/user\/entreculturasvideo","https:\/\/www.linkedin.com\/company\/fundacion-entreculturas-ngdo\/","https:\/\/www.flickr.com\/photos\/98455522@N04\/albums\/"]}]}},"_links":{"self":[{"href":"https:\/\/www.entreculturas.org\/fr\/wp-json\/wp\/v2\/noticia\/34449","targetHints":{"allow":["GET"]}}],"collection":[{"href":"https:\/\/www.entreculturas.org\/fr\/wp-json\/wp\/v2\/noticia"}],"about":[{"href":"https:\/\/www.entreculturas.org\/fr\/wp-json\/wp\/v2\/types\/noticia"}],"wp:featuredmedia":[{"embeddable":true,"href":"https:\/\/www.entreculturas.org\/fr\/wp-json\/wp\/v2\/media\/35518"}],"wp:attachment":[{"href":"https:\/\/www.entreculturas.org\/fr\/wp-json\/wp\/v2\/media?parent=34449"}],"wp:term":[{"taxonomy":"category","embeddable":true,"href":"https:\/\/www.entreculturas.org\/fr\/wp-json\/wp\/v2\/categories?post=34449"},{"taxonomy":"post_tag","embeddable":true,"href":"https:\/\/www.entreculturas.org\/fr\/wp-json\/wp\/v2\/tags?post=34449"},{"taxonomy":"country","embeddable":true,"href":"https:\/\/www.entreculturas.org\/fr\/wp-json\/wp\/v2\/country?post=34449"},{"taxonomy":"cause","embeddable":true,"href":"https:\/\/www.entreculturas.org\/fr\/wp-json\/wp\/v2\/cause?post=34449"}],"curies":[{"name":"wp","href":"https:\/\/api.w.org\/{rel}","templated":true}]}}