{"id":3408,"date":"2019-08-23T10:14:50","date_gmt":"2019-08-23T10:14:50","guid":{"rendered":"https:\/\/entreculturasi.wpenginepowered.com\/?noticias=burundi-escuelas-seguras-para-el-aprendizaje-y-la-resiliencia"},"modified":"2024-03-20T10:54:22","modified_gmt":"2024-03-20T09:54:22","slug":"burundi-escuelas-seguras-para-el-aprendizaje-y-la-resiliencia","status":"publish","type":"noticia","link":"https:\/\/www.entreculturas.org\/fr\/noticia\/burundi-escuelas-seguras-para-el-aprendizaje-y-la-resiliencia\/","title":{"rendered":"Burundi: Escuelas seguras para el aprendizaje y la resiliencia"},"content":{"rendered":"<p>\u201cAgradecer\u00e9 siempre al Servicio Jesuita a Refugiados su ense\u00f1anza de no subestimarnos a nosotras mismas. Una ni\u00f1a tiene el mismo valor que un ni\u00f1o y no parar\u00e9 nunca de decirlo. Mi compromiso es transmitir esta informaci\u00f3n a todas las ni\u00f1as para que se atrevan a romper el silencio y el tab\u00fa que rodea la violencia y el abuso en todas sus formas, \u00a1especialmente la violencia sexual!\u201d, afirma Bukuru Nanjara, estudiante de la Escuela Primaria Kinama, en el campo de refugiados de Kavumu, en Burundi.&nbsp;<\/p>\n<p>Bukuru huy\u00f3 de la violencia de su pa\u00eds, la Rep\u00fablica Democr\u00e1tica del Congo, siendo una ni\u00f1a y, como ella, la gran mayor\u00eda de las casi 38.000 personas refugiadas que sobreviven actualmente en los 5 campos de refugiados de Burundi.&nbsp;<strong>La vida en un campo de refugiados es terriblemente precaria, con una enorme falta de medios y una convivencia forzada en un espacio muy limitado entre personas que han experimentado heridas f\u00edsicas y psicol\u00f3gicas dif\u00edciles de curar.&nbsp;<\/strong>Las familias no pueden garantizar las necesidades b\u00e1sicas m\u00ednimas de alimentaci\u00f3n, abrigo, sanidad ni educaci\u00f3n, de modo que dependen de los servicios y materiales que puedan proporcionar las diferentes agencias y organizaciones que trabajan en el terreno. Adem\u00e1s, la falta de recursos y servicios conlleva unos riesgos muy grandes para la poblaci\u00f3n refugiada de los campos: grandes tasas de alcoholismo, menores embarazadas, ni\u00f1os y ni\u00f1as desatendidos y no escolarizados, violencia y abusos sexuales, delincuencia juvenil&#8230;<\/p>\n<\/p>\n<p><strong>Burundi ha mantenido siempre una pol\u00edtica de puertas abiertas facilitando la acogida de refugiados procedentes de los pa\u00edses vecinos.&nbsp;<\/strong>Sin embargo, el pa\u00eds vive sumido en una crisis desde 2015, cuando el actual presidente, Pierre Nkurunziza, se present\u00f3 a su tercer mandato consecutivo desencadenando protestas y un intento de golpe de Estado. La situaci\u00f3n es de tensa calma y, mientras tanto, si ya de por s\u00ed Burundi es uno de los pa\u00edses m\u00e1s empobrecidos del mundo, la ayuda financiera de la comunidad internacional est\u00e1 disminuyendo significativamente.&nbsp;<\/p>\n<p>Conocedor de esta realidad,&nbsp;<strong>el Servicio Jesuita a Refugiados (JRS) lleva d\u00e9cadas trabajando en la regi\u00f3n de los Grandes Lagos (R. D. del Congo, Burundi y Tanza<\/strong>nia). Inici\u00f3 su intervenci\u00f3n en 1995 con el objetivo de dar respuesta a los grandes desplazamientos derivados de los conflictos \u00e9tnicos que se produjeron en los a\u00f1os \u201890. Desde entonces ha trabajado principalmente con personas refugiadas, desplazadas internas y retornadas, habiendo apoyado a m\u00e1s de 57.000 personas en los \u00e1mbitos de la educaci\u00f3n, la protecci\u00f3n y la generaci\u00f3n de ingresos.&nbsp;<\/p>\n<p><img decoding=\"async\" alt=\"\" height=\"640\" src=\"https:\/\/www.entreculturas.org\/wp-content\/uploads\/2019\/08\/burundi_003.jpg\" width=\"800\"><\/p>\n<p>Desde 2015, JRS en Burundi es el socio estrat\u00e9gico de ACNUR (la Agencia de la ONU para las Personas Refugiadas) en los sectores de educaci\u00f3n y medios de vida. <strong>En el terreno educativo, JRS gestiona las etapas de infantil, primaria y secundaria de los 5 campos, atendiendo cerca de 18.000 alumnos y alumnas en total.<\/strong><\/p>\n<p><strong>Desde Entreculturas apoyamos las acciones relativas a la etapa infantil<\/strong>, garantizando el acceso a una educaci\u00f3n preescolar de calidad e inclusiva de unos 3.400 ni\u00f1os y ni\u00f1as menores de 5 a\u00f1os. Para este colectivo tan vulnerable (muchos de ellos han nacido en los campos) las escuelas proporcionan seguridad f\u00edsica y psicol\u00f3gica, con espacios acondicionados para el juego y con personas capacitadas para el cuidado y la supervisi\u00f3n de los menores. Por otro lado, la educaci\u00f3n tambi\u00e9n aporta resiliencia y cohesi\u00f3n a la comunidad, ya que se trata de un proyecto com\u00fan que requiere la coordinaci\u00f3n y la comunicaci\u00f3n entre diversos colectivos (docentes, alumnado, padres y madres\u2026) y, por \u00faltimo, es una puerta abierta a un futuro con m\u00e1s oportunidades por los conocimientos y habilidades que se desarrollan.&nbsp;<\/p>\n<p><img decoding=\"async\" alt=\"\" height=\"640\" src=\"https:\/\/www.entreculturas.org\/wp-content\/uploads\/2019\/08\/burundi_002.jpg\" width=\"800\"><\/p>\n<p>La labor educativa de JRS podr\u00eda agruparse en tres l\u00edneas de acci\u00f3n. Por un lado trabaja en la creaci\u00f3n y el mantenimiento de las infraestructuras (acondicionamiento de las aulas, instalaci\u00f3n de vallas de seguridad entorno a las escuelas, parques infantiles, habilitaci\u00f3n de puntos de agua potable, etc.). Por otro, con el prop\u00f3sito de mejorar las din\u00e1micas de ense\u00f1anza-aprendizaje, JRS cuida la formaci\u00f3n de sus docentes y se encarga de la adaptaci\u00f3n de los materiales pedag\u00f3gicos y did\u00e1cticos. Y, por \u00faltimo, desde la experiencia de lograr una mayor sostenibilidad del proyecto mediante la implicaci\u00f3n de las familias, se preocupa de que los padres y madres del alumnado intervengan en las decisiones y el devenir de los centros, ofreci\u00e9ndoles tambi\u00e9n talleres de sensibilizaci\u00f3n e, incluso, cursos de alfabetizaci\u00f3n funcional o crianza positiva.&nbsp;<\/p>\n<p><strong>A pesar de las dificultades del contexto, la educaci\u00f3n es una prioridad en general dentro de los campos<\/strong>, si bien es cierto que hay algunos factores que provocan el abandono escolar, especialmente entre las ni\u00f1as y chicas j\u00f3venes. Sigue predominando la idea de que ellas son las que deben quedarse al cuidado de la casa o de los hermanos; otras veces es el riesgo de sufrir alg\u00fan tipo de violencia sexual lo que las disuade de ir a la escuela; y, en otras ocasiones, el estigma que hay en torno a la menstruaci\u00f3n obliga a las adolescentes a recluirse en casa.&nbsp;<\/p>\n<p><strong>La equidad de g\u00e9nero para JRS y para Entreculturas: es un eje transversal de nuestras intervenciones<\/strong>. Adem\u00e1s de procurar una igualdad real a todos los niveles (ratio de ni\u00f1os y ni\u00f1as en las aulas, contrataci\u00f3n de profesores y profesoras, contenidos did\u00e1cticos respetuosos, mismas opciones de participaci\u00f3n para padres y madres, etc.), JRS contempla la repartici\u00f3n de kits de higiene para las alumnas adolescentes y organiza charlas para incidir en la importancia que tiene para las ni\u00f1as el acceder a la educaci\u00f3n y no abandonarla.<\/p>\n","protected":false},"excerpt":{"rendered":"<p>Desde Entreculturas apoyamos las acciones relativas a la etapa infantil en Brundi, garantizando el acceso a una educaci\u00f3n preescolar de calidad e inclusiva de unos 3.400 ni\u00f1os y ni\u00f1as menores de 5 a\u00f1os. Para este colectivo tan vulnerable (muchos de ellos han nacido en los campos) las escuelas proporcionan seguridad f\u00edsica y psicol\u00f3gica, con espacios acondicionados para el juego y con personas capacitadas para el cuidado y la supervisi\u00f3n de los menores. <\/p>\n","protected":false},"featured_media":3402,"template":"single-noticia","meta":{"_acf_changed":false},"categories":[7],"tags":[289],"country":[319],"cause":[128],"class_list":["post-3408","noticia","type-noticia","status-publish","has-post-thumbnail","hentry","category-noticia","tag-educacion","country-burundi","cause-educacion"],"acf":[],"yoast_head":"<!-- This site is optimized with the Yoast SEO Premium plugin v21.6 (Yoast SEO v27.5) - https:\/\/yoast.com\/product\/yoast-seo-premium-wordpress\/ -->\n<title>Burundi: Escuelas seguras para el aprendizaje y la resiliencia - Entreculturas<\/title>\n<meta name=\"robots\" content=\"index, follow, max-snippet:-1, max-image-preview:large, max-video-preview:-1\" \/>\n<link rel=\"canonical\" href=\"https:\/\/www.entreculturas.org\/fr\/noticia\/burundi-escuelas-seguras-para-el-aprendizaje-y-la-resiliencia\/\" \/>\n<meta property=\"og:locale\" content=\"fr_FR\" \/>\n<meta property=\"og:type\" content=\"article\" \/>\n<meta property=\"og:title\" content=\"Burundi: Escuelas seguras para el aprendizaje y la resiliencia\" \/>\n<meta property=\"og:description\" content=\"Desde Entreculturas apoyamos las acciones relativas a la etapa infantil en Brundi, garantizando el acceso a una educaci\u00f3n preescolar de calidad e inclusiva de unos 3.400 ni\u00f1os y ni\u00f1as menores de 5 a\u00f1os. Para este colectivo tan vulnerable (muchos de ellos han nacido en los campos) las escuelas proporcionan seguridad f\u00edsica y psicol\u00f3gica, con espacios acondicionados para el juego y con personas capacitadas para el cuidado y la supervisi\u00f3n de los menores.\" \/>\n<meta property=\"og:url\" content=\"https:\/\/www.entreculturas.org\/fr\/noticia\/burundi-escuelas-seguras-para-el-aprendizaje-y-la-resiliencia\/\" \/>\n<meta property=\"og:site_name\" content=\"Entreculturas\" \/>\n<meta property=\"article:publisher\" content=\"https:\/\/www.facebook.com\/entreculturas\" \/>\n<meta property=\"article:modified_time\" content=\"2024-03-20T09:54:22+00:00\" \/>\n<meta property=\"og:image\" content=\"https:\/\/www.entreculturas.org\/wp-content\/uploads\/2019\/08\/burundi_001.jpg\" \/>\n\t<meta property=\"og:image:width\" content=\"800\" \/>\n\t<meta property=\"og:image:height\" content=\"640\" \/>\n\t<meta property=\"og:image:type\" content=\"image\/jpeg\" \/>\n<meta name=\"twitter:card\" content=\"summary_large_image\" \/>\n<meta name=\"twitter:site\" content=\"@Entreculturas\" \/>\n<script type=\"application\/ld+json\" class=\"yoast-schema-graph\">{\"@context\":\"https:\\\/\\\/schema.org\",\"@graph\":[{\"@type\":\"WebPage\",\"@id\":\"https:\\\/\\\/www.entreculturas.org\\\/fr\\\/noticia\\\/burundi-escuelas-seguras-para-el-aprendizaje-y-la-resiliencia\\\/\",\"url\":\"https:\\\/\\\/www.entreculturas.org\\\/fr\\\/noticia\\\/burundi-escuelas-seguras-para-el-aprendizaje-y-la-resiliencia\\\/\",\"name\":\"Burundi: Escuelas seguras para el aprendizaje y la resiliencia - Entreculturas\",\"isPartOf\":{\"@id\":\"https:\\\/\\\/www.entreculturas.org\\\/fr\\\/#website\"},\"primaryImageOfPage\":{\"@id\":\"https:\\\/\\\/www.entreculturas.org\\\/fr\\\/noticia\\\/burundi-escuelas-seguras-para-el-aprendizaje-y-la-resiliencia\\\/#primaryimage\"},\"image\":{\"@id\":\"https:\\\/\\\/www.entreculturas.org\\\/fr\\\/noticia\\\/burundi-escuelas-seguras-para-el-aprendizaje-y-la-resiliencia\\\/#primaryimage\"},\"thumbnailUrl\":\"https:\\\/\\\/www.entreculturas.org\\\/wp-content\\\/uploads\\\/2019\\\/08\\\/burundi_001.jpg\",\"datePublished\":\"2019-08-23T10:14:50+00:00\",\"dateModified\":\"2024-03-20T09:54:22+00:00\",\"breadcrumb\":{\"@id\":\"https:\\\/\\\/www.entreculturas.org\\\/fr\\\/noticia\\\/burundi-escuelas-seguras-para-el-aprendizaje-y-la-resiliencia\\\/#breadcrumb\"},\"inLanguage\":\"fr-FR\",\"potentialAction\":[{\"@type\":\"ReadAction\",\"target\":[\"https:\\\/\\\/www.entreculturas.org\\\/fr\\\/noticia\\\/burundi-escuelas-seguras-para-el-aprendizaje-y-la-resiliencia\\\/\"]}]},{\"@type\":\"ImageObject\",\"inLanguage\":\"fr-FR\",\"@id\":\"https:\\\/\\\/www.entreculturas.org\\\/fr\\\/noticia\\\/burundi-escuelas-seguras-para-el-aprendizaje-y-la-resiliencia\\\/#primaryimage\",\"url\":\"https:\\\/\\\/www.entreculturas.org\\\/wp-content\\\/uploads\\\/2019\\\/08\\\/burundi_001.jpg\",\"contentUrl\":\"https:\\\/\\\/www.entreculturas.org\\\/wp-content\\\/uploads\\\/2019\\\/08\\\/burundi_001.jpg\",\"width\":800,\"height\":640},{\"@type\":\"BreadcrumbList\",\"@id\":\"https:\\\/\\\/www.entreculturas.org\\\/fr\\\/noticia\\\/burundi-escuelas-seguras-para-el-aprendizaje-y-la-resiliencia\\\/#breadcrumb\",\"itemListElement\":[{\"@type\":\"ListItem\",\"position\":1,\"name\":\"Home\",\"item\":\"https:\\\/\\\/www.entreculturas.org\\\/fr\\\/\"},{\"@type\":\"ListItem\",\"position\":2,\"name\":\"Noticias\",\"item\":\"https:\\\/\\\/www.entreculturas.org\\\/fr\\\/noticias\\\/\"},{\"@type\":\"ListItem\",\"position\":3,\"name\":\"Burundi: Escuelas seguras para el aprendizaje y la resiliencia\"}]},{\"@type\":\"WebSite\",\"@id\":\"https:\\\/\\\/www.entreculturas.org\\\/fr\\\/#website\",\"url\":\"https:\\\/\\\/www.entreculturas.org\\\/fr\\\/\",\"name\":\"Entreculturas\",\"description\":\"\",\"publisher\":{\"@id\":\"https:\\\/\\\/www.entreculturas.org\\\/fr\\\/#organization\"},\"alternateName\":\"Entreculturas\",\"potentialAction\":[{\"@type\":\"SearchAction\",\"target\":{\"@type\":\"EntryPoint\",\"urlTemplate\":\"https:\\\/\\\/www.entreculturas.org\\\/fr\\\/?s={search_term_string}\"},\"query-input\":{\"@type\":\"PropertyValueSpecification\",\"valueRequired\":true,\"valueName\":\"search_term_string\"}}],\"inLanguage\":\"fr-FR\"},{\"@type\":\"Organization\",\"@id\":\"https:\\\/\\\/www.entreculturas.org\\\/fr\\\/#organization\",\"name\":\"Entreculturas\",\"url\":\"https:\\\/\\\/www.entreculturas.org\\\/fr\\\/\",\"logo\":{\"@type\":\"ImageObject\",\"inLanguage\":\"fr-FR\",\"@id\":\"https:\\\/\\\/www.entreculturas.org\\\/fr\\\/#\\\/schema\\\/logo\\\/image\\\/\",\"url\":\"https:\\\/\\\/www.entreculturas.org\\\/wp-content\\\/uploads\\\/2025\\\/10\\\/ESP.svg\",\"contentUrl\":\"https:\\\/\\\/www.entreculturas.org\\\/wp-content\\\/uploads\\\/2025\\\/10\\\/ESP.svg\",\"caption\":\"Entreculturas\"},\"image\":{\"@id\":\"https:\\\/\\\/www.entreculturas.org\\\/fr\\\/#\\\/schema\\\/logo\\\/image\\\/\"},\"sameAs\":[\"https:\\\/\\\/www.facebook.com\\\/entreculturas\",\"https:\\\/\\\/x.com\\\/Entreculturas\",\"https:\\\/\\\/www.instagram.com\\\/entreculturas\\\/\",\"https:\\\/\\\/www.youtube.com\\\/user\\\/entreculturasvideo\",\"https:\\\/\\\/www.linkedin.com\\\/company\\\/fundacion-entreculturas-ngdo\\\/\",\"https:\\\/\\\/www.flickr.com\\\/photos\\\/98455522@N04\\\/albums\\\/\"]}]}<\/script>\n<!-- \/ Yoast SEO Premium plugin. -->","yoast_head_json":{"title":"Burundi: Escuelas seguras para el aprendizaje y la resiliencia - Entreculturas","robots":{"index":"index","follow":"follow","max-snippet":"max-snippet:-1","max-image-preview":"max-image-preview:large","max-video-preview":"max-video-preview:-1"},"canonical":"https:\/\/www.entreculturas.org\/fr\/noticia\/burundi-escuelas-seguras-para-el-aprendizaje-y-la-resiliencia\/","og_locale":"fr_FR","og_type":"article","og_title":"Burundi: Escuelas seguras para el aprendizaje y la resiliencia","og_description":"Desde Entreculturas apoyamos las acciones relativas a la etapa infantil en Brundi, garantizando el acceso a una educaci\u00f3n preescolar de calidad e inclusiva de unos 3.400 ni\u00f1os y ni\u00f1as menores de 5 a\u00f1os. Para este colectivo tan vulnerable (muchos de ellos han nacido en los campos) las escuelas proporcionan seguridad f\u00edsica y psicol\u00f3gica, con espacios acondicionados para el juego y con personas capacitadas para el cuidado y la supervisi\u00f3n de los menores.","og_url":"https:\/\/www.entreculturas.org\/fr\/noticia\/burundi-escuelas-seguras-para-el-aprendizaje-y-la-resiliencia\/","og_site_name":"Entreculturas","article_publisher":"https:\/\/www.facebook.com\/entreculturas","article_modified_time":"2024-03-20T09:54:22+00:00","og_image":[{"width":800,"height":640,"url":"https:\/\/www.entreculturas.org\/wp-content\/uploads\/2019\/08\/burundi_001.jpg","type":"image\/jpeg"}],"twitter_card":"summary_large_image","twitter_site":"@Entreculturas","schema":{"@context":"https:\/\/schema.org","@graph":[{"@type":"WebPage","@id":"https:\/\/www.entreculturas.org\/fr\/noticia\/burundi-escuelas-seguras-para-el-aprendizaje-y-la-resiliencia\/","url":"https:\/\/www.entreculturas.org\/fr\/noticia\/burundi-escuelas-seguras-para-el-aprendizaje-y-la-resiliencia\/","name":"Burundi: Escuelas seguras para el aprendizaje y la resiliencia - Entreculturas","isPartOf":{"@id":"https:\/\/www.entreculturas.org\/fr\/#website"},"primaryImageOfPage":{"@id":"https:\/\/www.entreculturas.org\/fr\/noticia\/burundi-escuelas-seguras-para-el-aprendizaje-y-la-resiliencia\/#primaryimage"},"image":{"@id":"https:\/\/www.entreculturas.org\/fr\/noticia\/burundi-escuelas-seguras-para-el-aprendizaje-y-la-resiliencia\/#primaryimage"},"thumbnailUrl":"https:\/\/www.entreculturas.org\/wp-content\/uploads\/2019\/08\/burundi_001.jpg","datePublished":"2019-08-23T10:14:50+00:00","dateModified":"2024-03-20T09:54:22+00:00","breadcrumb":{"@id":"https:\/\/www.entreculturas.org\/fr\/noticia\/burundi-escuelas-seguras-para-el-aprendizaje-y-la-resiliencia\/#breadcrumb"},"inLanguage":"fr-FR","potentialAction":[{"@type":"ReadAction","target":["https:\/\/www.entreculturas.org\/fr\/noticia\/burundi-escuelas-seguras-para-el-aprendizaje-y-la-resiliencia\/"]}]},{"@type":"ImageObject","inLanguage":"fr-FR","@id":"https:\/\/www.entreculturas.org\/fr\/noticia\/burundi-escuelas-seguras-para-el-aprendizaje-y-la-resiliencia\/#primaryimage","url":"https:\/\/www.entreculturas.org\/wp-content\/uploads\/2019\/08\/burundi_001.jpg","contentUrl":"https:\/\/www.entreculturas.org\/wp-content\/uploads\/2019\/08\/burundi_001.jpg","width":800,"height":640},{"@type":"BreadcrumbList","@id":"https:\/\/www.entreculturas.org\/fr\/noticia\/burundi-escuelas-seguras-para-el-aprendizaje-y-la-resiliencia\/#breadcrumb","itemListElement":[{"@type":"ListItem","position":1,"name":"Home","item":"https:\/\/www.entreculturas.org\/fr\/"},{"@type":"ListItem","position":2,"name":"Noticias","item":"https:\/\/www.entreculturas.org\/fr\/noticias\/"},{"@type":"ListItem","position":3,"name":"Burundi: Escuelas seguras para el aprendizaje y la resiliencia"}]},{"@type":"WebSite","@id":"https:\/\/www.entreculturas.org\/fr\/#website","url":"https:\/\/www.entreculturas.org\/fr\/","name":"Entreculturas","description":"","publisher":{"@id":"https:\/\/www.entreculturas.org\/fr\/#organization"},"alternateName":"Entreculturas","potentialAction":[{"@type":"SearchAction","target":{"@type":"EntryPoint","urlTemplate":"https:\/\/www.entreculturas.org\/fr\/?s={search_term_string}"},"query-input":{"@type":"PropertyValueSpecification","valueRequired":true,"valueName":"search_term_string"}}],"inLanguage":"fr-FR"},{"@type":"Organization","@id":"https:\/\/www.entreculturas.org\/fr\/#organization","name":"Entreculturas","url":"https:\/\/www.entreculturas.org\/fr\/","logo":{"@type":"ImageObject","inLanguage":"fr-FR","@id":"https:\/\/www.entreculturas.org\/fr\/#\/schema\/logo\/image\/","url":"https:\/\/www.entreculturas.org\/wp-content\/uploads\/2025\/10\/ESP.svg","contentUrl":"https:\/\/www.entreculturas.org\/wp-content\/uploads\/2025\/10\/ESP.svg","caption":"Entreculturas"},"image":{"@id":"https:\/\/www.entreculturas.org\/fr\/#\/schema\/logo\/image\/"},"sameAs":["https:\/\/www.facebook.com\/entreculturas","https:\/\/x.com\/Entreculturas","https:\/\/www.instagram.com\/entreculturas\/","https:\/\/www.youtube.com\/user\/entreculturasvideo","https:\/\/www.linkedin.com\/company\/fundacion-entreculturas-ngdo\/","https:\/\/www.flickr.com\/photos\/98455522@N04\/albums\/"]}]}},"_links":{"self":[{"href":"https:\/\/www.entreculturas.org\/fr\/wp-json\/wp\/v2\/noticia\/3408","targetHints":{"allow":["GET"]}}],"collection":[{"href":"https:\/\/www.entreculturas.org\/fr\/wp-json\/wp\/v2\/noticia"}],"about":[{"href":"https:\/\/www.entreculturas.org\/fr\/wp-json\/wp\/v2\/types\/noticia"}],"wp:featuredmedia":[{"embeddable":true,"href":"https:\/\/www.entreculturas.org\/fr\/wp-json\/wp\/v2\/media\/3402"}],"wp:attachment":[{"href":"https:\/\/www.entreculturas.org\/fr\/wp-json\/wp\/v2\/media?parent=3408"}],"wp:term":[{"taxonomy":"category","embeddable":true,"href":"https:\/\/www.entreculturas.org\/fr\/wp-json\/wp\/v2\/categories?post=3408"},{"taxonomy":"post_tag","embeddable":true,"href":"https:\/\/www.entreculturas.org\/fr\/wp-json\/wp\/v2\/tags?post=3408"},{"taxonomy":"country","embeddable":true,"href":"https:\/\/www.entreculturas.org\/fr\/wp-json\/wp\/v2\/country?post=3408"},{"taxonomy":"cause","embeddable":true,"href":"https:\/\/www.entreculturas.org\/fr\/wp-json\/wp\/v2\/cause?post=3408"}],"curies":[{"name":"wp","href":"https:\/\/api.w.org\/{rel}","templated":true}]}}