{"id":3394,"date":"2019-08-23T09:56:21","date_gmt":"2019-08-23T09:56:21","guid":{"rendered":"https:\/\/entreculturasi.wpenginepowered.com\/?noticias=francois-xavier-nsababandi-de-jrs-burundi-lleva-la-realidad-de-la-poblacion-refugiada"},"modified":"2024-03-20T10:54:39","modified_gmt":"2024-03-20T09:54:39","slug":"francois-xavier-nsababandi-de-jrs-burundi-lleva-la-realidad-de-la-poblacion-refugiada","status":"publish","type":"noticia","link":"https:\/\/www.entreculturas.org\/fr\/noticia\/francois-xavier-nsababandi-de-jrs-burundi-lleva-la-realidad-de-la-poblacion-refugiada\/","title":{"rendered":"Fran\u00e7ois Xavier Nsababandi, de JRS Burundi, lleva la realidad de la poblaci\u00f3n refugiada a diferentes delegaciones"},"content":{"rendered":"<p><strong><span style=\"color:#ff0101\">La mitad de las personas refugiadas en todo el mundo son menores. La escuela es su refugio. <\/span><\/strong>Este es el titular que ha encabezado el lanzamiento de nuestra \u00faltima campa\u00f1a, <a href=\"https:\/\/www.escuelarefugio.org\/\" target=\"_blank\" rel=\"noopener\">Escuela Refugio<\/a>, una iniciativa impulsada con el objetivo de reivindicar las escuelas como espacios seguros y libres de violencia. A pesar de que las escuelas deber\u00edan estar protegidas de cualquier interferencia que vulnere los derechos de las personas m\u00e1s j\u00f3venes, a d\u00eda de hoy siguen siendo objeto de violencia; y los que mayor riesgo tienen de sufrir las consecuencias son <strong>las personas refugiadas, que se encuentran en situaciones de mayor fragilidad y desamparo.<\/strong> Como anunciaba nuestra Directora de Comunicaci\u00f3n y Relaciones Institucionales, Raquel Mart\u00edn, la semana pasada delante de diferentes medios de comunicaci\u00f3n, <strong>\u201centre 2014 y 2018 se han registrado m\u00e1s de 14.000 ataques a la educaci\u00f3n en 34 pa\u00edses y en al menos 18, los ataques a la educaci\u00f3n se dirigieron contra ni\u00f1as y mujeres por su g\u00e9nero. <\/strong>El camino a la escuela supone tambi\u00e9n un grave peligro para las ni\u00f1as y las j\u00f3venes, ya que pueden ser sorprendidas, secuestradas y atacadas sexualmente\u201c.<br \/>&nbsp;<\/p>\n<p><img decoding=\"async\" alt=\"\" height=\"470\" src=\"https:\/\/www.entreculturas.org\/wp-content\/uploads\/2019\/08\/fransua5.jpg\" width=\"800\"><\/p>\n<p>Por ello en Entreculturas, junto a nuestras organizaciones socias, hemos puesto en marcha diferentes programas de cooperaci\u00f3n y ayuda humanitaria en diferentes pa\u00edses, como Sud\u00e1n del Sur, Rep\u00fablica Democr\u00e1tica del Congo, Rep\u00fablica Centroafricana y Burundi. En el marco del lanzamiento de la nueva campa\u00f1a Escuela Campa\u00f1a hemos contado con el apoyo de dos personas cuyo testimonio permite visibilizar el grado de violencia al que se ven sometidos los contextos educativos africanos. Sanganyi Namangala Tamy, refugiada congole\u00f1a en el campo de refugiados de Kinama en Burundi y Vicepresidenta del Comit\u00e9 de Refugiados, explicaba su historia de dolor y esperanza durante la rueda de prensa que habilitamos el pasado 20 de junio para dar comienzo a la campa\u00f1a. Junto a ella, Fran\u00e7ois Xavier Nsababandi, Director de Proyectos de Educaci\u00f3n y Medios de Vida de Entreculturas y del Servicio Jesuita a Refugiados en Burundi, compart\u00eda el trabajo que desempe\u00f1a el SJR en la regi\u00f3n. La intervenci\u00f3n de ambos daba comienzo a una intensa <strong>semana de actividades que han tenido como objetivo presentar la campa\u00f1a y dar testimonio en distintas delegaciones de esta realidad. <\/strong>Para ello, durante los d\u00edas que han seguido a la rueda de prensa se ha llevado a cabo una gira por diferentes ciudades de la mano de Fran\u00e7ois, quien se ha&nbsp;reunido&nbsp;con grupos de la administraci\u00f3n p\u00fablica,&nbsp;socios, donantes y miembros de las delegaciones a&nbsp;los que hemos tratado de acercar la realidad que experimentan las escuelas en zonas de conflicto, tratando de sensibilizar a diferentes colectivos sociales sobre <strong>la necesidad de acompa\u00f1ar,&nbsp;proteger y defender a las personas refugiadas, garantizando su derecho a la educaci\u00f3n.&nbsp;<\/strong><\/p>\n<p><img decoding=\"async\" alt=\"\" height=\"579\" src=\"https:\/\/www.entreculturas.org\/wp-content\/uploads\/2019\/08\/fransua3.jpg\" width=\"800\"><\/p>\n<p>En Vigo visitamos las emisoras de radio Cope, Ondacero Y CIS Podcast y fuimos al encuentro de voluntarios, socios y donantes en el Centro G\u00e1rate, en el Colegio Ap\u00f3stol. En Santiago nos reunimos con t\u00e9cnicas de cooperaci\u00f3n de la Subdirecci\u00f3n Sedal de Cooperaci\u00f3n Exterior de la Xunta de Galicia y en A Coru\u00f1a mantuvimos otro encuentro con socios y donantes. En palabras de nuestro compa\u00f1ero y Coordinador Regional de Entreculturas en Galicia, (Jose Luis Barreiro Keegan), La visita de Francoise Xavier a Galicia ha acercado de manera muy directa y muy cercana la realidad de las personas refugiadas a nuestros voluntarios, socios, donantes, colaboradores y, tambi\u00e9n, a nuestros financiadores p\u00fablicos\u201d. Tambi\u00e9n acudimos a Burgos, donde participamos en un Camino de Hospitalidad junto a los colectivos Burgos Acoge, Atalaya Intercultural y la asociaci\u00f3n de voluntarios de La Caixa. Desde Burgos nuestras compa\u00f1eras enfatizaron el car\u00e1cter positivo de la llegada de Fran\u00e7ois, que descubri\u00f3 el trabajo de campo que apoyamos desde Entreculturas en terreno y llen\u00f3 de motivaci\u00f3n a los oyentes para continuar con la labor que desempe\u00f1amos. Tambi\u00e9n visitamos la Fundaci\u00f3n Atalaya, donde Fran\u00e7ois recorri\u00f3 las aulas donde se imparte espa\u00f1ol a personas migrantes, para darles suerte en el recorrido que les espera. En Valladolid nos encontramos con la delegaci\u00f3n en la Escuela de ingenieros agr\u00edcolas, con la Junta de Castilla Le\u00f3n y la Diputaci\u00f3n de Valladolid.<\/p>\n<p>El recorrido ha culminado este fin de semana en Madrid en el <strong>Encuentro de Delegaciones en el que hemos compartido la experiencia de un fruct\u00edfero di\u00e1logo intercultural <\/strong>y escuchado el testimonio de nuestro compa\u00f1ero burund\u00e9s y en diferido el de Sanganyi Namangala Tamy. El Encuentro termin\u00f3 con la entrega a Fran\u00e7ois de las Escuelas Refugio que realizaron los representantes de las distintas delegaciones para los ni\u00f1os y ni\u00f1as del campo de refugiados de Kinama, en Burundi.<\/p>\n","protected":false},"excerpt":{"rendered":"<p>Fran\u00e7ois Xavier Nsababandi, Director de Proyectos de Educaci\u00f3n y Medios de Vida de JRS Burundi ha acercado la realidad de la poblaci\u00f3n desplazada en el pa\u00eds en una semana de intensa actividad en diferentes delegaciones en torno al lanzamiento de la campa\u00f1a Escuela Refugio. <\/p>\n","protected":false},"featured_media":3397,"template":"single-noticia","meta":{"_acf_changed":false},"categories":[7],"tags":[10],"country":[319],"cause":[129],"class_list":["post-3394","noticia","type-noticia","status-publish","has-post-thumbnail","hentry","category-noticia","tag-migracion-y-refugio","country-burundi","cause-migracion-y-refugio"],"acf":[],"yoast_head":"<!-- This site is optimized with the Yoast SEO Premium plugin v21.6 (Yoast SEO v27.5) - https:\/\/yoast.com\/product\/yoast-seo-premium-wordpress\/ -->\n<title>Fran\u00e7ois Xavier Nsababandi, de JRS Burundi, lleva la realidad de la poblaci\u00f3n refugiada a diferentes delegaciones - Entreculturas<\/title>\n<meta name=\"robots\" content=\"index, follow, max-snippet:-1, max-image-preview:large, max-video-preview:-1\" \/>\n<link rel=\"canonical\" href=\"https:\/\/www.entreculturas.org\/fr\/noticia\/francois-xavier-nsababandi-de-jrs-burundi-lleva-la-realidad-de-la-poblacion-refugiada\/\" \/>\n<meta property=\"og:locale\" content=\"fr_FR\" \/>\n<meta property=\"og:type\" content=\"article\" \/>\n<meta property=\"og:title\" content=\"Fran\u00e7ois Xavier Nsababandi, de JRS Burundi, lleva la realidad de la poblaci\u00f3n refugiada a diferentes delegaciones\" \/>\n<meta property=\"og:description\" content=\"Fran\u00e7ois Xavier Nsababandi, Director de Proyectos de Educaci\u00f3n y Medios de Vida de JRS Burundi ha acercado la realidad de la poblaci\u00f3n desplazada en el pa\u00eds en una semana de intensa actividad en diferentes delegaciones en torno al lanzamiento de la campa\u00f1a Escuela Refugio.\" \/>\n<meta property=\"og:url\" content=\"https:\/\/www.entreculturas.org\/fr\/noticia\/francois-xavier-nsababandi-de-jrs-burundi-lleva-la-realidad-de-la-poblacion-refugiada\/\" \/>\n<meta property=\"og:site_name\" content=\"Entreculturas\" \/>\n<meta property=\"article:publisher\" content=\"https:\/\/www.facebook.com\/entreculturas\" \/>\n<meta property=\"article:modified_time\" content=\"2024-03-20T09:54:39+00:00\" \/>\n<meta property=\"og:image\" content=\"https:\/\/www.entreculturas.org\/wp-content\/uploads\/2019\/08\/francois-gira-principal.jpg\" \/>\n\t<meta property=\"og:image:width\" content=\"800\" \/>\n\t<meta property=\"og:image:height\" content=\"596\" \/>\n\t<meta property=\"og:image:type\" content=\"image\/jpeg\" \/>\n<meta name=\"twitter:card\" content=\"summary_large_image\" \/>\n<meta name=\"twitter:site\" content=\"@Entreculturas\" \/>\n<script type=\"application\/ld+json\" class=\"yoast-schema-graph\">{\"@context\":\"https:\\\/\\\/schema.org\",\"@graph\":[{\"@type\":\"WebPage\",\"@id\":\"https:\\\/\\\/www.entreculturas.org\\\/fr\\\/noticia\\\/francois-xavier-nsababandi-de-jrs-burundi-lleva-la-realidad-de-la-poblacion-refugiada\\\/\",\"url\":\"https:\\\/\\\/www.entreculturas.org\\\/fr\\\/noticia\\\/francois-xavier-nsababandi-de-jrs-burundi-lleva-la-realidad-de-la-poblacion-refugiada\\\/\",\"name\":\"Fran\u00e7ois Xavier Nsababandi, de JRS Burundi, lleva la realidad de la poblaci\u00f3n refugiada a diferentes delegaciones - Entreculturas\",\"isPartOf\":{\"@id\":\"https:\\\/\\\/www.entreculturas.org\\\/fr\\\/#website\"},\"primaryImageOfPage\":{\"@id\":\"https:\\\/\\\/www.entreculturas.org\\\/fr\\\/noticia\\\/francois-xavier-nsababandi-de-jrs-burundi-lleva-la-realidad-de-la-poblacion-refugiada\\\/#primaryimage\"},\"image\":{\"@id\":\"https:\\\/\\\/www.entreculturas.org\\\/fr\\\/noticia\\\/francois-xavier-nsababandi-de-jrs-burundi-lleva-la-realidad-de-la-poblacion-refugiada\\\/#primaryimage\"},\"thumbnailUrl\":\"https:\\\/\\\/www.entreculturas.org\\\/wp-content\\\/uploads\\\/2019\\\/08\\\/francois-gira-principal.jpg\",\"datePublished\":\"2019-08-23T09:56:21+00:00\",\"dateModified\":\"2024-03-20T09:54:39+00:00\",\"breadcrumb\":{\"@id\":\"https:\\\/\\\/www.entreculturas.org\\\/fr\\\/noticia\\\/francois-xavier-nsababandi-de-jrs-burundi-lleva-la-realidad-de-la-poblacion-refugiada\\\/#breadcrumb\"},\"inLanguage\":\"fr-FR\",\"potentialAction\":[{\"@type\":\"ReadAction\",\"target\":[\"https:\\\/\\\/www.entreculturas.org\\\/fr\\\/noticia\\\/francois-xavier-nsababandi-de-jrs-burundi-lleva-la-realidad-de-la-poblacion-refugiada\\\/\"]}]},{\"@type\":\"ImageObject\",\"inLanguage\":\"fr-FR\",\"@id\":\"https:\\\/\\\/www.entreculturas.org\\\/fr\\\/noticia\\\/francois-xavier-nsababandi-de-jrs-burundi-lleva-la-realidad-de-la-poblacion-refugiada\\\/#primaryimage\",\"url\":\"https:\\\/\\\/www.entreculturas.org\\\/wp-content\\\/uploads\\\/2019\\\/08\\\/francois-gira-principal.jpg\",\"contentUrl\":\"https:\\\/\\\/www.entreculturas.org\\\/wp-content\\\/uploads\\\/2019\\\/08\\\/francois-gira-principal.jpg\",\"width\":800,\"height\":596,\"caption\":\"francois-gira-principal\"},{\"@type\":\"BreadcrumbList\",\"@id\":\"https:\\\/\\\/www.entreculturas.org\\\/fr\\\/noticia\\\/francois-xavier-nsababandi-de-jrs-burundi-lleva-la-realidad-de-la-poblacion-refugiada\\\/#breadcrumb\",\"itemListElement\":[{\"@type\":\"ListItem\",\"position\":1,\"name\":\"Home\",\"item\":\"https:\\\/\\\/www.entreculturas.org\\\/fr\\\/\"},{\"@type\":\"ListItem\",\"position\":2,\"name\":\"Noticias\",\"item\":\"https:\\\/\\\/www.entreculturas.org\\\/fr\\\/noticias\\\/\"},{\"@type\":\"ListItem\",\"position\":3,\"name\":\"Fran\u00e7ois Xavier Nsababandi, de JRS Burundi, lleva la realidad de la poblaci\u00f3n refugiada a diferentes delegaciones\"}]},{\"@type\":\"WebSite\",\"@id\":\"https:\\\/\\\/www.entreculturas.org\\\/fr\\\/#website\",\"url\":\"https:\\\/\\\/www.entreculturas.org\\\/fr\\\/\",\"name\":\"Entreculturas\",\"description\":\"\",\"publisher\":{\"@id\":\"https:\\\/\\\/www.entreculturas.org\\\/fr\\\/#organization\"},\"alternateName\":\"Entreculturas\",\"potentialAction\":[{\"@type\":\"SearchAction\",\"target\":{\"@type\":\"EntryPoint\",\"urlTemplate\":\"https:\\\/\\\/www.entreculturas.org\\\/fr\\\/?s={search_term_string}\"},\"query-input\":{\"@type\":\"PropertyValueSpecification\",\"valueRequired\":true,\"valueName\":\"search_term_string\"}}],\"inLanguage\":\"fr-FR\"},{\"@type\":\"Organization\",\"@id\":\"https:\\\/\\\/www.entreculturas.org\\\/fr\\\/#organization\",\"name\":\"Entreculturas\",\"url\":\"https:\\\/\\\/www.entreculturas.org\\\/fr\\\/\",\"logo\":{\"@type\":\"ImageObject\",\"inLanguage\":\"fr-FR\",\"@id\":\"https:\\\/\\\/www.entreculturas.org\\\/fr\\\/#\\\/schema\\\/logo\\\/image\\\/\",\"url\":\"https:\\\/\\\/www.entreculturas.org\\\/wp-content\\\/uploads\\\/2025\\\/10\\\/ESP.svg\",\"contentUrl\":\"https:\\\/\\\/www.entreculturas.org\\\/wp-content\\\/uploads\\\/2025\\\/10\\\/ESP.svg\",\"caption\":\"Entreculturas\"},\"image\":{\"@id\":\"https:\\\/\\\/www.entreculturas.org\\\/fr\\\/#\\\/schema\\\/logo\\\/image\\\/\"},\"sameAs\":[\"https:\\\/\\\/www.facebook.com\\\/entreculturas\",\"https:\\\/\\\/x.com\\\/Entreculturas\",\"https:\\\/\\\/www.instagram.com\\\/entreculturas\\\/\",\"https:\\\/\\\/www.youtube.com\\\/user\\\/entreculturasvideo\",\"https:\\\/\\\/www.linkedin.com\\\/company\\\/fundacion-entreculturas-ngdo\\\/\",\"https:\\\/\\\/www.flickr.com\\\/photos\\\/98455522@N04\\\/albums\\\/\"]}]}<\/script>\n<!-- \/ Yoast SEO Premium plugin. -->","yoast_head_json":{"title":"Fran\u00e7ois Xavier Nsababandi, de JRS Burundi, lleva la realidad de la poblaci\u00f3n refugiada a diferentes delegaciones - Entreculturas","robots":{"index":"index","follow":"follow","max-snippet":"max-snippet:-1","max-image-preview":"max-image-preview:large","max-video-preview":"max-video-preview:-1"},"canonical":"https:\/\/www.entreculturas.org\/fr\/noticia\/francois-xavier-nsababandi-de-jrs-burundi-lleva-la-realidad-de-la-poblacion-refugiada\/","og_locale":"fr_FR","og_type":"article","og_title":"Fran\u00e7ois Xavier Nsababandi, de JRS Burundi, lleva la realidad de la poblaci\u00f3n refugiada a diferentes delegaciones","og_description":"Fran\u00e7ois Xavier Nsababandi, Director de Proyectos de Educaci\u00f3n y Medios de Vida de JRS Burundi ha acercado la realidad de la poblaci\u00f3n desplazada en el pa\u00eds en una semana de intensa actividad en diferentes delegaciones en torno al lanzamiento de la campa\u00f1a Escuela Refugio.","og_url":"https:\/\/www.entreculturas.org\/fr\/noticia\/francois-xavier-nsababandi-de-jrs-burundi-lleva-la-realidad-de-la-poblacion-refugiada\/","og_site_name":"Entreculturas","article_publisher":"https:\/\/www.facebook.com\/entreculturas","article_modified_time":"2024-03-20T09:54:39+00:00","og_image":[{"width":800,"height":596,"url":"https:\/\/www.entreculturas.org\/wp-content\/uploads\/2019\/08\/francois-gira-principal.jpg","type":"image\/jpeg"}],"twitter_card":"summary_large_image","twitter_site":"@Entreculturas","schema":{"@context":"https:\/\/schema.org","@graph":[{"@type":"WebPage","@id":"https:\/\/www.entreculturas.org\/fr\/noticia\/francois-xavier-nsababandi-de-jrs-burundi-lleva-la-realidad-de-la-poblacion-refugiada\/","url":"https:\/\/www.entreculturas.org\/fr\/noticia\/francois-xavier-nsababandi-de-jrs-burundi-lleva-la-realidad-de-la-poblacion-refugiada\/","name":"Fran\u00e7ois Xavier Nsababandi, de JRS Burundi, lleva la realidad de la poblaci\u00f3n refugiada a diferentes delegaciones - Entreculturas","isPartOf":{"@id":"https:\/\/www.entreculturas.org\/fr\/#website"},"primaryImageOfPage":{"@id":"https:\/\/www.entreculturas.org\/fr\/noticia\/francois-xavier-nsababandi-de-jrs-burundi-lleva-la-realidad-de-la-poblacion-refugiada\/#primaryimage"},"image":{"@id":"https:\/\/www.entreculturas.org\/fr\/noticia\/francois-xavier-nsababandi-de-jrs-burundi-lleva-la-realidad-de-la-poblacion-refugiada\/#primaryimage"},"thumbnailUrl":"https:\/\/www.entreculturas.org\/wp-content\/uploads\/2019\/08\/francois-gira-principal.jpg","datePublished":"2019-08-23T09:56:21+00:00","dateModified":"2024-03-20T09:54:39+00:00","breadcrumb":{"@id":"https:\/\/www.entreculturas.org\/fr\/noticia\/francois-xavier-nsababandi-de-jrs-burundi-lleva-la-realidad-de-la-poblacion-refugiada\/#breadcrumb"},"inLanguage":"fr-FR","potentialAction":[{"@type":"ReadAction","target":["https:\/\/www.entreculturas.org\/fr\/noticia\/francois-xavier-nsababandi-de-jrs-burundi-lleva-la-realidad-de-la-poblacion-refugiada\/"]}]},{"@type":"ImageObject","inLanguage":"fr-FR","@id":"https:\/\/www.entreculturas.org\/fr\/noticia\/francois-xavier-nsababandi-de-jrs-burundi-lleva-la-realidad-de-la-poblacion-refugiada\/#primaryimage","url":"https:\/\/www.entreculturas.org\/wp-content\/uploads\/2019\/08\/francois-gira-principal.jpg","contentUrl":"https:\/\/www.entreculturas.org\/wp-content\/uploads\/2019\/08\/francois-gira-principal.jpg","width":800,"height":596,"caption":"francois-gira-principal"},{"@type":"BreadcrumbList","@id":"https:\/\/www.entreculturas.org\/fr\/noticia\/francois-xavier-nsababandi-de-jrs-burundi-lleva-la-realidad-de-la-poblacion-refugiada\/#breadcrumb","itemListElement":[{"@type":"ListItem","position":1,"name":"Home","item":"https:\/\/www.entreculturas.org\/fr\/"},{"@type":"ListItem","position":2,"name":"Noticias","item":"https:\/\/www.entreculturas.org\/fr\/noticias\/"},{"@type":"ListItem","position":3,"name":"Fran\u00e7ois Xavier Nsababandi, de JRS Burundi, lleva la realidad de la poblaci\u00f3n refugiada a diferentes delegaciones"}]},{"@type":"WebSite","@id":"https:\/\/www.entreculturas.org\/fr\/#website","url":"https:\/\/www.entreculturas.org\/fr\/","name":"Entreculturas","description":"","publisher":{"@id":"https:\/\/www.entreculturas.org\/fr\/#organization"},"alternateName":"Entreculturas","potentialAction":[{"@type":"SearchAction","target":{"@type":"EntryPoint","urlTemplate":"https:\/\/www.entreculturas.org\/fr\/?s={search_term_string}"},"query-input":{"@type":"PropertyValueSpecification","valueRequired":true,"valueName":"search_term_string"}}],"inLanguage":"fr-FR"},{"@type":"Organization","@id":"https:\/\/www.entreculturas.org\/fr\/#organization","name":"Entreculturas","url":"https:\/\/www.entreculturas.org\/fr\/","logo":{"@type":"ImageObject","inLanguage":"fr-FR","@id":"https:\/\/www.entreculturas.org\/fr\/#\/schema\/logo\/image\/","url":"https:\/\/www.entreculturas.org\/wp-content\/uploads\/2025\/10\/ESP.svg","contentUrl":"https:\/\/www.entreculturas.org\/wp-content\/uploads\/2025\/10\/ESP.svg","caption":"Entreculturas"},"image":{"@id":"https:\/\/www.entreculturas.org\/fr\/#\/schema\/logo\/image\/"},"sameAs":["https:\/\/www.facebook.com\/entreculturas","https:\/\/x.com\/Entreculturas","https:\/\/www.instagram.com\/entreculturas\/","https:\/\/www.youtube.com\/user\/entreculturasvideo","https:\/\/www.linkedin.com\/company\/fundacion-entreculturas-ngdo\/","https:\/\/www.flickr.com\/photos\/98455522@N04\/albums\/"]}]}},"_links":{"self":[{"href":"https:\/\/www.entreculturas.org\/fr\/wp-json\/wp\/v2\/noticia\/3394","targetHints":{"allow":["GET"]}}],"collection":[{"href":"https:\/\/www.entreculturas.org\/fr\/wp-json\/wp\/v2\/noticia"}],"about":[{"href":"https:\/\/www.entreculturas.org\/fr\/wp-json\/wp\/v2\/types\/noticia"}],"wp:featuredmedia":[{"embeddable":true,"href":"https:\/\/www.entreculturas.org\/fr\/wp-json\/wp\/v2\/media\/3397"}],"wp:attachment":[{"href":"https:\/\/www.entreculturas.org\/fr\/wp-json\/wp\/v2\/media?parent=3394"}],"wp:term":[{"taxonomy":"category","embeddable":true,"href":"https:\/\/www.entreculturas.org\/fr\/wp-json\/wp\/v2\/categories?post=3394"},{"taxonomy":"post_tag","embeddable":true,"href":"https:\/\/www.entreculturas.org\/fr\/wp-json\/wp\/v2\/tags?post=3394"},{"taxonomy":"country","embeddable":true,"href":"https:\/\/www.entreculturas.org\/fr\/wp-json\/wp\/v2\/country?post=3394"},{"taxonomy":"cause","embeddable":true,"href":"https:\/\/www.entreculturas.org\/fr\/wp-json\/wp\/v2\/cause?post=3394"}],"curies":[{"name":"wp","href":"https:\/\/api.w.org\/{rel}","templated":true}]}}