{"id":3385,"date":"2019-08-22T11:11:19","date_gmt":"2019-08-22T11:11:19","guid":{"rendered":"https:\/\/entreculturasi.wpenginepowered.com\/?noticias=fin-de-curso-de-la-red-solidaria-de-jovenes-mas-de-550-jovenes-han-participado-en-las"},"modified":"2024-03-20T10:54:56","modified_gmt":"2024-03-20T09:54:56","slug":"fin-de-curso-de-la-red-solidaria-de-jovenes-mas-de-550-jovenes-han-participado-en-las","status":"publish","type":"noticia","link":"https:\/\/www.entreculturas.org\/fr\/noticia\/fin-de-curso-de-la-red-solidaria-de-jovenes-mas-de-550-jovenes-han-participado-en-las\/","title":{"rendered":"Fin de curso de la Red Solidaria de J\u00f3venes: M\u00e1s de 550 j\u00f3venes han participado en las Asambleas de Cierre"},"content":{"rendered":"<p dir=\"ltr\" style=\"line-height:1.2;margin-top:0pt;margin-bottom:22pt;text-align: center\"><strong><span id=\"docs-internal-guid-20f012b7-7fff-3568-56ab-da608d40c132\"><span style=\"font-size: 10pt;font-family: Arial;background-color: transparent;font-style: italic\">\u201cLa xarxa me ayuda a darme cuenta de algunas cosas y querer cambiarlas\u201d \u201cMe ha hecho ver las cosas de otra manera\u201d (J\u00f3venes participantes de la RSJ de la Comunidad Valenciana)<\/span><\/span><\/strong><\/p>\n<p dir=\"ltr\" style=\"line-height: 1.2;margin-top: 0pt;margin-bottom: 22pt;text-align: justify\">\n<p dir=\"ltr\" style=\"line-height: 1.2;margin-top: 0pt;margin-bottom: 22pt;text-align: justify\"><span><span style=\"font-size: 10pt;font-family: Arial;background-color: transparent\">Entre gymkanas, juegos, escape-rooms, performances, actos de incidencia, limpieza de playas y sobre todo a trav\u00e9s de un gran compromiso y reflexi\u00f3n, tuvieron lugar entre los meses de abril y junio en los distintos territorios del pa\u00eds, las Asambleas de Cierre de curso de la Red Solidaria de J\u00f3venes. Estos momentos de encuentros permitieron a los y las j\u00f3venes <strong>dialogar, reflexionar y evaluar sus experiencias y acciones desarrolladas durante el curso, y que forman parte de sus agendas solidarias <\/strong>creadas al inicio del mismo. Igualmente, fue una instancia con lugar para el festejo y la celebraci\u00f3n, donde todos y todas pudieron poner de manifiesto sus aprendizajes y logros alcanzados en el proceso, tanto a nivel individual como colectivo.&nbsp;<\/span><\/span><\/p>\n<p dir=\"ltr\" style=\"line-height:1.2;margin-top:0pt;margin-bottom:22pt;text-align: justify\"><span id=\"docs-internal-guid-20f012b7-7fff-3568-56ab-da608d40c132\"><span style=\"font-size: 10pt;font-family: Arial;background-color: transparent\">El curso reci\u00e9n finalizado 2018\/2019 tuvo como protagonista la campa\u00f1a \u201cLuz de las ni\u00f1as\u201d favoreciendo que las y los <strong>j\u00f3venes de la red profundizaran en torno a la igualdad de g\u00e9nero tanto a nivel local como global, <\/strong>para as\u00ed visualizar y generar estrategias en conjunto para su transformaci\u00f3n. De igual forma, se incluyeron grandes desaf\u00edos globales como las migraciones forzosas y el cuidado del medioambiente. Todas estas acciones nos hablan de la gran convicci\u00f3n y compromiso de los y las j\u00f3venes de la Red para incidir, movilizarse y organizarse ante las injusticias, evidenciando que es posible transformar el mundo si se trabaja cooperativamente como la ciudadan\u00eda global que somos. <strong>\u00a1Enhorabuena a todas y todos! \u00a1Os invitamos a vivir con las y los participantes la experiencia de cada uno de los encuentros de nuevo mediante esta cr\u00f3nica!<\/strong><\/span><\/span><\/p>\n<p dir=\"ltr\" style=\"line-height:1.2;margin-top:17pt;margin-bottom:0pt;text-align: justify\"><span id=\"docs-internal-guid-20f012b7-7fff-3568-56ab-da608d40c132\"><strong><span style=\"font-size: 10pt;font-family: Arial;background-color: transparent;font-weight: 700\">ANDALUC\u00cdA<\/span><span style=\"font-size: 10pt;font-family: Arial;background-color: transparent\"> <\/span><\/strong><span style=\"font-size: 10pt;font-family: Arial\"><strong>El pasado viernes 24 de mayo se celebr\u00f3 la Asamblea de cierre de la RSJ de Andaluc\u00eda a la que han asistido 22 colegios de las distintas provincias, p<\/strong>articipando en total 300 j\u00f3venes. Cada grupo de la Red ha compartido con el resto de sus compa\u00f1eros una de las actividades m\u00e1s significativas que han realizado a lo largo de este curso que est\u00e1 a punto de acabar. Adem\u00e1s, se celebr\u00f3 la entrega de los premios del Festival de \u201cCortos que Cambian el Mundo\u201d, que este a\u00f1o trabajaba la tem\u00e1tica de g\u00e9nero en tres categor\u00edas: G\u00e9nero asociado a Paz, G\u00e9nero asociado a Medio Ambiente y G\u00e9nero asociado a Movilidad Humana. Siendo los respectivos ganadores los Centros educativos: SAFA Andujar, SAFA Villanueva del Arzobispo y SAFA Linares.&nbsp;<\/span><\/span><\/p>\n<p dir=\"ltr\" style=\"line-height:1.2;margin-top:17pt;margin-bottom:0pt;text-align: justify\"><span id=\"docs-internal-guid-20f012b7-7fff-3568-56ab-da608d40c132\"><span style=\"font-size: 10pt;font-family: Arial;background-color: transparent;font-weight: 700\">CASTILLA Y LE\u00d3N<\/span><span style=\"font-size: 10pt;font-family: Arial;background-color: transparent;font-weight: 700\"> <\/span><span style=\"font-size: 10pt;font-family: Arial;background-color: transparent\">Entre el 11 de abril y el 20 de junio se han venido realizando las Asambleas de cierre de la RSJ de Castilla y Le\u00f3n considerando las provincias de Burgos, Valladolid y Salamanca. En ellas, participaron un total de 50 j\u00f3venes y 5 docentes. Las actividades realizadas en estos encuentros estuvieron marcadas por el deporte y los juegos en Valladolid, la m\u00fasica y percusi\u00f3n en Burgos y en Salamanca por performances en el espacio p\u00fablico en el marco del d\u00eda mundial de las personas refugiadas. Por \u00faltimo, todos los y las j\u00f3venes tuvieron instancias de <strong>di\u00e1logo y reflexi\u00f3n donde pudieron evaluar <\/strong>de forma colectiva las actividades que compon\u00edan sus agendas del curso.&nbsp;<\/span><\/span><\/p>\n<p dir=\"ltr\" style=\"line-height:1.2;margin-top:17pt;margin-bottom:0pt;text-align: justify\"><img decoding=\"async\" alt=\"\" src=\"https:\/\/www.entreculturas.org\/wp-content\/uploads\/2019\/08\/img_20190529_145441328.jpg\" style=\"width: 400px;height: 225px;margin: 10px;float: left\"><img decoding=\"async\" alt=\"\" src=\"https:\/\/www.entreculturas.org\/wp-content\/uploads\/2019\/08\/img_20190528_140315-scaled-1.jpg\" style=\"width: 400px;height: 300px;margin: 10px;float: right\"><span><span style=\"font-size: 10pt;font-family: Arial;background-color: transparent;font-weight: 700\">COMUNIDAD VALENCIANA<\/span><span style=\"font-size: 10pt;font-family: Arial;background-color: transparent;font-weight: 700\"> <\/span><span style=\"font-size: 10pt;font-family: Arial;background-color: transparent\">Durante los meses de mayo y junio se han realizado sesiones de evaluaci\u00f3n de los grupos de la RSJ de la Comunidad Valenciana \u201cla Xarxa solidaria\u201d en Alicante, Castell\u00f3n y Valencia. Un total de 60 j\u00f3venes junto a 7 docentes han participado en estos encuentros para compartir y evaluar juntas tanto las acciones realizadas en el curso 18-19 como el funcionamiento de los distintos grupos.&nbsp;Se ha prestado especial atenci\u00f3n a reflexionar acerca de c\u00f3mo se ha trabajado en este curso la i<\/span><span style=\"font-size: 10pt;font-family: Arial\">gualdad de g\u00e9nero, tanto en actividades concretas como de manera transversal, concluyendo un\u00e1nimemente en la <strong>necesidad de seguir integrando este aspecto as\u00ed como la sostenibilidad ambiental<\/strong> como ejes en toda la acci\u00f3n de la Red. <\/span><\/span><\/p>\n<p dir=\"ltr\" style=\"line-height:1.2;margin-top:17pt;margin-bottom:0pt;text-align: justify\">\n<p><span id=\"docs-internal-guid-20f012b7-7fff-3568-56ab-da608d40c132\"><span style=\"font-size: 10pt;font-family: Arial;background-color: transparent;font-weight: 700\">EXTREMADURA <\/span><span style=\"font-size: 10pt;font-family: Arial;background-color: transparent\">El pasado 18 de mayo tuvo lugar la Asamblea de cierre de la RSJ de Extremadura donde se reunieron un total de 52 participantes entre j\u00f3venes y docentes. La campa\u00f1a de este a\u00f1o \u201cLuz de las ni\u00f1as\u201d ha marcado especialmente las agendas del curso. Gracias al diagn\u00f3stico de Hait\u00ed y Guatemala pusimos rostro a la realidad de desigualdad y nos lanzamos a la calle con una actividad de incidencia y visibilizaci\u00f3n con el lema <strong>\u00a1Mu\u00e9vete por la igualdad! <\/strong>dando a conocer la campa\u00f1a a pie de calle y bailando en lengua de signos la canci\u00f3n de Rozal\u00e9n \u201cPuerta violeta\u201d. El final fue de reencuentro con la experiencia vivida en febrero en Medellin (Colombia), conect\u00e1ndose con la red generaci\u00f3n 21+.<\/span><\/span><\/p>\n<p dir=\"ltr\" style=\"line-height:1.2;margin-top:17pt;margin-bottom:0pt;text-align: justify\">&nbsp;<\/p>\n<p dir=\"ltr\" style=\"line-height:1.2;margin-top:17pt;margin-bottom:0pt;text-align: justify\"><img decoding=\"async\" alt=\"\" src=\"https:\/\/www.entreculturas.org\/wp-content\/uploads\/2019\/08\/d7a22e89-16cd-4ee8-9030-2bf9b713b477.jpg\" style=\"width: 350px;height: 259px;margin: 10px;float: left\"><span style=\"font-size: 10pt;font-family: Arial;font-weight: 700\">GALICIA<\/span><span style=\"font-size: 10pt;font-family: Arial;font-weight: 700\"> <\/span><span style=\"font-size: 10pt;font-family: Arial\">El pasado 25 de Mayo tuvo lugar la Asamblea de cierre de la RSJ gallega. Los y las 24 j\u00f3venes como los 6 docentes participantes, probaron sus habilidades, gracias a la entidad de animaci\u00f3n sociocultural Abeloni, en un escape-room gigante que los trasladaba -c<strong>onvertidos en reporteros y reporteras- a diferentes momentos de la historia de la humanidad,<\/strong> d\u00e1ndoles claves para promover la igualdad de g\u00e9nero en nuestros d\u00edas. Una vez reubicados en la realidad actual, y tras pasar un buen rato dinamizado por la artista Gemola, nuestros grupos solidarios reflexionaron sobre lo trabajado en el d\u00eda gracias al informativo period\u00edstico impulsado por nuestro de grupo de voluntariado, y tambi\u00e9n sobre sus actividades solidarias realizadas durante todo el curso.&nbsp;<\/span><\/p>\n<p dir=\"ltr\" style=\"line-height:1.2;margin-top:17pt;margin-bottom:0pt;text-align: justify\"><img decoding=\"async\" alt=\"\" src=\"https:\/\/www.entreculturas.org\/wp-content\/uploads\/2019\/08\/img_0112-scaled-1.jpg\" style=\"width: 350px;height: 233px;margin: 10px;float: left\"><img decoding=\"async\" alt=\"\" src=\"https:\/\/www.entreculturas.org\/wp-content\/uploads\/2019\/08\/img_0053-scaled-1.jpg\" style=\"width: 350px;height: 233px;margin: 10px;float: left\"><\/p>\n<p dir=\"ltr\" style=\"line-height:1.2;margin-top:17pt;margin-bottom:0pt;text-align: justify\">&nbsp;<\/p>\n<p dir=\"ltr\" style=\"line-height:1.2;margin-top:17pt;margin-bottom:0pt;text-align: justify\">&nbsp;<\/p>\n<p dir=\"ltr\" style=\"line-height:1.2;margin-top:17pt;margin-bottom:0pt;text-align: justify\">&nbsp;<\/p>\n<p dir=\"ltr\" style=\"line-height:1.2;margin-top:17pt;margin-bottom:0pt;text-align: justify\">&nbsp;<\/p>\n<p dir=\"ltr\" style=\"line-height:1.2;margin-top:17pt;margin-bottom:0pt;text-align: justify\">&nbsp;<\/p>\n<p dir=\"ltr\" style=\"line-height:1.2;margin-top:17pt;margin-bottom:0pt;text-align: justify\">&nbsp;<\/p>\n<p dir=\"ltr\" style=\"line-height:1.2;margin-top:17pt;margin-bottom:0pt;text-align: justify\"><span><span style=\"font-size: 10pt;font-family: Arial;background-color: transparent;font-weight: 700\">MADRID<\/span><span style=\"font-size: 10pt;font-family: Arial;background-color: transparent\"> En Madrid, 20 j\u00f3venes y dos docentes de los centros educativos Divino Coraz\u00f3n y el CEPA Getafe participaron el 11 de junio en la Asamblea de cierre de la RSJ en la Casa San Ignacio. La jornada, bajo el lema <\/span><span style=\"font-size: 10pt;font-family: Arial;background-color: transparent;font-style: italic\">\u201cEncuentros para so\u00f1ar el mundo\u201d<\/span><span style=\"font-size: 10pt;font-family: Arial;background-color: transparent\">, se enfoc\u00f3 en compartir las motivaciones de estar en la Red, as\u00ed como las propuestas de transformaci\u00f3n social y actividades solidarias que se han llevado durante el a\u00f1o a trav\u00e9s de la herramienta del <strong>teatro social<\/strong>. Adem\u00e1s, los y las j\u00f3venes trabajaron entorno a la <strong>Red Generaci\u00f3n 21+<\/strong>, del que la Red Solidaria es parte y grabaron un v\u00eddeo que se compartir\u00e1 con la red internacional.<\/span><\/span><\/p>\n<p dir=\"ltr\" style=\"line-height:1.2;margin-top:17pt;margin-bottom:0pt;text-align: justify\"><span id=\"docs-internal-guid-20f012b7-7fff-3568-56ab-da608d40c132\"><span style=\"font-size: 10pt;font-family: Arial;background-color: transparent;font-weight: 700\">ASTURIAS<\/span><span style=\"font-size: 10pt;font-family: Arial;background-color: transparent\">.<\/span><span style=\"font-size: 10pt;font-family: Arial;background-color: transparent\"> Entre el 2 y el 24 de junio, se han ido sucediendo una serie de Asambleas de cierre por distintos centros del Principado de Asturias. Un total de 50 j\u00f3venes y 5 docentes compartieron diferentes actividades de an\u00e1lisis y evaluaci\u00f3n de las propuestas que hab\u00edan llevado a cabo de sus agendas solidarias. La actividad fuera de aula que decidieron llevar a cabo, fue<strong> la limpieza de la playa de Verdicio.<\/strong> La Red Solidaria del Colegio San Ignacio de Oviedo se puso manos a la obra el 24 de junio y pasaron toda la ma\u00f1ana recogiendo pl\u00e1sticos. Un total de unos 13 kgs de residuos fueron sacados de la playa por este grupo de j\u00f3venes y sus profes. <\/span><\/span><span><span style=\"font-size: 10pt;font-family: Arial;background-color: transparent\"> <\/span><\/span><\/p>\n<p dir=\"ltr\" style=\"line-height:1.2;margin-top:17pt;margin-bottom:0pt;text-align: justify\"><img decoding=\"async\" alt=\"\" src=\"https:\/\/www.entreculturas.org\/wp-content\/uploads\/2019\/08\/65247443_2822394511109203_9191920206094532608_o.jpg\" style=\"width: 900px;height: 437px;margin: 10px\"><\/p>\n<p dir=\"ltr\" style=\"line-height:1.2;margin-top:17pt;margin-bottom:0pt;text-align: justify\"><span><span style=\"font-size: 10pt;font-family: Arial;background-color: transparent\">Y con estos cierres tan significativos, la Red Solidaria de J\u00f3venes despide el curso 2018\/2019. <strong>Felicitamos y agradecemos a todas las personas que son parte de este proceso, por colaborar y cree en \u00e9l:<\/strong> j\u00f3venes, docentes, voluntarios y equipos de delegaci\u00f3n de Entreculturas promoviendo ciudadan\u00eda global en todos los rincones del pa\u00eds. \u00a1Volvemos en septiembre!<\/span><\/span><\/p>\n","protected":false},"excerpt":{"rendered":"<p>\u201cLa xarxa me ayuda a darme cuenta de algunas cosas y querer cambiarlas\u201d \u201cMe ha hecho ver las cosas de otra manera\u201d (J\u00f3venes participantes de la RSJ de la Comunidad Valenciana) Entre gymkanas, juegos, escape-rooms, performances, actos de incidencia, limpieza de playas y sobre todo a trav\u00e9s de un gran compromiso y reflexi\u00f3n, tuvieron lugar entre los meses de abril y junio en los distintos territorios del pa\u00eds, las Asambleas de Cierre de curso de la Red Solidaria de J\u00f3venes. Estos momentos de encuentros permitieron a los y las j\u00f3venes dialogar, reflexionar y evaluar sus experiencias y acciones desarrolladas durante el curso, y que forman parte de sus agendas solidarias creadas al inicio del mismo. Igualmente, fue una instancia con lugar para el festejo y la celebraci\u00f3n, donde todos y todas pudieron poner de manifiesto sus aprendizajes y logros alcanzados en el proceso, tanto a nivel individual como colectivo.&nbsp; El [&hellip;]<\/p>\n","protected":false},"featured_media":3356,"template":"single-noticia","meta":{"_acf_changed":false},"categories":[7],"tags":[8],"country":[],"cause":[132],"class_list":["post-3385","noticia","type-noticia","status-publish","has-post-thumbnail","hentry","category-noticia","tag-participacion-y-ciudadania-global","cause-participacion-y-ciudadania-global"],"acf":[],"yoast_head":"<!-- This site is optimized with the Yoast SEO Premium plugin v21.6 (Yoast SEO v27.5) - https:\/\/yoast.com\/product\/yoast-seo-premium-wordpress\/ -->\n<title>Fin de curso de la Red Solidaria de J\u00f3venes: M\u00e1s de 550 j\u00f3venes han participado en las Asambleas de Cierre - Entreculturas<\/title>\n<meta name=\"robots\" content=\"index, follow, max-snippet:-1, max-image-preview:large, max-video-preview:-1\" \/>\n<link rel=\"canonical\" href=\"https:\/\/www.entreculturas.org\/fr\/noticia\/fin-de-curso-de-la-red-solidaria-de-jovenes-mas-de-550-jovenes-han-participado-en-las\/\" \/>\n<meta property=\"og:locale\" content=\"fr_FR\" \/>\n<meta property=\"og:type\" content=\"article\" \/>\n<meta property=\"og:title\" content=\"Fin de curso de la Red Solidaria de J\u00f3venes: M\u00e1s de 550 j\u00f3venes han participado en las Asambleas de Cierre\" \/>\n<meta property=\"og:description\" content=\"\u201cLa xarxa me ayuda a darme cuenta de algunas cosas y querer cambiarlas\u201d \u201cMe ha hecho ver las cosas de otra manera\u201d (J\u00f3venes participantes de la RSJ de la Comunidad Valenciana) Entre gymkanas, juegos, escape-rooms, performances, actos de incidencia, limpieza de playas y sobre todo a trav\u00e9s de un gran compromiso y reflexi\u00f3n, tuvieron lugar entre los meses de abril y junio en los distintos territorios del pa\u00eds, las Asambleas de Cierre de curso de la Red Solidaria de J\u00f3venes. Estos momentos de encuentros permitieron a los y las j\u00f3venes dialogar, reflexionar y evaluar sus experiencias y acciones desarrolladas durante el curso, y que forman parte de sus agendas solidarias creadas al inicio del mismo. Igualmente, fue una instancia con lugar para el festejo y la celebraci\u00f3n, donde todos y todas pudieron poner de manifiesto sus aprendizajes y logros alcanzados en el proceso, tanto a nivel individual como colectivo.&nbsp; El [&hellip;]\" \/>\n<meta property=\"og:url\" content=\"https:\/\/www.entreculturas.org\/fr\/noticia\/fin-de-curso-de-la-red-solidaria-de-jovenes-mas-de-550-jovenes-han-participado-en-las\/\" \/>\n<meta property=\"og:site_name\" content=\"Entreculturas\" \/>\n<meta property=\"article:publisher\" content=\"https:\/\/www.facebook.com\/entreculturas\" \/>\n<meta property=\"article:modified_time\" content=\"2024-03-20T09:54:56+00:00\" \/>\n<meta property=\"og:image\" content=\"https:\/\/www.entreculturas.org\/wp-content\/uploads\/2019\/08\/32291748-1b33-48a9-85d2-e3260edb3a01.jpg\" \/>\n\t<meta property=\"og:image:width\" content=\"1600\" \/>\n\t<meta property=\"og:image:height\" content=\"1200\" \/>\n\t<meta property=\"og:image:type\" content=\"image\/jpeg\" \/>\n<meta name=\"twitter:card\" content=\"summary_large_image\" \/>\n<meta name=\"twitter:site\" content=\"@Entreculturas\" \/>\n<script type=\"application\/ld+json\" class=\"yoast-schema-graph\">{\"@context\":\"https:\\\/\\\/schema.org\",\"@graph\":[{\"@type\":\"WebPage\",\"@id\":\"https:\\\/\\\/www.entreculturas.org\\\/fr\\\/noticia\\\/fin-de-curso-de-la-red-solidaria-de-jovenes-mas-de-550-jovenes-han-participado-en-las\\\/\",\"url\":\"https:\\\/\\\/www.entreculturas.org\\\/fr\\\/noticia\\\/fin-de-curso-de-la-red-solidaria-de-jovenes-mas-de-550-jovenes-han-participado-en-las\\\/\",\"name\":\"Fin de curso de la Red Solidaria de J\u00f3venes: M\u00e1s de 550 j\u00f3venes han participado en las Asambleas de Cierre - Entreculturas\",\"isPartOf\":{\"@id\":\"https:\\\/\\\/www.entreculturas.org\\\/fr\\\/#website\"},\"primaryImageOfPage\":{\"@id\":\"https:\\\/\\\/www.entreculturas.org\\\/fr\\\/noticia\\\/fin-de-curso-de-la-red-solidaria-de-jovenes-mas-de-550-jovenes-han-participado-en-las\\\/#primaryimage\"},\"image\":{\"@id\":\"https:\\\/\\\/www.entreculturas.org\\\/fr\\\/noticia\\\/fin-de-curso-de-la-red-solidaria-de-jovenes-mas-de-550-jovenes-han-participado-en-las\\\/#primaryimage\"},\"thumbnailUrl\":\"https:\\\/\\\/www.entreculturas.org\\\/wp-content\\\/uploads\\\/2019\\\/08\\\/32291748-1b33-48a9-85d2-e3260edb3a01.jpg\",\"datePublished\":\"2019-08-22T11:11:19+00:00\",\"dateModified\":\"2024-03-20T09:54:56+00:00\",\"breadcrumb\":{\"@id\":\"https:\\\/\\\/www.entreculturas.org\\\/fr\\\/noticia\\\/fin-de-curso-de-la-red-solidaria-de-jovenes-mas-de-550-jovenes-han-participado-en-las\\\/#breadcrumb\"},\"inLanguage\":\"fr-FR\",\"potentialAction\":[{\"@type\":\"ReadAction\",\"target\":[\"https:\\\/\\\/www.entreculturas.org\\\/fr\\\/noticia\\\/fin-de-curso-de-la-red-solidaria-de-jovenes-mas-de-550-jovenes-han-participado-en-las\\\/\"]}]},{\"@type\":\"ImageObject\",\"inLanguage\":\"fr-FR\",\"@id\":\"https:\\\/\\\/www.entreculturas.org\\\/fr\\\/noticia\\\/fin-de-curso-de-la-red-solidaria-de-jovenes-mas-de-550-jovenes-han-participado-en-las\\\/#primaryimage\",\"url\":\"https:\\\/\\\/www.entreculturas.org\\\/wp-content\\\/uploads\\\/2019\\\/08\\\/32291748-1b33-48a9-85d2-e3260edb3a01.jpg\",\"contentUrl\":\"https:\\\/\\\/www.entreculturas.org\\\/wp-content\\\/uploads\\\/2019\\\/08\\\/32291748-1b33-48a9-85d2-e3260edb3a01.jpg\",\"width\":1600,\"height\":1200},{\"@type\":\"BreadcrumbList\",\"@id\":\"https:\\\/\\\/www.entreculturas.org\\\/fr\\\/noticia\\\/fin-de-curso-de-la-red-solidaria-de-jovenes-mas-de-550-jovenes-han-participado-en-las\\\/#breadcrumb\",\"itemListElement\":[{\"@type\":\"ListItem\",\"position\":1,\"name\":\"Home\",\"item\":\"https:\\\/\\\/www.entreculturas.org\\\/fr\\\/\"},{\"@type\":\"ListItem\",\"position\":2,\"name\":\"Noticias\",\"item\":\"https:\\\/\\\/www.entreculturas.org\\\/fr\\\/noticias\\\/\"},{\"@type\":\"ListItem\",\"position\":3,\"name\":\"Fin de curso de la Red Solidaria de J\u00f3venes: M\u00e1s de 550 j\u00f3venes han participado en las Asambleas de Cierre\"}]},{\"@type\":\"WebSite\",\"@id\":\"https:\\\/\\\/www.entreculturas.org\\\/fr\\\/#website\",\"url\":\"https:\\\/\\\/www.entreculturas.org\\\/fr\\\/\",\"name\":\"Entreculturas\",\"description\":\"\",\"publisher\":{\"@id\":\"https:\\\/\\\/www.entreculturas.org\\\/fr\\\/#organization\"},\"alternateName\":\"Entreculturas\",\"potentialAction\":[{\"@type\":\"SearchAction\",\"target\":{\"@type\":\"EntryPoint\",\"urlTemplate\":\"https:\\\/\\\/www.entreculturas.org\\\/fr\\\/?s={search_term_string}\"},\"query-input\":{\"@type\":\"PropertyValueSpecification\",\"valueRequired\":true,\"valueName\":\"search_term_string\"}}],\"inLanguage\":\"fr-FR\"},{\"@type\":\"Organization\",\"@id\":\"https:\\\/\\\/www.entreculturas.org\\\/fr\\\/#organization\",\"name\":\"Entreculturas\",\"url\":\"https:\\\/\\\/www.entreculturas.org\\\/fr\\\/\",\"logo\":{\"@type\":\"ImageObject\",\"inLanguage\":\"fr-FR\",\"@id\":\"https:\\\/\\\/www.entreculturas.org\\\/fr\\\/#\\\/schema\\\/logo\\\/image\\\/\",\"url\":\"https:\\\/\\\/www.entreculturas.org\\\/wp-content\\\/uploads\\\/2025\\\/10\\\/ESP.svg\",\"contentUrl\":\"https:\\\/\\\/www.entreculturas.org\\\/wp-content\\\/uploads\\\/2025\\\/10\\\/ESP.svg\",\"caption\":\"Entreculturas\"},\"image\":{\"@id\":\"https:\\\/\\\/www.entreculturas.org\\\/fr\\\/#\\\/schema\\\/logo\\\/image\\\/\"},\"sameAs\":[\"https:\\\/\\\/www.facebook.com\\\/entreculturas\",\"https:\\\/\\\/x.com\\\/Entreculturas\",\"https:\\\/\\\/www.instagram.com\\\/entreculturas\\\/\",\"https:\\\/\\\/www.youtube.com\\\/user\\\/entreculturasvideo\",\"https:\\\/\\\/www.linkedin.com\\\/company\\\/fundacion-entreculturas-ngdo\\\/\",\"https:\\\/\\\/www.flickr.com\\\/photos\\\/98455522@N04\\\/albums\\\/\"]}]}<\/script>\n<!-- \/ Yoast SEO Premium plugin. -->","yoast_head_json":{"title":"Fin de curso de la Red Solidaria de J\u00f3venes: M\u00e1s de 550 j\u00f3venes han participado en las Asambleas de Cierre - Entreculturas","robots":{"index":"index","follow":"follow","max-snippet":"max-snippet:-1","max-image-preview":"max-image-preview:large","max-video-preview":"max-video-preview:-1"},"canonical":"https:\/\/www.entreculturas.org\/fr\/noticia\/fin-de-curso-de-la-red-solidaria-de-jovenes-mas-de-550-jovenes-han-participado-en-las\/","og_locale":"fr_FR","og_type":"article","og_title":"Fin de curso de la Red Solidaria de J\u00f3venes: M\u00e1s de 550 j\u00f3venes han participado en las Asambleas de Cierre","og_description":"\u201cLa xarxa me ayuda a darme cuenta de algunas cosas y querer cambiarlas\u201d \u201cMe ha hecho ver las cosas de otra manera\u201d (J\u00f3venes participantes de la RSJ de la Comunidad Valenciana) Entre gymkanas, juegos, escape-rooms, performances, actos de incidencia, limpieza de playas y sobre todo a trav\u00e9s de un gran compromiso y reflexi\u00f3n, tuvieron lugar entre los meses de abril y junio en los distintos territorios del pa\u00eds, las Asambleas de Cierre de curso de la Red Solidaria de J\u00f3venes. Estos momentos de encuentros permitieron a los y las j\u00f3venes dialogar, reflexionar y evaluar sus experiencias y acciones desarrolladas durante el curso, y que forman parte de sus agendas solidarias creadas al inicio del mismo. Igualmente, fue una instancia con lugar para el festejo y la celebraci\u00f3n, donde todos y todas pudieron poner de manifiesto sus aprendizajes y logros alcanzados en el proceso, tanto a nivel individual como colectivo.&nbsp; El [&hellip;]","og_url":"https:\/\/www.entreculturas.org\/fr\/noticia\/fin-de-curso-de-la-red-solidaria-de-jovenes-mas-de-550-jovenes-han-participado-en-las\/","og_site_name":"Entreculturas","article_publisher":"https:\/\/www.facebook.com\/entreculturas","article_modified_time":"2024-03-20T09:54:56+00:00","og_image":[{"width":1600,"height":1200,"url":"https:\/\/www.entreculturas.org\/wp-content\/uploads\/2019\/08\/32291748-1b33-48a9-85d2-e3260edb3a01.jpg","type":"image\/jpeg"}],"twitter_card":"summary_large_image","twitter_site":"@Entreculturas","schema":{"@context":"https:\/\/schema.org","@graph":[{"@type":"WebPage","@id":"https:\/\/www.entreculturas.org\/fr\/noticia\/fin-de-curso-de-la-red-solidaria-de-jovenes-mas-de-550-jovenes-han-participado-en-las\/","url":"https:\/\/www.entreculturas.org\/fr\/noticia\/fin-de-curso-de-la-red-solidaria-de-jovenes-mas-de-550-jovenes-han-participado-en-las\/","name":"Fin de curso de la Red Solidaria de J\u00f3venes: M\u00e1s de 550 j\u00f3venes han participado en las Asambleas de Cierre - Entreculturas","isPartOf":{"@id":"https:\/\/www.entreculturas.org\/fr\/#website"},"primaryImageOfPage":{"@id":"https:\/\/www.entreculturas.org\/fr\/noticia\/fin-de-curso-de-la-red-solidaria-de-jovenes-mas-de-550-jovenes-han-participado-en-las\/#primaryimage"},"image":{"@id":"https:\/\/www.entreculturas.org\/fr\/noticia\/fin-de-curso-de-la-red-solidaria-de-jovenes-mas-de-550-jovenes-han-participado-en-las\/#primaryimage"},"thumbnailUrl":"https:\/\/www.entreculturas.org\/wp-content\/uploads\/2019\/08\/32291748-1b33-48a9-85d2-e3260edb3a01.jpg","datePublished":"2019-08-22T11:11:19+00:00","dateModified":"2024-03-20T09:54:56+00:00","breadcrumb":{"@id":"https:\/\/www.entreculturas.org\/fr\/noticia\/fin-de-curso-de-la-red-solidaria-de-jovenes-mas-de-550-jovenes-han-participado-en-las\/#breadcrumb"},"inLanguage":"fr-FR","potentialAction":[{"@type":"ReadAction","target":["https:\/\/www.entreculturas.org\/fr\/noticia\/fin-de-curso-de-la-red-solidaria-de-jovenes-mas-de-550-jovenes-han-participado-en-las\/"]}]},{"@type":"ImageObject","inLanguage":"fr-FR","@id":"https:\/\/www.entreculturas.org\/fr\/noticia\/fin-de-curso-de-la-red-solidaria-de-jovenes-mas-de-550-jovenes-han-participado-en-las\/#primaryimage","url":"https:\/\/www.entreculturas.org\/wp-content\/uploads\/2019\/08\/32291748-1b33-48a9-85d2-e3260edb3a01.jpg","contentUrl":"https:\/\/www.entreculturas.org\/wp-content\/uploads\/2019\/08\/32291748-1b33-48a9-85d2-e3260edb3a01.jpg","width":1600,"height":1200},{"@type":"BreadcrumbList","@id":"https:\/\/www.entreculturas.org\/fr\/noticia\/fin-de-curso-de-la-red-solidaria-de-jovenes-mas-de-550-jovenes-han-participado-en-las\/#breadcrumb","itemListElement":[{"@type":"ListItem","position":1,"name":"Home","item":"https:\/\/www.entreculturas.org\/fr\/"},{"@type":"ListItem","position":2,"name":"Noticias","item":"https:\/\/www.entreculturas.org\/fr\/noticias\/"},{"@type":"ListItem","position":3,"name":"Fin de curso de la Red Solidaria de J\u00f3venes: M\u00e1s de 550 j\u00f3venes han participado en las Asambleas de Cierre"}]},{"@type":"WebSite","@id":"https:\/\/www.entreculturas.org\/fr\/#website","url":"https:\/\/www.entreculturas.org\/fr\/","name":"Entreculturas","description":"","publisher":{"@id":"https:\/\/www.entreculturas.org\/fr\/#organization"},"alternateName":"Entreculturas","potentialAction":[{"@type":"SearchAction","target":{"@type":"EntryPoint","urlTemplate":"https:\/\/www.entreculturas.org\/fr\/?s={search_term_string}"},"query-input":{"@type":"PropertyValueSpecification","valueRequired":true,"valueName":"search_term_string"}}],"inLanguage":"fr-FR"},{"@type":"Organization","@id":"https:\/\/www.entreculturas.org\/fr\/#organization","name":"Entreculturas","url":"https:\/\/www.entreculturas.org\/fr\/","logo":{"@type":"ImageObject","inLanguage":"fr-FR","@id":"https:\/\/www.entreculturas.org\/fr\/#\/schema\/logo\/image\/","url":"https:\/\/www.entreculturas.org\/wp-content\/uploads\/2025\/10\/ESP.svg","contentUrl":"https:\/\/www.entreculturas.org\/wp-content\/uploads\/2025\/10\/ESP.svg","caption":"Entreculturas"},"image":{"@id":"https:\/\/www.entreculturas.org\/fr\/#\/schema\/logo\/image\/"},"sameAs":["https:\/\/www.facebook.com\/entreculturas","https:\/\/x.com\/Entreculturas","https:\/\/www.instagram.com\/entreculturas\/","https:\/\/www.youtube.com\/user\/entreculturasvideo","https:\/\/www.linkedin.com\/company\/fundacion-entreculturas-ngdo\/","https:\/\/www.flickr.com\/photos\/98455522@N04\/albums\/"]}]}},"_links":{"self":[{"href":"https:\/\/www.entreculturas.org\/fr\/wp-json\/wp\/v2\/noticia\/3385","targetHints":{"allow":["GET"]}}],"collection":[{"href":"https:\/\/www.entreculturas.org\/fr\/wp-json\/wp\/v2\/noticia"}],"about":[{"href":"https:\/\/www.entreculturas.org\/fr\/wp-json\/wp\/v2\/types\/noticia"}],"wp:featuredmedia":[{"embeddable":true,"href":"https:\/\/www.entreculturas.org\/fr\/wp-json\/wp\/v2\/media\/3356"}],"wp:attachment":[{"href":"https:\/\/www.entreculturas.org\/fr\/wp-json\/wp\/v2\/media?parent=3385"}],"wp:term":[{"taxonomy":"category","embeddable":true,"href":"https:\/\/www.entreculturas.org\/fr\/wp-json\/wp\/v2\/categories?post=3385"},{"taxonomy":"post_tag","embeddable":true,"href":"https:\/\/www.entreculturas.org\/fr\/wp-json\/wp\/v2\/tags?post=3385"},{"taxonomy":"country","embeddable":true,"href":"https:\/\/www.entreculturas.org\/fr\/wp-json\/wp\/v2\/country?post=3385"},{"taxonomy":"cause","embeddable":true,"href":"https:\/\/www.entreculturas.org\/fr\/wp-json\/wp\/v2\/cause?post=3385"}],"curies":[{"name":"wp","href":"https:\/\/api.w.org\/{rel}","templated":true}]}}