{"id":3330,"date":"2019-08-22T10:39:18","date_gmt":"2019-08-22T10:39:18","guid":{"rendered":"https:\/\/entreculturasi.wpenginepowered.com\/?noticias=lanzamos-la-campana-escuela-refugio-por-el-dia-de-las-personas-refugiadas"},"modified":"2024-12-09T13:11:39","modified_gmt":"2024-12-09T12:11:39","slug":"lanzamos-la-campana-escuela-refugio-por-el-dia-de-las-personas-refugiadas","status":"publish","type":"noticia","link":"https:\/\/www.entreculturas.org\/fr\/noticia\/lanzamos-la-campana-escuela-refugio-por-el-dia-de-las-personas-refugiadas\/","title":{"rendered":"Lanzamos la campa\u00f1a Escuela Refugio por el D\u00eda de las Personas Refugiadas"},"content":{"rendered":"<p>Con motivo del D\u00eda Mundial de las Personas Refugiadas, desde Entreculturas hemos\u00a0presentado esta ma\u00f1ana <a href=\"https:\/\/www.escuelarefugio.org\/\" target=\"_blank\" rel=\"noopener\">\u201cEscuela Refugio\u201d<\/a> para reivindicar que se garantice el derecho a la educaci\u00f3n en situaciones de conflicto y refugio. <strong>La mitad de las personas refugiadas en todo el mundo son menores<\/strong>. Ni\u00f1os, ni\u00f1as y j\u00f3venes v\u00edctimas de conflictos internacionales e internos que no solo est\u00e1n aumentando, sino que tambi\u00e9n son cada vez m\u00e1s prolongados y afectan a un mayor n\u00famero de personas. Desde hace 10 a\u00f1os <strong>la cifra de personas desplazadas forzosamente no ha parado de aumentar, hasta alcanzar los actuales 70&rsquo;8 millones<\/strong>.\u00a01 de cada 4 ni\u00f1os sin escolarizar vive en un contexto afectado por crisis.<\/p>\n<p>\u201cDesde Entreculturas, junto a nuestras organizaciones socias, trabajamos cada d\u00eda para que las escuelas sean refugio para estos ni\u00f1os y ni\u00f1as. Para reivindicar que las escuelas sean lugares de paz, libres de violencia; lugares de reconciliaci\u00f3n y encuentro en cualquier circunstancia, ya sea en conflictos o en contextos de violencia, ya sea en campos de personas refugiadas y desplazadas que han huido de esta violencia, o en cualquier otra circunstancia de emergencia humanitaria\u201d, explicaba Raquel Mart\u00edn, nuestra Directora de Comunicaci\u00f3n y Relaciones Institucionales de Entreculturas.<\/p>\n<p>Aunque las escuelas protegen y, a la vez, deber\u00edan ser protegidas, siguen siendo objeto de ataques. \u201c<strong>Entre 2014 y 2018 se han registrado m\u00e1s de 14.000 ataques a la educaci\u00f3n en 34 pa\u00edses y en al menos 18, los ataques a la educaci\u00f3n se dirigieron contra ni\u00f1as y mujeres por su g\u00e9nero<\/strong>. El camino a la escuela supone tambi\u00e9n un grave peligro para las ni\u00f1as y las j\u00f3venes,\u00a0 ya que pueden ser sorprendidas, secuestradas y atacadas sexualmente. \u201cEn Entreculturas, a trav\u00e9s de programas de cooperaci\u00f3n al desarrollo y de ayuda humanitaria, trabajamos para proteger las escuelas y que estas est\u00e9n libres de violencia. Lo hacemos en muchos pa\u00edses del mundo como Sud\u00e1n del Sur, Rep\u00fablica Democr\u00e1tica del Congo, Rep\u00fablica Centroafricana y Burundi, Venezuela o Colombia\u201d, explicaba\u00a0 nuestro compap\u00f1ero\u00a0Pablo Funes, Coordinador de Cooperaci\u00f3n. \u201cMe gustar\u00eda mostraros alg\u00fan ejemplo de nuestro trabajo, cuando la\u00a0 educaci\u00f3n salva vidas, por eso quiero que escuch\u00e9is el testimonio de Sanganyi Namangala Tamy, una de las m\u00e1s de 70 millones de personas refugiadas en el mundo que conoce de primera mano <strong>la importancia de que las escuelas sean refugio, un lugar que acoge y que permite aprender, jugar,<\/strong> encontrarnos con nuevos amigos y amigas y construir nuevos espacios seguros de paz y convivencia\u201d, conclu\u00eda Pablo.<\/p>\n<p>Burundi y Rep\u00fablica Democr\u00e1tica del Congo son dos de los pa\u00edses que sufren ataques a la educaci\u00f3n.\u00a0Sanganyi Namangala Tamy, refugiada congole\u00f1a en el campo de refugiados de Kinama Burundi y Vicepresidenta del Comit\u00e9 de Refugiados explicaba su historia de refugio. \u201cEl 10 de octubre de 2008 en mi casa en Rutshuru en el norte del Kivu, mataron a mi marido, a dos de mis ocho hijos y me violaron. Fui secuestrada por rebeldes que me llevaron al bosque donde pas\u00e9 un mes sirviendo como ama de casa, sufr\u00ed violencia sexual y f\u00edsica. En tiempos de guerra todo es posible. El derecho de los ni\u00f1os a la educaci\u00f3n se ve vulnerado. Las escuelas son lugares donde hay conflictos, tomados por los atacantes como lugares de guerra, para almacenar sus armas o como bases militares. <strong>Los ni\u00f1os son reclutados como luchadores. Destruyen escuelas para usar puertas de madera y escritorios como calefacci\u00f3n.<\/strong> Hay menos lugares para estudiar durante la guerra. La juventud es el futuro del ma\u00f1ana. Sin una educaci\u00f3n b\u00e1sica, es dif\u00edcil tener un futuro\u201d, ha relatado.<\/p>\n<p>En el campo de personas refugiadas de Kinama, en Burundi,\u00a0Sanganyi colabora con el Servicio Jesuita a Refugiados (JRS) y con Entreculturas para sensibilizar a los j\u00f3venes sobre la importancia de la educaci\u00f3n, especialmente la educaci\u00f3n de las ni\u00f1as. Fran\u00e7ois Xavier Nsababandi, Director de Proyectos de Educaci\u00f3n y Medios de Vida de Entreculturas y del Servicio Jesuita a Refugiados en Burundi explicaba que\u00a0 \u201cel JRS interviene en cinco escuelas de campos de refugiados. Las escuelas de los campos y otras escuelas deben estar a salvo de los ataques. En pa\u00edses que viven guerras, vemos que las escuelas son destruidas incluso los estudiantes son asesinados. Es por esta raz\u00f3n que <strong>trabajamos en zonas de conflicto para acompa\u00f1ar, proteger y defender a las personas refugiadas para garantizar su derecho a la educaci\u00f3n<\/strong>. Las escuelas nunca deben ser objeto de ataque, sino lugares de paz, libres de violencia. La escuela es un refugio seguro para millones de ni\u00f1os refugiados en todo el mundo\u201d.<\/p>\n<p><img decoding=\"async\" src=\"https:\/\/www.entreculturas.org\/wp-content\/uploads\/2019\/08\/sangani.jpg\" alt=\"\" width=\"800\" height=\"533\" \/><\/p>\n<p>Por su parte, nuestra compa\u00f1era Irene Ortega, Coordinadora de Ciudadan\u00eda lanzaba la pregunta de <strong>\u201c\u00bfQu\u00e9 podemos hacer entonces como sociedad ante esta situaci\u00f3n?\u201d <\/strong>La campa\u00f1a <a href=\"https:\/\/www.escuelarefugio.org\/\" target=\"_blank\" rel=\"noopener\">Escuela Refugio<\/a> hace una propuesta con dos palabras: Incide y Expresa. \u201c<strong>Para incidir, hacemos una serie de recomendaciones al Gobierno Espa\u00f1ol<\/strong>, entre las que quiero destacar dos: que alinee sus pol\u00edticas exteriores, de cooperaci\u00f3n y ayuda humanitaria con la Declaraci\u00f3n sobre Escuelas Seguras y las Directrices para su implementaci\u00f3n ya que son una hoja de ruta esencial y que dise\u00f1e, apoye e implemente pol\u00edticas y programas de cooperaci\u00f3n internacional al desarrollo y ayuda humanitaria encaminados a garantizar la escuelas como espacios seguros y de protecci\u00f3n en contextos de emergencia. Para ello, es imprescindible destinar el 0,7% de la Renta Nacional a Ayuda al Desarrollo y de esa cifra un 10% a la Acci\u00f3n Humanitaria de la cual un 4% debe ser para educaci\u00f3n en emergencias\u201d, enumeraba Irene.\u00a0 As\u00ed mismo hablaba de la palabra expresa porque \u201cno solo las personas con responsabilidades pol\u00edticas pueden hacer algo. De hecho, lo har\u00e1n en la medida en que la ciudadan\u00eda se lo demande. Y ante estas cuestiones que son globales, que muestran la interdependencia que hay entre los seres humanos y afectan al coraz\u00f3n mismo de nuestra dignidad, la ciudadan\u00eda del mundo ha de estar unida y expresarse como una verdadera sociedad global\u201d.<\/p>\n<p>Irene daba paso a los ni\u00f1os y las ni\u00f1as del colegio La Paloma de Madrid que estaban presentes en la rueda de prensa y que han ense\u00f1ado dibujos suyos y de ni\u00f1os y ni\u00f1as refugiados burundeses de la escuela primaria del campo refugiados de Kinama sobre c\u00f3mo les gustar\u00eda que fueran las escuelas, una de las propuestas de sensibilizaci\u00f3n de Escuela Refugio. \u201cSi ven\u00eds los amigos seremos nosotros\u201d; \u201cQuiero contarte que me gusta mi colegio, aprendo mucho y puedo jugar con mis amigas\u201d; \u201cLa escuela para m\u00ed es un lugar bonito\u201d. Estos son algunos de los mensajes que se han podido leer. <strong>Los ni\u00f1os y las ni\u00f1as\u00a0 tienen muy claro, tanto en Madrid como en Burundi, lo que es el colegio en sus vidas. <\/strong>Y tienen muy claro tambi\u00e9n que todas las personas, en Madrid o en Burundi, somos\u00a0 iguales en derechos y en dignidad. Perciben que hay algo com\u00fan en nuestra esencia, que se manifiesta en una preciosa diversidad.<\/p>\n<p><strong>Esto es lo que expresa la campa\u00f1a Escuela Refugio. La escuela no es solo una escuela. La escuela es un camino seguro, es un d\u00eda son violencia, es una oportunidad para elegir un futuro, es un sue\u00f1o por cumplir, es dignidad y respeto, es valiente, acoge y defiende. La escuela es tierra sagrada, es posibilitadora de oportunidades y refugio para millones de ni\u00f1os y ni\u00f1as.<\/strong><\/p>\n<p><img decoding=\"async\" src=\"https:\/\/www.entreculturas.org\/wp-content\/uploads\/2019\/08\/dibujos.jpg\" alt=\"\" width=\"800\" height=\"286\" \/><\/p>\n<ul>\n<li><a href=\"https:\/\/www.flickr.com\/photos\/entreculturas\/albums\/72157709172562008\/with\/48097104843\/\" target=\"_blank\" rel=\"noopener\">Visitia la fotogaler\u00eda de la rueda de prensa.<\/a><\/li>\n<\/ul>\n<p><strong><span style=\"font-size: 16px;\">ELEMENTOS DE LA CAMPA\u00d1A<\/span><\/strong><\/p>\n<table style=\"width: 800px;\" border=\"0\" cellspacing=\"0\" cellpadding=\"8\" align=\"center\">\n<tbody>\n<tr>\n<td style=\"vertical-align: top; width: 230px;\"><\/td>\n<td style=\"vertical-align: top; width: 530px;\"><strong>ESTA NO ES SOLO UNA ESCUELA<\/strong><br \/>\nEn la web de la campa\u00f1a, <a href=\"https:\/\/u7711718.ct.sendgrid.net\/wf\/click?upn=WR1hKWqIQ9JNv3yux6NkLZphZD6gakMcYYSZyVNb39riUIhZ5nW3EKd4AQgc6CEhhjhTRK8DbYJNd0LhGE-2B0qyKVu43toYtTcQp-2F0BWNdzVVc4m5nk0sccNJyzCxkhx-2FPbZvAIcUcSPXHACMZDd7OQgkkQGEUne0KQDQQq-2BQVj0-3D_irBXQX1a6-2FtTl2ojwprMRM6WmrNeelNa1RxxZWgmt7YzAaX70ijm2Rj9DVRSHJf49aw-2F8aq6y9k9GAmlQJxjDKsDuCzFTWTOr3PB7Qh7TkrCQjJxk4VniU5ViE6DwUFYHL3NVaP5iJx6a4y-2FofT98gAYdYr75NmMLsNjQ9Qm1-2F0-2FqcvpVMmeqU4jNSKA4sPCrei1WAYe4B5ks3eYrGzAcdfoKWln7-2BnpiGLncMFcYs4HUk3jsM67XwHQv-2BCQYFTBWUFhsj-2BLGw2L1z8DvpAtwrWWMhZ-2BfWW7loBSGgs-2Fdc4k5ERd1yihuZj-2BIP-2FPjow-2BPxh-2FZ-2BuVEOKXl-2BRZNyegSw-3D-3D\" target=\"_blank\" rel=\"noopener\">escuelarefugio.org<\/a>, hablamos de la situaci\u00f3n de la educaci\u00f3n en contextos de refugio, conocemos m\u00e1s sobre las escuelas que apoyamos en distintos pa\u00edses junto a nuestras organizaciones socias, damos voz a las personas que participan en nuestros proyectos en pa\u00edses como L\u00edbano, Sud\u00e1n del Sur o Rep\u00fablica Centroafricana, y animamos a la ciudadan\u00eda a que se sume a Escuela Refugio.<\/td>\n<\/tr>\n<tr>\n<td><\/td>\n<td><\/td>\n<\/tr>\n<tr>\n<td><\/td>\n<td><\/td>\n<\/tr>\n<tr>\n<td><\/td>\n<td style=\"vertical-align: top; width: 530px;\"><strong>ES UN MOMENTO DE PAZ<\/strong><br \/>\nEn el <a href=\"https:\/\/u7711718.ct.sendgrid.net\/wf\/click?upn=WR1hKWqIQ9JNv3yux6NkLZphZD6gakMcYYSZyVNb39riUIhZ5nW3EKd4AQgc6CEhhjhTRK8DbYJNd0LhGE-2B0qyKVu43toYtTcQp-2F0BWNdzVVc4m5nk0sccNJyzCxkhx-2F2TE-2BnsWu3hrHYNmLqqeFijXATYW9vCKlMKI-2B22wbPus-3D_irBXQX1a6-2FtTl2ojwprMRM6WmrNeelNa1RxxZWgmt7YzAaX70ijm2Rj9DVRSHJf49aw-2F8aq6y9k9GAmlQJxjDKsDuCzFTWTOr3PB7Qh7TkrCQjJxk4VniU5ViE6DwUFYHL3NVaP5iJx6a4y-2FofT98gAYdYr75NmMLsNjQ9Qm1-2F0-2FqcvpVMmeqU4jNSKA4sPCVJD3I-2FyYb8PzsGZls1su-2FBItOajnB-2FQXJJmw2z6XbXB4Pw1DKzzyyPbXQh-2B3f8nDUKpkNZ8bIEagjrUo2o4urcYuyeH-2BmAT6T8QQRobej12LUFM6OhTv8y98vqm98ek7H8gWV6Px9jMgPG-2FZEO30Aw-3D-3D\" target=\"_blank\" rel=\"noopener\">v\u00eddeo de la campa\u00f1a<\/a> ponemos el foco en la importancia de que las escuelas sean protegidas y en su poder de ser refugio y una oportunidad de aprendizaje para las ni\u00f1as y los ni\u00f1os refugiados.<\/td>\n<\/tr>\n<tr>\n<td><\/td>\n<td><\/td>\n<\/tr>\n<tr>\n<td><\/td>\n<td><\/td>\n<\/tr>\n<tr>\n<td><\/td>\n<td style=\"vertical-align: top;\">\n<p><strong>ES UN D\u00cdA DE VIOLENCIA<\/strong><br \/>\nEn nuestro posicionamiento \u201cEscuelas libres de violencia\u201d, que presentamos en la III Conferencia Internacional sobre Escuelas Seguras, abogamos por la defensa de las escuelas como espacios seguros, de paz y de reconciliaci\u00f3n, y lanzamos una serie de <a href=\"https:\/\/u7711718.ct.sendgrid.net\/wf\/click?upn=WR1hKWqIQ9JNv3yux6NkLZphZD6gakMcYYSZyVNb39riUIhZ5nW3EKd4AQgc6CEhhjhTRK8DbYJNd0LhGE-2B0qyKVu43toYtTcQp-2F0BWNdzVVc4m5nk0sccNJyzCxkhx-2F97-2FqohFpsdXs4YncXj4xHgdyoUxRdAxBDyYjRWr40aQ-3D_irBXQX1a6-2FtTl2ojwprMRM6WmrNeelNa1RxxZWgmt7YzAaX70ijm2Rj9DVRSHJf49aw-2F8aq6y9k9GAmlQJxjDKsDuCzFTWTOr3PB7Qh7TkrCQjJxk4VniU5ViE6DwUFYHL3NVaP5iJx6a4y-2FofT98gAYdYr75NmMLsNjQ9Qm1-2F0-2FqcvpVMmeqU4jNSKA4sPCOuHEICnVNoZsqIa6gxmv-2FAKrCnYO5QPQz25A2DOQdfKtWyIj6rR61tpxE1-2BTQpAGh8HP61j6k-2BR8xAtocjCv-2Bk0gAn5x-2BSiPEWR5EovRgpGl5gSx7ejbv-2BMu1Qnh-2BOiqmla9grteiGT1b4eLOm1ikg-3D-3D\" target=\"_blank\" rel=\"noopener\">recomendaciones al Gobierno Espa\u00f1ol<\/a> para las que queremos seguir sumando apoyos.<\/td>\n<\/tr>\n<tr>\n<td><\/td>\n<td><\/td>\n<\/tr>\n<tr>\n<td><\/td>\n<td><\/td>\n<\/tr>\n<tr>\n<td style=\"vertical-align: top;\"><\/td>\n<td style=\"vertical-align: top;\"><span style=\"font-family: Arial, Helvetica, sans-serif;\"><b>ESTA ESCUELA ACOGE<\/b><\/span><br \/>\nY t\u00fa, \u00bfc\u00f3mo quieres que sean las escuelas? <a href=\"https:\/\/www.escuelarefugio.org\/expresa\/\" target=\"_blank\" rel=\"noopener\">Descarga el recortable <\/a>y suma tu escuela a las que acogen y defienden a la infancia refugiada.<br \/>\nEnv\u00edanosla despu\u00e9s a <a href=\"mailto:escuelarefugio@entreculturas.org\">escuelarefugio@entreculturas.org<\/a> y comp\u00e1rtela en redes sociales con el hashtag #EscuelaRefugio.<\/td>\n<\/tr>\n<tr>\n<td><\/td>\n<td><\/td>\n<\/tr>\n<tr>\n<td><\/td>\n<td><\/td>\n<\/tr>\n<tr>\n<td style=\"vertical-align: top;\"><\/td>\n<td style=\"vertical-align: top;\">Las alumnas y los alumnos de la Escuela de Kinama, en Burundi, y del CEIP Nuestra Se\u00f1ora de la Paloma, en Madrid, ya se han intercambiado las suyas!<br \/>\nPuedes verlo en <a href=\"https:\/\/u7711718.ct.sendgrid.net\/wf\/click?upn=WR1hKWqIQ9JNv3yux6NkLZphZD6gakMcYYSZyVNb39riUIhZ5nW3EKd4AQgc6CEhhjhTRK8DbYJNd0LhGE-2B0qyKVu43toYtTcQp-2F0BWNdzVVc4m5nk0sccNJyzCxkhx-2FkT0ZG4EW8SI5NryVdDV7ve7CHVo-2BoXXDMa6-2FuCJd1jE-3D_irBXQX1a6-2FtTl2ojwprMRM6WmrNeelNa1RxxZWgmt7YzAaX70ijm2Rj9DVRSHJf49aw-2F8aq6y9k9GAmlQJxjDKsDuCzFTWTOr3PB7Qh7TkrCQjJxk4VniU5ViE6DwUFYHL3NVaP5iJx6a4y-2FofT98gAYdYr75NmMLsNjQ9Qm1-2F0-2FqcvpVMmeqU4jNSKA4sPCETleqIDQa-2BQBQUlmUPgKply3nmDLEkrX14ZI6I0QfZFKYn2-2BeQth9Vc3UL-2FR-2BiHoSDh3H8wGr4zWXi8yewkrR2kzKVt1Gma1k3LEjfaVOh61FS-2FDz9fX46QexgToEbD8spgX7jwMfegXLBlsNvI1Hw-3D-3D\" target=\"_blank\" rel=\"noopener\">este v\u00eddeo.<\/a><\/td>\n<\/tr>\n<tr>\n<td style=\"vertical-align: top;\"><\/td>\n<td style=\"vertical-align: top;\"><\/td>\n<\/tr>\n<tr>\n<td style=\"vertical-align: top;\"><\/td>\n<td style=\"vertical-align: top;\"><\/td>\n<\/tr>\n<tr>\n<td style=\"vertical-align: top;\"><\/td>\n<td style=\"vertical-align: top;\"><strong>ESTA ESCUELA DEFIENDE<\/strong><br \/>\nEn nuestro <a href=\"https:\/\/u7711718.ct.sendgrid.net\/wf\/click?upn=WR1hKWqIQ9JNv3yux6NkLZphZD6gakMcYYSZyVNb39riUIhZ5nW3EKd4AQgc6CEhhjhTRK8DbYJNd0LhGE-2B0qyKVu43toYtTcQp-2F0BWNdzVVc4m5nk0sccNJyzCxkhx-2FIpebSzl0JqdCLp54dM06E-2FjcIwVEmX2XxXBvuwWb1NM-3D_irBXQX1a6-2FtTl2ojwprMRM6WmrNeelNa1RxxZWgmt7YzAaX70ijm2Rj9DVRSHJf49aw-2F8aq6y9k9GAmlQJxjDKsDuCzFTWTOr3PB7Qh7TkrCQjJxk4VniU5ViE6DwUFYHL3NVaP5iJx6a4y-2FofT98gAYdYr75NmMLsNjQ9Qm1-2F0-2FqcvpVMmeqU4jNSKA4sPCac7LtSnwWL7Dii3kSnxaVf5S70moW0zQKyIifqZa6CxTqU9RBGfpV7jJ-2Fwa4ijnHTDwe2oEY4JkZMdqRbKx1hiKrIZ4c4PH2mcWqSOEhEx8LBl8x25cP3a2dKMZxVhiy-2BUS0MTgy3bTaywcfuTIRXw-3D-3D\" target=\"_blank\" rel=\"noopener\">bolet\u00edn trimestral n\u00ba 74<\/a>, adem\u00e1s de recoger las noticias m\u00e1s destacadas, tenemos una mirada especial de las escuelas de JRS que son refugio y esperanza para alumnas y alumnos refugiados en Burundi y L\u00edbano.<\/td>\n<\/tr>\n<tr>\n<td style=\"vertical-align: top;\"><\/td>\n<td style=\"vertical-align: top;\"><\/td>\n<\/tr>\n<tr>\n<td style=\"vertical-align: top;\"><\/td>\n<td style=\"vertical-align: top;\"><\/td>\n<\/tr>\n<tr>\n<td style=\"vertical-align: top;\"><\/td>\n<td style=\"vertical-align: top;\"><strong>ESTA ESCUELA PROTEGE<\/strong><br \/>\nJunto al bolet\u00edn trimestral recibiremos el <a href=\"https:\/\/ci4.googleusercontent.com\/proxy\/X9M40IUlZNbuNfx4o5VraXoScPxF-fuaP0E9JXEyeD92wcExZmZRF1LZ5WdJS9CGEs-2qER0OqzHalIgdY3a9_ZnILOfGdW02wTcKdY1YF-xyVJvF9qwETnTQrgUcvluhL7_-JucZFq4eHnE=s0-d-e1-ft#https:\/\/www.entreculturas.org\/sites\/default\/files\/Elementos\/elementosescuelarefugio07.jpg\" target=\"_blank\" rel=\"noopener\">folleto de la campa\u00f1a<\/a>, que nos permitir\u00e1 hacer llegar, de forma masiva, nuestro mensaje en actos de calle, eventos y jornadas.<\/td>\n<\/tr>\n<tr>\n<td style=\"vertical-align: top;\"><\/td>\n<td style=\"vertical-align: top;\"><\/td>\n<\/tr>\n<tr>\n<td style=\"vertical-align: top;\"><\/td>\n<td style=\"vertical-align: top;\"><\/td>\n<\/tr>\n<tr>\n<td style=\"vertical-align: top;\"><\/td>\n<td style=\"vertical-align: top;\"><strong>CHARTA TEDx, \u00ab\u00a0\u00bfFUNCIONAN LAS VALLAS PARA DETENER LA INMIGRACI\u00d3N?\u00a0\u00bb<\/strong><br \/>\nEsta <a href=\"https:\/\/u7711718.ct.sendgrid.net\/wf\/click?upn=WR1hKWqIQ9JNv3yux6NkLZphZD6gakMcYYSZyVNb39riUIhZ5nW3EKd4AQgc6CEhhjhTRK8DbYJNd0LhGE-2B0qyKVu43toYtTcQp-2F0BWNdzVVc4m5nk0sccNJyzCxkhx-2FLkIOwUVIzu9PaRZhYIFXtL7K2iXONxYkEsRbDGelOUk-3D_irBXQX1a6-2FtTl2ojwprMRM6WmrNeelNa1RxxZWgmt7YzAaX70ijm2Rj9DVRSHJf49aw-2F8aq6y9k9GAmlQJxjDKsDuCzFTWTOr3PB7Qh7TkrCQjJxk4VniU5ViE6DwUFYHL3NVaP5iJx6a4y-2FofT98gAYdYr75NmMLsNjQ9Qm1-2F0-2FqcvpVMmeqU4jNSKA4sPCl7OwvSMJa53qwudf5B8cxqLXEjp1aenDqcBCNNZfOHIhTT3wCVEXdkW9j3ev5I4vgvCBD9rYeL89HfzpxhmOtmJBZEEHwkWOpl-2F4owZ4s4A4olIXFdoQdtrwO0ly-2FJOqo7BW56-2BHud5HFS6Fi13uww-3D-3D\" target=\"_blank\" rel=\"noopener\">charla TEDx de Daniel Villanueva <\/a>SJ tambi\u00e9n nos ofrece una oportunidad para reflexionar sobre la realidad de las fronteras y de la movilidad forzosa en el mundo.<\/td>\n<\/tr>\n<tr>\n<td style=\"vertical-align: top;\"><\/td>\n<td style=\"vertical-align: top;\"><\/td>\n<\/tr>\n<\/tbody>\n<\/table>\n","protected":false},"excerpt":{"rendered":"<p>Con motivo del D\u00eda Mundial de las Personas Refugiadas, desde Entreculturas hemos presentado esta ma\u00f1ana \u201cEscuela Refugio\u201d para reivindicar que se garantice el derecho a la educaci\u00f3n en situaciones de conflicto y refugio, ya que entre 2014 y 2018 se han registrado m\u00e1s de 14.000 ataques a la educaci\u00f3n en 34 pa\u00edses.<\/p>\n","protected":false},"featured_media":3326,"template":"single-noticia","meta":{"_acf_changed":false},"categories":[7],"tags":[10],"country":[],"cause":[129],"class_list":["post-3330","noticia","type-noticia","status-publish","has-post-thumbnail","hentry","category-noticia","tag-migracion-y-refugio","cause-migracion-y-refugio"],"acf":[],"yoast_head":"<!-- This site is optimized with the Yoast SEO Premium plugin v21.6 (Yoast SEO v27.5) - https:\/\/yoast.com\/product\/yoast-seo-premium-wordpress\/ -->\n<title>Lanzamos la campa\u00f1a Escuela Refugio por el D\u00eda de las Personas Refugiadas - Entreculturas<\/title>\n<meta name=\"robots\" content=\"index, follow, max-snippet:-1, max-image-preview:large, max-video-preview:-1\" \/>\n<link rel=\"canonical\" href=\"https:\/\/www.entreculturas.org\/fr\/noticia\/lanzamos-la-campana-escuela-refugio-por-el-dia-de-las-personas-refugiadas\/\" \/>\n<meta property=\"og:locale\" content=\"fr_FR\" \/>\n<meta property=\"og:type\" content=\"article\" \/>\n<meta property=\"og:title\" content=\"Lanzamos la campa\u00f1a Escuela Refugio por el D\u00eda de las Personas Refugiadas\" \/>\n<meta property=\"og:description\" content=\"Con motivo del D\u00eda Mundial de las Personas Refugiadas, desde Entreculturas hemos presentado esta ma\u00f1ana \u201cEscuela Refugio\u201d para reivindicar que se garantice el derecho a la educaci\u00f3n en situaciones de conflicto y refugio, ya que entre 2014 y 2018 se han registrado m\u00e1s de 14.000 ataques a la educaci\u00f3n en 34 pa\u00edses.\" \/>\n<meta property=\"og:url\" content=\"https:\/\/www.entreculturas.org\/fr\/noticia\/lanzamos-la-campana-escuela-refugio-por-el-dia-de-las-personas-refugiadas\/\" \/>\n<meta property=\"og:site_name\" content=\"Entreculturas\" \/>\n<meta property=\"article:publisher\" content=\"https:\/\/www.facebook.com\/entreculturas\" \/>\n<meta property=\"article:modified_time\" content=\"2024-12-09T12:11:39+00:00\" \/>\n<meta property=\"og:image\" content=\"https:\/\/www.entreculturas.org\/wp-content\/uploads\/2019\/08\/rueda-presa-esuelas.jpg\" \/>\n\t<meta property=\"og:image:width\" content=\"800\" \/>\n\t<meta property=\"og:image:height\" content=\"594\" \/>\n\t<meta property=\"og:image:type\" content=\"image\/jpeg\" \/>\n<meta name=\"twitter:card\" content=\"summary_large_image\" \/>\n<meta name=\"twitter:site\" content=\"@Entreculturas\" \/>\n<script type=\"application\/ld+json\" class=\"yoast-schema-graph\">{\"@context\":\"https:\\\/\\\/schema.org\",\"@graph\":[{\"@type\":\"WebPage\",\"@id\":\"https:\\\/\\\/www.entreculturas.org\\\/fr\\\/noticia\\\/lanzamos-la-campana-escuela-refugio-por-el-dia-de-las-personas-refugiadas\\\/\",\"url\":\"https:\\\/\\\/www.entreculturas.org\\\/fr\\\/noticia\\\/lanzamos-la-campana-escuela-refugio-por-el-dia-de-las-personas-refugiadas\\\/\",\"name\":\"Lanzamos la campa\u00f1a Escuela Refugio por el D\u00eda de las Personas Refugiadas - Entreculturas\",\"isPartOf\":{\"@id\":\"https:\\\/\\\/www.entreculturas.org\\\/fr\\\/#website\"},\"primaryImageOfPage\":{\"@id\":\"https:\\\/\\\/www.entreculturas.org\\\/fr\\\/noticia\\\/lanzamos-la-campana-escuela-refugio-por-el-dia-de-las-personas-refugiadas\\\/#primaryimage\"},\"image\":{\"@id\":\"https:\\\/\\\/www.entreculturas.org\\\/fr\\\/noticia\\\/lanzamos-la-campana-escuela-refugio-por-el-dia-de-las-personas-refugiadas\\\/#primaryimage\"},\"thumbnailUrl\":\"https:\\\/\\\/www.entreculturas.org\\\/wp-content\\\/uploads\\\/2019\\\/08\\\/rueda-presa-esuelas.jpg\",\"datePublished\":\"2019-08-22T10:39:18+00:00\",\"dateModified\":\"2024-12-09T12:11:39+00:00\",\"breadcrumb\":{\"@id\":\"https:\\\/\\\/www.entreculturas.org\\\/fr\\\/noticia\\\/lanzamos-la-campana-escuela-refugio-por-el-dia-de-las-personas-refugiadas\\\/#breadcrumb\"},\"inLanguage\":\"fr-FR\",\"potentialAction\":[{\"@type\":\"ReadAction\",\"target\":[\"https:\\\/\\\/www.entreculturas.org\\\/fr\\\/noticia\\\/lanzamos-la-campana-escuela-refugio-por-el-dia-de-las-personas-refugiadas\\\/\"]}]},{\"@type\":\"ImageObject\",\"inLanguage\":\"fr-FR\",\"@id\":\"https:\\\/\\\/www.entreculturas.org\\\/fr\\\/noticia\\\/lanzamos-la-campana-escuela-refugio-por-el-dia-de-las-personas-refugiadas\\\/#primaryimage\",\"url\":\"https:\\\/\\\/www.entreculturas.org\\\/wp-content\\\/uploads\\\/2019\\\/08\\\/rueda-presa-esuelas.jpg\",\"contentUrl\":\"https:\\\/\\\/www.entreculturas.org\\\/wp-content\\\/uploads\\\/2019\\\/08\\\/rueda-presa-esuelas.jpg\",\"width\":800,\"height\":594},{\"@type\":\"BreadcrumbList\",\"@id\":\"https:\\\/\\\/www.entreculturas.org\\\/fr\\\/noticia\\\/lanzamos-la-campana-escuela-refugio-por-el-dia-de-las-personas-refugiadas\\\/#breadcrumb\",\"itemListElement\":[{\"@type\":\"ListItem\",\"position\":1,\"name\":\"Home\",\"item\":\"https:\\\/\\\/www.entreculturas.org\\\/fr\\\/\"},{\"@type\":\"ListItem\",\"position\":2,\"name\":\"Noticias\",\"item\":\"https:\\\/\\\/www.entreculturas.org\\\/fr\\\/noticias\\\/\"},{\"@type\":\"ListItem\",\"position\":3,\"name\":\"Lanzamos la campa\u00f1a Escuela Refugio por el D\u00eda de las Personas Refugiadas\"}]},{\"@type\":\"WebSite\",\"@id\":\"https:\\\/\\\/www.entreculturas.org\\\/fr\\\/#website\",\"url\":\"https:\\\/\\\/www.entreculturas.org\\\/fr\\\/\",\"name\":\"Entreculturas\",\"description\":\"\",\"publisher\":{\"@id\":\"https:\\\/\\\/www.entreculturas.org\\\/fr\\\/#organization\"},\"alternateName\":\"Entreculturas\",\"potentialAction\":[{\"@type\":\"SearchAction\",\"target\":{\"@type\":\"EntryPoint\",\"urlTemplate\":\"https:\\\/\\\/www.entreculturas.org\\\/fr\\\/?s={search_term_string}\"},\"query-input\":{\"@type\":\"PropertyValueSpecification\",\"valueRequired\":true,\"valueName\":\"search_term_string\"}}],\"inLanguage\":\"fr-FR\"},{\"@type\":\"Organization\",\"@id\":\"https:\\\/\\\/www.entreculturas.org\\\/fr\\\/#organization\",\"name\":\"Entreculturas\",\"url\":\"https:\\\/\\\/www.entreculturas.org\\\/fr\\\/\",\"logo\":{\"@type\":\"ImageObject\",\"inLanguage\":\"fr-FR\",\"@id\":\"https:\\\/\\\/www.entreculturas.org\\\/fr\\\/#\\\/schema\\\/logo\\\/image\\\/\",\"url\":\"https:\\\/\\\/www.entreculturas.org\\\/wp-content\\\/uploads\\\/2025\\\/10\\\/ESP.svg\",\"contentUrl\":\"https:\\\/\\\/www.entreculturas.org\\\/wp-content\\\/uploads\\\/2025\\\/10\\\/ESP.svg\",\"caption\":\"Entreculturas\"},\"image\":{\"@id\":\"https:\\\/\\\/www.entreculturas.org\\\/fr\\\/#\\\/schema\\\/logo\\\/image\\\/\"},\"sameAs\":[\"https:\\\/\\\/www.facebook.com\\\/entreculturas\",\"https:\\\/\\\/x.com\\\/Entreculturas\",\"https:\\\/\\\/www.instagram.com\\\/entreculturas\\\/\",\"https:\\\/\\\/www.youtube.com\\\/user\\\/entreculturasvideo\",\"https:\\\/\\\/www.linkedin.com\\\/company\\\/fundacion-entreculturas-ngdo\\\/\",\"https:\\\/\\\/www.flickr.com\\\/photos\\\/98455522@N04\\\/albums\\\/\"]}]}<\/script>\n<!-- \/ Yoast SEO Premium plugin. -->","yoast_head_json":{"title":"Lanzamos la campa\u00f1a Escuela Refugio por el D\u00eda de las Personas Refugiadas - Entreculturas","robots":{"index":"index","follow":"follow","max-snippet":"max-snippet:-1","max-image-preview":"max-image-preview:large","max-video-preview":"max-video-preview:-1"},"canonical":"https:\/\/www.entreculturas.org\/fr\/noticia\/lanzamos-la-campana-escuela-refugio-por-el-dia-de-las-personas-refugiadas\/","og_locale":"fr_FR","og_type":"article","og_title":"Lanzamos la campa\u00f1a Escuela Refugio por el D\u00eda de las Personas Refugiadas","og_description":"Con motivo del D\u00eda Mundial de las Personas Refugiadas, desde Entreculturas hemos presentado esta ma\u00f1ana \u201cEscuela Refugio\u201d para reivindicar que se garantice el derecho a la educaci\u00f3n en situaciones de conflicto y refugio, ya que entre 2014 y 2018 se han registrado m\u00e1s de 14.000 ataques a la educaci\u00f3n en 34 pa\u00edses.","og_url":"https:\/\/www.entreculturas.org\/fr\/noticia\/lanzamos-la-campana-escuela-refugio-por-el-dia-de-las-personas-refugiadas\/","og_site_name":"Entreculturas","article_publisher":"https:\/\/www.facebook.com\/entreculturas","article_modified_time":"2024-12-09T12:11:39+00:00","og_image":[{"width":800,"height":594,"url":"https:\/\/www.entreculturas.org\/wp-content\/uploads\/2019\/08\/rueda-presa-esuelas.jpg","type":"image\/jpeg"}],"twitter_card":"summary_large_image","twitter_site":"@Entreculturas","schema":{"@context":"https:\/\/schema.org","@graph":[{"@type":"WebPage","@id":"https:\/\/www.entreculturas.org\/fr\/noticia\/lanzamos-la-campana-escuela-refugio-por-el-dia-de-las-personas-refugiadas\/","url":"https:\/\/www.entreculturas.org\/fr\/noticia\/lanzamos-la-campana-escuela-refugio-por-el-dia-de-las-personas-refugiadas\/","name":"Lanzamos la campa\u00f1a Escuela Refugio por el D\u00eda de las Personas Refugiadas - Entreculturas","isPartOf":{"@id":"https:\/\/www.entreculturas.org\/fr\/#website"},"primaryImageOfPage":{"@id":"https:\/\/www.entreculturas.org\/fr\/noticia\/lanzamos-la-campana-escuela-refugio-por-el-dia-de-las-personas-refugiadas\/#primaryimage"},"image":{"@id":"https:\/\/www.entreculturas.org\/fr\/noticia\/lanzamos-la-campana-escuela-refugio-por-el-dia-de-las-personas-refugiadas\/#primaryimage"},"thumbnailUrl":"https:\/\/www.entreculturas.org\/wp-content\/uploads\/2019\/08\/rueda-presa-esuelas.jpg","datePublished":"2019-08-22T10:39:18+00:00","dateModified":"2024-12-09T12:11:39+00:00","breadcrumb":{"@id":"https:\/\/www.entreculturas.org\/fr\/noticia\/lanzamos-la-campana-escuela-refugio-por-el-dia-de-las-personas-refugiadas\/#breadcrumb"},"inLanguage":"fr-FR","potentialAction":[{"@type":"ReadAction","target":["https:\/\/www.entreculturas.org\/fr\/noticia\/lanzamos-la-campana-escuela-refugio-por-el-dia-de-las-personas-refugiadas\/"]}]},{"@type":"ImageObject","inLanguage":"fr-FR","@id":"https:\/\/www.entreculturas.org\/fr\/noticia\/lanzamos-la-campana-escuela-refugio-por-el-dia-de-las-personas-refugiadas\/#primaryimage","url":"https:\/\/www.entreculturas.org\/wp-content\/uploads\/2019\/08\/rueda-presa-esuelas.jpg","contentUrl":"https:\/\/www.entreculturas.org\/wp-content\/uploads\/2019\/08\/rueda-presa-esuelas.jpg","width":800,"height":594},{"@type":"BreadcrumbList","@id":"https:\/\/www.entreculturas.org\/fr\/noticia\/lanzamos-la-campana-escuela-refugio-por-el-dia-de-las-personas-refugiadas\/#breadcrumb","itemListElement":[{"@type":"ListItem","position":1,"name":"Home","item":"https:\/\/www.entreculturas.org\/fr\/"},{"@type":"ListItem","position":2,"name":"Noticias","item":"https:\/\/www.entreculturas.org\/fr\/noticias\/"},{"@type":"ListItem","position":3,"name":"Lanzamos la campa\u00f1a Escuela Refugio por el D\u00eda de las Personas Refugiadas"}]},{"@type":"WebSite","@id":"https:\/\/www.entreculturas.org\/fr\/#website","url":"https:\/\/www.entreculturas.org\/fr\/","name":"Entreculturas","description":"","publisher":{"@id":"https:\/\/www.entreculturas.org\/fr\/#organization"},"alternateName":"Entreculturas","potentialAction":[{"@type":"SearchAction","target":{"@type":"EntryPoint","urlTemplate":"https:\/\/www.entreculturas.org\/fr\/?s={search_term_string}"},"query-input":{"@type":"PropertyValueSpecification","valueRequired":true,"valueName":"search_term_string"}}],"inLanguage":"fr-FR"},{"@type":"Organization","@id":"https:\/\/www.entreculturas.org\/fr\/#organization","name":"Entreculturas","url":"https:\/\/www.entreculturas.org\/fr\/","logo":{"@type":"ImageObject","inLanguage":"fr-FR","@id":"https:\/\/www.entreculturas.org\/fr\/#\/schema\/logo\/image\/","url":"https:\/\/www.entreculturas.org\/wp-content\/uploads\/2025\/10\/ESP.svg","contentUrl":"https:\/\/www.entreculturas.org\/wp-content\/uploads\/2025\/10\/ESP.svg","caption":"Entreculturas"},"image":{"@id":"https:\/\/www.entreculturas.org\/fr\/#\/schema\/logo\/image\/"},"sameAs":["https:\/\/www.facebook.com\/entreculturas","https:\/\/x.com\/Entreculturas","https:\/\/www.instagram.com\/entreculturas\/","https:\/\/www.youtube.com\/user\/entreculturasvideo","https:\/\/www.linkedin.com\/company\/fundacion-entreculturas-ngdo\/","https:\/\/www.flickr.com\/photos\/98455522@N04\/albums\/"]}]}},"_links":{"self":[{"href":"https:\/\/www.entreculturas.org\/fr\/wp-json\/wp\/v2\/noticia\/3330","targetHints":{"allow":["GET"]}}],"collection":[{"href":"https:\/\/www.entreculturas.org\/fr\/wp-json\/wp\/v2\/noticia"}],"about":[{"href":"https:\/\/www.entreculturas.org\/fr\/wp-json\/wp\/v2\/types\/noticia"}],"wp:featuredmedia":[{"embeddable":true,"href":"https:\/\/www.entreculturas.org\/fr\/wp-json\/wp\/v2\/media\/3326"}],"wp:attachment":[{"href":"https:\/\/www.entreculturas.org\/fr\/wp-json\/wp\/v2\/media?parent=3330"}],"wp:term":[{"taxonomy":"category","embeddable":true,"href":"https:\/\/www.entreculturas.org\/fr\/wp-json\/wp\/v2\/categories?post=3330"},{"taxonomy":"post_tag","embeddable":true,"href":"https:\/\/www.entreculturas.org\/fr\/wp-json\/wp\/v2\/tags?post=3330"},{"taxonomy":"country","embeddable":true,"href":"https:\/\/www.entreculturas.org\/fr\/wp-json\/wp\/v2\/country?post=3330"},{"taxonomy":"cause","embeddable":true,"href":"https:\/\/www.entreculturas.org\/fr\/wp-json\/wp\/v2\/cause?post=3330"}],"curies":[{"name":"wp","href":"https:\/\/api.w.org\/{rel}","templated":true}]}}