{"id":32812,"date":"2024-09-26T12:46:34","date_gmt":"2024-09-26T10:46:34","guid":{"rendered":"https:\/\/www.entreculturas.org\/?post_type=noticia&#038;p=32812"},"modified":"2024-09-26T14:19:22","modified_gmt":"2024-09-26T12:19:22","slug":"la-silla-roja-recorre-espana-visibilizando-la-exclusion-educativa-en-areas-rurales","status":"publish","type":"noticia","link":"https:\/\/www.entreculturas.org\/fr\/noticia\/la-silla-roja-recorre-espana-visibilizando-la-exclusion-educativa-en-areas-rurales\/","title":{"rendered":"La Silla Roja recorre Espa\u00f1a visibilizando la exclusi\u00f3n educativa en areas rurales"},"content":{"rendered":"\n<p>Del 10 al 21 de septiembre, presentamos la campa\u00f1a <a href=\"https:\/\/www.entreculturas.org\/la-silla-roja\/\">La Silla Roja<\/a> y nuestro informe <a href=\"https:\/\/www.entreculturas.org\/wp-content\/uploads\/2024\/09\/Educacion-rural-informe-rojo-2024-1.pdf\">\u00b4Educaci\u00f3n rural, entre el olvido y la reivindicaci\u00f3n\u00b4<\/a> en una gira por varias ciudades de Espa\u00f1a con el objetivo de visibilizar la exclusi\u00f3n educativa en \u00e1reas rurales y poner en el centro del debate la urgente necesidad de mejorar el acceso y las condiciones de la educaci\u00f3n en estas zonas.<br><\/p>\n\n\n\n<p>La visita de Tadeo Mazas y Livia Condorcahua, coordinadores pedag\u00f3gicos de educaci\u00f3n rural de Fe y Alegr\u00eda Per\u00fa, comenz\u00f3 con una rueda de prensa en <a href=\"https:\/\/www.entreculturas.org\/noticia\/vuelta-al-cole-denunciamos-la-exclusion-que-sufre-la-educacion-rural\/\">Madrid<\/a> y sigui\u00f3 por Valencia, Catalu\u00f1a, Castilla y Le\u00f3n, Galicia, Cantabria y Asturias. A lo largo del recorrido, se pusieron de manifiesto las barreras que enfrentan miles de ni\u00f1os, ni\u00f1as y docentes en \u00e1reas rurales para acceder a una educaci\u00f3n de calidad. La gira incluy\u00f3 mesas de di\u00e1logo, entrevistas, visitas a colegios y reuniones con educadores, especialistas y miembros de la comunidad. Estas actividades fomentaron un espacio de reflexi\u00f3n y discusi\u00f3n sobre la situaci\u00f3n actual de la educaci\u00f3n rural y las acciones necesarias para mejorarla.<br><\/p>\n\n\n\n<h2 class=\"wp-block-heading\" id=\"h-visibilizando-desafios-en-la-educacion-rural\"><strong>Visibilizando desaf\u00edos en la educaci\u00f3n rural<\/strong><\/h2>\n\n\n\n<p><\/p>\n\n\n\n<h3 class=\"wp-block-heading\" id=\"h-valencia\"><strong>Valencia<\/strong><\/h3>\n\n\n\n<p><\/p>\n\n\n\n<p>El recorrido comenz\u00f3 el 12 de septiembre en la Comunidad Valenciana. Tadeo y Livia visitaron Alicante, donde presentaron el informe al alumnado del grado de Magisterio de la Universidad de Alicante. Al d\u00eda siguiente, en Valencia participaron en reuniones con el Director General de Cooperaci\u00f3n y la Jefa del Servicio de Inclusi\u00f3n Educativa de la Generalitat Valenciana, con el objetivo de fortalecer la colaboraci\u00f3n para apoyar la educaci\u00f3n rural. El 15 de septiembre, la Delegaci\u00f3n de Entreculturas organiz\u00f3 un encuentro con personas voluntarias y colaboradoras en el que pudieron conocer m\u00e1s a fondo el Informe y la campa\u00f1a.<br><\/p>\n\n\n\n<figure class=\"wp-block-image aligncenter size-large is-resized\"><img decoding=\"async\" width=\"1024\" height=\"683\" src=\"https:\/\/www.entreculturas.org\/wp-content\/uploads\/2024\/09\/026_16-09-24-RdP_Entreculturas_Valencia-min-1024x683.jpg\" alt=\"\" class=\"wp-image-32814\" style=\"width:784px;height:auto\" srcset=\"https:\/\/www.entreculturas.org\/wp-content\/uploads\/2024\/09\/026_16-09-24-RdP_Entreculturas_Valencia-min-1024x683.jpg 1024w, https:\/\/www.entreculturas.org\/wp-content\/uploads\/2024\/09\/026_16-09-24-RdP_Entreculturas_Valencia-min-300x200.jpg 300w, https:\/\/www.entreculturas.org\/wp-content\/uploads\/2024\/09\/026_16-09-24-RdP_Entreculturas_Valencia-min-768x512.jpg 768w, https:\/\/www.entreculturas.org\/wp-content\/uploads\/2024\/09\/026_16-09-24-RdP_Entreculturas_Valencia-min-1536x1024.jpg 1536w, https:\/\/www.entreculturas.org\/wp-content\/uploads\/2024\/09\/026_16-09-24-RdP_Entreculturas_Valencia-min-2048x1365.jpg 2048w\" sizes=\"(max-width: 1024px) 100vw, 1024px\" \/><\/figure>\n\n\n\n<p><\/p>\n\n\n\n<h3 class=\"wp-block-heading\" id=\"h-cataluna\"><strong>Catalu\u00f1a<\/strong><\/h3>\n\n\n\n<p><\/p>\n\n\n\n<p>Despu\u00e9s de Valencia, la gira continu\u00f3 en Barcelona los d\u00edas 17 y 18 de septiembre. El primer d\u00eda se celebr\u00f3 una mesa redonda donde se present\u00f3 el Informe y la campa\u00f1a \u00b4La Silla Roja\u00b4. Al d\u00eda siguiente, Tadeo y Livia visitaron la Fundaci\u00f3 La Vinya y la Fundaci\u00f3 Carles Blanch \u2013 Centre Sant Jaume. En ambas instituciones, observaron de cerca proyectos de inserci\u00f3n laboral y programas educativos adaptados a j\u00f3venes en situaci\u00f3n de vulnerabilidad.<br><\/p>\n\n\n\n<figure class=\"wp-block-image aligncenter size-large is-resized\"><img decoding=\"async\" width=\"1024\" height=\"768\" src=\"https:\/\/www.entreculturas.org\/wp-content\/uploads\/2024\/09\/IMG_9155-1024x768.jpg\" alt=\"\" class=\"wp-image-32824\" style=\"width:744px;height:auto\" srcset=\"https:\/\/www.entreculturas.org\/wp-content\/uploads\/2024\/09\/IMG_9155-1024x768.jpg 1024w, https:\/\/www.entreculturas.org\/wp-content\/uploads\/2024\/09\/IMG_9155-300x225.jpg 300w, https:\/\/www.entreculturas.org\/wp-content\/uploads\/2024\/09\/IMG_9155-768x576.jpg 768w, https:\/\/www.entreculturas.org\/wp-content\/uploads\/2024\/09\/IMG_9155-1536x1152.jpg 1536w, https:\/\/www.entreculturas.org\/wp-content\/uploads\/2024\/09\/IMG_9155-2048x1536.jpg 2048w\" sizes=\"(max-width: 1024px) 100vw, 1024px\" \/><\/figure>\n\n\n\n<p><\/p>\n\n\n\n<h3 class=\"wp-block-heading\" id=\"h-castilla-y-leon\"><strong>Castilla y Le\u00f3n<\/strong><\/h3>\n\n\n\n<p><\/p>\n\n\n\n<p>El recorrido continu\u00f3 la tarde del 18 de septiembre en Le\u00f3n, donde Livia Condorcahua present\u00f3 la campa\u00f1a en la cafeter\u00eda-librer\u00eda Tula Varona. En este evento, Livia comparti\u00f3 su experiencia acerca de la situaci\u00f3n de la educaci\u00f3n rural en Per\u00fa, subrayando los desaf\u00edos comunes entre las zonas rurales de Espa\u00f1a y Per\u00fa, como la falta de conectividad y la escasez de formaci\u00f3n profesional. Al d\u00eda siguiente, 19 de septiembre, Livia visit\u00f3 las instalaciones del CRIE, el Centro de Formaci\u00f3n del Profesorado, donde se exploraron posibles colaboraciones para mejorar la formaci\u00f3n docente en Le\u00f3n y Cuzco. Adem\u00e1s, se reuni\u00f3 con Ana Mar\u00eda Arias, vicepresidenta de la Diputaci\u00f3n de Le\u00f3n, a quien se le present\u00f3 el informe y se solicit\u00f3 su apoyo para reforzar el trabajo de la instituci\u00f3n en el \u00e1mbito de la cooperaci\u00f3n.<br><br><\/p>\n\n\n\n<figure class=\"wp-block-image aligncenter size-large is-resized\"><img decoding=\"async\" width=\"1024\" height=\"768\" src=\"https:\/\/www.entreculturas.org\/wp-content\/uploads\/2024\/09\/IMG_5949-1536x1152-1-1024x768.jpg\" alt=\"\" class=\"wp-image-32835\" style=\"width:789px;height:auto\" srcset=\"https:\/\/www.entreculturas.org\/wp-content\/uploads\/2024\/09\/IMG_5949-1536x1152-1-1024x768.jpg 1024w, https:\/\/www.entreculturas.org\/wp-content\/uploads\/2024\/09\/IMG_5949-1536x1152-1-300x225.jpg 300w, https:\/\/www.entreculturas.org\/wp-content\/uploads\/2024\/09\/IMG_5949-1536x1152-1-768x576.jpg 768w, https:\/\/www.entreculturas.org\/wp-content\/uploads\/2024\/09\/IMG_5949-1536x1152-1.jpg 1536w\" sizes=\"(max-width: 1024px) 100vw, 1024px\" \/><\/figure>\n\n\n\n<h3 class=\"wp-block-heading\" id=\"h-galicia\"><strong>Galicia<\/strong><\/h3>\n\n\n\n<p><\/p>\n\n\n\n<p>Paralelamente, el 19 de septiembre, Tadeo Mazas particip\u00f3 en Santiago de Compostela en una reuni\u00f3n con la Xunta de Galicia, acompa\u00f1ado de Macarena Romero, Jos\u00e9 Luis Barreiro y Estefan\u00eda Franco \u00c1lvarez, en represetanci\u00f3n de Entreculturas. Durante este encuentro, se discutieron estrategias para fortalecer la cooperaci\u00f3n y el apoyo a la educaci\u00f3n en \u00e1reas rurales. M\u00e1s tarde, Tadeo particip\u00f3 en un evento en la Universidad de Santiago de Compostela, donde se present\u00f3 el informe y se abordaron los objetivos de la campa\u00f1a La Silla Roja, generando un espacio de di\u00e1logo sobre la necesidad de mejorar el acceso y la calidad educativa en las zonas rurales.<br><\/p>\n\n\n\n<figure class=\"wp-block-image aligncenter size-large is-resized\"><img decoding=\"async\" width=\"1024\" height=\"768\" src=\"https:\/\/www.entreculturas.org\/wp-content\/uploads\/2024\/09\/IMG-20240920-WA0016-1-1024x768.jpg\" alt=\"\" class=\"wp-image-32845\" style=\"width:787px;height:auto\" srcset=\"https:\/\/www.entreculturas.org\/wp-content\/uploads\/2024\/09\/IMG-20240920-WA0016-1-1024x768.jpg 1024w, https:\/\/www.entreculturas.org\/wp-content\/uploads\/2024\/09\/IMG-20240920-WA0016-1-300x225.jpg 300w, https:\/\/www.entreculturas.org\/wp-content\/uploads\/2024\/09\/IMG-20240920-WA0016-1-768x576.jpg 768w, https:\/\/www.entreculturas.org\/wp-content\/uploads\/2024\/09\/IMG-20240920-WA0016-1-1536x1152.jpg 1536w, https:\/\/www.entreculturas.org\/wp-content\/uploads\/2024\/09\/IMG-20240920-WA0016-1.jpg 1600w\" sizes=\"(max-width: 1024px) 100vw, 1024px\" \/><\/figure>\n\n\n\n<h3 class=\"wp-block-heading\" id=\"h-cantabria\"><strong>Cantabria<\/strong><\/h3>\n\n\n\n<p><\/p>\n\n\n\n<p>El d\u00eda siguiente, 20 de septiembre, Livia Condorcahua, en representaci\u00f3n de Fe y Alegr\u00eda Per\u00fa, y Nieves Teja y Tamara Cabezas, en representaci\u00f3n de Entreculturas, se reunieron en Santander con el Concejal de Transparencia, Inmigraci\u00f3n y Cooperaci\u00f3n al Desarrollo, y con el Director General de Juventud, Cooperaci\u00f3n al Desarrollo y Voluntariado del Gobierno de Cantabria. Adem\u00e1s, la gira incluy\u00f3 una entrevista en Popular TV, realizada en la biblioteca del Colegio Kostka, donde tambi\u00e9n interactuaron con el alumnado infantil.<\/p>\n\n\n\n<p><\/p>\n\n\n\n<figure class=\"wp-block-image aligncenter size-large is-resized\"><img decoding=\"async\" width=\"1024\" height=\"768\" src=\"https:\/\/www.entreculturas.org\/wp-content\/uploads\/2024\/09\/Presentacion-en-el-Gobierno-Cantabria-min-1024x768.jpeg\" alt=\"\" class=\"wp-image-32819\" style=\"width:781px;height:auto\" srcset=\"https:\/\/www.entreculturas.org\/wp-content\/uploads\/2024\/09\/Presentacion-en-el-Gobierno-Cantabria-min-1024x768.jpeg 1024w, https:\/\/www.entreculturas.org\/wp-content\/uploads\/2024\/09\/Presentacion-en-el-Gobierno-Cantabria-min-300x225.jpeg 300w, https:\/\/www.entreculturas.org\/wp-content\/uploads\/2024\/09\/Presentacion-en-el-Gobierno-Cantabria-min-768x576.jpeg 768w, https:\/\/www.entreculturas.org\/wp-content\/uploads\/2024\/09\/Presentacion-en-el-Gobierno-Cantabria-min-1536x1152.jpeg 1536w, https:\/\/www.entreculturas.org\/wp-content\/uploads\/2024\/09\/Presentacion-en-el-Gobierno-Cantabria-min.jpeg 1600w\" sizes=\"(max-width: 1024px) 100vw, 1024px\" \/><\/figure>\n\n\n\n<p><br><\/p>\n\n\n\n<p><\/p>\n\n\n\n<h3 class=\"wp-block-heading\" id=\"h-asturias\"><strong>Asturias<\/strong><\/h3>\n\n\n\n<p><\/p>\n\n\n\n<p>El mismo 20 de septiembre, desde Asturias, Tadeo Mazas present\u00f3 el informe en la Agencia Asturiana de Cooperaci\u00f3n Internacional y en el Principado de Asturias. Autoridades como la Directora de la Agencia y el Concejal de Cooperaci\u00f3n del Ayuntamiento de Gij\u00f3n mostraron su total apoyo a las conclusiones del informe. Durante la tarde, en la Delegaci\u00f3n de Entreculturas de Asturias, en Oviedo, Tadeo ofreci\u00f3 una charla en la que detall\u00f3 el impacto de la educaci\u00f3n rural en Per\u00fa y la importancia de las escuelas rurales para fortalecer las comunidades.<br><\/p>\n\n\n\n<figure class=\"wp-block-image aligncenter size-full is-resized\"><img decoding=\"async\" width=\"880\" height=\"660\" src=\"https:\/\/www.entreculturas.org\/wp-content\/uploads\/2024\/09\/ayuntamiento3-880x660-1.jpg\" alt=\"\" class=\"wp-image-32829\" style=\"width:800px;height:auto\" srcset=\"https:\/\/www.entreculturas.org\/wp-content\/uploads\/2024\/09\/ayuntamiento3-880x660-1.jpg 880w, https:\/\/www.entreculturas.org\/wp-content\/uploads\/2024\/09\/ayuntamiento3-880x660-1-300x225.jpg 300w, https:\/\/www.entreculturas.org\/wp-content\/uploads\/2024\/09\/ayuntamiento3-880x660-1-768x576.jpg 768w\" sizes=\"(max-width: 880px) 100vw, 880px\" \/><\/figure>\n\n\n\n<p><\/p>\n\n\n\n<h2 class=\"wp-block-heading\" id=\"h-un-paso-mas-hacia-la-equidad-educativa\"><strong>Un paso m\u00e1s hacia la equidad educativa<\/strong><\/h2>\n\n\n\n<p><br>La gira \u00b4La Silla Roja\u00b4 ha logrado visibilizar las enormes desigualdades que persisten en la educaci\u00f3n rural, tanto en Espa\u00f1a como en otros pa\u00edses. Las reuniones con representantes institucionales, as\u00ed como los di\u00e1logos abiertos con la sociedad civil, han sido clave para impulsar acciones que favorezcan el derecho a una educaci\u00f3n de calidad para todos y todas. Con esta gira, desde Entreculturas reafirmamos nuestro compromiso de seguir luchando por una educaci\u00f3n inclusiva, donde ning\u00fan ni\u00f1o o ni\u00f1a quede atr\u00e1s, independientemente de donde viva.<\/p>\n","protected":false},"excerpt":{"rendered":"<p>Del 10 al 21 de septiembre, presentamos la campa\u00f1a La Silla Roja y nuestro informe \u00b4Educaci\u00f3n rural, entre el olvido y la reivindicaci\u00f3n\u00b4 en una gira por varias ciudades de Espa\u00f1a con el objetivo de visibilizar la exclusi\u00f3n educativa en \u00e1reas rurales y poner en el centro del debate la urgente necesidad de mejorar el acceso y las condiciones de la educaci\u00f3n en estas zonas. La visita de Tadeo Mazas y Livia Condorcahua, coordinadores pedag\u00f3gicos de educaci\u00f3n rural de Fe y Alegr\u00eda Per\u00fa, comenz\u00f3 con una rueda de prensa en Madrid y sigui\u00f3 por Valencia, Catalu\u00f1a, Castilla y Le\u00f3n, Galicia, Cantabria y Asturias. A lo largo del recorrido, se pusieron de manifiesto las barreras que enfrentan miles de ni\u00f1os, ni\u00f1as y docentes en \u00e1reas rurales para acceder a una educaci\u00f3n de calidad. La gira incluy\u00f3 mesas de di\u00e1logo, entrevistas, visitas a colegios y reuniones con educadores, especialistas y miembros de [&hellip;]<\/p>\n","protected":false},"featured_media":31332,"template":"","meta":{"_acf_changed":false},"categories":[7],"tags":[289],"country":[],"cause":[128],"class_list":["post-32812","noticia","type-noticia","status-publish","has-post-thumbnail","hentry","category-noticia","tag-educacion","cause-educacion"],"acf":[],"yoast_head":"<!-- This site is optimized with the Yoast SEO Premium plugin v21.6 (Yoast SEO v27.5) - https:\/\/yoast.com\/product\/yoast-seo-premium-wordpress\/ -->\n<title>La Silla Roja recorre Espa\u00f1a visibilizando la exclusi\u00f3n educativa en areas rurales - Entreculturas<\/title>\n<meta name=\"description\" content=\"Presentamos la campa\u00f1a La Silla Roja en varias ciudades de Espa\u00f1a para visibilizar la exclusi\u00f3n educativa en zonas rurales.\" \/>\n<meta name=\"robots\" content=\"index, follow, max-snippet:-1, max-image-preview:large, max-video-preview:-1\" \/>\n<link rel=\"canonical\" href=\"https:\/\/www.entreculturas.org\/fr\/noticia\/la-silla-roja-recorre-espana-visibilizando-la-exclusion-educativa-en-areas-rurales\/\" \/>\n<meta property=\"og:locale\" content=\"fr_FR\" \/>\n<meta property=\"og:type\" content=\"article\" \/>\n<meta property=\"og:title\" content=\"La Silla Roja recorre Espa\u00f1a visibilizando la exclusi\u00f3n educativa en areas rurales\" \/>\n<meta property=\"og:description\" content=\"Presentamos la campa\u00f1a La Silla Roja en varias ciudades de Espa\u00f1a para visibilizar la exclusi\u00f3n educativa en zonas rurales.\" \/>\n<meta property=\"og:url\" content=\"https:\/\/www.entreculturas.org\/fr\/noticia\/la-silla-roja-recorre-espana-visibilizando-la-exclusion-educativa-en-areas-rurales\/\" \/>\n<meta property=\"og:site_name\" content=\"Entreculturas\" \/>\n<meta property=\"article:publisher\" content=\"https:\/\/www.facebook.com\/entreculturas\" \/>\n<meta property=\"article:modified_time\" content=\"2024-09-26T12:19:22+00:00\" \/>\n<meta property=\"og:image\" content=\"https:\/\/www.entreculturas.org\/wp-content\/uploads\/2024\/09\/Rueda-de-prensa-ONG-Entreculturas.jpg\" \/>\n\t<meta property=\"og:image:width\" content=\"1980\" \/>\n\t<meta property=\"og:image:height\" content=\"1320\" \/>\n\t<meta property=\"og:image:type\" content=\"image\/jpeg\" \/>\n<meta name=\"twitter:card\" content=\"summary_large_image\" \/>\n<meta name=\"twitter:site\" content=\"@Entreculturas\" \/>\n<script type=\"application\/ld+json\" class=\"yoast-schema-graph\">{\"@context\":\"https:\\\/\\\/schema.org\",\"@graph\":[{\"@type\":\"WebPage\",\"@id\":\"https:\\\/\\\/www.entreculturas.org\\\/fr\\\/noticia\\\/la-silla-roja-recorre-espana-visibilizando-la-exclusion-educativa-en-areas-rurales\\\/\",\"url\":\"https:\\\/\\\/www.entreculturas.org\\\/fr\\\/noticia\\\/la-silla-roja-recorre-espana-visibilizando-la-exclusion-educativa-en-areas-rurales\\\/\",\"name\":\"La Silla Roja recorre Espa\u00f1a visibilizando la exclusi\u00f3n educativa en areas rurales - Entreculturas\",\"isPartOf\":{\"@id\":\"https:\\\/\\\/www.entreculturas.org\\\/fr\\\/#website\"},\"primaryImageOfPage\":{\"@id\":\"https:\\\/\\\/www.entreculturas.org\\\/fr\\\/noticia\\\/la-silla-roja-recorre-espana-visibilizando-la-exclusion-educativa-en-areas-rurales\\\/#primaryimage\"},\"image\":{\"@id\":\"https:\\\/\\\/www.entreculturas.org\\\/fr\\\/noticia\\\/la-silla-roja-recorre-espana-visibilizando-la-exclusion-educativa-en-areas-rurales\\\/#primaryimage\"},\"thumbnailUrl\":\"https:\\\/\\\/www.entreculturas.org\\\/wp-content\\\/uploads\\\/2024\\\/09\\\/Rueda-de-prensa-ONG-Entreculturas.jpg\",\"datePublished\":\"2024-09-26T10:46:34+00:00\",\"dateModified\":\"2024-09-26T12:19:22+00:00\",\"description\":\"Presentamos la campa\u00f1a La Silla Roja en varias ciudades de Espa\u00f1a para visibilizar la exclusi\u00f3n educativa en zonas rurales.\",\"breadcrumb\":{\"@id\":\"https:\\\/\\\/www.entreculturas.org\\\/fr\\\/noticia\\\/la-silla-roja-recorre-espana-visibilizando-la-exclusion-educativa-en-areas-rurales\\\/#breadcrumb\"},\"inLanguage\":\"fr-FR\",\"potentialAction\":[{\"@type\":\"ReadAction\",\"target\":[\"https:\\\/\\\/www.entreculturas.org\\\/fr\\\/noticia\\\/la-silla-roja-recorre-espana-visibilizando-la-exclusion-educativa-en-areas-rurales\\\/\"]}]},{\"@type\":\"ImageObject\",\"inLanguage\":\"fr-FR\",\"@id\":\"https:\\\/\\\/www.entreculturas.org\\\/fr\\\/noticia\\\/la-silla-roja-recorre-espana-visibilizando-la-exclusion-educativa-en-areas-rurales\\\/#primaryimage\",\"url\":\"https:\\\/\\\/www.entreculturas.org\\\/wp-content\\\/uploads\\\/2024\\\/09\\\/Rueda-de-prensa-ONG-Entreculturas.jpg\",\"contentUrl\":\"https:\\\/\\\/www.entreculturas.org\\\/wp-content\\\/uploads\\\/2024\\\/09\\\/Rueda-de-prensa-ONG-Entreculturas.jpg\",\"width\":1980,\"height\":1320},{\"@type\":\"BreadcrumbList\",\"@id\":\"https:\\\/\\\/www.entreculturas.org\\\/fr\\\/noticia\\\/la-silla-roja-recorre-espana-visibilizando-la-exclusion-educativa-en-areas-rurales\\\/#breadcrumb\",\"itemListElement\":[{\"@type\":\"ListItem\",\"position\":1,\"name\":\"Home\",\"item\":\"https:\\\/\\\/www.entreculturas.org\\\/fr\\\/\"},{\"@type\":\"ListItem\",\"position\":2,\"name\":\"Noticias\",\"item\":\"https:\\\/\\\/www.entreculturas.org\\\/fr\\\/noticias\\\/\"},{\"@type\":\"ListItem\",\"position\":3,\"name\":\"La Silla Roja recorre Espa\u00f1a visibilizando la exclusi\u00f3n educativa en areas rurales\"}]},{\"@type\":\"WebSite\",\"@id\":\"https:\\\/\\\/www.entreculturas.org\\\/fr\\\/#website\",\"url\":\"https:\\\/\\\/www.entreculturas.org\\\/fr\\\/\",\"name\":\"Entreculturas\",\"description\":\"\",\"publisher\":{\"@id\":\"https:\\\/\\\/www.entreculturas.org\\\/fr\\\/#organization\"},\"alternateName\":\"Entreculturas\",\"potentialAction\":[{\"@type\":\"SearchAction\",\"target\":{\"@type\":\"EntryPoint\",\"urlTemplate\":\"https:\\\/\\\/www.entreculturas.org\\\/fr\\\/?s={search_term_string}\"},\"query-input\":{\"@type\":\"PropertyValueSpecification\",\"valueRequired\":true,\"valueName\":\"search_term_string\"}}],\"inLanguage\":\"fr-FR\"},{\"@type\":\"Organization\",\"@id\":\"https:\\\/\\\/www.entreculturas.org\\\/fr\\\/#organization\",\"name\":\"Entreculturas\",\"url\":\"https:\\\/\\\/www.entreculturas.org\\\/fr\\\/\",\"logo\":{\"@type\":\"ImageObject\",\"inLanguage\":\"fr-FR\",\"@id\":\"https:\\\/\\\/www.entreculturas.org\\\/fr\\\/#\\\/schema\\\/logo\\\/image\\\/\",\"url\":\"https:\\\/\\\/www.entreculturas.org\\\/wp-content\\\/uploads\\\/2025\\\/10\\\/ESP.svg\",\"contentUrl\":\"https:\\\/\\\/www.entreculturas.org\\\/wp-content\\\/uploads\\\/2025\\\/10\\\/ESP.svg\",\"caption\":\"Entreculturas\"},\"image\":{\"@id\":\"https:\\\/\\\/www.entreculturas.org\\\/fr\\\/#\\\/schema\\\/logo\\\/image\\\/\"},\"sameAs\":[\"https:\\\/\\\/www.facebook.com\\\/entreculturas\",\"https:\\\/\\\/x.com\\\/Entreculturas\",\"https:\\\/\\\/www.instagram.com\\\/entreculturas\\\/\",\"https:\\\/\\\/www.youtube.com\\\/user\\\/entreculturasvideo\",\"https:\\\/\\\/www.linkedin.com\\\/company\\\/fundacion-entreculturas-ngdo\\\/\",\"https:\\\/\\\/www.flickr.com\\\/photos\\\/98455522@N04\\\/albums\\\/\"]}]}<\/script>\n<!-- \/ Yoast SEO Premium plugin. -->","yoast_head_json":{"title":"La Silla Roja recorre Espa\u00f1a visibilizando la exclusi\u00f3n educativa en areas rurales - Entreculturas","description":"Presentamos la campa\u00f1a La Silla Roja en varias ciudades de Espa\u00f1a para visibilizar la exclusi\u00f3n educativa en zonas rurales.","robots":{"index":"index","follow":"follow","max-snippet":"max-snippet:-1","max-image-preview":"max-image-preview:large","max-video-preview":"max-video-preview:-1"},"canonical":"https:\/\/www.entreculturas.org\/fr\/noticia\/la-silla-roja-recorre-espana-visibilizando-la-exclusion-educativa-en-areas-rurales\/","og_locale":"fr_FR","og_type":"article","og_title":"La Silla Roja recorre Espa\u00f1a visibilizando la exclusi\u00f3n educativa en areas rurales","og_description":"Presentamos la campa\u00f1a La Silla Roja en varias ciudades de Espa\u00f1a para visibilizar la exclusi\u00f3n educativa en zonas rurales.","og_url":"https:\/\/www.entreculturas.org\/fr\/noticia\/la-silla-roja-recorre-espana-visibilizando-la-exclusion-educativa-en-areas-rurales\/","og_site_name":"Entreculturas","article_publisher":"https:\/\/www.facebook.com\/entreculturas","article_modified_time":"2024-09-26T12:19:22+00:00","og_image":[{"width":1980,"height":1320,"url":"https:\/\/www.entreculturas.org\/wp-content\/uploads\/2024\/09\/Rueda-de-prensa-ONG-Entreculturas.jpg","type":"image\/jpeg"}],"twitter_card":"summary_large_image","twitter_site":"@Entreculturas","schema":{"@context":"https:\/\/schema.org","@graph":[{"@type":"WebPage","@id":"https:\/\/www.entreculturas.org\/fr\/noticia\/la-silla-roja-recorre-espana-visibilizando-la-exclusion-educativa-en-areas-rurales\/","url":"https:\/\/www.entreculturas.org\/fr\/noticia\/la-silla-roja-recorre-espana-visibilizando-la-exclusion-educativa-en-areas-rurales\/","name":"La Silla Roja recorre Espa\u00f1a visibilizando la exclusi\u00f3n educativa en areas rurales - Entreculturas","isPartOf":{"@id":"https:\/\/www.entreculturas.org\/fr\/#website"},"primaryImageOfPage":{"@id":"https:\/\/www.entreculturas.org\/fr\/noticia\/la-silla-roja-recorre-espana-visibilizando-la-exclusion-educativa-en-areas-rurales\/#primaryimage"},"image":{"@id":"https:\/\/www.entreculturas.org\/fr\/noticia\/la-silla-roja-recorre-espana-visibilizando-la-exclusion-educativa-en-areas-rurales\/#primaryimage"},"thumbnailUrl":"https:\/\/www.entreculturas.org\/wp-content\/uploads\/2024\/09\/Rueda-de-prensa-ONG-Entreculturas.jpg","datePublished":"2024-09-26T10:46:34+00:00","dateModified":"2024-09-26T12:19:22+00:00","description":"Presentamos la campa\u00f1a La Silla Roja en varias ciudades de Espa\u00f1a para visibilizar la exclusi\u00f3n educativa en zonas rurales.","breadcrumb":{"@id":"https:\/\/www.entreculturas.org\/fr\/noticia\/la-silla-roja-recorre-espana-visibilizando-la-exclusion-educativa-en-areas-rurales\/#breadcrumb"},"inLanguage":"fr-FR","potentialAction":[{"@type":"ReadAction","target":["https:\/\/www.entreculturas.org\/fr\/noticia\/la-silla-roja-recorre-espana-visibilizando-la-exclusion-educativa-en-areas-rurales\/"]}]},{"@type":"ImageObject","inLanguage":"fr-FR","@id":"https:\/\/www.entreculturas.org\/fr\/noticia\/la-silla-roja-recorre-espana-visibilizando-la-exclusion-educativa-en-areas-rurales\/#primaryimage","url":"https:\/\/www.entreculturas.org\/wp-content\/uploads\/2024\/09\/Rueda-de-prensa-ONG-Entreculturas.jpg","contentUrl":"https:\/\/www.entreculturas.org\/wp-content\/uploads\/2024\/09\/Rueda-de-prensa-ONG-Entreculturas.jpg","width":1980,"height":1320},{"@type":"BreadcrumbList","@id":"https:\/\/www.entreculturas.org\/fr\/noticia\/la-silla-roja-recorre-espana-visibilizando-la-exclusion-educativa-en-areas-rurales\/#breadcrumb","itemListElement":[{"@type":"ListItem","position":1,"name":"Home","item":"https:\/\/www.entreculturas.org\/fr\/"},{"@type":"ListItem","position":2,"name":"Noticias","item":"https:\/\/www.entreculturas.org\/fr\/noticias\/"},{"@type":"ListItem","position":3,"name":"La Silla Roja recorre Espa\u00f1a visibilizando la exclusi\u00f3n educativa en areas rurales"}]},{"@type":"WebSite","@id":"https:\/\/www.entreculturas.org\/fr\/#website","url":"https:\/\/www.entreculturas.org\/fr\/","name":"Entreculturas","description":"","publisher":{"@id":"https:\/\/www.entreculturas.org\/fr\/#organization"},"alternateName":"Entreculturas","potentialAction":[{"@type":"SearchAction","target":{"@type":"EntryPoint","urlTemplate":"https:\/\/www.entreculturas.org\/fr\/?s={search_term_string}"},"query-input":{"@type":"PropertyValueSpecification","valueRequired":true,"valueName":"search_term_string"}}],"inLanguage":"fr-FR"},{"@type":"Organization","@id":"https:\/\/www.entreculturas.org\/fr\/#organization","name":"Entreculturas","url":"https:\/\/www.entreculturas.org\/fr\/","logo":{"@type":"ImageObject","inLanguage":"fr-FR","@id":"https:\/\/www.entreculturas.org\/fr\/#\/schema\/logo\/image\/","url":"https:\/\/www.entreculturas.org\/wp-content\/uploads\/2025\/10\/ESP.svg","contentUrl":"https:\/\/www.entreculturas.org\/wp-content\/uploads\/2025\/10\/ESP.svg","caption":"Entreculturas"},"image":{"@id":"https:\/\/www.entreculturas.org\/fr\/#\/schema\/logo\/image\/"},"sameAs":["https:\/\/www.facebook.com\/entreculturas","https:\/\/x.com\/Entreculturas","https:\/\/www.instagram.com\/entreculturas\/","https:\/\/www.youtube.com\/user\/entreculturasvideo","https:\/\/www.linkedin.com\/company\/fundacion-entreculturas-ngdo\/","https:\/\/www.flickr.com\/photos\/98455522@N04\/albums\/"]}]}},"_links":{"self":[{"href":"https:\/\/www.entreculturas.org\/fr\/wp-json\/wp\/v2\/noticia\/32812","targetHints":{"allow":["GET"]}}],"collection":[{"href":"https:\/\/www.entreculturas.org\/fr\/wp-json\/wp\/v2\/noticia"}],"about":[{"href":"https:\/\/www.entreculturas.org\/fr\/wp-json\/wp\/v2\/types\/noticia"}],"wp:featuredmedia":[{"embeddable":true,"href":"https:\/\/www.entreculturas.org\/fr\/wp-json\/wp\/v2\/media\/31332"}],"wp:attachment":[{"href":"https:\/\/www.entreculturas.org\/fr\/wp-json\/wp\/v2\/media?parent=32812"}],"wp:term":[{"taxonomy":"category","embeddable":true,"href":"https:\/\/www.entreculturas.org\/fr\/wp-json\/wp\/v2\/categories?post=32812"},{"taxonomy":"post_tag","embeddable":true,"href":"https:\/\/www.entreculturas.org\/fr\/wp-json\/wp\/v2\/tags?post=32812"},{"taxonomy":"country","embeddable":true,"href":"https:\/\/www.entreculturas.org\/fr\/wp-json\/wp\/v2\/country?post=32812"},{"taxonomy":"cause","embeddable":true,"href":"https:\/\/www.entreculturas.org\/fr\/wp-json\/wp\/v2\/cause?post=32812"}],"curies":[{"name":"wp","href":"https:\/\/api.w.org\/{rel}","templated":true}]}}