{"id":32728,"date":"2024-09-26T10:10:22","date_gmt":"2024-09-26T08:10:22","guid":{"rendered":"https:\/\/www.entreculturas.org\/?post_type=noticia&#038;p=32728"},"modified":"2024-09-26T10:36:36","modified_gmt":"2024-09-26T08:36:36","slug":"caminando-junto-a-los-120-millones-de-desplazados-forzosos-en-el-mundo","status":"publish","type":"noticia","link":"https:\/\/www.entreculturas.org\/fr\/noticia\/caminando-junto-a-los-120-millones-de-desplazados-forzosos-en-el-mundo\/","title":{"rendered":"Caminando junto a los 120 millones de desplazados forzosos en el mundo"},"content":{"rendered":"\n<p><strong>Escrito por Amaya Valc\u00e1rcel, Responsable de Incidencia Internacional, Servicio Jesuita a Refugiados (JRS).<\/strong><br><\/p>\n\n\n\n<p>Aamira y sus diez hijos, el menor de los cuales ten\u00eda un a\u00f1o y seis meses, huyeron del estado del Blue Nile cuando estall\u00f3 la guerra civil en 2012. Partieron solo con la ropa que llevaban puesta y pasaron nueve d\u00edas en el monte sin comida, agua ni medicinas antes de llegar a un pueblo de la frontera sudanesa. All\u00ed permanecieron un a\u00f1o antes de trasladarse al campo de refugiados de Gendarussa, en Maban (Sud\u00e1n del Sur), donde a\u00fan viven.<br><\/p>\n\n\n\n<p>La vida en un campo de refugiados es dura, pero Aamira, que se vio obligada a casarse a los 14 a\u00f1os y a abandonar la escuela, decidi\u00f3 perseguir el sue\u00f1o de su vida: ser maestra. Se inscribi\u00f3 en un programa de formaci\u00f3n de maestros de cuatro a\u00f1os dirigido por el Servicio Jesuita a Refugiados (JRS) en el campamento y obtuvo un certificado en educaci\u00f3n de la Universidad de Juba. Ahora ense\u00f1a en dos escuelas de primaria del campamento. \u00abPara m\u00ed, la educaci\u00f3n lo es todo\u00bb, dijo al JRS.<br><\/p>\n\n\n\n<p>La cifra de personas que, como Aamira, siguen desplazadas a la fuerza por la guerra, los conflictos armados, la persecuci\u00f3n y la violencia, alcanz\u00f3 los 120 millones en mayo de 2024, y sigue creciendo, seg\u00fan Naciones Unidas. Esta cifra incluye 62,5 millones de desplazados internos, 36,4 millones de refugiados y 6,1 millones de solicitantes de asilo, seg\u00fan el Informe de Mitad de A\u00f1o 2023 del ACNUR. Los pa\u00edses de ingresos bajos y medios acogen al 75% de los desplazados forzosos y soportan una parte desproporcionada de la poblaci\u00f3n desplazada mundial en relaci\u00f3n con el tama\u00f1o de su poblaci\u00f3n y los recursos disponibles.<br><br>Las causas m\u00e1s comunes de la migraci\u00f3n forzosa son :<br><\/p>\n\n\n\n<ul class=\"wp-block-list\">\n<li>La pobreza y la desigualdad, agravadas por factores como la corrupci\u00f3n y la falta de infraestructuras.<\/li>\n\n\n\n<li>Conflictos armados, como en Myanmar, Sud\u00e1n y Siria; los fallos en la gobernanza y las luchas de poder regionales agravan la situaci\u00f3n<\/li>\n\n\n\n<li>Cambio clim\u00e1tico, como la subida del nivel del mar, fen\u00f3menos meteorol\u00f3gicos extremos y sequ\u00edas que obligan a la poblaci\u00f3n a desplazarse.<\/li>\n\n\n\n<li>Las violaciones de los derechos humanos, incluidos los desplazamientos forzosos como estrategia de guerra, junto con el comercio mundial de armas exacerban los conflictos y la inseguridad, ya que el aumento del gasto militar y del comercio de armas conduce a conflictos violentos y al crecimiento de una tecnolog\u00eda militar m\u00e1s letal.<\/li>\n\n\n\n<li>El acceso a los recursos naturales, uno de los principales motores de los conflictos que explotan empresas tanto occidentales como no occidentales, perpet\u00faa la violencia y las violaciones de los derechos humanos; el conflicto de la Rep\u00fablica Centroafricana o de la Rep\u00fablica Democr\u00e1tica del Congo es un ejemplo de c\u00f3mo la explotaci\u00f3n de los recursos naturales alimenta conflictos a largo plazo, a menudo impulsados por \u00e9lites corruptas, empresas y grupos armados.<\/li>\n\n\n\n<li>El acceso al agua, un recurso vital del siglo XXI, que se ha convertido en una fuente de tensi\u00f3n mundial, exacerbada por el cambio clim\u00e1tico y el aumento de la demanda.<\/li>\n<\/ul>\n\n\n\n<ul class=\"wp-block-list\">\n<li>Las disputas por la tierra y el acaparamiento de tierras que conducen a la pobreza extrema; combinadas con la ineficacia del gobierno, alimentan el crimen organizado como el narcotr\u00e1fico, la extorsi\u00f3n y la trata de personas.<\/li>\n<\/ul>\n\n\n\n<p><br>En la mayor\u00eda de los casos, estas causas est\u00e1n interrelacionadas. Abordarlas exige un compromiso pol\u00edtico y econ\u00f3mico para promover un desarrollo econ\u00f3mico justo y el progreso social. Al mismo tiempo, la respuesta internacional, incluidos marcos jur\u00eddicos como la Convenci\u00f3n sobre el Estatuto de los Refugiados de 1951 y los acuerdos regionales como la Declaraci\u00f3n de Cartagena de 1984 para la regi\u00f3n de Am\u00e9rica Latina, debe adaptarse para reconocer las nuevas formas de persecuci\u00f3n.<br><\/p>\n\n\n\n<p>Las organizaciones no gubernamentales y las organizaciones de la sociedad civil, entre ellas Canadian Jesuits International, y su contraparte, el JRS, desempe\u00f1an un papel fundamental en la protecci\u00f3n y asistencia a los refugiados y otros migrantes forzosos. El JRS fue fundado en 1980 en respuesta a la dif\u00edcil situaci\u00f3n de los <em>boat people <\/em>vietnamitas. Desde entonces, ha ampliado su misi\u00f3n para acompa\u00f1ar, servir y defender a los desplazados forzosos en m\u00e1s de 50 pa\u00edses.<\/p>\n\n\n\n<p>Inspirada por la visi\u00f3n de su fundador, el P. Pedro Arrupe, SJ, la respuesta del JRS est\u00e1 guiada por un discernimiento apost\u00f3lico que va m\u00e1s all\u00e1 de la ayuda material para incluir el apoyo espiritual y psicosocial. Como ministerio de la Compa\u00f1\u00eda de Jes\u00fas, el JRS acompa\u00f1a a los desplazados forzosos hacia la reconciliaci\u00f3n, ayud\u00e1ndoles a sanar sus heridas interiores y a reconstruir sus vidas sobre una base justa para que, como Aamira, puedan participar plenamente en los procesos de toma de decisiones que afectan directamente a sus vidas.<\/p>\n\n\n\n<p><\/p>\n","protected":false},"excerpt":{"rendered":"<p>Escrito por Amaya Valc\u00e1rcel, Responsable de Incidencia Internacional, Servicio Jesuita a Refugiados (JRS). Aamira y sus diez hijos, el menor de los cuales ten\u00eda un a\u00f1o y seis meses, huyeron del estado del Blue Nile cuando estall\u00f3 la guerra civil en 2012. Partieron solo con la ropa que llevaban puesta y pasaron nueve d\u00edas en el monte sin comida, agua ni medicinas antes de llegar a un pueblo de la frontera sudanesa. All\u00ed permanecieron un a\u00f1o antes de trasladarse al campo de refugiados de Gendarussa, en Maban (Sud\u00e1n del Sur), donde a\u00fan viven. La vida en un campo de refugiados es dura, pero Aamira, que se vio obligada a casarse a los 14 a\u00f1os y a abandonar la escuela, decidi\u00f3 perseguir el sue\u00f1o de su vida: ser maestra. Se inscribi\u00f3 en un programa de formaci\u00f3n de maestros de cuatro a\u00f1os dirigido por el Servicio Jesuita a Refugiados (JRS) en el [&hellip;]<\/p>\n","protected":false},"featured_media":32748,"template":"","meta":{"_acf_changed":false},"categories":[7],"tags":[10],"country":[],"cause":[129],"class_list":["post-32728","noticia","type-noticia","status-publish","has-post-thumbnail","hentry","category-noticia","tag-migracion-y-refugio","cause-migracion-y-refugio"],"acf":[],"yoast_head":"<!-- This site is optimized with the Yoast SEO Premium plugin v21.6 (Yoast SEO v27.5) - https:\/\/yoast.com\/product\/yoast-seo-premium-wordpress\/ -->\n<title>Caminando junto a los 120 millones de desplazados forzosos en el mundo - Entreculturas<\/title>\n<meta name=\"description\" content=\"Aamira, refugiada del Blue Nile, se form\u00f3 como maestra con el apoyo del JRS, mostrando su impacto en la vida de las personas desplazadas.\" \/>\n<meta name=\"robots\" content=\"index, follow, max-snippet:-1, max-image-preview:large, max-video-preview:-1\" \/>\n<link rel=\"canonical\" href=\"https:\/\/www.entreculturas.org\/fr\/noticia\/caminando-junto-a-los-120-millones-de-desplazados-forzosos-en-el-mundo\/\" \/>\n<meta property=\"og:locale\" content=\"fr_FR\" \/>\n<meta property=\"og:type\" content=\"article\" \/>\n<meta property=\"og:title\" content=\"Caminando junto a los 120 millones de desplazados forzosos en el mundo\" \/>\n<meta property=\"og:description\" content=\"Aamira, refugiada del Blue Nile, se form\u00f3 como maestra con el apoyo del JRS, mostrando su impacto en la vida de las personas desplazadas.\" \/>\n<meta property=\"og:url\" content=\"https:\/\/www.entreculturas.org\/fr\/noticia\/caminando-junto-a-los-120-millones-de-desplazados-forzosos-en-el-mundo\/\" \/>\n<meta property=\"og:site_name\" content=\"Entreculturas\" \/>\n<meta property=\"article:publisher\" content=\"https:\/\/www.facebook.com\/entreculturas\" \/>\n<meta property=\"article:modified_time\" content=\"2024-09-26T08:36:36+00:00\" \/>\n<meta property=\"og:image\" content=\"https:\/\/www.entreculturas.org\/wp-content\/uploads\/2024\/09\/Zero-Camp_32_Credits-to-Paula-Casado-Aguirregabiria-scaled-1.jpg\" \/>\n\t<meta property=\"og:image:width\" content=\"2560\" \/>\n\t<meta property=\"og:image:height\" content=\"1707\" \/>\n\t<meta property=\"og:image:type\" content=\"image\/jpeg\" \/>\n<meta name=\"twitter:card\" content=\"summary_large_image\" \/>\n<meta name=\"twitter:site\" content=\"@Entreculturas\" \/>\n<script type=\"application\/ld+json\" class=\"yoast-schema-graph\">{\"@context\":\"https:\\\/\\\/schema.org\",\"@graph\":[{\"@type\":\"WebPage\",\"@id\":\"https:\\\/\\\/www.entreculturas.org\\\/fr\\\/noticia\\\/caminando-junto-a-los-120-millones-de-desplazados-forzosos-en-el-mundo\\\/\",\"url\":\"https:\\\/\\\/www.entreculturas.org\\\/fr\\\/noticia\\\/caminando-junto-a-los-120-millones-de-desplazados-forzosos-en-el-mundo\\\/\",\"name\":\"Caminando junto a los 120 millones de desplazados forzosos en el mundo - Entreculturas\",\"isPartOf\":{\"@id\":\"https:\\\/\\\/www.entreculturas.org\\\/fr\\\/#website\"},\"primaryImageOfPage\":{\"@id\":\"https:\\\/\\\/www.entreculturas.org\\\/fr\\\/noticia\\\/caminando-junto-a-los-120-millones-de-desplazados-forzosos-en-el-mundo\\\/#primaryimage\"},\"image\":{\"@id\":\"https:\\\/\\\/www.entreculturas.org\\\/fr\\\/noticia\\\/caminando-junto-a-los-120-millones-de-desplazados-forzosos-en-el-mundo\\\/#primaryimage\"},\"thumbnailUrl\":\"https:\\\/\\\/www.entreculturas.org\\\/wp-content\\\/uploads\\\/2024\\\/09\\\/Zero-Camp_32_Credits-to-Paula-Casado-Aguirregabiria-scaled-1.jpg\",\"datePublished\":\"2024-09-26T08:10:22+00:00\",\"dateModified\":\"2024-09-26T08:36:36+00:00\",\"description\":\"Aamira, refugiada del Blue Nile, se form\u00f3 como maestra con el apoyo del JRS, mostrando su impacto en la vida de las personas desplazadas.\",\"breadcrumb\":{\"@id\":\"https:\\\/\\\/www.entreculturas.org\\\/fr\\\/noticia\\\/caminando-junto-a-los-120-millones-de-desplazados-forzosos-en-el-mundo\\\/#breadcrumb\"},\"inLanguage\":\"fr-FR\",\"potentialAction\":[{\"@type\":\"ReadAction\",\"target\":[\"https:\\\/\\\/www.entreculturas.org\\\/fr\\\/noticia\\\/caminando-junto-a-los-120-millones-de-desplazados-forzosos-en-el-mundo\\\/\"]}]},{\"@type\":\"ImageObject\",\"inLanguage\":\"fr-FR\",\"@id\":\"https:\\\/\\\/www.entreculturas.org\\\/fr\\\/noticia\\\/caminando-junto-a-los-120-millones-de-desplazados-forzosos-en-el-mundo\\\/#primaryimage\",\"url\":\"https:\\\/\\\/www.entreculturas.org\\\/wp-content\\\/uploads\\\/2024\\\/09\\\/Zero-Camp_32_Credits-to-Paula-Casado-Aguirregabiria-scaled-1.jpg\",\"contentUrl\":\"https:\\\/\\\/www.entreculturas.org\\\/wp-content\\\/uploads\\\/2024\\\/09\\\/Zero-Camp_32_Credits-to-Paula-Casado-Aguirregabiria-scaled-1.jpg\",\"width\":2560,\"height\":1707,\"caption\":\"Paula Casado\"},{\"@type\":\"BreadcrumbList\",\"@id\":\"https:\\\/\\\/www.entreculturas.org\\\/fr\\\/noticia\\\/caminando-junto-a-los-120-millones-de-desplazados-forzosos-en-el-mundo\\\/#breadcrumb\",\"itemListElement\":[{\"@type\":\"ListItem\",\"position\":1,\"name\":\"Home\",\"item\":\"https:\\\/\\\/www.entreculturas.org\\\/fr\\\/\"},{\"@type\":\"ListItem\",\"position\":2,\"name\":\"Noticias\",\"item\":\"https:\\\/\\\/www.entreculturas.org\\\/fr\\\/noticias\\\/\"},{\"@type\":\"ListItem\",\"position\":3,\"name\":\"Caminando junto a los 120 millones de desplazados forzosos en el mundo\"}]},{\"@type\":\"WebSite\",\"@id\":\"https:\\\/\\\/www.entreculturas.org\\\/fr\\\/#website\",\"url\":\"https:\\\/\\\/www.entreculturas.org\\\/fr\\\/\",\"name\":\"Entreculturas\",\"description\":\"\",\"publisher\":{\"@id\":\"https:\\\/\\\/www.entreculturas.org\\\/fr\\\/#organization\"},\"alternateName\":\"Entreculturas\",\"potentialAction\":[{\"@type\":\"SearchAction\",\"target\":{\"@type\":\"EntryPoint\",\"urlTemplate\":\"https:\\\/\\\/www.entreculturas.org\\\/fr\\\/?s={search_term_string}\"},\"query-input\":{\"@type\":\"PropertyValueSpecification\",\"valueRequired\":true,\"valueName\":\"search_term_string\"}}],\"inLanguage\":\"fr-FR\"},{\"@type\":\"Organization\",\"@id\":\"https:\\\/\\\/www.entreculturas.org\\\/fr\\\/#organization\",\"name\":\"Entreculturas\",\"url\":\"https:\\\/\\\/www.entreculturas.org\\\/fr\\\/\",\"logo\":{\"@type\":\"ImageObject\",\"inLanguage\":\"fr-FR\",\"@id\":\"https:\\\/\\\/www.entreculturas.org\\\/fr\\\/#\\\/schema\\\/logo\\\/image\\\/\",\"url\":\"https:\\\/\\\/www.entreculturas.org\\\/wp-content\\\/uploads\\\/2025\\\/10\\\/ESP.svg\",\"contentUrl\":\"https:\\\/\\\/www.entreculturas.org\\\/wp-content\\\/uploads\\\/2025\\\/10\\\/ESP.svg\",\"caption\":\"Entreculturas\"},\"image\":{\"@id\":\"https:\\\/\\\/www.entreculturas.org\\\/fr\\\/#\\\/schema\\\/logo\\\/image\\\/\"},\"sameAs\":[\"https:\\\/\\\/www.facebook.com\\\/entreculturas\",\"https:\\\/\\\/x.com\\\/Entreculturas\",\"https:\\\/\\\/www.instagram.com\\\/entreculturas\\\/\",\"https:\\\/\\\/www.youtube.com\\\/user\\\/entreculturasvideo\",\"https:\\\/\\\/www.linkedin.com\\\/company\\\/fundacion-entreculturas-ngdo\\\/\",\"https:\\\/\\\/www.flickr.com\\\/photos\\\/98455522@N04\\\/albums\\\/\"]}]}<\/script>\n<!-- \/ Yoast SEO Premium plugin. -->","yoast_head_json":{"title":"Caminando junto a los 120 millones de desplazados forzosos en el mundo - Entreculturas","description":"Aamira, refugiada del Blue Nile, se form\u00f3 como maestra con el apoyo del JRS, mostrando su impacto en la vida de las personas desplazadas.","robots":{"index":"index","follow":"follow","max-snippet":"max-snippet:-1","max-image-preview":"max-image-preview:large","max-video-preview":"max-video-preview:-1"},"canonical":"https:\/\/www.entreculturas.org\/fr\/noticia\/caminando-junto-a-los-120-millones-de-desplazados-forzosos-en-el-mundo\/","og_locale":"fr_FR","og_type":"article","og_title":"Caminando junto a los 120 millones de desplazados forzosos en el mundo","og_description":"Aamira, refugiada del Blue Nile, se form\u00f3 como maestra con el apoyo del JRS, mostrando su impacto en la vida de las personas desplazadas.","og_url":"https:\/\/www.entreculturas.org\/fr\/noticia\/caminando-junto-a-los-120-millones-de-desplazados-forzosos-en-el-mundo\/","og_site_name":"Entreculturas","article_publisher":"https:\/\/www.facebook.com\/entreculturas","article_modified_time":"2024-09-26T08:36:36+00:00","og_image":[{"width":2560,"height":1707,"url":"https:\/\/www.entreculturas.org\/wp-content\/uploads\/2024\/09\/Zero-Camp_32_Credits-to-Paula-Casado-Aguirregabiria-scaled-1.jpg","type":"image\/jpeg"}],"twitter_card":"summary_large_image","twitter_site":"@Entreculturas","schema":{"@context":"https:\/\/schema.org","@graph":[{"@type":"WebPage","@id":"https:\/\/www.entreculturas.org\/fr\/noticia\/caminando-junto-a-los-120-millones-de-desplazados-forzosos-en-el-mundo\/","url":"https:\/\/www.entreculturas.org\/fr\/noticia\/caminando-junto-a-los-120-millones-de-desplazados-forzosos-en-el-mundo\/","name":"Caminando junto a los 120 millones de desplazados forzosos en el mundo - Entreculturas","isPartOf":{"@id":"https:\/\/www.entreculturas.org\/fr\/#website"},"primaryImageOfPage":{"@id":"https:\/\/www.entreculturas.org\/fr\/noticia\/caminando-junto-a-los-120-millones-de-desplazados-forzosos-en-el-mundo\/#primaryimage"},"image":{"@id":"https:\/\/www.entreculturas.org\/fr\/noticia\/caminando-junto-a-los-120-millones-de-desplazados-forzosos-en-el-mundo\/#primaryimage"},"thumbnailUrl":"https:\/\/www.entreculturas.org\/wp-content\/uploads\/2024\/09\/Zero-Camp_32_Credits-to-Paula-Casado-Aguirregabiria-scaled-1.jpg","datePublished":"2024-09-26T08:10:22+00:00","dateModified":"2024-09-26T08:36:36+00:00","description":"Aamira, refugiada del Blue Nile, se form\u00f3 como maestra con el apoyo del JRS, mostrando su impacto en la vida de las personas desplazadas.","breadcrumb":{"@id":"https:\/\/www.entreculturas.org\/fr\/noticia\/caminando-junto-a-los-120-millones-de-desplazados-forzosos-en-el-mundo\/#breadcrumb"},"inLanguage":"fr-FR","potentialAction":[{"@type":"ReadAction","target":["https:\/\/www.entreculturas.org\/fr\/noticia\/caminando-junto-a-los-120-millones-de-desplazados-forzosos-en-el-mundo\/"]}]},{"@type":"ImageObject","inLanguage":"fr-FR","@id":"https:\/\/www.entreculturas.org\/fr\/noticia\/caminando-junto-a-los-120-millones-de-desplazados-forzosos-en-el-mundo\/#primaryimage","url":"https:\/\/www.entreculturas.org\/wp-content\/uploads\/2024\/09\/Zero-Camp_32_Credits-to-Paula-Casado-Aguirregabiria-scaled-1.jpg","contentUrl":"https:\/\/www.entreculturas.org\/wp-content\/uploads\/2024\/09\/Zero-Camp_32_Credits-to-Paula-Casado-Aguirregabiria-scaled-1.jpg","width":2560,"height":1707,"caption":"Paula Casado"},{"@type":"BreadcrumbList","@id":"https:\/\/www.entreculturas.org\/fr\/noticia\/caminando-junto-a-los-120-millones-de-desplazados-forzosos-en-el-mundo\/#breadcrumb","itemListElement":[{"@type":"ListItem","position":1,"name":"Home","item":"https:\/\/www.entreculturas.org\/fr\/"},{"@type":"ListItem","position":2,"name":"Noticias","item":"https:\/\/www.entreculturas.org\/fr\/noticias\/"},{"@type":"ListItem","position":3,"name":"Caminando junto a los 120 millones de desplazados forzosos en el mundo"}]},{"@type":"WebSite","@id":"https:\/\/www.entreculturas.org\/fr\/#website","url":"https:\/\/www.entreculturas.org\/fr\/","name":"Entreculturas","description":"","publisher":{"@id":"https:\/\/www.entreculturas.org\/fr\/#organization"},"alternateName":"Entreculturas","potentialAction":[{"@type":"SearchAction","target":{"@type":"EntryPoint","urlTemplate":"https:\/\/www.entreculturas.org\/fr\/?s={search_term_string}"},"query-input":{"@type":"PropertyValueSpecification","valueRequired":true,"valueName":"search_term_string"}}],"inLanguage":"fr-FR"},{"@type":"Organization","@id":"https:\/\/www.entreculturas.org\/fr\/#organization","name":"Entreculturas","url":"https:\/\/www.entreculturas.org\/fr\/","logo":{"@type":"ImageObject","inLanguage":"fr-FR","@id":"https:\/\/www.entreculturas.org\/fr\/#\/schema\/logo\/image\/","url":"https:\/\/www.entreculturas.org\/wp-content\/uploads\/2025\/10\/ESP.svg","contentUrl":"https:\/\/www.entreculturas.org\/wp-content\/uploads\/2025\/10\/ESP.svg","caption":"Entreculturas"},"image":{"@id":"https:\/\/www.entreculturas.org\/fr\/#\/schema\/logo\/image\/"},"sameAs":["https:\/\/www.facebook.com\/entreculturas","https:\/\/x.com\/Entreculturas","https:\/\/www.instagram.com\/entreculturas\/","https:\/\/www.youtube.com\/user\/entreculturasvideo","https:\/\/www.linkedin.com\/company\/fundacion-entreculturas-ngdo\/","https:\/\/www.flickr.com\/photos\/98455522@N04\/albums\/"]}]}},"_links":{"self":[{"href":"https:\/\/www.entreculturas.org\/fr\/wp-json\/wp\/v2\/noticia\/32728","targetHints":{"allow":["GET"]}}],"collection":[{"href":"https:\/\/www.entreculturas.org\/fr\/wp-json\/wp\/v2\/noticia"}],"about":[{"href":"https:\/\/www.entreculturas.org\/fr\/wp-json\/wp\/v2\/types\/noticia"}],"wp:featuredmedia":[{"embeddable":true,"href":"https:\/\/www.entreculturas.org\/fr\/wp-json\/wp\/v2\/media\/32748"}],"wp:attachment":[{"href":"https:\/\/www.entreculturas.org\/fr\/wp-json\/wp\/v2\/media?parent=32728"}],"wp:term":[{"taxonomy":"category","embeddable":true,"href":"https:\/\/www.entreculturas.org\/fr\/wp-json\/wp\/v2\/categories?post=32728"},{"taxonomy":"post_tag","embeddable":true,"href":"https:\/\/www.entreculturas.org\/fr\/wp-json\/wp\/v2\/tags?post=32728"},{"taxonomy":"country","embeddable":true,"href":"https:\/\/www.entreculturas.org\/fr\/wp-json\/wp\/v2\/country?post=32728"},{"taxonomy":"cause","embeddable":true,"href":"https:\/\/www.entreculturas.org\/fr\/wp-json\/wp\/v2\/cause?post=32728"}],"curies":[{"name":"wp","href":"https:\/\/api.w.org\/{rel}","templated":true}]}}