{"id":3260,"date":"2019-08-20T10:59:35","date_gmt":"2019-08-20T10:59:35","guid":{"rendered":"https:\/\/entreculturasi.wpenginepowered.com\/?noticias=entreculturas-participa-en-el-2o-encuentro-de-work4progresslacaixa-en-barcelona"},"modified":"2024-03-20T10:58:14","modified_gmt":"2024-03-20T09:58:14","slug":"entreculturas-participa-en-el-2o-encuentro-de-work4progresslacaixa-en-barcelona","status":"publish","type":"noticia","link":"https:\/\/www.entreculturas.org\/fr\/noticia\/entreculturas-participa-en-el-2o-encuentro-de-work4progresslacaixa-en-barcelona\/","title":{"rendered":"Entreculturas participa en el 2\u00ba Encuentro de #Work4ProgressLaCaixa en Barcelona"},"content":{"rendered":"<p>El pasado 28 y 29 de mayo Fundaci\u00f3n La Caixa llev\u00f3 a cabo en Barcelona el 2\u00ba Encuentro anual de #Work4ProgresslaCaixa, bajo el t\u00edtulo \u201cLa mirada y la escucha\u201d, dos d\u00edas de debate e intercambio sobre sobre innovaci\u00f3n para el desarrollo junto a las ONGs que ejecutamos e impulsamos proyectos de cooperaci\u00f3n internacional. Entreculturas inici\u00f3 la articulaci\u00f3n de la implementaci\u00f3n de este programa en 2018 junto a sus socios en terreno en las provincias de Quispicanchi (Cuzco) y Condorcanqui (Amazonas), en Per\u00fa.<\/p>\n<\/p>\n<p>Work4Progress busca apoyar la creaci\u00f3n de plataformas de innovaci\u00f3n abierta para la generaci\u00f3n de ocupaci\u00f3n en Per\u00fa, India y Mozambique. En Per\u00fa nuestro trabajo consiste en la mejora del empleo y de los ingresos econ\u00f3micos individuales y familiares de j\u00f3venes y mujeres de poblaciones rurales ind\u00edgenas.<\/p>\n<p>Previo al encuentro p\u00fablico de Work4Progress, nuestra compa\u00f1era Mimi Cuq, expatriada en Per\u00fa, mostr\u00f3 los avances y el alcance de nuestro proyecto en este pa\u00eds, en un taller con las dem\u00e1s organizaciones y aliados del programa.<\/p>\n<p>En Quispicanchi participamos en la creaci\u00f3n de:&nbsp;<\/p>\n<ul>\n<li>Prototipos Productivos de hortalizas ecol\u00f3gicas, hongos de pino, gallina, quesillo, cuyes y fibra de alpaca<\/li>\n<li>Prototipos de Turismo y artesan\u00eda<\/li>\n<li>Prototipos educativos de secundaria rural<\/li>\n<li>Prototipos transversales Bolsa de Trabajo<\/li>\n<li>Centro de desarrollo empresarial<\/li>\n<\/ul>\n<p>&nbsp;<\/p>\n<p>En Condorcanqui, luego de&nbsp;terminar la fase de escucha, iniciando la co-creaci\u00f3n de seis prototipos:<\/p>\n<ul>\n<li>Potabilizaci\u00f3n de agua con energ\u00eda solar<\/li>\n<li>Producci\u00f3n de sal<\/li>\n<li>Producci\u00f3n de hojuelas pl\u00e1tano<\/li>\n<li>Deshidratacion de frente de frutas<\/li>\n<li>Espacio de formaci\u00f3n para mujeres<\/li>\n<li>Servicio de promoci\u00f3n del emprendimiento&nbsp;<\/li>\n<\/ul>\n<p>Producto de la fase de escucha de este 2\u00ba Encuentro de #Work4ProgressLaCaixa se ha identificado, en los tres pa\u00edses que se ejecuta el proyecto, una necesidad de mejorar los sistemas de riego para incrementar la producci\u00f3n e ingresos de las comunidades, para ello surge como iniciativa la creaci\u00f3n de un \u201cchallenge\u201d convocando a las organizaciones para que desarrollen proyectos con soluciones tecnol\u00f3gicas. La convocatoria saldr\u00e1 a finales de junio de este a\u00f1o.&nbsp;<\/p>\n<p>Junto a nuestros socios institucionales Fe y Alegr\u00eda Per\u00fa, CCAIJO, SAIPE, Fundaci\u00f3n AVSI y la Universidad Ruiz Montoya proponemos en forma compartida la evoluci\u00f3n y la continuidad del programa bajo una metodolog\u00eda de innovaci\u00f3n social para:<\/p>\n<ul>\n<li>La creaci\u00f3n de plataformas de innovaci\u00f3n en el \u00e1mbito de la generaci\u00f3n de empleo, a partir de procesos de escucha deliberativa con la poblaci\u00f3n.<\/li>\n<li>La promoci\u00f3n de innovaci\u00f3n en productos, servicios y procesos.<\/li>\n<li>La generaci\u00f3n de una cultura de colaboraci\u00f3n entre las entidades y territorios.<\/li>\n<\/ul>\n<p>&nbsp;<\/p>\n<p>El programa Work4Progress no busca modificar los sistemas, procedimientos o equipos que las entidades de cooperaci\u00f3n internacional tienen establecidos en la actualidad, sino poner en marcha un espacio complementario que permita implementar nuevas herramientas y procedimientos que en ocasiones no se pueden desarrollar por falta de tiempo, conocimiento o financiaci\u00f3n.<\/p>\n[video:https:\/\/www.youtube.com\/watch?v=rcU7CGc9hDg&amp;t=27s]\n<p>&nbsp;<\/p>\n","protected":false},"excerpt":{"rendered":"<p>El pasado 28 y 29 de mayo Fundaci\u00f3n La Caixa llev\u00f3 a cabo en Barcelona el 2\u00ba Encuentro anual de #Work4ProgresslaCaixa, bajo el t\u00edtulo \u201cLa mirada y la escucha\u201d, dos d\u00edas de debate e intercambio sobre empleo, innovaci\u00f3n y desarrollo junto a las ONG que ejecutamos e impulsamos proyectos de cooperaci\u00f3n internacional.<\/p>\n","protected":false},"featured_media":3259,"template":"single-noticia","meta":{"_acf_changed":false},"categories":[7],"tags":[196],"country":[120],"cause":[],"class_list":["post-3260","noticia","type-noticia","status-publish","has-post-thumbnail","hentry","category-noticia","tag-rsc","country-espana"],"acf":[],"yoast_head":"<!-- This site is optimized with the Yoast SEO Premium plugin v21.6 (Yoast SEO v27.5) - https:\/\/yoast.com\/product\/yoast-seo-premium-wordpress\/ -->\n<title>Entreculturas participa en el 2\u00ba Encuentro de #Work4ProgressLaCaixa en Barcelona - Entreculturas<\/title>\n<meta name=\"robots\" content=\"index, follow, max-snippet:-1, max-image-preview:large, max-video-preview:-1\" \/>\n<link rel=\"canonical\" href=\"https:\/\/www.entreculturas.org\/fr\/noticia\/entreculturas-participa-en-el-2o-encuentro-de-work4progresslacaixa-en-barcelona\/\" \/>\n<meta property=\"og:locale\" content=\"fr_FR\" \/>\n<meta property=\"og:type\" content=\"article\" \/>\n<meta property=\"og:title\" content=\"Entreculturas participa en el 2\u00ba Encuentro de #Work4ProgressLaCaixa en Barcelona\" \/>\n<meta property=\"og:description\" content=\"El pasado 28 y 29 de mayo Fundaci\u00f3n La Caixa llev\u00f3 a cabo en Barcelona el 2\u00ba Encuentro anual de #Work4ProgresslaCaixa, bajo el t\u00edtulo \u201cLa mirada y la escucha\u201d, dos d\u00edas de debate e intercambio sobre empleo, innovaci\u00f3n y desarrollo junto a las ONG que ejecutamos e impulsamos proyectos de cooperaci\u00f3n internacional.\" \/>\n<meta property=\"og:url\" content=\"https:\/\/www.entreculturas.org\/fr\/noticia\/entreculturas-participa-en-el-2o-encuentro-de-work4progresslacaixa-en-barcelona\/\" \/>\n<meta property=\"og:site_name\" content=\"Entreculturas\" \/>\n<meta property=\"article:publisher\" content=\"https:\/\/www.facebook.com\/entreculturas\" \/>\n<meta property=\"article:modified_time\" content=\"2024-03-20T09:58:14+00:00\" \/>\n<meta property=\"og:image\" content=\"https:\/\/www.entreculturas.org\/wp-content\/uploads\/2019\/08\/mimicuq_wor4progress.jpg\" \/>\n\t<meta property=\"og:image:width\" content=\"1200\" \/>\n\t<meta property=\"og:image:height\" content=\"900\" \/>\n\t<meta property=\"og:image:type\" content=\"image\/jpeg\" \/>\n<meta name=\"twitter:card\" content=\"summary_large_image\" \/>\n<meta name=\"twitter:site\" content=\"@Entreculturas\" \/>\n<script type=\"application\/ld+json\" class=\"yoast-schema-graph\">{\"@context\":\"https:\\\/\\\/schema.org\",\"@graph\":[{\"@type\":\"WebPage\",\"@id\":\"https:\\\/\\\/www.entreculturas.org\\\/fr\\\/noticia\\\/entreculturas-participa-en-el-2o-encuentro-de-work4progresslacaixa-en-barcelona\\\/\",\"url\":\"https:\\\/\\\/www.entreculturas.org\\\/fr\\\/noticia\\\/entreculturas-participa-en-el-2o-encuentro-de-work4progresslacaixa-en-barcelona\\\/\",\"name\":\"Entreculturas participa en el 2\u00ba Encuentro de #Work4ProgressLaCaixa en Barcelona - Entreculturas\",\"isPartOf\":{\"@id\":\"https:\\\/\\\/www.entreculturas.org\\\/fr\\\/#website\"},\"primaryImageOfPage\":{\"@id\":\"https:\\\/\\\/www.entreculturas.org\\\/fr\\\/noticia\\\/entreculturas-participa-en-el-2o-encuentro-de-work4progresslacaixa-en-barcelona\\\/#primaryimage\"},\"image\":{\"@id\":\"https:\\\/\\\/www.entreculturas.org\\\/fr\\\/noticia\\\/entreculturas-participa-en-el-2o-encuentro-de-work4progresslacaixa-en-barcelona\\\/#primaryimage\"},\"thumbnailUrl\":\"https:\\\/\\\/www.entreculturas.org\\\/wp-content\\\/uploads\\\/2019\\\/08\\\/mimicuq_wor4progress.jpg\",\"datePublished\":\"2019-08-20T10:59:35+00:00\",\"dateModified\":\"2024-03-20T09:58:14+00:00\",\"breadcrumb\":{\"@id\":\"https:\\\/\\\/www.entreculturas.org\\\/fr\\\/noticia\\\/entreculturas-participa-en-el-2o-encuentro-de-work4progresslacaixa-en-barcelona\\\/#breadcrumb\"},\"inLanguage\":\"fr-FR\",\"potentialAction\":[{\"@type\":\"ReadAction\",\"target\":[\"https:\\\/\\\/www.entreculturas.org\\\/fr\\\/noticia\\\/entreculturas-participa-en-el-2o-encuentro-de-work4progresslacaixa-en-barcelona\\\/\"]}]},{\"@type\":\"ImageObject\",\"inLanguage\":\"fr-FR\",\"@id\":\"https:\\\/\\\/www.entreculturas.org\\\/fr\\\/noticia\\\/entreculturas-participa-en-el-2o-encuentro-de-work4progresslacaixa-en-barcelona\\\/#primaryimage\",\"url\":\"https:\\\/\\\/www.entreculturas.org\\\/wp-content\\\/uploads\\\/2019\\\/08\\\/mimicuq_wor4progress.jpg\",\"contentUrl\":\"https:\\\/\\\/www.entreculturas.org\\\/wp-content\\\/uploads\\\/2019\\\/08\\\/mimicuq_wor4progress.jpg\",\"width\":1200,\"height\":900},{\"@type\":\"BreadcrumbList\",\"@id\":\"https:\\\/\\\/www.entreculturas.org\\\/fr\\\/noticia\\\/entreculturas-participa-en-el-2o-encuentro-de-work4progresslacaixa-en-barcelona\\\/#breadcrumb\",\"itemListElement\":[{\"@type\":\"ListItem\",\"position\":1,\"name\":\"Home\",\"item\":\"https:\\\/\\\/www.entreculturas.org\\\/fr\\\/\"},{\"@type\":\"ListItem\",\"position\":2,\"name\":\"Noticias\",\"item\":\"https:\\\/\\\/www.entreculturas.org\\\/fr\\\/noticias\\\/\"},{\"@type\":\"ListItem\",\"position\":3,\"name\":\"Entreculturas participa en el 2\u00ba Encuentro de #Work4ProgressLaCaixa en Barcelona\"}]},{\"@type\":\"WebSite\",\"@id\":\"https:\\\/\\\/www.entreculturas.org\\\/fr\\\/#website\",\"url\":\"https:\\\/\\\/www.entreculturas.org\\\/fr\\\/\",\"name\":\"Entreculturas\",\"description\":\"\",\"publisher\":{\"@id\":\"https:\\\/\\\/www.entreculturas.org\\\/fr\\\/#organization\"},\"alternateName\":\"Entreculturas\",\"potentialAction\":[{\"@type\":\"SearchAction\",\"target\":{\"@type\":\"EntryPoint\",\"urlTemplate\":\"https:\\\/\\\/www.entreculturas.org\\\/fr\\\/?s={search_term_string}\"},\"query-input\":{\"@type\":\"PropertyValueSpecification\",\"valueRequired\":true,\"valueName\":\"search_term_string\"}}],\"inLanguage\":\"fr-FR\"},{\"@type\":\"Organization\",\"@id\":\"https:\\\/\\\/www.entreculturas.org\\\/fr\\\/#organization\",\"name\":\"Entreculturas\",\"url\":\"https:\\\/\\\/www.entreculturas.org\\\/fr\\\/\",\"logo\":{\"@type\":\"ImageObject\",\"inLanguage\":\"fr-FR\",\"@id\":\"https:\\\/\\\/www.entreculturas.org\\\/fr\\\/#\\\/schema\\\/logo\\\/image\\\/\",\"url\":\"https:\\\/\\\/www.entreculturas.org\\\/wp-content\\\/uploads\\\/2025\\\/10\\\/ESP.svg\",\"contentUrl\":\"https:\\\/\\\/www.entreculturas.org\\\/wp-content\\\/uploads\\\/2025\\\/10\\\/ESP.svg\",\"caption\":\"Entreculturas\"},\"image\":{\"@id\":\"https:\\\/\\\/www.entreculturas.org\\\/fr\\\/#\\\/schema\\\/logo\\\/image\\\/\"},\"sameAs\":[\"https:\\\/\\\/www.facebook.com\\\/entreculturas\",\"https:\\\/\\\/x.com\\\/Entreculturas\",\"https:\\\/\\\/www.instagram.com\\\/entreculturas\\\/\",\"https:\\\/\\\/www.youtube.com\\\/user\\\/entreculturasvideo\",\"https:\\\/\\\/www.linkedin.com\\\/company\\\/fundacion-entreculturas-ngdo\\\/\",\"https:\\\/\\\/www.flickr.com\\\/photos\\\/98455522@N04\\\/albums\\\/\"]}]}<\/script>\n<!-- \/ Yoast SEO Premium plugin. -->","yoast_head_json":{"title":"Entreculturas participa en el 2\u00ba Encuentro de #Work4ProgressLaCaixa en Barcelona - Entreculturas","robots":{"index":"index","follow":"follow","max-snippet":"max-snippet:-1","max-image-preview":"max-image-preview:large","max-video-preview":"max-video-preview:-1"},"canonical":"https:\/\/www.entreculturas.org\/fr\/noticia\/entreculturas-participa-en-el-2o-encuentro-de-work4progresslacaixa-en-barcelona\/","og_locale":"fr_FR","og_type":"article","og_title":"Entreculturas participa en el 2\u00ba Encuentro de #Work4ProgressLaCaixa en Barcelona","og_description":"El pasado 28 y 29 de mayo Fundaci\u00f3n La Caixa llev\u00f3 a cabo en Barcelona el 2\u00ba Encuentro anual de #Work4ProgresslaCaixa, bajo el t\u00edtulo \u201cLa mirada y la escucha\u201d, dos d\u00edas de debate e intercambio sobre empleo, innovaci\u00f3n y desarrollo junto a las ONG que ejecutamos e impulsamos proyectos de cooperaci\u00f3n internacional.","og_url":"https:\/\/www.entreculturas.org\/fr\/noticia\/entreculturas-participa-en-el-2o-encuentro-de-work4progresslacaixa-en-barcelona\/","og_site_name":"Entreculturas","article_publisher":"https:\/\/www.facebook.com\/entreculturas","article_modified_time":"2024-03-20T09:58:14+00:00","og_image":[{"width":1200,"height":900,"url":"https:\/\/www.entreculturas.org\/wp-content\/uploads\/2019\/08\/mimicuq_wor4progress.jpg","type":"image\/jpeg"}],"twitter_card":"summary_large_image","twitter_site":"@Entreculturas","schema":{"@context":"https:\/\/schema.org","@graph":[{"@type":"WebPage","@id":"https:\/\/www.entreculturas.org\/fr\/noticia\/entreculturas-participa-en-el-2o-encuentro-de-work4progresslacaixa-en-barcelona\/","url":"https:\/\/www.entreculturas.org\/fr\/noticia\/entreculturas-participa-en-el-2o-encuentro-de-work4progresslacaixa-en-barcelona\/","name":"Entreculturas participa en el 2\u00ba Encuentro de #Work4ProgressLaCaixa en Barcelona - Entreculturas","isPartOf":{"@id":"https:\/\/www.entreculturas.org\/fr\/#website"},"primaryImageOfPage":{"@id":"https:\/\/www.entreculturas.org\/fr\/noticia\/entreculturas-participa-en-el-2o-encuentro-de-work4progresslacaixa-en-barcelona\/#primaryimage"},"image":{"@id":"https:\/\/www.entreculturas.org\/fr\/noticia\/entreculturas-participa-en-el-2o-encuentro-de-work4progresslacaixa-en-barcelona\/#primaryimage"},"thumbnailUrl":"https:\/\/www.entreculturas.org\/wp-content\/uploads\/2019\/08\/mimicuq_wor4progress.jpg","datePublished":"2019-08-20T10:59:35+00:00","dateModified":"2024-03-20T09:58:14+00:00","breadcrumb":{"@id":"https:\/\/www.entreculturas.org\/fr\/noticia\/entreculturas-participa-en-el-2o-encuentro-de-work4progresslacaixa-en-barcelona\/#breadcrumb"},"inLanguage":"fr-FR","potentialAction":[{"@type":"ReadAction","target":["https:\/\/www.entreculturas.org\/fr\/noticia\/entreculturas-participa-en-el-2o-encuentro-de-work4progresslacaixa-en-barcelona\/"]}]},{"@type":"ImageObject","inLanguage":"fr-FR","@id":"https:\/\/www.entreculturas.org\/fr\/noticia\/entreculturas-participa-en-el-2o-encuentro-de-work4progresslacaixa-en-barcelona\/#primaryimage","url":"https:\/\/www.entreculturas.org\/wp-content\/uploads\/2019\/08\/mimicuq_wor4progress.jpg","contentUrl":"https:\/\/www.entreculturas.org\/wp-content\/uploads\/2019\/08\/mimicuq_wor4progress.jpg","width":1200,"height":900},{"@type":"BreadcrumbList","@id":"https:\/\/www.entreculturas.org\/fr\/noticia\/entreculturas-participa-en-el-2o-encuentro-de-work4progresslacaixa-en-barcelona\/#breadcrumb","itemListElement":[{"@type":"ListItem","position":1,"name":"Home","item":"https:\/\/www.entreculturas.org\/fr\/"},{"@type":"ListItem","position":2,"name":"Noticias","item":"https:\/\/www.entreculturas.org\/fr\/noticias\/"},{"@type":"ListItem","position":3,"name":"Entreculturas participa en el 2\u00ba Encuentro de #Work4ProgressLaCaixa en Barcelona"}]},{"@type":"WebSite","@id":"https:\/\/www.entreculturas.org\/fr\/#website","url":"https:\/\/www.entreculturas.org\/fr\/","name":"Entreculturas","description":"","publisher":{"@id":"https:\/\/www.entreculturas.org\/fr\/#organization"},"alternateName":"Entreculturas","potentialAction":[{"@type":"SearchAction","target":{"@type":"EntryPoint","urlTemplate":"https:\/\/www.entreculturas.org\/fr\/?s={search_term_string}"},"query-input":{"@type":"PropertyValueSpecification","valueRequired":true,"valueName":"search_term_string"}}],"inLanguage":"fr-FR"},{"@type":"Organization","@id":"https:\/\/www.entreculturas.org\/fr\/#organization","name":"Entreculturas","url":"https:\/\/www.entreculturas.org\/fr\/","logo":{"@type":"ImageObject","inLanguage":"fr-FR","@id":"https:\/\/www.entreculturas.org\/fr\/#\/schema\/logo\/image\/","url":"https:\/\/www.entreculturas.org\/wp-content\/uploads\/2025\/10\/ESP.svg","contentUrl":"https:\/\/www.entreculturas.org\/wp-content\/uploads\/2025\/10\/ESP.svg","caption":"Entreculturas"},"image":{"@id":"https:\/\/www.entreculturas.org\/fr\/#\/schema\/logo\/image\/"},"sameAs":["https:\/\/www.facebook.com\/entreculturas","https:\/\/x.com\/Entreculturas","https:\/\/www.instagram.com\/entreculturas\/","https:\/\/www.youtube.com\/user\/entreculturasvideo","https:\/\/www.linkedin.com\/company\/fundacion-entreculturas-ngdo\/","https:\/\/www.flickr.com\/photos\/98455522@N04\/albums\/"]}]}},"_links":{"self":[{"href":"https:\/\/www.entreculturas.org\/fr\/wp-json\/wp\/v2\/noticia\/3260","targetHints":{"allow":["GET"]}}],"collection":[{"href":"https:\/\/www.entreculturas.org\/fr\/wp-json\/wp\/v2\/noticia"}],"about":[{"href":"https:\/\/www.entreculturas.org\/fr\/wp-json\/wp\/v2\/types\/noticia"}],"wp:featuredmedia":[{"embeddable":true,"href":"https:\/\/www.entreculturas.org\/fr\/wp-json\/wp\/v2\/media\/3259"}],"wp:attachment":[{"href":"https:\/\/www.entreculturas.org\/fr\/wp-json\/wp\/v2\/media?parent=3260"}],"wp:term":[{"taxonomy":"category","embeddable":true,"href":"https:\/\/www.entreculturas.org\/fr\/wp-json\/wp\/v2\/categories?post=3260"},{"taxonomy":"post_tag","embeddable":true,"href":"https:\/\/www.entreculturas.org\/fr\/wp-json\/wp\/v2\/tags?post=3260"},{"taxonomy":"country","embeddable":true,"href":"https:\/\/www.entreculturas.org\/fr\/wp-json\/wp\/v2\/country?post=3260"},{"taxonomy":"cause","embeddable":true,"href":"https:\/\/www.entreculturas.org\/fr\/wp-json\/wp\/v2\/cause?post=3260"}],"curies":[{"name":"wp","href":"https:\/\/api.w.org\/{rel}","templated":true}]}}