{"id":31980,"date":"2024-09-16T16:47:52","date_gmt":"2024-09-16T14:47:52","guid":{"rendered":"https:\/\/www.entreculturas.org\/?post_type=noticia&#038;p=31980"},"modified":"2024-10-28T14:42:25","modified_gmt":"2024-10-28T13:42:25","slug":"red-solidaria-de-jovenes-un-programa-que-fomenta-la-participacion-juvenil-en-espana","status":"publish","type":"noticia","link":"https:\/\/www.entreculturas.org\/fr\/noticia\/red-solidaria-de-jovenes-un-programa-que-fomenta-la-participacion-juvenil-en-espana\/","title":{"rendered":"Red Solidaria de J\u00f3venes: Un programa que fomenta la participaci\u00f3n juvenil en Espa\u00f1a"},"content":{"rendered":"\n<p>La Red Solidaria de J\u00f3venes (RSJ), impulsada por la Fundaci\u00f3n Entreculturas, es un programa de participaci\u00f3n juvenil que moviliza anualmente a <strong>m\u00e1s de 1300 j\u00f3venes y 130 educadores y educadoras en toda Espa\u00f1a<\/strong>. Este programa, con m\u00e1s de 20 a\u00f1os de trayectoria, est\u00e1 <strong>dirigido a estudiantes de entre 12 y 18 a\u00f1os de 9 Comunidades Aut\u00f3nomas<\/strong>, brindando una plataforma para que participen activamente en temas como el medioambiente, la igualdad de g\u00e9nero, las migraciones, la interculturalidad y la cultura de paz.<\/p>\n\n\n\n<p class=\"has-din-font-family\" style=\"font-size:1.6rem\"><strong>\u00bfC\u00f3mo se puede implementar?<\/strong><\/p>\n\n\n\n<ol class=\"wp-block-list\">\n<li>De manera curricular, en asignaturas que aborden contenidos relacionados, como Educaci\u00f3n en Valores C\u00edvicos y \u00c9ticos, o en proyectos dentro de materias troncales como Lengua o Geograf\u00eda e Historia.<\/li>\n\n\n\n<li>Como actividad extraescolar<\/li>\n\n\n\n<li>Como apoyo en la transici\u00f3n educativa entre primaria y secundaria.<\/li>\n\n\n\n<li>Como parte de los planes de convivencia y bienestar de los centros. <\/li>\n<\/ol>\n\n\n\n<p style=\"margin-bottom:var(--wp--preset--spacing--30)\"><\/p>\n\n\n\n<p>Si esta iniciativa puede encajar en tu centro o necesitas m\u00e1s informaci\u00f3n, puedes ponerte en contacto con nuestro equipo educativo a trav\u00e9s del correo <a href=\"mailto:educacion@entreculturas.org\">educacion@entreculturas.org<\/a> o rellenar el formulario para que nos pongamos en contacto contigo.<\/p>\n\n\n\n<p><\/p>\n\n\n\n<div style=\"height:25px\" aria-hidden=\"true\" class=\"wp-block-spacer\"><\/div>\n\n\n\n<div id=\"organiza-tu-evento\" class=\"wp-block-group has-white-background-color has-background has-global-padding is-layout-constrained wp-block-group-is-layout-constrained\" style=\"border-radius:15px;margin-top:0;margin-bottom:var(--wp--preset--spacing--70);padding-top:var(--wp--preset--spacing--60);padding-bottom:0\">\n<h2 class=\"wp-block-heading has-text-align-center font-size-20\" id=\"h-soy-educador-a-y-quiero-sumar-a-mi-colegio-como-empezar\" style=\"padding-right:var(--wp--preset--spacing--70);padding-left:var(--wp--preset--spacing--70)\">Soy educador(a) y quiero sumar a mi colegio<br>\u00bfC\u00f3mo empezar?<\/h2>\n\n\n\n<div class=\"wp-block-group block-contacto has-white-background-color has-background is-nowrap is-layout-flex wp-container-core-group-is-layout-e3f21f20 wp-block-group-is-layout-flex\" style=\"border-radius:15px;margin-top:0;padding-top:var(--wp--preset--spacing--60);padding-right:var(--wp--preset--spacing--70);padding-bottom:var(--wp--preset--spacing--70);padding-left:var(--wp--preset--spacing--70)\">\n<figure class=\"wp-block-image size-full has-custom-border wp-container-content-b99e70a5 block-visibility-hide-medium-screen block-visibility-hide-small-screen\"><img decoding=\"async\" width=\"2560\" height=\"1707\" src=\"https:\/\/www.entreculturas.org\/wp-content\/uploads\/2024\/09\/06B5682-scaled.jpg\" alt=\"\" class=\"wp-image-32006\" style=\"border-radius:12px\" srcset=\"https:\/\/www.entreculturas.org\/wp-content\/uploads\/2024\/09\/06B5682-scaled.jpg 2560w, https:\/\/www.entreculturas.org\/wp-content\/uploads\/2024\/09\/06B5682-300x200.jpg 300w, https:\/\/www.entreculturas.org\/wp-content\/uploads\/2024\/09\/06B5682-1024x683.jpg 1024w, https:\/\/www.entreculturas.org\/wp-content\/uploads\/2024\/09\/06B5682-768x512.jpg 768w, https:\/\/www.entreculturas.org\/wp-content\/uploads\/2024\/09\/06B5682-1536x1024.jpg 1536w, https:\/\/www.entreculturas.org\/wp-content\/uploads\/2024\/09\/06B5682-2048x1365.jpg 2048w\" sizes=\"(max-width: 2560px) 100vw, 2560px\" \/><figcaption class=\"wp-element-caption\">\u00a9 Xiana Quintas<\/figcaption><\/figure>\n\n\n\n<form style=\"padding-top:0;padding-right:0;padding-bottom:0;padding-left:0\" class=\"wp-block-theme-blocks-custom-form wp-container-content-a5fc19f1\" id=\"custom_form\" action=\"\/wp-admin\/admin-post.php\" method=\"post\"><input type=\"hidden\" name=\"action\" value=\"custom_form\"\/><input type=\"hidden\" name=\"g-recaptcha-response\" id=\"g-recaptcha-response\" value=\"\"\/><input type=\"hidden\" name=\"thanks_page\" value=\"\/thank-you-page\/\"\/><input type=\"hidden\" name=\"admin_email\" value=\"k.justino@entreculturas.org\"\/>\n<p>\u00a1Fenomenal! Este programa ofrece una oportunidad \u00fanica para que tus estudiantes se involucren activamente en la transformaci\u00f3n de su entorno y en la construcci\u00f3n de un futuro m\u00e1s justo y sostenible. <\/p>\n\n\n\n<input type=\"hidden\" name=\"custom_68\" value=\"8\"\/>\n\n\n\n<input type=\"hidden\" name=\"iniciativa\" value=\"9\"\/>\n\n\n\n<div class=\"input-container\"><label>Nombre y apellido*<\/label><input type=\"text\" name=\"first_name\" required\/><\/div>\n\n\n\n<div class=\"input-container\"><label>Correo electr\u00f3nico *<\/label><input type=\"email\" name=\"email\" required\/><\/div>\n\n\n\n<div class=\"input-container\"><label>Ciudad*<\/label><input type=\"text\" name=\"ciudad\" required\/><\/div>\n\n\n\n<div class=\"input-container\"><label>Centro educativo y cargo *<\/label><input type=\"text\" name=\"description_event\" required\/><\/div>\n\n\n\n<div class=\"input-container\"><label>Tel\u00e9fono<\/label><input type=\"tel\" name=\"phone\" pattern=\"[0-9]{9}\"\/><\/div>\n\n\n\n<label class=\"acceptance\"><input type=\"checkbox\" required\/><span>Acepto la <a href=\"https:\/\/www.entreculturas.org\/es\/politica-de-privacidad\" target=\"_blank\" rel=\"noreferrer noopener\">Pol\u00edtica de Privacidad<\/a><strong> <\/strong>*<\/span><\/label>\n\n\n\n<p style=\"font-size:12px !important\">\n    Desde ENTRECULTURAS FE Y ALEGR\u00cdA ESPA\u00d1A trataremos los datos aportados en calidad de Responsable del tratamiento con la finalidad de&#8230;    \n    <a href=\"javascript:void(0);\" id=\"read-more-link\">Seguir leyendo<\/a>.\n<\/p>\n<p class=\"hidden\" id=\"read-more\" style=\"display: none;font-size: 12px;\">\n&#8230;enviarle informaci\u00f3n sobre las actividades de Iniciativas Solidarias de  Entreculturas, en pro de nuestros objetivos fundacionales, en base al consentimiento o a la ejecuci\u00f3n de un acuerdo. Puedes ejercer tus derechos enviando un email a datos@entreculturas.org con el asunto \u00ab\u00a0Protecci\u00f3n de Datos\u00a0\u00bb\n<\/p>\n\n\n\n<script>\ndocument.addEventListener('DOMContentLoaded', function() {\n    document.getElementById('read-more-link').addEventListener('click', function() {\n        var readMoreContent = document.getElementById('read-more');\n        readMoreContent.style.display = 'block !important'; \/\/ Intenta sobrescribir con !important\n\n        \/\/ Si el m\u00e9todo anterior no funciona, utiliza setAttribute\n        if (readMoreContent.style.display !== 'block') {\n            readMoreContent.setAttribute('style', 'display: block !important; font-size: 12px;');\n        } else {\n            \/\/ Si ya est\u00e1 en 'block', solo ajusta el tama\u00f1o de fuente\n            readMoreContent.style.fontSize = '12px';\n        }\n\n        this.style.display = 'none'; \/\/ Opcional: oculta el enlace de \"Seguir leyendo\"\n    });\n});\n<\/script>\n\n\n\n<p class=\"hidden\" id=\"read-more\" style=\"font-size:12px\">Desde ENTRECULTURAS FE Y ALEGR\u00cdA ESPA\u00d1A trataremos los datos aportados en calidad de Responsable del tratamiento con la finalidad de gestionar nuestra relaci\u00f3n contigo, en pro de nuestros objetivos fundacionales, en base al consentimiento o a la ejecuci\u00f3n de un acuerdo. Puedes ejercer tus derechos enviando un email a&nbsp;rgpd@entreculturas.org con el asunto \u201cProtecci\u00f3n de Datos\u201d.<\/p>\n\n\n\n<div class=\"wp-block-group width-70-contacto justify-center-768 is-content-justification-right is-nowrap is-layout-flex wp-container-core-group-is-layout-17124a9a wp-block-group-is-layout-flex\">\n<button class=\"wp-block-button__link wp-element-button\">ENVIAR<\/button>\n<\/div>\n<\/form>\n<\/div>\n<\/div>\n\n\n\n<p><\/p>\n\n\n\n<p class=\"has-din-font-family\" style=\"font-size:1.6rem\"><strong>\u00bfQu\u00e9 aporta a los centros educativos?<\/strong><\/p>\n\n\n\n<p style=\"margin-top:var(--wp--preset--spacing--40);margin-bottom:var(--wp--preset--spacing--40)\">La participaci\u00f3n en la Red Solidaria de J\u00f3venes <strong>permite a las y los j\u00f3venes desarrollar competencias ciudadanas clave, como el pensamiento cr\u00edtico, el an\u00e1lisis sist\u00e9mico de la realidad, la escucha activa, la resoluci\u00f3n de conflictos y el trabajo en equipo.<\/strong> A trav\u00e9s de un itinerario formativo que incluye herramientas participativas y metodolog\u00edas innovadoras, como el Aprendizaje-Servicio (ApS) y el Aprendizaje Basado en Retos (ABR), los j\u00f3venes abordan los desaf\u00edos globales de la actualidad.<\/p>\n\n\n\n<p style=\"margin-bottom:var(--wp--preset--spacing--30)\"><strong>Los centros educativos que se suman a este programa obtienen, adem\u00e1s, la posibilidad de participar en encuentros y acciones a nivel provincial, nacional e internacional, as\u00ed como la certificaci\u00f3n oficial por parte de la Fundaci\u00f3n Entreculturas.<\/strong> Los <strong>docentes<\/strong> tambi\u00e9n reciben f<strong>ormaci\u00f3n en las metodolog\u00edas <\/strong>y enfoques tratados.<br><\/p>\n\n\n\n<div class=\"wp-block-group has-global-padding is-layout-constrained wp-block-group-is-layout-constrained\">\n<div class=\"wp-block-columns is-layout-flex wp-container-core-columns-is-layout-488e8b15 wp-block-columns-is-layout-flex\" style=\"margin-top:var(--wp--preset--spacing--50);margin-bottom:var(--wp--preset--spacing--50)\">\n<div class=\"wp-block-column is-layout-flow wp-block-column-is-layout-flow\" style=\"padding-right:var(--wp--preset--spacing--40);padding-left:var(--wp--preset--spacing--40)\">\n<div class=\"wp-block-group has-global-padding is-layout-constrained wp-container-core-group-is-layout-be04af43 wp-block-group-is-layout-constrained\" style=\"border-radius:20px;margin-top:0;margin-bottom:0\">\n<div class=\"wp-block-group has-global-padding is-layout-constrained wp-container-core-group-is-layout-c0657e1c wp-block-group-is-layout-constrained\">\n<div class=\"wp-block-cover is-light\"><span aria-hidden=\"true\" class=\"wp-block-cover__background has-background-dim-0 has-background-dim\" style=\"background-color:#867c66\"><\/span><img decoding=\"async\" width=\"2560\" height=\"1707\" class=\"wp-block-cover__image-background wp-image-32244\" alt=\"\" src=\"https:\/\/www.entreculturas.org\/wp-content\/uploads\/2024\/09\/06B7158-scaled.jpg\" style=\"object-position:38% 91%\" data-object-fit=\"cover\" data-object-position=\"38% 91%\" srcset=\"https:\/\/www.entreculturas.org\/wp-content\/uploads\/2024\/09\/06B7158-scaled.jpg 2560w, https:\/\/www.entreculturas.org\/wp-content\/uploads\/2024\/09\/06B7158-300x200.jpg 300w, https:\/\/www.entreculturas.org\/wp-content\/uploads\/2024\/09\/06B7158-1024x683.jpg 1024w, https:\/\/www.entreculturas.org\/wp-content\/uploads\/2024\/09\/06B7158-768x512.jpg 768w, https:\/\/www.entreculturas.org\/wp-content\/uploads\/2024\/09\/06B7158-1536x1024.jpg 1536w, https:\/\/www.entreculturas.org\/wp-content\/uploads\/2024\/09\/06B7158-2048x1365.jpg 2048w\" sizes=\"(max-width: 2560px) 100vw, 2560px\" \/><div class=\"wp-block-cover__inner-container has-global-padding is-layout-constrained wp-block-cover-is-layout-constrained\">\n<p class=\"has-text-align-center has-large-font-size\"><\/p>\n<\/div><\/div>\n<\/div>\n\n\n\n<div class=\"wp-block-cover is-light\" style=\"border-bottom-left-radius:10px;border-bottom-right-radius:10px;min-height:51px;aspect-ratio:unset;\"><span aria-hidden=\"true\" class=\"wp-block-cover__background has-white-background-color has-background-dim-100 has-background-dim\"><\/span><div class=\"wp-block-cover__inner-container has-global-padding is-layout-constrained wp-container-core-cover-is-layout-12243e0f wp-block-cover-is-layout-constrained\">\n<p class=\"has-text-align-left has-gray-color has-text-color has-link-color has-open-sans-font-family wp-elements-c10126160045779c240379ce1545ffee\" style=\"font-size:14px;font-style:normal;font-weight:400\">\u00a9 Xiana Quintas<\/p>\n<\/div><\/div>\n<\/div>\n<\/div>\n\n\n\n<div class=\"wp-block-column is-layout-flow wp-block-column-is-layout-flow\" style=\"padding-right:var(--wp--preset--spacing--40);padding-left:var(--wp--preset--spacing--40)\">\n<div class=\"wp-block-group has-global-padding is-layout-constrained wp-container-core-group-is-layout-be04af43 wp-block-group-is-layout-constrained\" style=\"border-radius:20px;margin-top:0;margin-bottom:0\">\n<div class=\"wp-block-group has-global-padding is-layout-constrained wp-container-core-group-is-layout-c0657e1c wp-block-group-is-layout-constrained\">\n<div class=\"wp-block-cover\"><span aria-hidden=\"true\" class=\"wp-block-cover__background has-background-dim-0 has-background-dim\" style=\"background-color:#867c66\"><\/span><img decoding=\"async\" width=\"2560\" height=\"1707\" class=\"wp-block-cover__image-background wp-image-32034\" alt=\"\" src=\"https:\/\/www.entreculturas.org\/wp-content\/uploads\/2024\/09\/06B5813-scaled.jpg\" data-object-fit=\"cover\" srcset=\"https:\/\/www.entreculturas.org\/wp-content\/uploads\/2024\/09\/06B5813-scaled.jpg 2560w, https:\/\/www.entreculturas.org\/wp-content\/uploads\/2024\/09\/06B5813-300x200.jpg 300w, https:\/\/www.entreculturas.org\/wp-content\/uploads\/2024\/09\/06B5813-1024x683.jpg 1024w, https:\/\/www.entreculturas.org\/wp-content\/uploads\/2024\/09\/06B5813-768x512.jpg 768w, https:\/\/www.entreculturas.org\/wp-content\/uploads\/2024\/09\/06B5813-1536x1024.jpg 1536w, https:\/\/www.entreculturas.org\/wp-content\/uploads\/2024\/09\/06B5813-2048x1365.jpg 2048w\" sizes=\"(max-width: 2560px) 100vw, 2560px\" \/><div class=\"wp-block-cover__inner-container has-global-padding is-layout-constrained wp-block-cover-is-layout-constrained\">\n<p class=\"has-text-align-center has-large-font-size\"><\/p>\n<\/div><\/div>\n<\/div>\n\n\n\n<div class=\"wp-block-cover is-light\" style=\"border-bottom-left-radius:10px;border-bottom-right-radius:10px;min-height:51px;aspect-ratio:unset;\"><span aria-hidden=\"true\" class=\"wp-block-cover__background has-white-background-color has-background-dim-100 has-background-dim\"><\/span><div class=\"wp-block-cover__inner-container has-global-padding is-layout-constrained wp-container-core-cover-is-layout-12243e0f wp-block-cover-is-layout-constrained\">\n<p class=\"has-text-align-left has-gray-color has-text-color has-link-color has-open-sans-font-family wp-elements-c10126160045779c240379ce1545ffee\" style=\"font-size:14px;font-style:normal;font-weight:400\">\u00a9 Xiana Quintas<\/p>\n<\/div><\/div>\n<\/div>\n<\/div>\n\n\n\n<div class=\"wp-block-column is-layout-flow wp-block-column-is-layout-flow\" style=\"padding-right:var(--wp--preset--spacing--40);padding-left:var(--wp--preset--spacing--40)\">\n<div class=\"wp-block-group has-global-padding is-layout-constrained wp-container-core-group-is-layout-be04af43 wp-block-group-is-layout-constrained\" style=\"border-radius:20px;margin-top:0;margin-bottom:0\">\n<div class=\"wp-block-group has-global-padding is-layout-constrained wp-container-core-group-is-layout-c0657e1c wp-block-group-is-layout-constrained\">\n<div class=\"wp-block-cover is-light\"><span aria-hidden=\"true\" class=\"wp-block-cover__background has-background-dim-0 has-background-dim\" style=\"background-color:#867c66\"><\/span><img decoding=\"async\" width=\"2560\" height=\"1707\" class=\"wp-block-cover__image-background wp-image-32019\" alt=\"\" src=\"https:\/\/www.entreculturas.org\/wp-content\/uploads\/2024\/09\/06B6752-scaled.jpg\" data-object-fit=\"cover\" srcset=\"https:\/\/www.entreculturas.org\/wp-content\/uploads\/2024\/09\/06B6752-scaled.jpg 2560w, https:\/\/www.entreculturas.org\/wp-content\/uploads\/2024\/09\/06B6752-300x200.jpg 300w, https:\/\/www.entreculturas.org\/wp-content\/uploads\/2024\/09\/06B6752-1024x683.jpg 1024w, https:\/\/www.entreculturas.org\/wp-content\/uploads\/2024\/09\/06B6752-768x512.jpg 768w, https:\/\/www.entreculturas.org\/wp-content\/uploads\/2024\/09\/06B6752-1536x1024.jpg 1536w, https:\/\/www.entreculturas.org\/wp-content\/uploads\/2024\/09\/06B6752-2048x1365.jpg 2048w\" sizes=\"(max-width: 2560px) 100vw, 2560px\" \/><div class=\"wp-block-cover__inner-container has-global-padding is-layout-constrained wp-block-cover-is-layout-constrained\">\n<p class=\"has-text-align-center has-large-font-size\"><\/p>\n<\/div><\/div>\n<\/div>\n\n\n\n<div class=\"wp-block-cover is-light\" style=\"border-bottom-left-radius:10px;border-bottom-right-radius:10px;min-height:51px;aspect-ratio:unset;\"><span aria-hidden=\"true\" class=\"wp-block-cover__background has-white-background-color has-background-dim-100 has-background-dim\"><\/span><div class=\"wp-block-cover__inner-container has-global-padding is-layout-constrained wp-container-core-cover-is-layout-12243e0f wp-block-cover-is-layout-constrained\">\n<p class=\"has-text-align-left has-gray-color has-text-color has-link-color has-open-sans-font-family wp-elements-c10126160045779c240379ce1545ffee\" style=\"font-size:14px;font-style:normal;font-weight:400\">\u00a9 Xiana Quintas<\/p>\n<\/div><\/div>\n<\/div>\n<\/div>\n<\/div>\n<\/div>\n\n\n\n<div style=\"height:25px\" aria-hidden=\"true\" class=\"wp-block-spacer\"><\/div>\n\n\n\n<p><\/p>\n\n\n\n<p><\/p>\n\n\n\n<figure class=\"wp-block-embed is-type-video is-provider-youtube wp-block-embed-youtube wp-embed-aspect-16-9 wp-has-aspect-ratio\"><div class=\"wp-block-embed__wrapper\">\n<iframe loading=\"lazy\" title=\"Red Solidaria de J\u00f3venes, \u00bfte sumas?\" width=\"500\" height=\"281\" src=\"https:\/\/www.youtube.com\/embed\/K6pV8iHDd7M?feature=oembed\" frameborder=\"0\" allow=\"accelerometer; autoplay; clipboard-write; encrypted-media; gyroscope; picture-in-picture; web-share\" referrerpolicy=\"strict-origin-when-cross-origin\" allowfullscreen><\/iframe>\n<\/div><\/figure>\n\n\n\n<div style=\"height:25px\" aria-hidden=\"true\" class=\"wp-block-spacer\"><\/div>\n\n\n\n<div class=\"wp-block-buttons is-content-justification-center is-layout-flex wp-container-core-buttons-is-layout-a89b3969 wp-block-buttons-is-layout-flex\">\n<div class=\"wp-block-button\"><a class=\"wp-block-button__link has-text-align-center wp-element-button\" href=\"https:\/\/redec.org\/red-solidaria-de-jovenes\/?_gl=1*1nvoi8k*_up*MQ..*_ga*OTkzOTAwMS4xNzI2MjI0ODM0*_ga_VMR6DB7NVW*MTcyNjIyNDgzMy4xLjEuMTcyNjIyNDgzNi4wLjAuMTc5NTM5NzYyOA..*_ga_PTX1YGC5PQ*MTcyNjIyNDgzMy4xLjEuMTcyNjIyNDgzNi4wLjAuMA..\">M\u00e1s informaci\u00f3n en nuestra web<\/a><\/div>\n<\/div>\n","protected":false},"excerpt":{"rendered":"<p>La Red Solidaria de J\u00f3venes (RSJ), impulsada por la Fundaci\u00f3n Entreculturas, es un programa de participaci\u00f3n juvenil que moviliza anualmente a m\u00e1s de 1300 j\u00f3venes y 130 educadores y educadoras en toda Espa\u00f1a. Este programa, con m\u00e1s de 20 a\u00f1os de trayectoria, est\u00e1 dirigido a estudiantes de entre 12 y 18 a\u00f1os de 9 Comunidades Aut\u00f3nomas, brindando una plataforma para que participen activamente en temas como el medioambiente, la igualdad de g\u00e9nero, las migraciones, la interculturalidad y la cultura de paz. \u00bfC\u00f3mo se puede implementar? Si esta iniciativa puede encajar en tu centro o necesitas m\u00e1s informaci\u00f3n, puedes ponerte en contacto con nuestro equipo educativo a trav\u00e9s del correo educacion@entreculturas.org o rellenar el formulario para que nos pongamos en contacto contigo. Soy educador(a) y quiero sumar a mi colegio\u00bfC\u00f3mo empezar? \u00bfQu\u00e9 aporta a los centros educativos? La participaci\u00f3n en la Red Solidaria de J\u00f3venes permite a las y los j\u00f3venes [&hellip;]<\/p>\n","protected":false},"featured_media":32013,"template":"","meta":{"_acf_changed":false},"categories":[7],"tags":[8],"country":[120],"cause":[132],"class_list":["post-31980","noticia","type-noticia","status-publish","has-post-thumbnail","hentry","category-noticia","tag-participacion-y-ciudadania-global","country-espana","cause-participacion-y-ciudadania-global"],"acf":[],"yoast_head":"<!-- This site is optimized with the Yoast SEO Premium plugin v21.6 (Yoast SEO v27.5) - https:\/\/yoast.com\/product\/yoast-seo-premium-wordpress\/ -->\n<title>RSJ: Programa de movilizaci\u00f3n juvenil de Entreculturas<\/title>\n<meta name=\"description\" content=\"Conoce el programa que fomenta la participaci\u00f3n juvenil en Espa\u00f1a\" \/>\n<meta name=\"robots\" content=\"index, follow, max-snippet:-1, max-image-preview:large, max-video-preview:-1\" \/>\n<link rel=\"canonical\" href=\"https:\/\/www.entreculturas.org\/fr\/noticia\/red-solidaria-de-jovenes-un-programa-que-fomenta-la-participacion-juvenil-en-espana\/\" \/>\n<meta property=\"og:locale\" content=\"fr_FR\" \/>\n<meta property=\"og:type\" content=\"article\" \/>\n<meta property=\"og:title\" content=\"Red Solidaria de J\u00f3venes: Un programa que fomenta la participaci\u00f3n juvenil en Espa\u00f1a\" \/>\n<meta property=\"og:description\" content=\"Conoce el programa que fomenta la participaci\u00f3n juvenil en Espa\u00f1a\" \/>\n<meta property=\"og:url\" content=\"https:\/\/www.entreculturas.org\/fr\/noticia\/red-solidaria-de-jovenes-un-programa-que-fomenta-la-participacion-juvenil-en-espana\/\" \/>\n<meta property=\"og:site_name\" content=\"Entreculturas\" \/>\n<meta property=\"article:publisher\" content=\"https:\/\/www.facebook.com\/entreculturas\" \/>\n<meta property=\"article:modified_time\" content=\"2024-10-28T13:42:25+00:00\" \/>\n<meta property=\"og:image\" content=\"https:\/\/www.entreculturas.org\/wp-content\/uploads\/2024\/09\/06B6343-scaled.jpg\" \/>\n\t<meta property=\"og:image:width\" content=\"2560\" \/>\n\t<meta property=\"og:image:height\" content=\"1707\" \/>\n\t<meta property=\"og:image:type\" content=\"image\/jpeg\" \/>\n<meta name=\"twitter:card\" content=\"summary_large_image\" \/>\n<meta name=\"twitter:site\" content=\"@Entreculturas\" \/>\n<script type=\"application\/ld+json\" class=\"yoast-schema-graph\">{\"@context\":\"https:\\\/\\\/schema.org\",\"@graph\":[{\"@type\":\"WebPage\",\"@id\":\"https:\\\/\\\/www.entreculturas.org\\\/fr\\\/noticia\\\/red-solidaria-de-jovenes-un-programa-que-fomenta-la-participacion-juvenil-en-espana\\\/\",\"url\":\"https:\\\/\\\/www.entreculturas.org\\\/fr\\\/noticia\\\/red-solidaria-de-jovenes-un-programa-que-fomenta-la-participacion-juvenil-en-espana\\\/\",\"name\":\"RSJ: Programa de movilizaci\u00f3n juvenil de Entreculturas\",\"isPartOf\":{\"@id\":\"https:\\\/\\\/www.entreculturas.org\\\/fr\\\/#website\"},\"primaryImageOfPage\":{\"@id\":\"https:\\\/\\\/www.entreculturas.org\\\/fr\\\/noticia\\\/red-solidaria-de-jovenes-un-programa-que-fomenta-la-participacion-juvenil-en-espana\\\/#primaryimage\"},\"image\":{\"@id\":\"https:\\\/\\\/www.entreculturas.org\\\/fr\\\/noticia\\\/red-solidaria-de-jovenes-un-programa-que-fomenta-la-participacion-juvenil-en-espana\\\/#primaryimage\"},\"thumbnailUrl\":\"https:\\\/\\\/www.entreculturas.org\\\/wp-content\\\/uploads\\\/2024\\\/09\\\/06B6343-scaled.jpg\",\"datePublished\":\"2024-09-16T14:47:52+00:00\",\"dateModified\":\"2024-10-28T13:42:25+00:00\",\"description\":\"Conoce el programa que fomenta la participaci\u00f3n juvenil en Espa\u00f1a\",\"breadcrumb\":{\"@id\":\"https:\\\/\\\/www.entreculturas.org\\\/fr\\\/noticia\\\/red-solidaria-de-jovenes-un-programa-que-fomenta-la-participacion-juvenil-en-espana\\\/#breadcrumb\"},\"inLanguage\":\"fr-FR\",\"potentialAction\":[{\"@type\":\"ReadAction\",\"target\":[\"https:\\\/\\\/www.entreculturas.org\\\/fr\\\/noticia\\\/red-solidaria-de-jovenes-un-programa-que-fomenta-la-participacion-juvenil-en-espana\\\/\"]}]},{\"@type\":\"ImageObject\",\"inLanguage\":\"fr-FR\",\"@id\":\"https:\\\/\\\/www.entreculturas.org\\\/fr\\\/noticia\\\/red-solidaria-de-jovenes-un-programa-que-fomenta-la-participacion-juvenil-en-espana\\\/#primaryimage\",\"url\":\"https:\\\/\\\/www.entreculturas.org\\\/wp-content\\\/uploads\\\/2024\\\/09\\\/06B6343-scaled.jpg\",\"contentUrl\":\"https:\\\/\\\/www.entreculturas.org\\\/wp-content\\\/uploads\\\/2024\\\/09\\\/06B6343-scaled.jpg\",\"width\":2560,\"height\":1707},{\"@type\":\"BreadcrumbList\",\"@id\":\"https:\\\/\\\/www.entreculturas.org\\\/fr\\\/noticia\\\/red-solidaria-de-jovenes-un-programa-que-fomenta-la-participacion-juvenil-en-espana\\\/#breadcrumb\",\"itemListElement\":[{\"@type\":\"ListItem\",\"position\":1,\"name\":\"Home\",\"item\":\"https:\\\/\\\/www.entreculturas.org\\\/fr\\\/\"},{\"@type\":\"ListItem\",\"position\":2,\"name\":\"Noticias\",\"item\":\"https:\\\/\\\/www.entreculturas.org\\\/fr\\\/noticias\\\/\"},{\"@type\":\"ListItem\",\"position\":3,\"name\":\"Red Solidaria de J\u00f3venes: Un programa que fomenta la participaci\u00f3n juvenil en Espa\u00f1a\"}]},{\"@type\":\"WebSite\",\"@id\":\"https:\\\/\\\/www.entreculturas.org\\\/fr\\\/#website\",\"url\":\"https:\\\/\\\/www.entreculturas.org\\\/fr\\\/\",\"name\":\"Entreculturas\",\"description\":\"\",\"publisher\":{\"@id\":\"https:\\\/\\\/www.entreculturas.org\\\/fr\\\/#organization\"},\"alternateName\":\"Entreculturas\",\"potentialAction\":[{\"@type\":\"SearchAction\",\"target\":{\"@type\":\"EntryPoint\",\"urlTemplate\":\"https:\\\/\\\/www.entreculturas.org\\\/fr\\\/?s={search_term_string}\"},\"query-input\":{\"@type\":\"PropertyValueSpecification\",\"valueRequired\":true,\"valueName\":\"search_term_string\"}}],\"inLanguage\":\"fr-FR\"},{\"@type\":\"Organization\",\"@id\":\"https:\\\/\\\/www.entreculturas.org\\\/fr\\\/#organization\",\"name\":\"Entreculturas\",\"url\":\"https:\\\/\\\/www.entreculturas.org\\\/fr\\\/\",\"logo\":{\"@type\":\"ImageObject\",\"inLanguage\":\"fr-FR\",\"@id\":\"https:\\\/\\\/www.entreculturas.org\\\/fr\\\/#\\\/schema\\\/logo\\\/image\\\/\",\"url\":\"https:\\\/\\\/www.entreculturas.org\\\/wp-content\\\/uploads\\\/2025\\\/10\\\/ESP.svg\",\"contentUrl\":\"https:\\\/\\\/www.entreculturas.org\\\/wp-content\\\/uploads\\\/2025\\\/10\\\/ESP.svg\",\"caption\":\"Entreculturas\"},\"image\":{\"@id\":\"https:\\\/\\\/www.entreculturas.org\\\/fr\\\/#\\\/schema\\\/logo\\\/image\\\/\"},\"sameAs\":[\"https:\\\/\\\/www.facebook.com\\\/entreculturas\",\"https:\\\/\\\/x.com\\\/Entreculturas\",\"https:\\\/\\\/www.instagram.com\\\/entreculturas\\\/\",\"https:\\\/\\\/www.youtube.com\\\/user\\\/entreculturasvideo\",\"https:\\\/\\\/www.linkedin.com\\\/company\\\/fundacion-entreculturas-ngdo\\\/\",\"https:\\\/\\\/www.flickr.com\\\/photos\\\/98455522@N04\\\/albums\\\/\"]}]}<\/script>\n<!-- \/ Yoast SEO Premium plugin. -->","yoast_head_json":{"title":"RSJ: Programa de movilizaci\u00f3n juvenil de Entreculturas","description":"Conoce el programa que fomenta la participaci\u00f3n juvenil en Espa\u00f1a","robots":{"index":"index","follow":"follow","max-snippet":"max-snippet:-1","max-image-preview":"max-image-preview:large","max-video-preview":"max-video-preview:-1"},"canonical":"https:\/\/www.entreculturas.org\/fr\/noticia\/red-solidaria-de-jovenes-un-programa-que-fomenta-la-participacion-juvenil-en-espana\/","og_locale":"fr_FR","og_type":"article","og_title":"Red Solidaria de J\u00f3venes: Un programa que fomenta la participaci\u00f3n juvenil en Espa\u00f1a","og_description":"Conoce el programa que fomenta la participaci\u00f3n juvenil en Espa\u00f1a","og_url":"https:\/\/www.entreculturas.org\/fr\/noticia\/red-solidaria-de-jovenes-un-programa-que-fomenta-la-participacion-juvenil-en-espana\/","og_site_name":"Entreculturas","article_publisher":"https:\/\/www.facebook.com\/entreculturas","article_modified_time":"2024-10-28T13:42:25+00:00","og_image":[{"width":2560,"height":1707,"url":"https:\/\/www.entreculturas.org\/wp-content\/uploads\/2024\/09\/06B6343-scaled.jpg","type":"image\/jpeg"}],"twitter_card":"summary_large_image","twitter_site":"@Entreculturas","schema":{"@context":"https:\/\/schema.org","@graph":[{"@type":"WebPage","@id":"https:\/\/www.entreculturas.org\/fr\/noticia\/red-solidaria-de-jovenes-un-programa-que-fomenta-la-participacion-juvenil-en-espana\/","url":"https:\/\/www.entreculturas.org\/fr\/noticia\/red-solidaria-de-jovenes-un-programa-que-fomenta-la-participacion-juvenil-en-espana\/","name":"RSJ: Programa de movilizaci\u00f3n juvenil de Entreculturas","isPartOf":{"@id":"https:\/\/www.entreculturas.org\/fr\/#website"},"primaryImageOfPage":{"@id":"https:\/\/www.entreculturas.org\/fr\/noticia\/red-solidaria-de-jovenes-un-programa-que-fomenta-la-participacion-juvenil-en-espana\/#primaryimage"},"image":{"@id":"https:\/\/www.entreculturas.org\/fr\/noticia\/red-solidaria-de-jovenes-un-programa-que-fomenta-la-participacion-juvenil-en-espana\/#primaryimage"},"thumbnailUrl":"https:\/\/www.entreculturas.org\/wp-content\/uploads\/2024\/09\/06B6343-scaled.jpg","datePublished":"2024-09-16T14:47:52+00:00","dateModified":"2024-10-28T13:42:25+00:00","description":"Conoce el programa que fomenta la participaci\u00f3n juvenil en Espa\u00f1a","breadcrumb":{"@id":"https:\/\/www.entreculturas.org\/fr\/noticia\/red-solidaria-de-jovenes-un-programa-que-fomenta-la-participacion-juvenil-en-espana\/#breadcrumb"},"inLanguage":"fr-FR","potentialAction":[{"@type":"ReadAction","target":["https:\/\/www.entreculturas.org\/fr\/noticia\/red-solidaria-de-jovenes-un-programa-que-fomenta-la-participacion-juvenil-en-espana\/"]}]},{"@type":"ImageObject","inLanguage":"fr-FR","@id":"https:\/\/www.entreculturas.org\/fr\/noticia\/red-solidaria-de-jovenes-un-programa-que-fomenta-la-participacion-juvenil-en-espana\/#primaryimage","url":"https:\/\/www.entreculturas.org\/wp-content\/uploads\/2024\/09\/06B6343-scaled.jpg","contentUrl":"https:\/\/www.entreculturas.org\/wp-content\/uploads\/2024\/09\/06B6343-scaled.jpg","width":2560,"height":1707},{"@type":"BreadcrumbList","@id":"https:\/\/www.entreculturas.org\/fr\/noticia\/red-solidaria-de-jovenes-un-programa-que-fomenta-la-participacion-juvenil-en-espana\/#breadcrumb","itemListElement":[{"@type":"ListItem","position":1,"name":"Home","item":"https:\/\/www.entreculturas.org\/fr\/"},{"@type":"ListItem","position":2,"name":"Noticias","item":"https:\/\/www.entreculturas.org\/fr\/noticias\/"},{"@type":"ListItem","position":3,"name":"Red Solidaria de J\u00f3venes: Un programa que fomenta la participaci\u00f3n juvenil en Espa\u00f1a"}]},{"@type":"WebSite","@id":"https:\/\/www.entreculturas.org\/fr\/#website","url":"https:\/\/www.entreculturas.org\/fr\/","name":"Entreculturas","description":"","publisher":{"@id":"https:\/\/www.entreculturas.org\/fr\/#organization"},"alternateName":"Entreculturas","potentialAction":[{"@type":"SearchAction","target":{"@type":"EntryPoint","urlTemplate":"https:\/\/www.entreculturas.org\/fr\/?s={search_term_string}"},"query-input":{"@type":"PropertyValueSpecification","valueRequired":true,"valueName":"search_term_string"}}],"inLanguage":"fr-FR"},{"@type":"Organization","@id":"https:\/\/www.entreculturas.org\/fr\/#organization","name":"Entreculturas","url":"https:\/\/www.entreculturas.org\/fr\/","logo":{"@type":"ImageObject","inLanguage":"fr-FR","@id":"https:\/\/www.entreculturas.org\/fr\/#\/schema\/logo\/image\/","url":"https:\/\/www.entreculturas.org\/wp-content\/uploads\/2025\/10\/ESP.svg","contentUrl":"https:\/\/www.entreculturas.org\/wp-content\/uploads\/2025\/10\/ESP.svg","caption":"Entreculturas"},"image":{"@id":"https:\/\/www.entreculturas.org\/fr\/#\/schema\/logo\/image\/"},"sameAs":["https:\/\/www.facebook.com\/entreculturas","https:\/\/x.com\/Entreculturas","https:\/\/www.instagram.com\/entreculturas\/","https:\/\/www.youtube.com\/user\/entreculturasvideo","https:\/\/www.linkedin.com\/company\/fundacion-entreculturas-ngdo\/","https:\/\/www.flickr.com\/photos\/98455522@N04\/albums\/"]}]}},"_links":{"self":[{"href":"https:\/\/www.entreculturas.org\/fr\/wp-json\/wp\/v2\/noticia\/31980","targetHints":{"allow":["GET"]}}],"collection":[{"href":"https:\/\/www.entreculturas.org\/fr\/wp-json\/wp\/v2\/noticia"}],"about":[{"href":"https:\/\/www.entreculturas.org\/fr\/wp-json\/wp\/v2\/types\/noticia"}],"wp:featuredmedia":[{"embeddable":true,"href":"https:\/\/www.entreculturas.org\/fr\/wp-json\/wp\/v2\/media\/32013"}],"wp:attachment":[{"href":"https:\/\/www.entreculturas.org\/fr\/wp-json\/wp\/v2\/media?parent=31980"}],"wp:term":[{"taxonomy":"category","embeddable":true,"href":"https:\/\/www.entreculturas.org\/fr\/wp-json\/wp\/v2\/categories?post=31980"},{"taxonomy":"post_tag","embeddable":true,"href":"https:\/\/www.entreculturas.org\/fr\/wp-json\/wp\/v2\/tags?post=31980"},{"taxonomy":"country","embeddable":true,"href":"https:\/\/www.entreculturas.org\/fr\/wp-json\/wp\/v2\/country?post=31980"},{"taxonomy":"cause","embeddable":true,"href":"https:\/\/www.entreculturas.org\/fr\/wp-json\/wp\/v2\/cause?post=31980"}],"curies":[{"name":"wp","href":"https:\/\/api.w.org\/{rel}","templated":true}]}}