{"id":3085,"date":"2019-04-25T12:12:41","date_gmt":"2019-04-25T12:12:41","guid":{"rendered":"https:\/\/entreculturasi.wpenginepowered.com\/?noticias=jovenes-artistas-crean-84-obras-de-arte-para-transformar-la-vision-de-la-sociedad-sobre-las"},"modified":"2024-03-18T18:05:01","modified_gmt":"2024-03-18T17:05:01","slug":"jovenes-artistas-crean-84-obras-de-arte-para-transformar-la-vision-de-la-sociedad-sobre-las","status":"publish","type":"noticia","link":"https:\/\/www.entreculturas.org\/fr\/noticia\/jovenes-artistas-crean-84-obras-de-arte-para-transformar-la-vision-de-la-sociedad-sobre-las\/","title":{"rendered":"J\u00f3venes artistas crean 84 obras de arte para transformar la visi\u00f3n de la sociedad sobre las migraciones"},"content":{"rendered":"<p>Esta ma\u00f1ana junto con la Universidad Complutense de Madrid hemos&nbsp;inaugurado&nbsp;en la Facultad de Bellas Artes de la Universidad Complutense de Madrid la tercera edici\u00f3n de la exposici\u00f3n \u201cMiradas que Migran\u201d, una&nbsp;muestra est\u00e1 compuesta por una<strong> 52 carteles, 30 narraciones audiovisuales y dos instalaciones art\u00edsticas<\/strong> elaboradas por el alumnado de la Facultad de Bellas Artes con el objetivo de sensibilizar a su comunidad educativa sobre la realidad actual de la movilidad forzosa y la situaci\u00f3n de vulneraci\u00f3n de derechos que viven las personas migrantes y refugiadas en el mundo.<br \/>&nbsp;<br \/>El proyecto educativo \u2018Miradas que Migran\u2019 nace con la voluntad de implicar a los y las j\u00f3venes de la Facultad de Bellas Artes de la Universidad Complutense de Madrid, en la transformaci\u00f3n de la realidad de la movilidad forzosa.&nbsp;Esta muestra, que estar\u00e1 abierta hasta el 6 de mayo, es el resultado de la tercera edici\u00f3n de un proyecto educativo, basado en la metodolog\u00eda pedag\u00f3gica de aprendizaje-servicio (ApS), que se inici\u00f3 hace dos a\u00f1os entre la ONG Entreculturas y el profesorado y alumnado de las asignaturas de \u201cTeor\u00eda de la Imagen\u201d, \u201cMateriales y Procesos de Fabricaci\u00f3n\u201d, \u201cIngl\u00e9s para el Dise\u00f1o\u201d y \u201cMaquetas y prototipos\u201d, impartidas en el Grado de Dise\u00f1o de la Facultad de Bellas Artes de la Universidad Complutense de Madrid.&nbsp;<br \/>&nbsp;<\/p>\n<\/p>\n<p>Durante este curso, hemos vuelto a acompa\u00f1ar este proyecto junto al equipo docente de la Universidad, poniendo de nuevo el foco en la movilidad forzosa y en la situaci\u00f3n de vulneraci\u00f3n de derechos que viven las personas migrantes y refugiadas en el mundo; se han acercado a diversas tem\u00e1ticas que marcan la vida de las personas y las obligan a huir como son los conflictos armados, la falta de recursos naturales provocados en muchos casos por el cambio clim\u00e1tico. Adem\u00e1s, han conocido los marcos legales a los que est\u00e1 comprometido el Gobierno espa\u00f1ol y la respuesta de Europa a las migraciones. Una realidad que les ha interpelado y obligado a reflexionar sobre su papel como ciudadan\u00eda a la hora de construir una cultura de acogida. Tras sus investigaciones y reflexiones, han puesto su capacidad creativa al servicio de la creaci\u00f3n de carteles, narraciones audiovisuales y creaciones art\u00edsticas que forman la exposici\u00f3n \u201cMiradas Que Migran\u201d,&nbsp; teniendo para ello como referencia \u201cCaminos al Norte\u201d, nuestra&nbsp;l\u00ednea de trabajo relacionada con Migraciones forzosas.<\/p>\n<p>Juanita Bag\u00e9s, Vicedecana y Docente de Teor\u00eda de la Imagen del Grado de Dise\u00f1o, ha sido la encargada de abrir el acto y ha dado paso a los asistentes, entre ellos, Esteban S\u00e1nchez, Delegado del Rector para la Diversidad y el Medio Ambiente, quien ha afirmado que \u201cen momentos dif\u00edciles para la Universidad P\u00fablica tenemos que <strong>marcar la diferencia<\/strong>. El objetivo de la Universidad es mejorar la sociedad en la cual nos insertamos. Cada edici\u00f3n de Miradas Que Migran es especial. Este proyecto es uno de los que la universidad debe tener como motivo de orgullo\u201d. Por su parte, Margarita Gonz\u00e1lez, Vicedecana de Cultura de la Facultad de Bellas Artes de la UCM apreciaba al alumnado y dontes que han participado en el proyecto:&nbsp;\u00ab\u00a0es fundamental que sint\u00e1is el empoderamiento que ten\u00e9is para decir las cosas con un impacto muy poderosos, did\u00e1ctico y social que permite que nos acerquemos a <strong>un mundo inclusivo, valiente y abierto<\/strong>, a que las oportunidades no sean sectarias, a que todas las personas puedan desarrollar todo su potencial vengan de donde vengan.\u201d<\/p>\n<p>Durante el acto, Clara Maeztu, del \u00e1rea de&nbsp;Ciudadan\u00eda de Entreculturas explicaba que este proyecto \u201cnos permite hablar de los 68,5 millones de personas refugiadas en el mundo, de los Gobiernos que incumplen sus compromisos internacionales, de una frontera sur que se consolida como una de las rutas m\u00e1s mort\u00edferas del mundo. Fronteras que se cierran. Esta realidad no es lejana ni ajena, es parte tambi\u00e9n de una guerra narrativa, c\u00f3mo nos contamos las cosas y c\u00f3mo nos las cuentan es muy importante. Por eso tambi\u00e9n creemos que este tipo de proyectos conectan a las instituciones educativas con la realidad social, local y global permitiendo al alumnado <strong>explorar la capacidad de transformaci\u00f3n social <\/strong>que tienen a trav\u00e9s del arte como ciudadan\u00eda global que son\u201d.<\/p>\n<p>Ana Weber y Alicia Monreal, alumnas de la Universidad Complutense participantes en el proyecto, tambi\u00e9n han compartido durante la inauguraci\u00f3n su mirada sobre este proyecto. \u201cVenimos en representaci\u00f3n de todos los compa\u00f1eros que hemos realizado. Este proyecto derrib\u00f3 las paredes de la clase, no es un trabajo que empieza y acaba es un trabajo que sigue dentro de nuestra mente. Hemos intentado crear para transformar vuestra visi\u00f3n sobre las migraciones\u201d.&nbsp;<br \/>&nbsp;<\/p>\n<p><img decoding=\"async\" alt=\"\" height=\"578\" src=\"https:\/\/www.entreculturas.org\/wp-content\/uploads\/2019\/04\/1_1.jpg\" width=\"800\"><\/p>\n<p>Ambas alumnas han sido las encargadas de dar paso a cuatro performances que han dado movimiento a la exposici\u00f3n. La primera performance ha sido realizada por un grupo de alumnos que han irrumpido en la sala con maletas de las cu\u00e1les han sacado carteles con mensajes como \u201cen Espa\u00f1a 3 de cada 4 peticiones de asilo&nbsp; son rechazadas\u201d o \u201csomos seres migrantes la migraci\u00f3n forma parte de nuestra cultura\u201d o \u201c42.000 solicitudes de asilo sin resolver\u201d. La segunda y la tercera performances han consistido en una subasta en la que ped\u00edan a las personas asistentes pujar sobre el n\u00famero de personas refugiadas y desplazadas en el mundo, que asciende a 68,5 o sobre que el 99% de las personas v\u00edctimas de trata son mujeres y ni\u00f1as, o licitar sobre qu\u00e9 cantidad de mujeres refugiadas y desplazadas han sido v\u00edctimas de violencia sexual en 2016, 1 de cada 5. La cuarta performance ha consistido en una muestra de etiquetas en forma de pegatinas que ten\u00edan que ver con prejuicios y estereotipos y c\u00f3mo la ciudadan\u00eda pueda sustituirlas por acciones de acogida e inclusi\u00f3n. \u201cSon migraciones no consentidas. Tratamos este tema como si fuese una subasta porque es as\u00ed como se les est\u00e1 tratando a las personas migrantes. Queremos que la sociedad se implique en cambiar estas realidades\u201d, conclu\u00edan los j\u00f3venes.<\/p>\n<p><span style=\"font-size:16px\"><span style=\"color:#ff0101\"><strong>Actividades en torno a \u201cMiradas Que Migran\u201d<\/strong><\/span><\/span><br \/>Adem\u00e1s de la inauguraci\u00f3n de la exposici\u00f3n, Miradas Que Migran contempla una serie de actividades:<\/p>\n<p><span style=\"color:#ff0101\">30 de abril<\/span><br \/>12:30-14h: visitas educativas dinamizadas por parte del alumnado autores de las obras a grupos de 60 escolares de secundaria del colegio Bienaventurada Virgen Mar\u00eda.<\/p>\n<p><span style=\"color:#ff0101\">6 de mayo<\/span><br \/>15:00-17h:&nbsp; Charla con Javier Bauluz, fot\u00f3grafo y reportero, primer espa\u00f1ol en recibir un Premio Pulitzer, director de Periodismo Humano. Ha cubierto con Entreculturas la caravana de migrantes en M\u00e9xico, sobre la que dialogar\u00e1 con el alumnado. Durante su charla, Bauluz ha hecho un recorrido por las fotograf\u00edas m\u00e1s emblem\u00e1ticas de su carrera, destacando el papel del fotoperiodistmo en el contexto de las migraciones forzosas: \u00ab\u00a0Poder captar los rostros y emociones de los migrantes, los convierte en personas ante el mundo, visibiliza su realidad\u00a0\u00bb.<\/p>\n<p>&nbsp;<\/p>\n<p><span style=\"font-size:16px\"><span style=\"color:#ff0101\"><strong>Miradas que Migran en Valencia<\/strong><\/span><\/span><\/p>\n<p>El 17&nbsp;de mayo tuvo lugar la dinamizaci\u00f3n de la exposici\u00f3n \u00ab\u00a0Miradas que Migran\u00a0\u00bb en el Instituto de Educaci\u00f3n Secundaria , Jordi de Sant Jordi, de la Ciudad de Valencia. Alrededor de 100 estudiantes formaron parte de las actividades propuestas desde el grupo de dinamizaci\u00f3n y 40 estudiantes de la Universidad de Valencia trabajaron tanto en el montaje de la misma como con actividades que ayudaron a que los y las estudiantes se pudiesen poner en el lugar de las personas que deben abandonar su hogar por motivos que no son elegidos libremente.<\/p>\n","protected":false},"excerpt":{"rendered":"<p>Esta ma\u00f1ana junto con la Universidad Complutense de Madrid hemos inaugurado en la Facultad de Bellas Artes de la Universidad Complutense de Madrid la tercera edici\u00f3n de la exposici\u00f3n \u201cMiradas que Migran\u201d, una muestra est\u00e1 compuesta por una 52 carteles, 30 narraciones audiovisuales y dos instalaciones art\u00edsticas elaboradas por el alumnado de la Facultad de Bellas Artes con el objetivo de sensibilizar a su comunidad educativa sobre la realidad actual de la movilidad forzosa y la situaci\u00f3n de vulneraci\u00f3n de derechos que viven las personas migrantes y refugiadas en el mundo.<\/p>\n","protected":false},"featured_media":3083,"template":"single-noticia","meta":{"_acf_changed":false},"categories":[7],"tags":[10],"country":[],"cause":[129],"class_list":["post-3085","noticia","type-noticia","status-publish","has-post-thumbnail","hentry","category-noticia","tag-migracion-y-refugio","cause-migracion-y-refugio"],"acf":[],"yoast_head":"<!-- This site is optimized with the Yoast SEO Premium plugin v21.6 (Yoast SEO v27.5) - https:\/\/yoast.com\/product\/yoast-seo-premium-wordpress\/ -->\n<title>J\u00f3venes artistas crean 84 obras de arte para transformar la visi\u00f3n de la sociedad sobre las migraciones - Entreculturas<\/title>\n<meta name=\"robots\" content=\"index, follow, max-snippet:-1, max-image-preview:large, max-video-preview:-1\" \/>\n<link rel=\"canonical\" href=\"https:\/\/www.entreculturas.org\/fr\/noticia\/jovenes-artistas-crean-84-obras-de-arte-para-transformar-la-vision-de-la-sociedad-sobre-las\/\" \/>\n<meta property=\"og:locale\" content=\"fr_FR\" \/>\n<meta property=\"og:type\" content=\"article\" \/>\n<meta property=\"og:title\" content=\"J\u00f3venes artistas crean 84 obras de arte para transformar la visi\u00f3n de la sociedad sobre las migraciones\" \/>\n<meta property=\"og:description\" content=\"Esta ma\u00f1ana junto con la Universidad Complutense de Madrid hemos inaugurado en la Facultad de Bellas Artes de la Universidad Complutense de Madrid la tercera edici\u00f3n de la exposici\u00f3n \u201cMiradas que Migran\u201d, una muestra est\u00e1 compuesta por una 52 carteles, 30 narraciones audiovisuales y dos instalaciones art\u00edsticas elaboradas por el alumnado de la Facultad de Bellas Artes con el objetivo de sensibilizar a su comunidad educativa sobre la realidad actual de la movilidad forzosa y la situaci\u00f3n de vulneraci\u00f3n de derechos que viven las personas migrantes y refugiadas en el mundo.\" \/>\n<meta property=\"og:url\" content=\"https:\/\/www.entreculturas.org\/fr\/noticia\/jovenes-artistas-crean-84-obras-de-arte-para-transformar-la-vision-de-la-sociedad-sobre-las\/\" \/>\n<meta property=\"og:site_name\" content=\"Entreculturas\" \/>\n<meta property=\"article:publisher\" content=\"https:\/\/www.facebook.com\/entreculturas\" \/>\n<meta property=\"article:modified_time\" content=\"2024-03-18T17:05:01+00:00\" \/>\n<meta property=\"og:image\" content=\"https:\/\/www.entreculturas.org\/wp-content\/uploads\/2019\/04\/mqm1.jpg\" \/>\n\t<meta property=\"og:image:width\" content=\"800\" \/>\n\t<meta property=\"og:image:height\" content=\"533\" \/>\n\t<meta property=\"og:image:type\" content=\"image\/jpeg\" \/>\n<meta name=\"twitter:card\" content=\"summary_large_image\" \/>\n<meta name=\"twitter:site\" content=\"@Entreculturas\" \/>\n<script type=\"application\/ld+json\" class=\"yoast-schema-graph\">{\"@context\":\"https:\\\/\\\/schema.org\",\"@graph\":[{\"@type\":\"WebPage\",\"@id\":\"https:\\\/\\\/www.entreculturas.org\\\/fr\\\/noticia\\\/jovenes-artistas-crean-84-obras-de-arte-para-transformar-la-vision-de-la-sociedad-sobre-las\\\/\",\"url\":\"https:\\\/\\\/www.entreculturas.org\\\/fr\\\/noticia\\\/jovenes-artistas-crean-84-obras-de-arte-para-transformar-la-vision-de-la-sociedad-sobre-las\\\/\",\"name\":\"J\u00f3venes artistas crean 84 obras de arte para transformar la visi\u00f3n de la sociedad sobre las migraciones - Entreculturas\",\"isPartOf\":{\"@id\":\"https:\\\/\\\/www.entreculturas.org\\\/fr\\\/#website\"},\"primaryImageOfPage\":{\"@id\":\"https:\\\/\\\/www.entreculturas.org\\\/fr\\\/noticia\\\/jovenes-artistas-crean-84-obras-de-arte-para-transformar-la-vision-de-la-sociedad-sobre-las\\\/#primaryimage\"},\"image\":{\"@id\":\"https:\\\/\\\/www.entreculturas.org\\\/fr\\\/noticia\\\/jovenes-artistas-crean-84-obras-de-arte-para-transformar-la-vision-de-la-sociedad-sobre-las\\\/#primaryimage\"},\"thumbnailUrl\":\"https:\\\/\\\/www.entreculturas.org\\\/wp-content\\\/uploads\\\/2019\\\/04\\\/mqm1.jpg\",\"datePublished\":\"2019-04-25T12:12:41+00:00\",\"dateModified\":\"2024-03-18T17:05:01+00:00\",\"breadcrumb\":{\"@id\":\"https:\\\/\\\/www.entreculturas.org\\\/fr\\\/noticia\\\/jovenes-artistas-crean-84-obras-de-arte-para-transformar-la-vision-de-la-sociedad-sobre-las\\\/#breadcrumb\"},\"inLanguage\":\"fr-FR\",\"potentialAction\":[{\"@type\":\"ReadAction\",\"target\":[\"https:\\\/\\\/www.entreculturas.org\\\/fr\\\/noticia\\\/jovenes-artistas-crean-84-obras-de-arte-para-transformar-la-vision-de-la-sociedad-sobre-las\\\/\"]}]},{\"@type\":\"ImageObject\",\"inLanguage\":\"fr-FR\",\"@id\":\"https:\\\/\\\/www.entreculturas.org\\\/fr\\\/noticia\\\/jovenes-artistas-crean-84-obras-de-arte-para-transformar-la-vision-de-la-sociedad-sobre-las\\\/#primaryimage\",\"url\":\"https:\\\/\\\/www.entreculturas.org\\\/wp-content\\\/uploads\\\/2019\\\/04\\\/mqm1.jpg\",\"contentUrl\":\"https:\\\/\\\/www.entreculturas.org\\\/wp-content\\\/uploads\\\/2019\\\/04\\\/mqm1.jpg\",\"width\":800,\"height\":533},{\"@type\":\"BreadcrumbList\",\"@id\":\"https:\\\/\\\/www.entreculturas.org\\\/fr\\\/noticia\\\/jovenes-artistas-crean-84-obras-de-arte-para-transformar-la-vision-de-la-sociedad-sobre-las\\\/#breadcrumb\",\"itemListElement\":[{\"@type\":\"ListItem\",\"position\":1,\"name\":\"Home\",\"item\":\"https:\\\/\\\/www.entreculturas.org\\\/fr\\\/\"},{\"@type\":\"ListItem\",\"position\":2,\"name\":\"Noticias\",\"item\":\"https:\\\/\\\/www.entreculturas.org\\\/fr\\\/noticias\\\/\"},{\"@type\":\"ListItem\",\"position\":3,\"name\":\"J\u00f3venes artistas crean 84 obras de arte para transformar la visi\u00f3n de la sociedad sobre las migraciones\"}]},{\"@type\":\"WebSite\",\"@id\":\"https:\\\/\\\/www.entreculturas.org\\\/fr\\\/#website\",\"url\":\"https:\\\/\\\/www.entreculturas.org\\\/fr\\\/\",\"name\":\"Entreculturas\",\"description\":\"\",\"publisher\":{\"@id\":\"https:\\\/\\\/www.entreculturas.org\\\/fr\\\/#organization\"},\"alternateName\":\"Entreculturas\",\"potentialAction\":[{\"@type\":\"SearchAction\",\"target\":{\"@type\":\"EntryPoint\",\"urlTemplate\":\"https:\\\/\\\/www.entreculturas.org\\\/fr\\\/?s={search_term_string}\"},\"query-input\":{\"@type\":\"PropertyValueSpecification\",\"valueRequired\":true,\"valueName\":\"search_term_string\"}}],\"inLanguage\":\"fr-FR\"},{\"@type\":\"Organization\",\"@id\":\"https:\\\/\\\/www.entreculturas.org\\\/fr\\\/#organization\",\"name\":\"Entreculturas\",\"url\":\"https:\\\/\\\/www.entreculturas.org\\\/fr\\\/\",\"logo\":{\"@type\":\"ImageObject\",\"inLanguage\":\"fr-FR\",\"@id\":\"https:\\\/\\\/www.entreculturas.org\\\/fr\\\/#\\\/schema\\\/logo\\\/image\\\/\",\"url\":\"https:\\\/\\\/www.entreculturas.org\\\/wp-content\\\/uploads\\\/2025\\\/10\\\/ESP.svg\",\"contentUrl\":\"https:\\\/\\\/www.entreculturas.org\\\/wp-content\\\/uploads\\\/2025\\\/10\\\/ESP.svg\",\"caption\":\"Entreculturas\"},\"image\":{\"@id\":\"https:\\\/\\\/www.entreculturas.org\\\/fr\\\/#\\\/schema\\\/logo\\\/image\\\/\"},\"sameAs\":[\"https:\\\/\\\/www.facebook.com\\\/entreculturas\",\"https:\\\/\\\/x.com\\\/Entreculturas\",\"https:\\\/\\\/www.instagram.com\\\/entreculturas\\\/\",\"https:\\\/\\\/www.youtube.com\\\/user\\\/entreculturasvideo\",\"https:\\\/\\\/www.linkedin.com\\\/company\\\/fundacion-entreculturas-ngdo\\\/\",\"https:\\\/\\\/www.flickr.com\\\/photos\\\/98455522@N04\\\/albums\\\/\"]}]}<\/script>\n<!-- \/ Yoast SEO Premium plugin. -->","yoast_head_json":{"title":"J\u00f3venes artistas crean 84 obras de arte para transformar la visi\u00f3n de la sociedad sobre las migraciones - Entreculturas","robots":{"index":"index","follow":"follow","max-snippet":"max-snippet:-1","max-image-preview":"max-image-preview:large","max-video-preview":"max-video-preview:-1"},"canonical":"https:\/\/www.entreculturas.org\/fr\/noticia\/jovenes-artistas-crean-84-obras-de-arte-para-transformar-la-vision-de-la-sociedad-sobre-las\/","og_locale":"fr_FR","og_type":"article","og_title":"J\u00f3venes artistas crean 84 obras de arte para transformar la visi\u00f3n de la sociedad sobre las migraciones","og_description":"Esta ma\u00f1ana junto con la Universidad Complutense de Madrid hemos inaugurado en la Facultad de Bellas Artes de la Universidad Complutense de Madrid la tercera edici\u00f3n de la exposici\u00f3n \u201cMiradas que Migran\u201d, una muestra est\u00e1 compuesta por una 52 carteles, 30 narraciones audiovisuales y dos instalaciones art\u00edsticas elaboradas por el alumnado de la Facultad de Bellas Artes con el objetivo de sensibilizar a su comunidad educativa sobre la realidad actual de la movilidad forzosa y la situaci\u00f3n de vulneraci\u00f3n de derechos que viven las personas migrantes y refugiadas en el mundo.","og_url":"https:\/\/www.entreculturas.org\/fr\/noticia\/jovenes-artistas-crean-84-obras-de-arte-para-transformar-la-vision-de-la-sociedad-sobre-las\/","og_site_name":"Entreculturas","article_publisher":"https:\/\/www.facebook.com\/entreculturas","article_modified_time":"2024-03-18T17:05:01+00:00","og_image":[{"width":800,"height":533,"url":"https:\/\/www.entreculturas.org\/wp-content\/uploads\/2019\/04\/mqm1.jpg","type":"image\/jpeg"}],"twitter_card":"summary_large_image","twitter_site":"@Entreculturas","schema":{"@context":"https:\/\/schema.org","@graph":[{"@type":"WebPage","@id":"https:\/\/www.entreculturas.org\/fr\/noticia\/jovenes-artistas-crean-84-obras-de-arte-para-transformar-la-vision-de-la-sociedad-sobre-las\/","url":"https:\/\/www.entreculturas.org\/fr\/noticia\/jovenes-artistas-crean-84-obras-de-arte-para-transformar-la-vision-de-la-sociedad-sobre-las\/","name":"J\u00f3venes artistas crean 84 obras de arte para transformar la visi\u00f3n de la sociedad sobre las migraciones - Entreculturas","isPartOf":{"@id":"https:\/\/www.entreculturas.org\/fr\/#website"},"primaryImageOfPage":{"@id":"https:\/\/www.entreculturas.org\/fr\/noticia\/jovenes-artistas-crean-84-obras-de-arte-para-transformar-la-vision-de-la-sociedad-sobre-las\/#primaryimage"},"image":{"@id":"https:\/\/www.entreculturas.org\/fr\/noticia\/jovenes-artistas-crean-84-obras-de-arte-para-transformar-la-vision-de-la-sociedad-sobre-las\/#primaryimage"},"thumbnailUrl":"https:\/\/www.entreculturas.org\/wp-content\/uploads\/2019\/04\/mqm1.jpg","datePublished":"2019-04-25T12:12:41+00:00","dateModified":"2024-03-18T17:05:01+00:00","breadcrumb":{"@id":"https:\/\/www.entreculturas.org\/fr\/noticia\/jovenes-artistas-crean-84-obras-de-arte-para-transformar-la-vision-de-la-sociedad-sobre-las\/#breadcrumb"},"inLanguage":"fr-FR","potentialAction":[{"@type":"ReadAction","target":["https:\/\/www.entreculturas.org\/fr\/noticia\/jovenes-artistas-crean-84-obras-de-arte-para-transformar-la-vision-de-la-sociedad-sobre-las\/"]}]},{"@type":"ImageObject","inLanguage":"fr-FR","@id":"https:\/\/www.entreculturas.org\/fr\/noticia\/jovenes-artistas-crean-84-obras-de-arte-para-transformar-la-vision-de-la-sociedad-sobre-las\/#primaryimage","url":"https:\/\/www.entreculturas.org\/wp-content\/uploads\/2019\/04\/mqm1.jpg","contentUrl":"https:\/\/www.entreculturas.org\/wp-content\/uploads\/2019\/04\/mqm1.jpg","width":800,"height":533},{"@type":"BreadcrumbList","@id":"https:\/\/www.entreculturas.org\/fr\/noticia\/jovenes-artistas-crean-84-obras-de-arte-para-transformar-la-vision-de-la-sociedad-sobre-las\/#breadcrumb","itemListElement":[{"@type":"ListItem","position":1,"name":"Home","item":"https:\/\/www.entreculturas.org\/fr\/"},{"@type":"ListItem","position":2,"name":"Noticias","item":"https:\/\/www.entreculturas.org\/fr\/noticias\/"},{"@type":"ListItem","position":3,"name":"J\u00f3venes artistas crean 84 obras de arte para transformar la visi\u00f3n de la sociedad sobre las migraciones"}]},{"@type":"WebSite","@id":"https:\/\/www.entreculturas.org\/fr\/#website","url":"https:\/\/www.entreculturas.org\/fr\/","name":"Entreculturas","description":"","publisher":{"@id":"https:\/\/www.entreculturas.org\/fr\/#organization"},"alternateName":"Entreculturas","potentialAction":[{"@type":"SearchAction","target":{"@type":"EntryPoint","urlTemplate":"https:\/\/www.entreculturas.org\/fr\/?s={search_term_string}"},"query-input":{"@type":"PropertyValueSpecification","valueRequired":true,"valueName":"search_term_string"}}],"inLanguage":"fr-FR"},{"@type":"Organization","@id":"https:\/\/www.entreculturas.org\/fr\/#organization","name":"Entreculturas","url":"https:\/\/www.entreculturas.org\/fr\/","logo":{"@type":"ImageObject","inLanguage":"fr-FR","@id":"https:\/\/www.entreculturas.org\/fr\/#\/schema\/logo\/image\/","url":"https:\/\/www.entreculturas.org\/wp-content\/uploads\/2025\/10\/ESP.svg","contentUrl":"https:\/\/www.entreculturas.org\/wp-content\/uploads\/2025\/10\/ESP.svg","caption":"Entreculturas"},"image":{"@id":"https:\/\/www.entreculturas.org\/fr\/#\/schema\/logo\/image\/"},"sameAs":["https:\/\/www.facebook.com\/entreculturas","https:\/\/x.com\/Entreculturas","https:\/\/www.instagram.com\/entreculturas\/","https:\/\/www.youtube.com\/user\/entreculturasvideo","https:\/\/www.linkedin.com\/company\/fundacion-entreculturas-ngdo\/","https:\/\/www.flickr.com\/photos\/98455522@N04\/albums\/"]}]}},"_links":{"self":[{"href":"https:\/\/www.entreculturas.org\/fr\/wp-json\/wp\/v2\/noticia\/3085","targetHints":{"allow":["GET"]}}],"collection":[{"href":"https:\/\/www.entreculturas.org\/fr\/wp-json\/wp\/v2\/noticia"}],"about":[{"href":"https:\/\/www.entreculturas.org\/fr\/wp-json\/wp\/v2\/types\/noticia"}],"wp:featuredmedia":[{"embeddable":true,"href":"https:\/\/www.entreculturas.org\/fr\/wp-json\/wp\/v2\/media\/3083"}],"wp:attachment":[{"href":"https:\/\/www.entreculturas.org\/fr\/wp-json\/wp\/v2\/media?parent=3085"}],"wp:term":[{"taxonomy":"category","embeddable":true,"href":"https:\/\/www.entreculturas.org\/fr\/wp-json\/wp\/v2\/categories?post=3085"},{"taxonomy":"post_tag","embeddable":true,"href":"https:\/\/www.entreculturas.org\/fr\/wp-json\/wp\/v2\/tags?post=3085"},{"taxonomy":"country","embeddable":true,"href":"https:\/\/www.entreculturas.org\/fr\/wp-json\/wp\/v2\/country?post=3085"},{"taxonomy":"cause","embeddable":true,"href":"https:\/\/www.entreculturas.org\/fr\/wp-json\/wp\/v2\/cause?post=3085"}],"curies":[{"name":"wp","href":"https:\/\/api.w.org\/{rel}","templated":true}]}}