{"id":3045,"date":"2019-04-15T09:20:46","date_gmt":"2019-04-15T09:20:46","guid":{"rendered":"https:\/\/entreculturasi.wpenginepowered.com\/?noticias=los-coles-corren-por-la-luz-de-las-ninas"},"modified":"2024-03-18T18:02:13","modified_gmt":"2024-03-18T17:02:13","slug":"los-coles-corren-por-la-luz-de-las-ninas","status":"publish","type":"noticia","link":"https:\/\/www.entreculturas.org\/fr\/noticia\/los-coles-corren-por-la-luz-de-las-ninas\/","title":{"rendered":"Los coles corren por La Luz de las Ni\u00f1as"},"content":{"rendered":"<\/p>\n<p>Este a\u00f1o se han sumado cerca de una decena de colegios a la carrera solidaria de Entreculturas: Corre por una Causa, un proyecto deportivo, educativo y de sensibilizaci\u00f3n que busca sumar voluntades y ayudas para uno de nuestros programas: #laluzdelasni\u00f1as.<\/p>\n<p>La Luz de las Ni\u00f1as&nbsp; es un programa de apoyo a 32.000 ni\u00f1as en 12 pa\u00edses de \u00c1frica y Am\u00e9rica Latina, que busca disminuir las situaciones de violencia f\u00edsica, ps\u00edquica y sexual, que sufren cerca de 240 millones de ni\u00f1as en todo el mundo. Con ello se espera que m\u00e1s instituciones se sumen a la carrera solidaria, como los centros educativos que este a\u00f1o acoger\u00e1n Corre por una Causa versi\u00f3n coles:<\/p>\n<ul>\n<li>11 de abril: IES Campo Charro de Fuente de San Esteban, Salamanca.<\/li>\n<li>12 de abril: Colegio Mayex, San Cristobal de la Laguna, Tenerife.<\/li>\n<li>24 de abril: IES Carolina Coronado, Almendralejo, Badajoz.<\/li>\n<li>25 de abril: IES Fray Diego Tadeo Gonz\u00e1lez, Ciudad Rodrigo, Salamanca.<\/li>\n<li>3 de mayo: IES Salvador Rueda, V\u00e9lez-M\u00e1laga, M\u00e1laga.<\/li>\n<li>10 de mayo: Colegio SAFA Valverde del Camino, Huelva.<\/li>\n<li>12 de mayo: Escuela V\u00edrgen de Guadalupe, Badajoz.<br \/>&nbsp;<\/li>\n<\/ul>\n<p>Adem\u00e1s, Entreculturas se prepara para celebrar la \u00faltima carrera solidaria del gran circuito nacional en Barcelona, el domingo 28 de abril de 2019. Este evento, se llevar\u00e1 a cabo en el Parc del Baix Llobregat, contar\u00e1 con pruebas de 10km y 5km, tres carreras infantiles de 1000m, 400m y 100m, y una caminada popular para todas las edades.<\/p>\n<p>Puedes inscribirte para la carrera de Barcelona en: <a href=\"https:\/\/www.correporunacuasa.org\" target=\"_blank\" rel=\"noopener\">correporunacuasa.org<\/a><\/p>\n","protected":false},"excerpt":{"rendered":"<p>Este a\u00f1o se han sumado cerca de una decena de colegios a la carrera solidaria de Entreculturas: Corre por una Causa, un proyecto deportivo, educativo y de sensibilizaci\u00f3n que busca sumar voluntades y ayudas para uno de nuestros programas: #laluzdelasni\u00f1as.<\/p>\n","protected":false},"featured_media":3046,"template":"single-noticia","meta":{"_acf_changed":false},"categories":[7],"tags":[293],"country":[],"cause":[130],"class_list":["post-3045","noticia","type-noticia","status-publish","has-post-thumbnail","hentry","category-noticia","tag-genero","cause-genero"],"acf":[],"yoast_head":"<!-- This site is optimized with the Yoast SEO Premium plugin v21.6 (Yoast SEO v27.5) - https:\/\/yoast.com\/product\/yoast-seo-premium-wordpress\/ -->\n<title>Los coles corren por La Luz de las Ni\u00f1as - Entreculturas<\/title>\n<meta name=\"robots\" content=\"index, follow, max-snippet:-1, max-image-preview:large, max-video-preview:-1\" \/>\n<link rel=\"canonical\" href=\"https:\/\/www.entreculturas.org\/fr\/noticia\/los-coles-corren-por-la-luz-de-las-ninas\/\" \/>\n<meta property=\"og:locale\" content=\"fr_FR\" \/>\n<meta property=\"og:type\" content=\"article\" \/>\n<meta property=\"og:title\" content=\"Los coles corren por La Luz de las Ni\u00f1as\" \/>\n<meta property=\"og:description\" content=\"Este a\u00f1o se han sumado cerca de una decena de colegios a la carrera solidaria de Entreculturas: Corre por una Causa, un proyecto deportivo, educativo y de sensibilizaci\u00f3n que busca sumar voluntades y ayudas para uno de nuestros programas: #laluzdelasni\u00f1as.\" \/>\n<meta property=\"og:url\" content=\"https:\/\/www.entreculturas.org\/fr\/noticia\/los-coles-corren-por-la-luz-de-las-ninas\/\" \/>\n<meta property=\"og:site_name\" content=\"Entreculturas\" \/>\n<meta property=\"article:publisher\" content=\"https:\/\/www.facebook.com\/entreculturas\" \/>\n<meta property=\"article:modified_time\" content=\"2024-03-18T17:02:13+00:00\" \/>\n<meta property=\"og:image\" content=\"https:\/\/www.entreculturas.org\/wp-content\/uploads\/2019\/04\/coles_corren_por_una_causa_003.jpeg\" \/>\n\t<meta property=\"og:image:width\" content=\"1600\" \/>\n\t<meta property=\"og:image:height\" content=\"1200\" \/>\n\t<meta property=\"og:image:type\" content=\"image\/jpeg\" \/>\n<meta name=\"twitter:card\" content=\"summary_large_image\" \/>\n<meta name=\"twitter:site\" content=\"@Entreculturas\" \/>\n<script type=\"application\/ld+json\" class=\"yoast-schema-graph\">{\"@context\":\"https:\\\/\\\/schema.org\",\"@graph\":[{\"@type\":\"WebPage\",\"@id\":\"https:\\\/\\\/www.entreculturas.org\\\/fr\\\/noticia\\\/los-coles-corren-por-la-luz-de-las-ninas\\\/\",\"url\":\"https:\\\/\\\/www.entreculturas.org\\\/fr\\\/noticia\\\/los-coles-corren-por-la-luz-de-las-ninas\\\/\",\"name\":\"Los coles corren por La Luz de las Ni\u00f1as - Entreculturas\",\"isPartOf\":{\"@id\":\"https:\\\/\\\/www.entreculturas.org\\\/fr\\\/#website\"},\"primaryImageOfPage\":{\"@id\":\"https:\\\/\\\/www.entreculturas.org\\\/fr\\\/noticia\\\/los-coles-corren-por-la-luz-de-las-ninas\\\/#primaryimage\"},\"image\":{\"@id\":\"https:\\\/\\\/www.entreculturas.org\\\/fr\\\/noticia\\\/los-coles-corren-por-la-luz-de-las-ninas\\\/#primaryimage\"},\"thumbnailUrl\":\"https:\\\/\\\/www.entreculturas.org\\\/wp-content\\\/uploads\\\/2019\\\/04\\\/coles_corren_por_una_causa_003.jpeg\",\"datePublished\":\"2019-04-15T09:20:46+00:00\",\"dateModified\":\"2024-03-18T17:02:13+00:00\",\"breadcrumb\":{\"@id\":\"https:\\\/\\\/www.entreculturas.org\\\/fr\\\/noticia\\\/los-coles-corren-por-la-luz-de-las-ninas\\\/#breadcrumb\"},\"inLanguage\":\"fr-FR\",\"potentialAction\":[{\"@type\":\"ReadAction\",\"target\":[\"https:\\\/\\\/www.entreculturas.org\\\/fr\\\/noticia\\\/los-coles-corren-por-la-luz-de-las-ninas\\\/\"]}]},{\"@type\":\"ImageObject\",\"inLanguage\":\"fr-FR\",\"@id\":\"https:\\\/\\\/www.entreculturas.org\\\/fr\\\/noticia\\\/los-coles-corren-por-la-luz-de-las-ninas\\\/#primaryimage\",\"url\":\"https:\\\/\\\/www.entreculturas.org\\\/wp-content\\\/uploads\\\/2019\\\/04\\\/coles_corren_por_una_causa_003.jpeg\",\"contentUrl\":\"https:\\\/\\\/www.entreculturas.org\\\/wp-content\\\/uploads\\\/2019\\\/04\\\/coles_corren_por_una_causa_003.jpeg\",\"width\":1600,\"height\":1200,\"caption\":\"coles_corren_por_una_causa_003\"},{\"@type\":\"BreadcrumbList\",\"@id\":\"https:\\\/\\\/www.entreculturas.org\\\/fr\\\/noticia\\\/los-coles-corren-por-la-luz-de-las-ninas\\\/#breadcrumb\",\"itemListElement\":[{\"@type\":\"ListItem\",\"position\":1,\"name\":\"Home\",\"item\":\"https:\\\/\\\/www.entreculturas.org\\\/fr\\\/\"},{\"@type\":\"ListItem\",\"position\":2,\"name\":\"Noticias\",\"item\":\"https:\\\/\\\/www.entreculturas.org\\\/fr\\\/noticias\\\/\"},{\"@type\":\"ListItem\",\"position\":3,\"name\":\"Los coles corren por La Luz de las Ni\u00f1as\"}]},{\"@type\":\"WebSite\",\"@id\":\"https:\\\/\\\/www.entreculturas.org\\\/fr\\\/#website\",\"url\":\"https:\\\/\\\/www.entreculturas.org\\\/fr\\\/\",\"name\":\"Entreculturas\",\"description\":\"\",\"publisher\":{\"@id\":\"https:\\\/\\\/www.entreculturas.org\\\/fr\\\/#organization\"},\"alternateName\":\"Entreculturas\",\"potentialAction\":[{\"@type\":\"SearchAction\",\"target\":{\"@type\":\"EntryPoint\",\"urlTemplate\":\"https:\\\/\\\/www.entreculturas.org\\\/fr\\\/?s={search_term_string}\"},\"query-input\":{\"@type\":\"PropertyValueSpecification\",\"valueRequired\":true,\"valueName\":\"search_term_string\"}}],\"inLanguage\":\"fr-FR\"},{\"@type\":\"Organization\",\"@id\":\"https:\\\/\\\/www.entreculturas.org\\\/fr\\\/#organization\",\"name\":\"Entreculturas\",\"url\":\"https:\\\/\\\/www.entreculturas.org\\\/fr\\\/\",\"logo\":{\"@type\":\"ImageObject\",\"inLanguage\":\"fr-FR\",\"@id\":\"https:\\\/\\\/www.entreculturas.org\\\/fr\\\/#\\\/schema\\\/logo\\\/image\\\/\",\"url\":\"https:\\\/\\\/www.entreculturas.org\\\/wp-content\\\/uploads\\\/2025\\\/10\\\/ESP.svg\",\"contentUrl\":\"https:\\\/\\\/www.entreculturas.org\\\/wp-content\\\/uploads\\\/2025\\\/10\\\/ESP.svg\",\"caption\":\"Entreculturas\"},\"image\":{\"@id\":\"https:\\\/\\\/www.entreculturas.org\\\/fr\\\/#\\\/schema\\\/logo\\\/image\\\/\"},\"sameAs\":[\"https:\\\/\\\/www.facebook.com\\\/entreculturas\",\"https:\\\/\\\/x.com\\\/Entreculturas\",\"https:\\\/\\\/www.instagram.com\\\/entreculturas\\\/\",\"https:\\\/\\\/www.youtube.com\\\/user\\\/entreculturasvideo\",\"https:\\\/\\\/www.linkedin.com\\\/company\\\/fundacion-entreculturas-ngdo\\\/\",\"https:\\\/\\\/www.flickr.com\\\/photos\\\/98455522@N04\\\/albums\\\/\"]}]}<\/script>\n<!-- \/ Yoast SEO Premium plugin. -->","yoast_head_json":{"title":"Los coles corren por La Luz de las Ni\u00f1as - Entreculturas","robots":{"index":"index","follow":"follow","max-snippet":"max-snippet:-1","max-image-preview":"max-image-preview:large","max-video-preview":"max-video-preview:-1"},"canonical":"https:\/\/www.entreculturas.org\/fr\/noticia\/los-coles-corren-por-la-luz-de-las-ninas\/","og_locale":"fr_FR","og_type":"article","og_title":"Los coles corren por La Luz de las Ni\u00f1as","og_description":"Este a\u00f1o se han sumado cerca de una decena de colegios a la carrera solidaria de Entreculturas: Corre por una Causa, un proyecto deportivo, educativo y de sensibilizaci\u00f3n que busca sumar voluntades y ayudas para uno de nuestros programas: #laluzdelasni\u00f1as.","og_url":"https:\/\/www.entreculturas.org\/fr\/noticia\/los-coles-corren-por-la-luz-de-las-ninas\/","og_site_name":"Entreculturas","article_publisher":"https:\/\/www.facebook.com\/entreculturas","article_modified_time":"2024-03-18T17:02:13+00:00","og_image":[{"width":1600,"height":1200,"url":"https:\/\/www.entreculturas.org\/wp-content\/uploads\/2019\/04\/coles_corren_por_una_causa_003.jpeg","type":"image\/jpeg"}],"twitter_card":"summary_large_image","twitter_site":"@Entreculturas","schema":{"@context":"https:\/\/schema.org","@graph":[{"@type":"WebPage","@id":"https:\/\/www.entreculturas.org\/fr\/noticia\/los-coles-corren-por-la-luz-de-las-ninas\/","url":"https:\/\/www.entreculturas.org\/fr\/noticia\/los-coles-corren-por-la-luz-de-las-ninas\/","name":"Los coles corren por La Luz de las Ni\u00f1as - Entreculturas","isPartOf":{"@id":"https:\/\/www.entreculturas.org\/fr\/#website"},"primaryImageOfPage":{"@id":"https:\/\/www.entreculturas.org\/fr\/noticia\/los-coles-corren-por-la-luz-de-las-ninas\/#primaryimage"},"image":{"@id":"https:\/\/www.entreculturas.org\/fr\/noticia\/los-coles-corren-por-la-luz-de-las-ninas\/#primaryimage"},"thumbnailUrl":"https:\/\/www.entreculturas.org\/wp-content\/uploads\/2019\/04\/coles_corren_por_una_causa_003.jpeg","datePublished":"2019-04-15T09:20:46+00:00","dateModified":"2024-03-18T17:02:13+00:00","breadcrumb":{"@id":"https:\/\/www.entreculturas.org\/fr\/noticia\/los-coles-corren-por-la-luz-de-las-ninas\/#breadcrumb"},"inLanguage":"fr-FR","potentialAction":[{"@type":"ReadAction","target":["https:\/\/www.entreculturas.org\/fr\/noticia\/los-coles-corren-por-la-luz-de-las-ninas\/"]}]},{"@type":"ImageObject","inLanguage":"fr-FR","@id":"https:\/\/www.entreculturas.org\/fr\/noticia\/los-coles-corren-por-la-luz-de-las-ninas\/#primaryimage","url":"https:\/\/www.entreculturas.org\/wp-content\/uploads\/2019\/04\/coles_corren_por_una_causa_003.jpeg","contentUrl":"https:\/\/www.entreculturas.org\/wp-content\/uploads\/2019\/04\/coles_corren_por_una_causa_003.jpeg","width":1600,"height":1200,"caption":"coles_corren_por_una_causa_003"},{"@type":"BreadcrumbList","@id":"https:\/\/www.entreculturas.org\/fr\/noticia\/los-coles-corren-por-la-luz-de-las-ninas\/#breadcrumb","itemListElement":[{"@type":"ListItem","position":1,"name":"Home","item":"https:\/\/www.entreculturas.org\/fr\/"},{"@type":"ListItem","position":2,"name":"Noticias","item":"https:\/\/www.entreculturas.org\/fr\/noticias\/"},{"@type":"ListItem","position":3,"name":"Los coles corren por La Luz de las Ni\u00f1as"}]},{"@type":"WebSite","@id":"https:\/\/www.entreculturas.org\/fr\/#website","url":"https:\/\/www.entreculturas.org\/fr\/","name":"Entreculturas","description":"","publisher":{"@id":"https:\/\/www.entreculturas.org\/fr\/#organization"},"alternateName":"Entreculturas","potentialAction":[{"@type":"SearchAction","target":{"@type":"EntryPoint","urlTemplate":"https:\/\/www.entreculturas.org\/fr\/?s={search_term_string}"},"query-input":{"@type":"PropertyValueSpecification","valueRequired":true,"valueName":"search_term_string"}}],"inLanguage":"fr-FR"},{"@type":"Organization","@id":"https:\/\/www.entreculturas.org\/fr\/#organization","name":"Entreculturas","url":"https:\/\/www.entreculturas.org\/fr\/","logo":{"@type":"ImageObject","inLanguage":"fr-FR","@id":"https:\/\/www.entreculturas.org\/fr\/#\/schema\/logo\/image\/","url":"https:\/\/www.entreculturas.org\/wp-content\/uploads\/2025\/10\/ESP.svg","contentUrl":"https:\/\/www.entreculturas.org\/wp-content\/uploads\/2025\/10\/ESP.svg","caption":"Entreculturas"},"image":{"@id":"https:\/\/www.entreculturas.org\/fr\/#\/schema\/logo\/image\/"},"sameAs":["https:\/\/www.facebook.com\/entreculturas","https:\/\/x.com\/Entreculturas","https:\/\/www.instagram.com\/entreculturas\/","https:\/\/www.youtube.com\/user\/entreculturasvideo","https:\/\/www.linkedin.com\/company\/fundacion-entreculturas-ngdo\/","https:\/\/www.flickr.com\/photos\/98455522@N04\/albums\/"]}]}},"_links":{"self":[{"href":"https:\/\/www.entreculturas.org\/fr\/wp-json\/wp\/v2\/noticia\/3045","targetHints":{"allow":["GET"]}}],"collection":[{"href":"https:\/\/www.entreculturas.org\/fr\/wp-json\/wp\/v2\/noticia"}],"about":[{"href":"https:\/\/www.entreculturas.org\/fr\/wp-json\/wp\/v2\/types\/noticia"}],"wp:featuredmedia":[{"embeddable":true,"href":"https:\/\/www.entreculturas.org\/fr\/wp-json\/wp\/v2\/media\/3046"}],"wp:attachment":[{"href":"https:\/\/www.entreculturas.org\/fr\/wp-json\/wp\/v2\/media?parent=3045"}],"wp:term":[{"taxonomy":"category","embeddable":true,"href":"https:\/\/www.entreculturas.org\/fr\/wp-json\/wp\/v2\/categories?post=3045"},{"taxonomy":"post_tag","embeddable":true,"href":"https:\/\/www.entreculturas.org\/fr\/wp-json\/wp\/v2\/tags?post=3045"},{"taxonomy":"country","embeddable":true,"href":"https:\/\/www.entreculturas.org\/fr\/wp-json\/wp\/v2\/country?post=3045"},{"taxonomy":"cause","embeddable":true,"href":"https:\/\/www.entreculturas.org\/fr\/wp-json\/wp\/v2\/cause?post=3045"}],"curies":[{"name":"wp","href":"https:\/\/api.w.org\/{rel}","templated":true}]}}