{"id":3043,"date":"2019-04-12T12:43:57","date_gmt":"2019-04-12T12:43:57","guid":{"rendered":"https:\/\/entreculturasi.wpenginepowered.com\/?noticias=javier-cortegoso-en-su-visita-espana-los-venezolanos-no-tienen-en-su-imaginario-que-ellos"},"modified":"2024-03-18T18:00:17","modified_gmt":"2024-03-18T17:00:17","slug":"javier-cortegoso-en-su-visita-espana-los-venezolanos-no-tienen-en-su-imaginario-que-ellos","status":"publish","type":"noticia","link":"https:\/\/www.entreculturas.org\/fr\/noticia\/javier-cortegoso-en-su-visita-espana-los-venezolanos-no-tienen-en-su-imaginario-que-ellos\/","title":{"rendered":"Javier Cortegoso en su visita a Espa\u00f1a: \u201cLos venezolanos no tienen en su imaginario que ellos alg\u00fan d\u00eda van a ser migrantes\u201d"},"content":{"rendered":"<\/p>\n<div dir=\"ltr\" style=\"font-family: Arial, Helvetica, sans-serif;font-size: small\"><em>Foto: Georges Castellanos \/ JRS LAC<\/em><\/div>\n<p>&nbsp;<\/p>\n<p>Es la primera vez que un laico coordina la Red Jesuita con Migrantes en Latinoam\u00e9rica y el Caribe (RJM LAC), y para Javier Cortegoso este cargo ha significado un gran desaf\u00edo ante lo que representa trabajar y articular los distintos proyectos para la red junto a la Compa\u00f1\u00eda de Jes\u00fas. Pero a la vez, se le nota una gran ilusi\u00f3n por esta oportunidad de liderar una organizaci\u00f3n que en los \u00faltimos cinco a\u00f1os enfrenta uno de los movimientos migratorios m\u00e1s grandes de la regi\u00f3n. Movilizaciones forzosas que han acaparado titulares alrededor del mundo y que dejan un sinf\u00edn de historias y an\u00e9cdotas, con realidades muy crudas y complejas.<br \/>&nbsp;<br \/>Javier, en su visita a Espa\u00f1a, nos ha acercado a\u00fan m\u00e1s al trabajo que realiza desde la RJM LAC, en una regi\u00f3n que ha confesado en varias oportunidades, es una de sus grandes pasiones, pero tambi\u00e9n una de sus debilidades al tener que vivir en primera fila el fen\u00f3meno de las dos grandes \u201cCaravanas migrantes\u201d m\u00e1s importantes de Am\u00e9rica Latina;&nbsp;desplazamientos o migraciones forzadas de personas que encuentran vulnerados todos sus derechos fundamentales dentro de sus pa\u00edses y durante los largos trayectos que van de norte a sur y viceversa.<br \/>&nbsp;<br \/>En esta oportunidad, Javier, entre los tantos temas de los que nos habl\u00f3 y adem\u00e1s de contarnos c\u00f3mo se estructura la Red que hoy coordina, nos adentra en una de las migraciones forzosas m\u00e1s alarmantes de la regi\u00f3n: el \u00e9xodo de venezolanos hacia distintos pa\u00edses del continente americano y las condiciones humanas en las que se encuentran.<br \/>&nbsp;<br \/><strong>\u00bfC\u00f3mo se estructura la RJM LAC?<\/strong><br \/>Una de las oportunidades que tiene el hecho de ser Red es la presencia que tenemos en distintos puntos. Dentro de la red hay obras que se dedican m\u00e1s directamente al acompa\u00f1amiento, como los Servicios Jesuitas a Migrantes y a Refugiados, y cada una de estas obras tiene distintas oficinas en los pa\u00edses. En total, entre Servicios Jesuitas a Migrantes y Servicios Jesuitas a Refugiados y alg\u00fan centro social m\u00e1s, que presta atenci\u00f3n directa, tenemos pocos m\u00e1s de 50 oficinas propias, desde la frontera de Nogales en M\u00e9xico &#8211; Estados Unidos hasta el sur de Chile. Esos son puntos que permiten la conexi\u00f3n como Red para dar una continuidad a los flujos (migratorios).<br \/>Y ah\u00ed, hay distintas estrategias; porque no s\u00f3lo hay una estrategia de acompa\u00f1amiento y de atenci\u00f3n \u2013pues primero, hay un nivel humanitario y necesidades b\u00e1sicas\u2013 sino que tambi\u00e9n existe un acompa\u00f1amiento m\u00e1s desde lo psicol\u00f3gico o desde lo jur\u00eddico. Tambi\u00e9n hay una labor de monitoreo, observaci\u00f3n e identificaci\u00f3n de violaciones de los derechos humanos que se est\u00e9n dando en los flujos, o de situaciones de alerta de situaciones de riesgo que van apareciendo.<br \/>&nbsp;<br \/><strong>\u00bfCu\u00e1l es la realidad de la migraci\u00f3n en Venezuela?<\/strong><br \/>Es probablemente el mayor \u00e9xodo que hemos conocido en Am\u00e9rica Latina, desde luego en el siglo XXI, y en las \u00faltimas d\u00e9cadas. Estimamos aproximadamente hablando, y seg\u00fan cifras oficiales, de tres millones cuatrocientos mil venezolanos en el \u00e9xodo. Nosotros creemos que superan largamente los 4 millones, aunque algunas consultoras en Venezuela est\u00e1n hablando de m\u00e1s de 5 millones de venezolanos y venezolanas vinculados a las distintas fases migratorias. Lo m\u00e1s relevante de este flujo es que en los \u00faltimos dos a\u00f1os las personas que est\u00e1n saliendo de Venezuela, ha cambiado mucho su perfil: son personas de contextos m\u00e1s marginales y de mayor vulnerabilidad, Es tambi\u00e9n un flujo que no tiene en su imaginario la opci\u00f3n vital de ser migrante fuera. Venezuela siempre ha sido un pa\u00eds que ha acogido a distintos tipos de migraciones tanto de Am\u00e9rica Latina como europeas, y la gente no tiene en su imaginario que alg\u00fan d\u00eda ellos van a ser migrantes, con lo cual, las condiciones humanas para el viaje, para la huida, para la integraci\u00f3n, son mucho peores que en otros casos de otros flujos migratorios; esto tambi\u00e9n unido que al ser un flujo tan masivo y tan reciente, hace que haya menos estructuras de compatriotas que faciliten la acogida en los distintos pa\u00edses. Sin duda, es el flujo que, como red, a nivel latinoamericano, nos demanda m\u00e1s acompa\u00f1amiento, y tambi\u00e9n el que nos preocupa.<\/p>\n<p>&nbsp;<\/p>\n[video:https:\/\/youtu.be\/07BqDzjIOGc width:560 height:315 align:center]\n<p>&nbsp;<\/p>\n","protected":false},"excerpt":{"rendered":"<p>Javier Cortegoso lleva m\u00e1s de 17 a\u00f1os vinculado al trabajo educativo y social de la Compa\u00f1\u00eda de Jes\u00fas en Latinoam\u00e9rica y el Caribe. Desde noviembre de 2018 ocupa el cargo de Coordinador de la Red Jesuita con Migrantes en Latinoam\u00e9rica y el Caribe.<\/p>\n","protected":false},"featured_media":3042,"template":"single-noticia","meta":{"_acf_changed":false},"categories":[7],"tags":[10],"country":[],"cause":[129],"class_list":["post-3043","noticia","type-noticia","status-publish","has-post-thumbnail","hentry","category-noticia","tag-migracion-y-refugio","cause-migracion-y-refugio"],"acf":[],"yoast_head":"<!-- This site is optimized with the Yoast SEO Premium plugin v21.6 (Yoast SEO v27.5) - https:\/\/yoast.com\/product\/yoast-seo-premium-wordpress\/ -->\n<title>Javier Cortegoso en su visita a Espa\u00f1a: \u201cLos venezolanos no tienen en su imaginario que ellos alg\u00fan d\u00eda van a ser migrantes\u201d - Entreculturas<\/title>\n<meta name=\"robots\" content=\"index, follow, max-snippet:-1, max-image-preview:large, max-video-preview:-1\" \/>\n<link rel=\"canonical\" href=\"https:\/\/www.entreculturas.org\/fr\/noticia\/javier-cortegoso-en-su-visita-espana-los-venezolanos-no-tienen-en-su-imaginario-que-ellos\/\" \/>\n<meta property=\"og:locale\" content=\"fr_FR\" \/>\n<meta property=\"og:type\" content=\"article\" \/>\n<meta property=\"og:title\" content=\"Javier Cortegoso en su visita a Espa\u00f1a: \u201cLos venezolanos no tienen en su imaginario que ellos alg\u00fan d\u00eda van a ser migrantes\u201d\" \/>\n<meta property=\"og:description\" content=\"Javier Cortegoso lleva m\u00e1s de 17 a\u00f1os vinculado al trabajo educativo y social de la Compa\u00f1\u00eda de Jes\u00fas en Latinoam\u00e9rica y el Caribe. Desde noviembre de 2018 ocupa el cargo de Coordinador de la Red Jesuita con Migrantes en Latinoam\u00e9rica y el Caribe.\" \/>\n<meta property=\"og:url\" content=\"https:\/\/www.entreculturas.org\/fr\/noticia\/javier-cortegoso-en-su-visita-espana-los-venezolanos-no-tienen-en-su-imaginario-que-ellos\/\" \/>\n<meta property=\"og:site_name\" content=\"Entreculturas\" \/>\n<meta property=\"article:publisher\" content=\"https:\/\/www.facebook.com\/entreculturas\" \/>\n<meta property=\"article:modified_time\" content=\"2024-03-18T17:00:17+00:00\" \/>\n<meta property=\"og:image\" content=\"https:\/\/www.entreculturas.org\/wp-content\/uploads\/2019\/04\/caravanas-migrantes_-venezuela.jpg\" \/>\n\t<meta property=\"og:image:width\" content=\"800\" \/>\n\t<meta property=\"og:image:height\" content=\"534\" \/>\n\t<meta property=\"og:image:type\" content=\"image\/jpeg\" \/>\n<meta name=\"twitter:card\" content=\"summary_large_image\" \/>\n<meta name=\"twitter:site\" content=\"@Entreculturas\" \/>\n<script type=\"application\/ld+json\" class=\"yoast-schema-graph\">{\"@context\":\"https:\\\/\\\/schema.org\",\"@graph\":[{\"@type\":\"WebPage\",\"@id\":\"https:\\\/\\\/www.entreculturas.org\\\/fr\\\/noticia\\\/javier-cortegoso-en-su-visita-espana-los-venezolanos-no-tienen-en-su-imaginario-que-ellos\\\/\",\"url\":\"https:\\\/\\\/www.entreculturas.org\\\/fr\\\/noticia\\\/javier-cortegoso-en-su-visita-espana-los-venezolanos-no-tienen-en-su-imaginario-que-ellos\\\/\",\"name\":\"Javier Cortegoso en su visita a Espa\u00f1a: \u201cLos venezolanos no tienen en su imaginario que ellos alg\u00fan d\u00eda van a ser migrantes\u201d - Entreculturas\",\"isPartOf\":{\"@id\":\"https:\\\/\\\/www.entreculturas.org\\\/fr\\\/#website\"},\"primaryImageOfPage\":{\"@id\":\"https:\\\/\\\/www.entreculturas.org\\\/fr\\\/noticia\\\/javier-cortegoso-en-su-visita-espana-los-venezolanos-no-tienen-en-su-imaginario-que-ellos\\\/#primaryimage\"},\"image\":{\"@id\":\"https:\\\/\\\/www.entreculturas.org\\\/fr\\\/noticia\\\/javier-cortegoso-en-su-visita-espana-los-venezolanos-no-tienen-en-su-imaginario-que-ellos\\\/#primaryimage\"},\"thumbnailUrl\":\"https:\\\/\\\/www.entreculturas.org\\\/wp-content\\\/uploads\\\/2019\\\/04\\\/caravanas-migrantes_-venezuela.jpg\",\"datePublished\":\"2019-04-12T12:43:57+00:00\",\"dateModified\":\"2024-03-18T17:00:17+00:00\",\"breadcrumb\":{\"@id\":\"https:\\\/\\\/www.entreculturas.org\\\/fr\\\/noticia\\\/javier-cortegoso-en-su-visita-espana-los-venezolanos-no-tienen-en-su-imaginario-que-ellos\\\/#breadcrumb\"},\"inLanguage\":\"fr-FR\",\"potentialAction\":[{\"@type\":\"ReadAction\",\"target\":[\"https:\\\/\\\/www.entreculturas.org\\\/fr\\\/noticia\\\/javier-cortegoso-en-su-visita-espana-los-venezolanos-no-tienen-en-su-imaginario-que-ellos\\\/\"]}]},{\"@type\":\"ImageObject\",\"inLanguage\":\"fr-FR\",\"@id\":\"https:\\\/\\\/www.entreculturas.org\\\/fr\\\/noticia\\\/javier-cortegoso-en-su-visita-espana-los-venezolanos-no-tienen-en-su-imaginario-que-ellos\\\/#primaryimage\",\"url\":\"https:\\\/\\\/www.entreculturas.org\\\/wp-content\\\/uploads\\\/2019\\\/04\\\/caravanas-migrantes_-venezuela.jpg\",\"contentUrl\":\"https:\\\/\\\/www.entreculturas.org\\\/wp-content\\\/uploads\\\/2019\\\/04\\\/caravanas-migrantes_-venezuela.jpg\",\"width\":800,\"height\":534},{\"@type\":\"BreadcrumbList\",\"@id\":\"https:\\\/\\\/www.entreculturas.org\\\/fr\\\/noticia\\\/javier-cortegoso-en-su-visita-espana-los-venezolanos-no-tienen-en-su-imaginario-que-ellos\\\/#breadcrumb\",\"itemListElement\":[{\"@type\":\"ListItem\",\"position\":1,\"name\":\"Home\",\"item\":\"https:\\\/\\\/www.entreculturas.org\\\/fr\\\/\"},{\"@type\":\"ListItem\",\"position\":2,\"name\":\"Noticias\",\"item\":\"https:\\\/\\\/www.entreculturas.org\\\/fr\\\/noticias\\\/\"},{\"@type\":\"ListItem\",\"position\":3,\"name\":\"Javier Cortegoso en su visita a Espa\u00f1a: \u201cLos venezolanos no tienen en su imaginario que ellos alg\u00fan d\u00eda van a ser migrantes\u201d\"}]},{\"@type\":\"WebSite\",\"@id\":\"https:\\\/\\\/www.entreculturas.org\\\/fr\\\/#website\",\"url\":\"https:\\\/\\\/www.entreculturas.org\\\/fr\\\/\",\"name\":\"Entreculturas\",\"description\":\"\",\"publisher\":{\"@id\":\"https:\\\/\\\/www.entreculturas.org\\\/fr\\\/#organization\"},\"alternateName\":\"Entreculturas\",\"potentialAction\":[{\"@type\":\"SearchAction\",\"target\":{\"@type\":\"EntryPoint\",\"urlTemplate\":\"https:\\\/\\\/www.entreculturas.org\\\/fr\\\/?s={search_term_string}\"},\"query-input\":{\"@type\":\"PropertyValueSpecification\",\"valueRequired\":true,\"valueName\":\"search_term_string\"}}],\"inLanguage\":\"fr-FR\"},{\"@type\":\"Organization\",\"@id\":\"https:\\\/\\\/www.entreculturas.org\\\/fr\\\/#organization\",\"name\":\"Entreculturas\",\"url\":\"https:\\\/\\\/www.entreculturas.org\\\/fr\\\/\",\"logo\":{\"@type\":\"ImageObject\",\"inLanguage\":\"fr-FR\",\"@id\":\"https:\\\/\\\/www.entreculturas.org\\\/fr\\\/#\\\/schema\\\/logo\\\/image\\\/\",\"url\":\"https:\\\/\\\/www.entreculturas.org\\\/wp-content\\\/uploads\\\/2025\\\/10\\\/ESP.svg\",\"contentUrl\":\"https:\\\/\\\/www.entreculturas.org\\\/wp-content\\\/uploads\\\/2025\\\/10\\\/ESP.svg\",\"caption\":\"Entreculturas\"},\"image\":{\"@id\":\"https:\\\/\\\/www.entreculturas.org\\\/fr\\\/#\\\/schema\\\/logo\\\/image\\\/\"},\"sameAs\":[\"https:\\\/\\\/www.facebook.com\\\/entreculturas\",\"https:\\\/\\\/x.com\\\/Entreculturas\",\"https:\\\/\\\/www.instagram.com\\\/entreculturas\\\/\",\"https:\\\/\\\/www.youtube.com\\\/user\\\/entreculturasvideo\",\"https:\\\/\\\/www.linkedin.com\\\/company\\\/fundacion-entreculturas-ngdo\\\/\",\"https:\\\/\\\/www.flickr.com\\\/photos\\\/98455522@N04\\\/albums\\\/\"]}]}<\/script>\n<!-- \/ Yoast SEO Premium plugin. -->","yoast_head_json":{"title":"Javier Cortegoso en su visita a Espa\u00f1a: \u201cLos venezolanos no tienen en su imaginario que ellos alg\u00fan d\u00eda van a ser migrantes\u201d - Entreculturas","robots":{"index":"index","follow":"follow","max-snippet":"max-snippet:-1","max-image-preview":"max-image-preview:large","max-video-preview":"max-video-preview:-1"},"canonical":"https:\/\/www.entreculturas.org\/fr\/noticia\/javier-cortegoso-en-su-visita-espana-los-venezolanos-no-tienen-en-su-imaginario-que-ellos\/","og_locale":"fr_FR","og_type":"article","og_title":"Javier Cortegoso en su visita a Espa\u00f1a: \u201cLos venezolanos no tienen en su imaginario que ellos alg\u00fan d\u00eda van a ser migrantes\u201d","og_description":"Javier Cortegoso lleva m\u00e1s de 17 a\u00f1os vinculado al trabajo educativo y social de la Compa\u00f1\u00eda de Jes\u00fas en Latinoam\u00e9rica y el Caribe. Desde noviembre de 2018 ocupa el cargo de Coordinador de la Red Jesuita con Migrantes en Latinoam\u00e9rica y el Caribe.","og_url":"https:\/\/www.entreculturas.org\/fr\/noticia\/javier-cortegoso-en-su-visita-espana-los-venezolanos-no-tienen-en-su-imaginario-que-ellos\/","og_site_name":"Entreculturas","article_publisher":"https:\/\/www.facebook.com\/entreculturas","article_modified_time":"2024-03-18T17:00:17+00:00","og_image":[{"width":800,"height":534,"url":"https:\/\/www.entreculturas.org\/wp-content\/uploads\/2019\/04\/caravanas-migrantes_-venezuela.jpg","type":"image\/jpeg"}],"twitter_card":"summary_large_image","twitter_site":"@Entreculturas","schema":{"@context":"https:\/\/schema.org","@graph":[{"@type":"WebPage","@id":"https:\/\/www.entreculturas.org\/fr\/noticia\/javier-cortegoso-en-su-visita-espana-los-venezolanos-no-tienen-en-su-imaginario-que-ellos\/","url":"https:\/\/www.entreculturas.org\/fr\/noticia\/javier-cortegoso-en-su-visita-espana-los-venezolanos-no-tienen-en-su-imaginario-que-ellos\/","name":"Javier Cortegoso en su visita a Espa\u00f1a: \u201cLos venezolanos no tienen en su imaginario que ellos alg\u00fan d\u00eda van a ser migrantes\u201d - Entreculturas","isPartOf":{"@id":"https:\/\/www.entreculturas.org\/fr\/#website"},"primaryImageOfPage":{"@id":"https:\/\/www.entreculturas.org\/fr\/noticia\/javier-cortegoso-en-su-visita-espana-los-venezolanos-no-tienen-en-su-imaginario-que-ellos\/#primaryimage"},"image":{"@id":"https:\/\/www.entreculturas.org\/fr\/noticia\/javier-cortegoso-en-su-visita-espana-los-venezolanos-no-tienen-en-su-imaginario-que-ellos\/#primaryimage"},"thumbnailUrl":"https:\/\/www.entreculturas.org\/wp-content\/uploads\/2019\/04\/caravanas-migrantes_-venezuela.jpg","datePublished":"2019-04-12T12:43:57+00:00","dateModified":"2024-03-18T17:00:17+00:00","breadcrumb":{"@id":"https:\/\/www.entreculturas.org\/fr\/noticia\/javier-cortegoso-en-su-visita-espana-los-venezolanos-no-tienen-en-su-imaginario-que-ellos\/#breadcrumb"},"inLanguage":"fr-FR","potentialAction":[{"@type":"ReadAction","target":["https:\/\/www.entreculturas.org\/fr\/noticia\/javier-cortegoso-en-su-visita-espana-los-venezolanos-no-tienen-en-su-imaginario-que-ellos\/"]}]},{"@type":"ImageObject","inLanguage":"fr-FR","@id":"https:\/\/www.entreculturas.org\/fr\/noticia\/javier-cortegoso-en-su-visita-espana-los-venezolanos-no-tienen-en-su-imaginario-que-ellos\/#primaryimage","url":"https:\/\/www.entreculturas.org\/wp-content\/uploads\/2019\/04\/caravanas-migrantes_-venezuela.jpg","contentUrl":"https:\/\/www.entreculturas.org\/wp-content\/uploads\/2019\/04\/caravanas-migrantes_-venezuela.jpg","width":800,"height":534},{"@type":"BreadcrumbList","@id":"https:\/\/www.entreculturas.org\/fr\/noticia\/javier-cortegoso-en-su-visita-espana-los-venezolanos-no-tienen-en-su-imaginario-que-ellos\/#breadcrumb","itemListElement":[{"@type":"ListItem","position":1,"name":"Home","item":"https:\/\/www.entreculturas.org\/fr\/"},{"@type":"ListItem","position":2,"name":"Noticias","item":"https:\/\/www.entreculturas.org\/fr\/noticias\/"},{"@type":"ListItem","position":3,"name":"Javier Cortegoso en su visita a Espa\u00f1a: \u201cLos venezolanos no tienen en su imaginario que ellos alg\u00fan d\u00eda van a ser migrantes\u201d"}]},{"@type":"WebSite","@id":"https:\/\/www.entreculturas.org\/fr\/#website","url":"https:\/\/www.entreculturas.org\/fr\/","name":"Entreculturas","description":"","publisher":{"@id":"https:\/\/www.entreculturas.org\/fr\/#organization"},"alternateName":"Entreculturas","potentialAction":[{"@type":"SearchAction","target":{"@type":"EntryPoint","urlTemplate":"https:\/\/www.entreculturas.org\/fr\/?s={search_term_string}"},"query-input":{"@type":"PropertyValueSpecification","valueRequired":true,"valueName":"search_term_string"}}],"inLanguage":"fr-FR"},{"@type":"Organization","@id":"https:\/\/www.entreculturas.org\/fr\/#organization","name":"Entreculturas","url":"https:\/\/www.entreculturas.org\/fr\/","logo":{"@type":"ImageObject","inLanguage":"fr-FR","@id":"https:\/\/www.entreculturas.org\/fr\/#\/schema\/logo\/image\/","url":"https:\/\/www.entreculturas.org\/wp-content\/uploads\/2025\/10\/ESP.svg","contentUrl":"https:\/\/www.entreculturas.org\/wp-content\/uploads\/2025\/10\/ESP.svg","caption":"Entreculturas"},"image":{"@id":"https:\/\/www.entreculturas.org\/fr\/#\/schema\/logo\/image\/"},"sameAs":["https:\/\/www.facebook.com\/entreculturas","https:\/\/x.com\/Entreculturas","https:\/\/www.instagram.com\/entreculturas\/","https:\/\/www.youtube.com\/user\/entreculturasvideo","https:\/\/www.linkedin.com\/company\/fundacion-entreculturas-ngdo\/","https:\/\/www.flickr.com\/photos\/98455522@N04\/albums\/"]}]}},"_links":{"self":[{"href":"https:\/\/www.entreculturas.org\/fr\/wp-json\/wp\/v2\/noticia\/3043","targetHints":{"allow":["GET"]}}],"collection":[{"href":"https:\/\/www.entreculturas.org\/fr\/wp-json\/wp\/v2\/noticia"}],"about":[{"href":"https:\/\/www.entreculturas.org\/fr\/wp-json\/wp\/v2\/types\/noticia"}],"wp:featuredmedia":[{"embeddable":true,"href":"https:\/\/www.entreculturas.org\/fr\/wp-json\/wp\/v2\/media\/3042"}],"wp:attachment":[{"href":"https:\/\/www.entreculturas.org\/fr\/wp-json\/wp\/v2\/media?parent=3043"}],"wp:term":[{"taxonomy":"category","embeddable":true,"href":"https:\/\/www.entreculturas.org\/fr\/wp-json\/wp\/v2\/categories?post=3043"},{"taxonomy":"post_tag","embeddable":true,"href":"https:\/\/www.entreculturas.org\/fr\/wp-json\/wp\/v2\/tags?post=3043"},{"taxonomy":"country","embeddable":true,"href":"https:\/\/www.entreculturas.org\/fr\/wp-json\/wp\/v2\/country?post=3043"},{"taxonomy":"cause","embeddable":true,"href":"https:\/\/www.entreculturas.org\/fr\/wp-json\/wp\/v2\/cause?post=3043"}],"curies":[{"name":"wp","href":"https:\/\/api.w.org\/{rel}","templated":true}]}}