{"id":3041,"date":"2019-04-10T10:49:19","date_gmt":"2019-04-10T10:49:19","guid":{"rendered":"https:\/\/entreculturasi.wpenginepowered.com\/?noticias=elecciones-2019"},"modified":"2024-02-09T13:09:18","modified_gmt":"2024-02-09T12:09:18","slug":"elecciones-2019","status":"publish","type":"noticia","link":"https:\/\/www.entreculturas.org\/fr\/noticia\/elecciones-2019\/","title":{"rendered":"ELECCIONES 2019: hay mucho en juego"},"content":{"rendered":"<p>Todas las elecciones son importantes: en ellas reside el n\u00facleo de nuestra democracia y es el momento del ejercicio del poder por parte de la ciudadan\u00eda. En 2019 las elecciones recorren todos los niveles de organizaci\u00f3n pol\u00edtica del Estado: locales, auton\u00f3micas, estatales y europeas.<\/p>\n<p>Hay motivos de preocupaci\u00f3n, y muchos, de cara a estas elecciones, pero tambi\u00e9n debemos reconocer que nuestras democracias europeas poseen una enorme fortaleza, y que la divisi\u00f3n de poderes se convierte en un contrapeso imprescindible para asegurar el respeto a los marcos constitucionales.<\/p>\n<p>El a\u00f1o 2019 est\u00e1 lleno de citas electorales. Adem\u00e1s de las cuestiones concretas de cada una de las elecciones, deber\u00edamos estar atentos a tendencias m\u00e1s profundas que van marcando nuestra vida pol\u00edtica: el desencanto con el proyecto europeo, que sirve de justificaci\u00f3n para la falta de solidaridad; la desigualdad econ\u00f3mica como una forma de injusticia muy arraigada en nuestras sociedades; el desencanto con la democracia formal, comprensible por la rigidez de la representaci\u00f3n de los partidos pol\u00edticos, pero que al ponerse en cuesti\u00f3n evidencia la fragilidad de otras alternativas; y el reto novedoso de las redes sociales y los flujos masivos de informaci\u00f3n, que alimentan el prejuicio y la polarizaci\u00f3n. Si queremos ejercer el derecho a un voto informado, tendremos que esforzarnos un poco m\u00e1s.<\/p>\n<p>&nbsp;<\/p>\n<p><span style=\"font-size:16px\"><span style=\"color:#ff0101\"><strong>Qu\u00e9 est\u00e1 en juego:<\/strong><\/span><\/span><br \/>Espa\u00f1a deber\u00e1 recuperar y situar en el centro de su acci\u00f3n exterior una cooperaci\u00f3n ambiciosa, transformadora y conectada con una ciudadan\u00eda que ha demostrado ser comprometida y solidaria. De ese modo, se reforzar\u00e1 la dimensi\u00f3n internacional de la Agenda 2030; y se fomentar\u00e1 nuestro liderazgo en el seno de la Alianza Global para fomentar un desarrollo inclusivo y sostenible desde el enfoque de g\u00e9nero y de derechos humanos.&nbsp;<\/p>\n<p>La Cooperaci\u00f3n debe ser la principal herramienta para definir nuestro papel en el mundo como pa\u00eds solidario y comprometido con los principales desaf\u00edos globales. Es fundamental garantizar que Espa\u00f1a asume un liderazgo, propositivo y ambicioso, en asuntos como el clima, equidad de g\u00e9nero, migraciones, fiscalidad, derechos humanos y paz. Una apuesta que ha de realizarse desde el multilateralismo, la solidaridad y la garant\u00eda de que todas las pol\u00edticas contribuyen coherentemente con el desarrollo sostenible.<\/p>\n<p>Es necesario recuperar una pol\u00edtica p\u00fablica de cooperaci\u00f3n fortalecida, estable, innovadora, de calidad, en la que participen los actores de la cooperaci\u00f3n, que consiga superar los a\u00f1os de recortes y que deje atr\u00e1s la situaci\u00f3n de absoluta excepcionalidad dentro de los pa\u00edses de la Uni\u00f3n Europea.<\/p>\n<p>Adem\u00e1s, el Gobierno que salga de las urnas deber\u00e1 contribuir a que la Uni\u00f3n Europea ponga los derechos humanos, la sostenibilidad y la paz como ejes de su acci\u00f3n exterior. Tambi\u00e9n, deber\u00e1 participar en los espacios multilaterales de las instituciones, plataformas y fondos estrat\u00e9gicos que promueven el desarrollo y la justicia global.<\/p>\n<p><strong>Por tanto, nos jugamos:<\/strong><\/p>\n<ul>\n<li>Una pol\u00edtica de Estado de cooperaci\u00f3n internacional de calidad y orientada&nbsp;a erradicar la pobreza y garantizar la educaci\u00f3n para todas las personas como clave para un desarrollo sostenible.&nbsp;<\/li>\n<li>La recuperaci\u00f3n de una pol\u00edtica de cooperaci\u00f3n descentralizada que mejore la capacidad de las CCAA a nivel local para fortalecer el sistema de cooperaci\u00f3n.<\/li>\n<li>La dotaci\u00f3n presupuestaria para la Ayuda Oficial al Desarrollo de un 0.5% de la Renta Nacional, dotando parte para Emergencias y Educaci\u00f3n.<br \/>&nbsp;<\/li>\n<\/ul>\n<p><span style=\"color:#ff0101\"><strong>En Migraciones Forzosas:<\/strong><\/span><br \/>La migraci\u00f3n de las \u00faltimas d\u00e9cadas ha conformado una Espa\u00f1a diversa. Necesitamos tomarnos muy en serio la gesti\u00f3n de dicha diversidad como una gran oportunidad. La integraci\u00f3n es responsabilidad compartida de las personas migrantes y de la sociedad de acogida. Las cifras de llegadas por la frontera sur no son alarmantes; lo que preocupa es la mayor dureza de la ruta mediterr\u00e1nea occidental, la mayor vulnerabilidad y riesgo en los que coloca a quienes transitan por ella. Ello se debe, en parte, a una pol\u00edtica dominada por el miedo y el ego\u00edsmo de nuestro opulento continente \u2013capaz de abonar cantidades ingentes de dinero a otros para que hagan lo que nadie desear\u00eda hacer\u2013.<\/p>\n<p>Entre las personas que llegan por el Mediterr\u00e1neo y por otras v\u00edas las hay con necesidades de protecci\u00f3n. Las migraciones forzosas se est\u00e1n intensificando en el mundo, y aumentan las cifras de personas refugiadas. Espa\u00f1a ha hecho un esfuerzo en los \u00faltimos a\u00f1os para ampliar y mejorar el sistema de acogida de solicitantes de asilo,<br \/>con resultados parciales, exiguos en algunos aspectos. Cuenta con un modelo que<br \/>podr\u00eda tener un m\u00e1s \u00e9xito de contar con apoyos regionales y locales, de combinarse<br \/>con otros modelos como el patrocinio comunitario, entre otros.<\/p>\n<p><strong>Por tanto, nos jugamos:<\/strong><\/p>\n<ul>\n<li>El fortalecimiento de una sociedad cohesionada y hospitalaria que&nbsp;conviva m\u00e1s all\u00e1 de nacionalidades. La migraci\u00f3n es oportunidad, no amenaza.<\/li>\n<li>La garant\u00eda de que el Estado cumpla con sus obligaciones internacionales y acoja a todas&nbsp; &nbsp; las personas que huyen para salvar su vida.<\/li>\n<li>El compromiso del Estado con los derechos de las personas migrantes sea cual sea su estatus legal.<\/li>\n<li>La protecci\u00f3n especial e integraci\u00f3n de la infancia y adolescencia migrante. La protecci\u00f3n y el respeto a los derechos&nbsp; de las personas en nuestra frontera y en los Centros de Internamiento de Extranjeros.<\/li>\n<li>El mantenimiento de las operaciones de rescate en el Mediterr\u00e1neo, cesando las devoluciones sumarias y luchando contra&nbsp; las redes de trata y tr\u00e1fico il\u00edcito.<\/li>\n<\/ul>\n<p><strong><span style=\"color:#ff0101\">En Sostenibilidad Ambiental:<\/span><\/strong><br \/>El planeta afronta una severa crisis medioambiental, debida en gran medida a la actividad humana. Es una crisis que afecta a la naturaleza en su conjunto y que desborda los l\u00edmites de nuestras fronteras nacionales. Como humanidad, tenemos la necesidad de gestionar y defender los bienes comunes naturales. La pol\u00edtica, que se encarga del bien com\u00fan, es el \u00e1mbito en el que es posible abordar estas cuestiones. Aunque los problemas son internacionales, a nivel nacional podemos hacer mucho para proteger la vida en nuestro pa\u00eds. Adem\u00e1s, es el nivel en el que asumir las responsabilidades globales que nos corresponden.&nbsp;<\/p>\n<p><strong>Por tanto, nos jugamos:<\/strong><\/p>\n<ul>\n<li>El cuidado del medioambiente, cada vez m\u00e1s castigado por el cambio clim\u00e1tico y&nbsp; la contaminaci\u00f3n.<\/li>\n<li>La dotaci\u00f3n de recursos para una&nbsp; educaci\u00f3n ambiental y una sensibilizaci\u00f3n que favorezca un estilo de vida respetuoso con el cuidado de&nbsp; &nbsp;la naturaleza.<\/li>\n<li>La coherencia en todas las pol\u00edticas p\u00fablicas para que est\u00e9n encaminadas al desarrollo sostenible.<br \/>&nbsp;<\/li>\n<\/ul>\n<p><span style=\"color:#ff0101\"><strong>En Igualdad de G\u00e9nero:<\/strong><\/span><br \/>Son necesarias pol\u00edticas p\u00fablicas dirigidas a eliminar todo tipo de barreras y desigualdades que contribuyan a la construcci\u00f3n de una sociedad m\u00e1s igualitaria, donde el hecho de ser ni\u00f1a o mujer no sea un elemento discriminatorio. Las masivas movilizaciones globales en torno al 8 de marzo de los \u00faltimos a\u00f1os interpelan a la ciudadan\u00eda y a los gobiernos para impulsar pol\u00edticas que favorezcan la igualdad real.&nbsp;<\/p>\n<p><strong>Por tanto, cobra urgencia:<\/strong><\/p>\n<ul>\n<li>La adopci\u00f3n de pol\u00edticas p\u00fablicas que eliminen todas las barreras y desigualdades, tanto visibles como simb\u00f3licas.<\/li>\n<li>La construcci\u00f3n de una sociedad igualitaria, donde todas las personas podamos vivir con la misma libertad y dignidad.<\/li>\n<li>La revisi\u00f3n del sistema educativo para que promueva la igualdad entre ni\u00f1as y ni\u00f1os y potencie el desarrollo pleno de todas sus capacidades libre de prejuicios y sexismo.&nbsp;<br \/>&nbsp;<\/li>\n<\/ul>\n<p><span style=\"color:#ff0101\"><strong>En Fiscalidad:<\/strong><\/span><br \/>En t\u00e9rminos de renta, Espa\u00f1a se sit\u00faa como tercer pa\u00eds m\u00e1s desigual en la UE despu\u00e9s de Ruman\u00eda y Bulgaria. Combatir la desigualdad exige medidas de distinto tipo y calado, entre ellas figuran las relacionadas con la mejora de los ingresos p\u00fablicos por la v\u00eda de una fiscalidad y unos impuestos sostenibles y suficientes. El sistema fiscal de los Estados no siempre parece justo; a este respecto, cabe se\u00f1alar que tal injusticia a menudo es en perjuicio de los sectores econ\u00f3micos m\u00e1s d\u00e9biles y en ventaja de los m\u00e1s equipados y capaces de influir, incluso en los sistemas normativos que regulan los mismos tributos. De hecho, la imposici\u00f3n tributaria, cuando es justa, desempe\u00f1a una fundamental funci\u00f3n equitativa y redistributiva de la riqueza, no s\u00f3lo en favor de quienes necesitan subsidios apropiados, sino tambi\u00e9n en el apoyo a la inversi\u00f3n y el crecimiento de la econom\u00eda real.&nbsp;<\/p>\n<p><strong>Por tanto, est\u00e1 en juego:<\/strong><br \/>La consolidaci\u00f3n de un modelo fiscal m\u00e1s justo, robusto y que redistribuya mejor las rentas.<br \/>La revisi\u00f3n del actual sistema de beneficios fiscales para sanear las cuentas p\u00fablicas, lo que permitir\u00e1 llevar a cabo todas aquellas medidas necesarias para combatir la pobreza y la desigualdad, concretamente, la revisi\u00f3n del impuesto de sociedades y la lucha contra el fraude y la elusi\u00f3n fiscal.<br \/>La aplicaci\u00f3n de todas aquellas medidas necesarias para combatir la pobreza y la desigualdad, concretamente, la revisi\u00f3n del&nbsp; &nbsp;impuesto de sociedades y la lucha contra el fraude y la elusi\u00f3n fiscal.<\/p>\n<p><strong><span style=\"color:#ff0101\">En Infancia:<\/span><\/strong><br \/>13.400 es la cifra de&nbsp; j\u00f3venes que llegaron a nuestro pa\u00eds a finales de 2018 sin la tutela de un adulto y en situaci\u00f3n administrativa irregular. La distribuci\u00f3n entre Comunidades Aut\u00f3nomas de estos j\u00f3venes es muy desigual y la asistencia prestada var\u00eda mucho de un lugar a otro.&nbsp;<\/p>\n<p>Se necesita una mayor racionalizaci\u00f3n de la protecci\u00f3n otorgada. Esta responsabilidad de protecci\u00f3n no puede depender \u00fanicamente de las Comunidades Aut\u00f3nomas, debido precisamente a esa aleatoriedad en las llegadas.&nbsp;<\/p>\n<p>Lo que nos estamos jugando es:<\/p>\n<ul>\n<li>La respuesta conjunta desde el Estado a la llegada de adolescentes migrantes y menores no acompa\u00f1ados (MENA) con capacidad y presupuesto suficientes para hacer frente a las necesidades de estos ni\u00f1os y adolescentes.<\/li>\n<li>La inversi\u00f3n en pol\u00edticas p\u00fablicas que protejan a la infancia y adolescencia de manera prioritaria.&nbsp;<br \/>&nbsp;<\/li>\n<\/ul>\n<p><span style=\"color:#ff0101\"><strong>En Ciudadan\u00eda Global:<\/strong><\/span><br \/>Los retos globales que enfrentamos requieren de una sociedad preparada y a la altura de las exigencias que supone la interrelaci\u00f3n de los mismos y la responsabilidad tanto individual como colectiva en una sociedad civil que ya es global pero que necesita articularse y fortalecerse para movilizarse.<\/p>\n<p><strong>Por ello, cobra urgencia:<\/strong><\/p>\n<ul>\n<li>La formaci\u00f3n de una ciudadan\u00eda comprometida y solidaria con causas globales como la ecolog\u00eda, las migraciones o la erradicaci\u00f3n de la pobreza y la desigualdad, en coherencia con los compromisos internacionales&nbsp; de la Agenda 2030.<\/li>\n<li>Los espacios de participaci\u00f3n&nbsp; democr\u00e1tica y de expresi\u00f3n de solidaridad como el asociacionismo, el voluntariado&nbsp; o la movilizaci\u00f3n social.<\/li>\n<li>Es tu turno. \u00bfqu\u00e9 puedes hacer?<\/li>\n<\/ul>\n<p>Elige una representaci\u00f3n pol\u00edtica que est\u00e9&nbsp;al servicio de unas instituciones p\u00fablicas responsables con los derechos humanos y la sostenibilidad.<br \/>&nbsp;<\/p>\n<p><span style=\"font-size:20px\"><strong><span style=\"color:#ff0101\">DOCUMENTOS DE PARTIDA:<\/span><\/strong><\/span><\/p>\n<p>Porque&nbsp;<span>#HayMuchoenJuego<\/span><strong>,&nbsp;<\/strong>hemos participamos de la elaboraci\u00f3n y visi\u00f3n de los documentos que te invitamos a consultar a continuaci\u00f3n: por un lado, como parte del sector social de las obras de la Compa\u00f1\u00eda de Jes\u00fas y por otro, como ONGD de cooperaci\u00f3n que forma parte de la Coordinadora de ONGs<\/p>\n<table align=\"center\" border=\"0\" cellpadding=\"0\" cellspacing=\"0\">\n<tbody>\n<tr>\n<td>\n<p><span style=\"font-size:14px\"><strong>DOCUMENTO DE LA COORDINADORA DE ONG- ESPA\u00d1A<\/strong><\/span><\/p>\n<p>&nbsp;<\/p>\n<\/td>\n<td>&nbsp;<\/td>\n<td>&nbsp;<\/td>\n<td>&nbsp;<\/td>\n<td>&nbsp;<\/td>\n<td>\n<p><span style=\"font-size:14px\"><strong>DOCUMENTO DEL SECTOR SOCIAL&nbsp;DE LA COMPA\u00d1\u00cdA DE JES\u00daS<\/strong><\/span><\/p>\n<p>&nbsp;<\/p>\n<\/td>\n<td>&nbsp;<\/td>\n<td>&nbsp;<\/td>\n<td>\n<p>&nbsp;<\/p>\n<\/td>\n<td>\n<p><span style=\"font-size:14px\"><font face=\"Arial, Helvetica, sans-serif\"><b>DOCUMENTO ACERCA DE LA COOPERACI\u00d3N DESCENTRALIZADA<\/b><\/font><\/span><\/p>\n<\/td>\n<td>&nbsp;<\/td>\n<\/tr>\n<tr>\n<td><a href=\"https:\/\/coordinadoraongd.org\/wp-content\/uploads\/2019\/03\/documento-politico-elecciones-002.pdf\" target=\"_blank\" rel=\"noopener\"><img decoding=\"async\" alt=\"\" src=\"https:\/\/www.entreculturas.org\/wp-content\/uploads\/2019\/04\/elecciones-coordi.png\" style=\"width: 200px;height: 290px\"><\/a><\/td>\n<td>&nbsp;<\/td>\n<td>&nbsp;<\/td>\n<td>&nbsp;<\/td>\n<td>&nbsp;<\/td>\n<td><a href=\"https:\/\/socialjesuitas.es\/reflexion\/968-retos-sociales-elecciones-2019\" target=\"_blank\" rel=\"noopener\"><img decoding=\"async\" alt=\"\" src=\"https:\/\/www.entreculturas.org\/wp-content\/uploads\/2019\/04\/elecciones-sectsocial.png\" style=\"width: 200px;height: 283px\"><\/a><\/td>\n<td>&nbsp;<\/td>\n<td>&nbsp;<\/td>\n<td>&nbsp;<\/td>\n<td><a href=\"https:\/\/www.entreculturas.org\/wp-content\/uploads\/2019\/04\/doc-coop-descentralizada.pdf\" target=\"_blank\" rel=\"noopener\"><img decoding=\"async\" alt=\"\" src=\"https:\/\/www.entreculturas.org\/wp-content\/uploads\/2019\/04\/la_cooperacion_descentralizada_pieza_clave_en_el_cumplimiento_de_la_agenda_internacional_de_desarrollo_1.png\" style=\"width: 283px;height: 283px\"><\/a><\/td>\n<td>&nbsp;<\/td>\n<\/tr>\n<\/tbody>\n<\/table>\n<p>&nbsp;<\/p>\n<p><span style=\"font-size:20px\"><strong><span style=\"color:#FF0101\">HAY MUCHO EN JUEGO<\/span><\/strong><\/span><\/p><\/p>\n","protected":false},"excerpt":{"rendered":"<p>Todas las elecciones son importantes: en ellas reside el n\u00facleo de nuestra democracia y es el momento del ejercicio del poder por parte de la ciudadan\u00eda. En 2019 las elecciones recorren todos los niveles de organizaci\u00f3n pol\u00edtica del Estado: locales, auton\u00f3micas, estatales y europeas. Hay motivos de preocupaci\u00f3n, y muchos, de cara a estas elecciones, pero tambi\u00e9n debemos reconocer que nuestras democracias europeas poseen una enorme fortaleza, y que la divisi\u00f3n de poderes se convierte en un contrapeso imprescindible para asegurar el respeto a los marcos constitucionales. El a\u00f1o 2019 est\u00e1 lleno de citas electorales. Adem\u00e1s de las cuestiones concretas de cada una de las elecciones, deber\u00edamos estar atentos a tendencias m\u00e1s profundas que van marcando nuestra vida pol\u00edtica: el desencanto con el proyecto europeo, que sirve de justificaci\u00f3n para la falta de solidaridad; la desigualdad econ\u00f3mica como una forma de injusticia muy arraigada en nuestras sociedades; el desencanto con [&hellip;]<\/p>\n","protected":false},"featured_media":3032,"template":"single-noticia","meta":{"_acf_changed":false},"categories":[7],"tags":[8],"country":[],"cause":[132],"class_list":["post-3041","noticia","type-noticia","status-publish","has-post-thumbnail","hentry","category-noticia","tag-participacion-y-ciudadania-global","cause-participacion-y-ciudadania-global"],"acf":[],"yoast_head":"<!-- This site is optimized with the Yoast SEO Premium plugin v21.6 (Yoast SEO v27.5) - https:\/\/yoast.com\/product\/yoast-seo-premium-wordpress\/ -->\n<title>ELECCIONES 2019: hay mucho en juego - Entreculturas<\/title>\n<meta name=\"robots\" content=\"index, follow, max-snippet:-1, max-image-preview:large, max-video-preview:-1\" \/>\n<link rel=\"canonical\" href=\"https:\/\/www.entreculturas.org\/fr\/noticia\/elecciones-2019\/\" \/>\n<meta property=\"og:locale\" content=\"fr_FR\" \/>\n<meta property=\"og:type\" content=\"article\" \/>\n<meta property=\"og:title\" content=\"ELECCIONES 2019: hay mucho en juego\" \/>\n<meta property=\"og:description\" content=\"Todas las elecciones son importantes: en ellas reside el n\u00facleo de nuestra democracia y es el momento del ejercicio del poder por parte de la ciudadan\u00eda. En 2019 las elecciones recorren todos los niveles de organizaci\u00f3n pol\u00edtica del Estado: locales, auton\u00f3micas, estatales y europeas. Hay motivos de preocupaci\u00f3n, y muchos, de cara a estas elecciones, pero tambi\u00e9n debemos reconocer que nuestras democracias europeas poseen una enorme fortaleza, y que la divisi\u00f3n de poderes se convierte en un contrapeso imprescindible para asegurar el respeto a los marcos constitucionales. El a\u00f1o 2019 est\u00e1 lleno de citas electorales. Adem\u00e1s de las cuestiones concretas de cada una de las elecciones, deber\u00edamos estar atentos a tendencias m\u00e1s profundas que van marcando nuestra vida pol\u00edtica: el desencanto con el proyecto europeo, que sirve de justificaci\u00f3n para la falta de solidaridad; la desigualdad econ\u00f3mica como una forma de injusticia muy arraigada en nuestras sociedades; el desencanto con [&hellip;]\" \/>\n<meta property=\"og:url\" content=\"https:\/\/www.entreculturas.org\/fr\/noticia\/elecciones-2019\/\" \/>\n<meta property=\"og:site_name\" content=\"Entreculturas\" \/>\n<meta property=\"article:publisher\" content=\"https:\/\/www.facebook.com\/entreculturas\" \/>\n<meta property=\"article:modified_time\" content=\"2024-02-09T12:09:18+00:00\" \/>\n<meta property=\"og:image\" content=\"https:\/\/www.entreculturas.org\/wp-content\/uploads\/2019\/04\/meme-elecciones2.jpg\" \/>\n\t<meta property=\"og:image:width\" content=\"940\" \/>\n\t<meta property=\"og:image:height\" content=\"788\" \/>\n\t<meta property=\"og:image:type\" content=\"image\/jpeg\" \/>\n<meta name=\"twitter:card\" content=\"summary_large_image\" \/>\n<meta name=\"twitter:site\" content=\"@Entreculturas\" \/>\n<script type=\"application\/ld+json\" class=\"yoast-schema-graph\">{\"@context\":\"https:\\\/\\\/schema.org\",\"@graph\":[{\"@type\":\"WebPage\",\"@id\":\"https:\\\/\\\/www.entreculturas.org\\\/fr\\\/noticia\\\/elecciones-2019\\\/\",\"url\":\"https:\\\/\\\/www.entreculturas.org\\\/fr\\\/noticia\\\/elecciones-2019\\\/\",\"name\":\"ELECCIONES 2019: hay mucho en juego - Entreculturas\",\"isPartOf\":{\"@id\":\"https:\\\/\\\/www.entreculturas.org\\\/fr\\\/#website\"},\"primaryImageOfPage\":{\"@id\":\"https:\\\/\\\/www.entreculturas.org\\\/fr\\\/noticia\\\/elecciones-2019\\\/#primaryimage\"},\"image\":{\"@id\":\"https:\\\/\\\/www.entreculturas.org\\\/fr\\\/noticia\\\/elecciones-2019\\\/#primaryimage\"},\"thumbnailUrl\":\"https:\\\/\\\/www.entreculturas.org\\\/wp-content\\\/uploads\\\/2019\\\/04\\\/meme-elecciones2.jpg\",\"datePublished\":\"2019-04-10T10:49:19+00:00\",\"dateModified\":\"2024-02-09T12:09:18+00:00\",\"breadcrumb\":{\"@id\":\"https:\\\/\\\/www.entreculturas.org\\\/fr\\\/noticia\\\/elecciones-2019\\\/#breadcrumb\"},\"inLanguage\":\"fr-FR\",\"potentialAction\":[{\"@type\":\"ReadAction\",\"target\":[\"https:\\\/\\\/www.entreculturas.org\\\/fr\\\/noticia\\\/elecciones-2019\\\/\"]}]},{\"@type\":\"ImageObject\",\"inLanguage\":\"fr-FR\",\"@id\":\"https:\\\/\\\/www.entreculturas.org\\\/fr\\\/noticia\\\/elecciones-2019\\\/#primaryimage\",\"url\":\"https:\\\/\\\/www.entreculturas.org\\\/wp-content\\\/uploads\\\/2019\\\/04\\\/meme-elecciones2.jpg\",\"contentUrl\":\"https:\\\/\\\/www.entreculturas.org\\\/wp-content\\\/uploads\\\/2019\\\/04\\\/meme-elecciones2.jpg\",\"width\":940,\"height\":788},{\"@type\":\"BreadcrumbList\",\"@id\":\"https:\\\/\\\/www.entreculturas.org\\\/fr\\\/noticia\\\/elecciones-2019\\\/#breadcrumb\",\"itemListElement\":[{\"@type\":\"ListItem\",\"position\":1,\"name\":\"Home\",\"item\":\"https:\\\/\\\/www.entreculturas.org\\\/fr\\\/\"},{\"@type\":\"ListItem\",\"position\":2,\"name\":\"Noticias\",\"item\":\"https:\\\/\\\/www.entreculturas.org\\\/fr\\\/noticias\\\/\"},{\"@type\":\"ListItem\",\"position\":3,\"name\":\"ELECCIONES 2019: hay mucho en juego\"}]},{\"@type\":\"WebSite\",\"@id\":\"https:\\\/\\\/www.entreculturas.org\\\/fr\\\/#website\",\"url\":\"https:\\\/\\\/www.entreculturas.org\\\/fr\\\/\",\"name\":\"Entreculturas\",\"description\":\"\",\"publisher\":{\"@id\":\"https:\\\/\\\/www.entreculturas.org\\\/fr\\\/#organization\"},\"alternateName\":\"Entreculturas\",\"potentialAction\":[{\"@type\":\"SearchAction\",\"target\":{\"@type\":\"EntryPoint\",\"urlTemplate\":\"https:\\\/\\\/www.entreculturas.org\\\/fr\\\/?s={search_term_string}\"},\"query-input\":{\"@type\":\"PropertyValueSpecification\",\"valueRequired\":true,\"valueName\":\"search_term_string\"}}],\"inLanguage\":\"fr-FR\"},{\"@type\":\"Organization\",\"@id\":\"https:\\\/\\\/www.entreculturas.org\\\/fr\\\/#organization\",\"name\":\"Entreculturas\",\"url\":\"https:\\\/\\\/www.entreculturas.org\\\/fr\\\/\",\"logo\":{\"@type\":\"ImageObject\",\"inLanguage\":\"fr-FR\",\"@id\":\"https:\\\/\\\/www.entreculturas.org\\\/fr\\\/#\\\/schema\\\/logo\\\/image\\\/\",\"url\":\"https:\\\/\\\/www.entreculturas.org\\\/wp-content\\\/uploads\\\/2025\\\/10\\\/ESP.svg\",\"contentUrl\":\"https:\\\/\\\/www.entreculturas.org\\\/wp-content\\\/uploads\\\/2025\\\/10\\\/ESP.svg\",\"caption\":\"Entreculturas\"},\"image\":{\"@id\":\"https:\\\/\\\/www.entreculturas.org\\\/fr\\\/#\\\/schema\\\/logo\\\/image\\\/\"},\"sameAs\":[\"https:\\\/\\\/www.facebook.com\\\/entreculturas\",\"https:\\\/\\\/x.com\\\/Entreculturas\",\"https:\\\/\\\/www.instagram.com\\\/entreculturas\\\/\",\"https:\\\/\\\/www.youtube.com\\\/user\\\/entreculturasvideo\",\"https:\\\/\\\/www.linkedin.com\\\/company\\\/fundacion-entreculturas-ngdo\\\/\",\"https:\\\/\\\/www.flickr.com\\\/photos\\\/98455522@N04\\\/albums\\\/\"]}]}<\/script>\n<!-- \/ Yoast SEO Premium plugin. -->","yoast_head_json":{"title":"ELECCIONES 2019: hay mucho en juego - Entreculturas","robots":{"index":"index","follow":"follow","max-snippet":"max-snippet:-1","max-image-preview":"max-image-preview:large","max-video-preview":"max-video-preview:-1"},"canonical":"https:\/\/www.entreculturas.org\/fr\/noticia\/elecciones-2019\/","og_locale":"fr_FR","og_type":"article","og_title":"ELECCIONES 2019: hay mucho en juego","og_description":"Todas las elecciones son importantes: en ellas reside el n\u00facleo de nuestra democracia y es el momento del ejercicio del poder por parte de la ciudadan\u00eda. En 2019 las elecciones recorren todos los niveles de organizaci\u00f3n pol\u00edtica del Estado: locales, auton\u00f3micas, estatales y europeas. Hay motivos de preocupaci\u00f3n, y muchos, de cara a estas elecciones, pero tambi\u00e9n debemos reconocer que nuestras democracias europeas poseen una enorme fortaleza, y que la divisi\u00f3n de poderes se convierte en un contrapeso imprescindible para asegurar el respeto a los marcos constitucionales. El a\u00f1o 2019 est\u00e1 lleno de citas electorales. Adem\u00e1s de las cuestiones concretas de cada una de las elecciones, deber\u00edamos estar atentos a tendencias m\u00e1s profundas que van marcando nuestra vida pol\u00edtica: el desencanto con el proyecto europeo, que sirve de justificaci\u00f3n para la falta de solidaridad; la desigualdad econ\u00f3mica como una forma de injusticia muy arraigada en nuestras sociedades; el desencanto con [&hellip;]","og_url":"https:\/\/www.entreculturas.org\/fr\/noticia\/elecciones-2019\/","og_site_name":"Entreculturas","article_publisher":"https:\/\/www.facebook.com\/entreculturas","article_modified_time":"2024-02-09T12:09:18+00:00","og_image":[{"width":940,"height":788,"url":"https:\/\/www.entreculturas.org\/wp-content\/uploads\/2019\/04\/meme-elecciones2.jpg","type":"image\/jpeg"}],"twitter_card":"summary_large_image","twitter_site":"@Entreculturas","schema":{"@context":"https:\/\/schema.org","@graph":[{"@type":"WebPage","@id":"https:\/\/www.entreculturas.org\/fr\/noticia\/elecciones-2019\/","url":"https:\/\/www.entreculturas.org\/fr\/noticia\/elecciones-2019\/","name":"ELECCIONES 2019: hay mucho en juego - Entreculturas","isPartOf":{"@id":"https:\/\/www.entreculturas.org\/fr\/#website"},"primaryImageOfPage":{"@id":"https:\/\/www.entreculturas.org\/fr\/noticia\/elecciones-2019\/#primaryimage"},"image":{"@id":"https:\/\/www.entreculturas.org\/fr\/noticia\/elecciones-2019\/#primaryimage"},"thumbnailUrl":"https:\/\/www.entreculturas.org\/wp-content\/uploads\/2019\/04\/meme-elecciones2.jpg","datePublished":"2019-04-10T10:49:19+00:00","dateModified":"2024-02-09T12:09:18+00:00","breadcrumb":{"@id":"https:\/\/www.entreculturas.org\/fr\/noticia\/elecciones-2019\/#breadcrumb"},"inLanguage":"fr-FR","potentialAction":[{"@type":"ReadAction","target":["https:\/\/www.entreculturas.org\/fr\/noticia\/elecciones-2019\/"]}]},{"@type":"ImageObject","inLanguage":"fr-FR","@id":"https:\/\/www.entreculturas.org\/fr\/noticia\/elecciones-2019\/#primaryimage","url":"https:\/\/www.entreculturas.org\/wp-content\/uploads\/2019\/04\/meme-elecciones2.jpg","contentUrl":"https:\/\/www.entreculturas.org\/wp-content\/uploads\/2019\/04\/meme-elecciones2.jpg","width":940,"height":788},{"@type":"BreadcrumbList","@id":"https:\/\/www.entreculturas.org\/fr\/noticia\/elecciones-2019\/#breadcrumb","itemListElement":[{"@type":"ListItem","position":1,"name":"Home","item":"https:\/\/www.entreculturas.org\/fr\/"},{"@type":"ListItem","position":2,"name":"Noticias","item":"https:\/\/www.entreculturas.org\/fr\/noticias\/"},{"@type":"ListItem","position":3,"name":"ELECCIONES 2019: hay mucho en juego"}]},{"@type":"WebSite","@id":"https:\/\/www.entreculturas.org\/fr\/#website","url":"https:\/\/www.entreculturas.org\/fr\/","name":"Entreculturas","description":"","publisher":{"@id":"https:\/\/www.entreculturas.org\/fr\/#organization"},"alternateName":"Entreculturas","potentialAction":[{"@type":"SearchAction","target":{"@type":"EntryPoint","urlTemplate":"https:\/\/www.entreculturas.org\/fr\/?s={search_term_string}"},"query-input":{"@type":"PropertyValueSpecification","valueRequired":true,"valueName":"search_term_string"}}],"inLanguage":"fr-FR"},{"@type":"Organization","@id":"https:\/\/www.entreculturas.org\/fr\/#organization","name":"Entreculturas","url":"https:\/\/www.entreculturas.org\/fr\/","logo":{"@type":"ImageObject","inLanguage":"fr-FR","@id":"https:\/\/www.entreculturas.org\/fr\/#\/schema\/logo\/image\/","url":"https:\/\/www.entreculturas.org\/wp-content\/uploads\/2025\/10\/ESP.svg","contentUrl":"https:\/\/www.entreculturas.org\/wp-content\/uploads\/2025\/10\/ESP.svg","caption":"Entreculturas"},"image":{"@id":"https:\/\/www.entreculturas.org\/fr\/#\/schema\/logo\/image\/"},"sameAs":["https:\/\/www.facebook.com\/entreculturas","https:\/\/x.com\/Entreculturas","https:\/\/www.instagram.com\/entreculturas\/","https:\/\/www.youtube.com\/user\/entreculturasvideo","https:\/\/www.linkedin.com\/company\/fundacion-entreculturas-ngdo\/","https:\/\/www.flickr.com\/photos\/98455522@N04\/albums\/"]}]}},"_links":{"self":[{"href":"https:\/\/www.entreculturas.org\/fr\/wp-json\/wp\/v2\/noticia\/3041","targetHints":{"allow":["GET"]}}],"collection":[{"href":"https:\/\/www.entreculturas.org\/fr\/wp-json\/wp\/v2\/noticia"}],"about":[{"href":"https:\/\/www.entreculturas.org\/fr\/wp-json\/wp\/v2\/types\/noticia"}],"wp:featuredmedia":[{"embeddable":true,"href":"https:\/\/www.entreculturas.org\/fr\/wp-json\/wp\/v2\/media\/3032"}],"wp:attachment":[{"href":"https:\/\/www.entreculturas.org\/fr\/wp-json\/wp\/v2\/media?parent=3041"}],"wp:term":[{"taxonomy":"category","embeddable":true,"href":"https:\/\/www.entreculturas.org\/fr\/wp-json\/wp\/v2\/categories?post=3041"},{"taxonomy":"post_tag","embeddable":true,"href":"https:\/\/www.entreculturas.org\/fr\/wp-json\/wp\/v2\/tags?post=3041"},{"taxonomy":"country","embeddable":true,"href":"https:\/\/www.entreculturas.org\/fr\/wp-json\/wp\/v2\/country?post=3041"},{"taxonomy":"cause","embeddable":true,"href":"https:\/\/www.entreculturas.org\/fr\/wp-json\/wp\/v2\/cause?post=3041"}],"curies":[{"name":"wp","href":"https:\/\/api.w.org\/{rel}","templated":true}]}}