{"id":30127,"date":"2024-08-01T10:56:46","date_gmt":"2024-08-01T08:56:46","guid":{"rendered":"https:\/\/www.entreculturas.org\/?post_type=publicacion&#038;p=30127"},"modified":"2024-09-17T13:16:12","modified_gmt":"2024-09-17T11:16:12","slug":"abraham-de-luca-red-solidaria-de-jovenes-extremadura","status":"publish","type":"noticia","link":"https:\/\/www.entreculturas.org\/fr\/noticia\/abraham-de-luca-red-solidaria-de-jovenes-extremadura\/","title":{"rendered":"Abraham de Luca &#8211; Red Solidaria de J\u00f3venes Extremadura"},"content":{"rendered":"\n<p>Para m\u00ed la Red Solidaria de J\u00f3venes (RSJ) significa una herramienta para cambiar el mundo. Un mundo que nos indigna por sus injusticias y que estamos decididos a cambiar. Soy Abraham, vengo de la Red Solidaria de Extremadura, donde hay 100 j\u00f3venes, 17 educadores y educadoras y un equipo de voluntariado de 5 personas que hab\u00edan pertenecido a la Red y otros 20 de la delegaci\u00f3n de Extremadura, quienes nos acompa\u00f1an en diversas actividades.<\/p>\n\n\n\n<p><\/p>\n\n\n\n<p>Este a\u00f1o participamos del IX Encuentro Global, \u201cSomos CuidaDan\u00eda Global\u201d, de la RSJ, en Madrid. Nos reunimos con m\u00e1s de 250 j\u00f3venes, educadores y educadoras de 11 pa\u00edses de Am\u00e9rica Latina, \u00c1frica y Europa, representantes de los grupos de participaci\u00f3n juvenil de los programas Red Solidaria de J\u00f3venes y Red Generaci\u00f3n 21+.<\/p>\n\n\n\n<p><\/p>\n\n\n\n<p>Esta cita no es s\u00f3lo un acto de convivencia, sino un compromiso. Un compromiso de cambiar el mundo. Un compromiso que tra\u00edamos con nosotros y que creci\u00f3, como esa chispa que&nbsp; crece dentro de nosotros cuanto m\u00e1s compartimos. Por eso, cuando volvamos a nuestros hogares, no debemos guardar esta chispa para nosotros mismos, debemos compartirla. Ese tambi\u00e9n es nuestro compromiso.<\/p>\n\n\n\n<p><\/p>\n\n\n\n<p>As\u00ed, poco a poco, iremos encendiendo llamas hasta que todo el mundo tenga una que movilice su vida por un futuro mejor. Este proceso, por innovador, chocante y rompedor que sea, ser\u00e1&nbsp; importante para nuestro futuro y el de las generaciones venideras. La Red es esa herramienta que nos permite expresarnos y dar el 101%, en la que nos sentimos como una familia.&nbsp;<\/p>\n\n\n\n<p><\/p>\n\n\n\n<p>Personalmente me siento muy feliz de haber participado en el Encuentro. Me llevo esa chispa enardecida, enorme por compartir y deseoso de crear chispas all\u00e1 donde vayamos. Como dec\u00eda el plan de acci\u00f3n 2022-2023, \u00abNo dejemos que esa chispa se apague\u00bb.<\/p>\n\n\n\n<p><\/p>\n","protected":false},"excerpt":{"rendered":"<p>Para m\u00ed la Red Solidaria de J\u00f3venes (RSJ) significa una herramienta para cambiar el mundo. Un mundo que nos indigna por sus injusticias y que estamos decididos a cambiar. Soy Abraham, vengo de la Red Solidaria de Extremadura, donde hay 100 j\u00f3venes, 17 educadores y educadoras y un equipo de voluntariado de 5 personas que hab\u00edan pertenecido a la Red y otros 20 de la delegaci\u00f3n de Extremadura, quienes nos acompa\u00f1an en diversas actividades. Este a\u00f1o participamos del IX Encuentro Global, \u201cSomos CuidaDan\u00eda Global\u201d, de la RSJ, en Madrid. Nos reunimos con m\u00e1s de 250 j\u00f3venes, educadores y educadoras de 11 pa\u00edses de Am\u00e9rica Latina, \u00c1frica y Europa, representantes de los grupos de participaci\u00f3n juvenil de los programas Red Solidaria de J\u00f3venes y Red Generaci\u00f3n 21+. Esta cita no es s\u00f3lo un acto de convivencia, sino un compromiso. Un compromiso de cambiar el mundo. Un compromiso que tra\u00edamos con nosotros [&hellip;]<\/p>\n","protected":false},"featured_media":30129,"template":"single-noticia","meta":{"_acf_changed":false},"categories":[7],"tags":[191],"country":[],"cause":[132],"class_list":["post-30127","noticia","type-noticia","status-publish","has-post-thumbnail","hentry","category-noticia","tag-voluntariado","cause-participacion-y-ciudadania-global"],"acf":[],"yoast_head":"<!-- This site is optimized with the Yoast SEO Premium plugin v21.6 (Yoast SEO v27.5) - https:\/\/yoast.com\/product\/yoast-seo-premium-wordpress\/ -->\n<title>Abraham de Luca - Red Solidaria de J\u00f3venes Extremadura - Entreculturas<\/title>\n<meta name=\"robots\" content=\"index, follow, max-snippet:-1, max-image-preview:large, max-video-preview:-1\" \/>\n<link rel=\"canonical\" href=\"https:\/\/www.entreculturas.org\/fr\/noticia\/abraham-de-luca-red-solidaria-de-jovenes-extremadura\/\" \/>\n<meta property=\"og:locale\" content=\"fr_FR\" \/>\n<meta property=\"og:type\" content=\"article\" \/>\n<meta property=\"og:title\" content=\"Abraham de Luca - Red Solidaria de J\u00f3venes Extremadura\" \/>\n<meta property=\"og:description\" content=\"Para m\u00ed la Red Solidaria de J\u00f3venes (RSJ) significa una herramienta para cambiar el mundo. Un mundo que nos indigna por sus injusticias y que estamos decididos a cambiar. Soy Abraham, vengo de la Red Solidaria de Extremadura, donde hay 100 j\u00f3venes, 17 educadores y educadoras y un equipo de voluntariado de 5 personas que hab\u00edan pertenecido a la Red y otros 20 de la delegaci\u00f3n de Extremadura, quienes nos acompa\u00f1an en diversas actividades. Este a\u00f1o participamos del IX Encuentro Global, \u201cSomos CuidaDan\u00eda Global\u201d, de la RSJ, en Madrid. Nos reunimos con m\u00e1s de 250 j\u00f3venes, educadores y educadoras de 11 pa\u00edses de Am\u00e9rica Latina, \u00c1frica y Europa, representantes de los grupos de participaci\u00f3n juvenil de los programas Red Solidaria de J\u00f3venes y Red Generaci\u00f3n 21+. Esta cita no es s\u00f3lo un acto de convivencia, sino un compromiso. Un compromiso de cambiar el mundo. Un compromiso que tra\u00edamos con nosotros [&hellip;]\" \/>\n<meta property=\"og:url\" content=\"https:\/\/www.entreculturas.org\/fr\/noticia\/abraham-de-luca-red-solidaria-de-jovenes-extremadura\/\" \/>\n<meta property=\"og:site_name\" content=\"Entreculturas\" \/>\n<meta property=\"article:publisher\" content=\"https:\/\/www.facebook.com\/entreculturas\" \/>\n<meta property=\"article:modified_time\" content=\"2024-09-17T11:16:12+00:00\" \/>\n<meta property=\"og:image\" content=\"https:\/\/www.entreculturas.org\/wp-content\/uploads\/2024\/08\/Abraham_Red_Solidaria_Jovenes_web.jpg\" \/>\n\t<meta property=\"og:image:width\" content=\"1501\" \/>\n\t<meta property=\"og:image:height\" content=\"1114\" \/>\n\t<meta property=\"og:image:type\" content=\"image\/jpeg\" \/>\n<meta name=\"twitter:card\" content=\"summary_large_image\" \/>\n<meta name=\"twitter:site\" content=\"@Entreculturas\" \/>\n<script type=\"application\/ld+json\" class=\"yoast-schema-graph\">{\"@context\":\"https:\\\/\\\/schema.org\",\"@graph\":[{\"@type\":\"WebPage\",\"@id\":\"https:\\\/\\\/www.entreculturas.org\\\/fr\\\/noticia\\\/abraham-de-luca-red-solidaria-de-jovenes-extremadura\\\/\",\"url\":\"https:\\\/\\\/www.entreculturas.org\\\/fr\\\/noticia\\\/abraham-de-luca-red-solidaria-de-jovenes-extremadura\\\/\",\"name\":\"Abraham de Luca - Red Solidaria de J\u00f3venes Extremadura - Entreculturas\",\"isPartOf\":{\"@id\":\"https:\\\/\\\/www.entreculturas.org\\\/fr\\\/#website\"},\"primaryImageOfPage\":{\"@id\":\"https:\\\/\\\/www.entreculturas.org\\\/fr\\\/noticia\\\/abraham-de-luca-red-solidaria-de-jovenes-extremadura\\\/#primaryimage\"},\"image\":{\"@id\":\"https:\\\/\\\/www.entreculturas.org\\\/fr\\\/noticia\\\/abraham-de-luca-red-solidaria-de-jovenes-extremadura\\\/#primaryimage\"},\"thumbnailUrl\":\"https:\\\/\\\/www.entreculturas.org\\\/wp-content\\\/uploads\\\/2024\\\/08\\\/Abraham_Red_Solidaria_Jovenes_web.jpg\",\"datePublished\":\"2024-08-01T08:56:46+00:00\",\"dateModified\":\"2024-09-17T11:16:12+00:00\",\"breadcrumb\":{\"@id\":\"https:\\\/\\\/www.entreculturas.org\\\/fr\\\/noticia\\\/abraham-de-luca-red-solidaria-de-jovenes-extremadura\\\/#breadcrumb\"},\"inLanguage\":\"fr-FR\",\"potentialAction\":[{\"@type\":\"ReadAction\",\"target\":[\"https:\\\/\\\/www.entreculturas.org\\\/fr\\\/noticia\\\/abraham-de-luca-red-solidaria-de-jovenes-extremadura\\\/\"]}]},{\"@type\":\"ImageObject\",\"inLanguage\":\"fr-FR\",\"@id\":\"https:\\\/\\\/www.entreculturas.org\\\/fr\\\/noticia\\\/abraham-de-luca-red-solidaria-de-jovenes-extremadura\\\/#primaryimage\",\"url\":\"https:\\\/\\\/www.entreculturas.org\\\/wp-content\\\/uploads\\\/2024\\\/08\\\/Abraham_Red_Solidaria_Jovenes_web.jpg\",\"contentUrl\":\"https:\\\/\\\/www.entreculturas.org\\\/wp-content\\\/uploads\\\/2024\\\/08\\\/Abraham_Red_Solidaria_Jovenes_web.jpg\",\"width\":1501,\"height\":1114},{\"@type\":\"BreadcrumbList\",\"@id\":\"https:\\\/\\\/www.entreculturas.org\\\/fr\\\/noticia\\\/abraham-de-luca-red-solidaria-de-jovenes-extremadura\\\/#breadcrumb\",\"itemListElement\":[{\"@type\":\"ListItem\",\"position\":1,\"name\":\"Home\",\"item\":\"https:\\\/\\\/www.entreculturas.org\\\/fr\\\/\"},{\"@type\":\"ListItem\",\"position\":2,\"name\":\"Noticias\",\"item\":\"https:\\\/\\\/www.entreculturas.org\\\/fr\\\/noticias\\\/\"},{\"@type\":\"ListItem\",\"position\":3,\"name\":\"Abraham de Luca &#8211; Red Solidaria de J\u00f3venes Extremadura\"}]},{\"@type\":\"WebSite\",\"@id\":\"https:\\\/\\\/www.entreculturas.org\\\/fr\\\/#website\",\"url\":\"https:\\\/\\\/www.entreculturas.org\\\/fr\\\/\",\"name\":\"Entreculturas\",\"description\":\"\",\"publisher\":{\"@id\":\"https:\\\/\\\/www.entreculturas.org\\\/fr\\\/#organization\"},\"alternateName\":\"Entreculturas\",\"potentialAction\":[{\"@type\":\"SearchAction\",\"target\":{\"@type\":\"EntryPoint\",\"urlTemplate\":\"https:\\\/\\\/www.entreculturas.org\\\/fr\\\/?s={search_term_string}\"},\"query-input\":{\"@type\":\"PropertyValueSpecification\",\"valueRequired\":true,\"valueName\":\"search_term_string\"}}],\"inLanguage\":\"fr-FR\"},{\"@type\":\"Organization\",\"@id\":\"https:\\\/\\\/www.entreculturas.org\\\/fr\\\/#organization\",\"name\":\"Entreculturas\",\"url\":\"https:\\\/\\\/www.entreculturas.org\\\/fr\\\/\",\"logo\":{\"@type\":\"ImageObject\",\"inLanguage\":\"fr-FR\",\"@id\":\"https:\\\/\\\/www.entreculturas.org\\\/fr\\\/#\\\/schema\\\/logo\\\/image\\\/\",\"url\":\"https:\\\/\\\/www.entreculturas.org\\\/wp-content\\\/uploads\\\/2025\\\/10\\\/ESP.svg\",\"contentUrl\":\"https:\\\/\\\/www.entreculturas.org\\\/wp-content\\\/uploads\\\/2025\\\/10\\\/ESP.svg\",\"caption\":\"Entreculturas\"},\"image\":{\"@id\":\"https:\\\/\\\/www.entreculturas.org\\\/fr\\\/#\\\/schema\\\/logo\\\/image\\\/\"},\"sameAs\":[\"https:\\\/\\\/www.facebook.com\\\/entreculturas\",\"https:\\\/\\\/x.com\\\/Entreculturas\",\"https:\\\/\\\/www.instagram.com\\\/entreculturas\\\/\",\"https:\\\/\\\/www.youtube.com\\\/user\\\/entreculturasvideo\",\"https:\\\/\\\/www.linkedin.com\\\/company\\\/fundacion-entreculturas-ngdo\\\/\",\"https:\\\/\\\/www.flickr.com\\\/photos\\\/98455522@N04\\\/albums\\\/\"]}]}<\/script>\n<!-- \/ Yoast SEO Premium plugin. -->","yoast_head_json":{"title":"Abraham de Luca - Red Solidaria de J\u00f3venes Extremadura - Entreculturas","robots":{"index":"index","follow":"follow","max-snippet":"max-snippet:-1","max-image-preview":"max-image-preview:large","max-video-preview":"max-video-preview:-1"},"canonical":"https:\/\/www.entreculturas.org\/fr\/noticia\/abraham-de-luca-red-solidaria-de-jovenes-extremadura\/","og_locale":"fr_FR","og_type":"article","og_title":"Abraham de Luca - Red Solidaria de J\u00f3venes Extremadura","og_description":"Para m\u00ed la Red Solidaria de J\u00f3venes (RSJ) significa una herramienta para cambiar el mundo. Un mundo que nos indigna por sus injusticias y que estamos decididos a cambiar. Soy Abraham, vengo de la Red Solidaria de Extremadura, donde hay 100 j\u00f3venes, 17 educadores y educadoras y un equipo de voluntariado de 5 personas que hab\u00edan pertenecido a la Red y otros 20 de la delegaci\u00f3n de Extremadura, quienes nos acompa\u00f1an en diversas actividades. Este a\u00f1o participamos del IX Encuentro Global, \u201cSomos CuidaDan\u00eda Global\u201d, de la RSJ, en Madrid. Nos reunimos con m\u00e1s de 250 j\u00f3venes, educadores y educadoras de 11 pa\u00edses de Am\u00e9rica Latina, \u00c1frica y Europa, representantes de los grupos de participaci\u00f3n juvenil de los programas Red Solidaria de J\u00f3venes y Red Generaci\u00f3n 21+. Esta cita no es s\u00f3lo un acto de convivencia, sino un compromiso. Un compromiso de cambiar el mundo. Un compromiso que tra\u00edamos con nosotros [&hellip;]","og_url":"https:\/\/www.entreculturas.org\/fr\/noticia\/abraham-de-luca-red-solidaria-de-jovenes-extremadura\/","og_site_name":"Entreculturas","article_publisher":"https:\/\/www.facebook.com\/entreculturas","article_modified_time":"2024-09-17T11:16:12+00:00","og_image":[{"width":1501,"height":1114,"url":"https:\/\/www.entreculturas.org\/wp-content\/uploads\/2024\/08\/Abraham_Red_Solidaria_Jovenes_web.jpg","type":"image\/jpeg"}],"twitter_card":"summary_large_image","twitter_site":"@Entreculturas","schema":{"@context":"https:\/\/schema.org","@graph":[{"@type":"WebPage","@id":"https:\/\/www.entreculturas.org\/fr\/noticia\/abraham-de-luca-red-solidaria-de-jovenes-extremadura\/","url":"https:\/\/www.entreculturas.org\/fr\/noticia\/abraham-de-luca-red-solidaria-de-jovenes-extremadura\/","name":"Abraham de Luca - Red Solidaria de J\u00f3venes Extremadura - Entreculturas","isPartOf":{"@id":"https:\/\/www.entreculturas.org\/fr\/#website"},"primaryImageOfPage":{"@id":"https:\/\/www.entreculturas.org\/fr\/noticia\/abraham-de-luca-red-solidaria-de-jovenes-extremadura\/#primaryimage"},"image":{"@id":"https:\/\/www.entreculturas.org\/fr\/noticia\/abraham-de-luca-red-solidaria-de-jovenes-extremadura\/#primaryimage"},"thumbnailUrl":"https:\/\/www.entreculturas.org\/wp-content\/uploads\/2024\/08\/Abraham_Red_Solidaria_Jovenes_web.jpg","datePublished":"2024-08-01T08:56:46+00:00","dateModified":"2024-09-17T11:16:12+00:00","breadcrumb":{"@id":"https:\/\/www.entreculturas.org\/fr\/noticia\/abraham-de-luca-red-solidaria-de-jovenes-extremadura\/#breadcrumb"},"inLanguage":"fr-FR","potentialAction":[{"@type":"ReadAction","target":["https:\/\/www.entreculturas.org\/fr\/noticia\/abraham-de-luca-red-solidaria-de-jovenes-extremadura\/"]}]},{"@type":"ImageObject","inLanguage":"fr-FR","@id":"https:\/\/www.entreculturas.org\/fr\/noticia\/abraham-de-luca-red-solidaria-de-jovenes-extremadura\/#primaryimage","url":"https:\/\/www.entreculturas.org\/wp-content\/uploads\/2024\/08\/Abraham_Red_Solidaria_Jovenes_web.jpg","contentUrl":"https:\/\/www.entreculturas.org\/wp-content\/uploads\/2024\/08\/Abraham_Red_Solidaria_Jovenes_web.jpg","width":1501,"height":1114},{"@type":"BreadcrumbList","@id":"https:\/\/www.entreculturas.org\/fr\/noticia\/abraham-de-luca-red-solidaria-de-jovenes-extremadura\/#breadcrumb","itemListElement":[{"@type":"ListItem","position":1,"name":"Home","item":"https:\/\/www.entreculturas.org\/fr\/"},{"@type":"ListItem","position":2,"name":"Noticias","item":"https:\/\/www.entreculturas.org\/fr\/noticias\/"},{"@type":"ListItem","position":3,"name":"Abraham de Luca &#8211; Red Solidaria de J\u00f3venes Extremadura"}]},{"@type":"WebSite","@id":"https:\/\/www.entreculturas.org\/fr\/#website","url":"https:\/\/www.entreculturas.org\/fr\/","name":"Entreculturas","description":"","publisher":{"@id":"https:\/\/www.entreculturas.org\/fr\/#organization"},"alternateName":"Entreculturas","potentialAction":[{"@type":"SearchAction","target":{"@type":"EntryPoint","urlTemplate":"https:\/\/www.entreculturas.org\/fr\/?s={search_term_string}"},"query-input":{"@type":"PropertyValueSpecification","valueRequired":true,"valueName":"search_term_string"}}],"inLanguage":"fr-FR"},{"@type":"Organization","@id":"https:\/\/www.entreculturas.org\/fr\/#organization","name":"Entreculturas","url":"https:\/\/www.entreculturas.org\/fr\/","logo":{"@type":"ImageObject","inLanguage":"fr-FR","@id":"https:\/\/www.entreculturas.org\/fr\/#\/schema\/logo\/image\/","url":"https:\/\/www.entreculturas.org\/wp-content\/uploads\/2025\/10\/ESP.svg","contentUrl":"https:\/\/www.entreculturas.org\/wp-content\/uploads\/2025\/10\/ESP.svg","caption":"Entreculturas"},"image":{"@id":"https:\/\/www.entreculturas.org\/fr\/#\/schema\/logo\/image\/"},"sameAs":["https:\/\/www.facebook.com\/entreculturas","https:\/\/x.com\/Entreculturas","https:\/\/www.instagram.com\/entreculturas\/","https:\/\/www.youtube.com\/user\/entreculturasvideo","https:\/\/www.linkedin.com\/company\/fundacion-entreculturas-ngdo\/","https:\/\/www.flickr.com\/photos\/98455522@N04\/albums\/"]}]}},"_links":{"self":[{"href":"https:\/\/www.entreculturas.org\/fr\/wp-json\/wp\/v2\/noticia\/30127","targetHints":{"allow":["GET"]}}],"collection":[{"href":"https:\/\/www.entreculturas.org\/fr\/wp-json\/wp\/v2\/noticia"}],"about":[{"href":"https:\/\/www.entreculturas.org\/fr\/wp-json\/wp\/v2\/types\/noticia"}],"wp:featuredmedia":[{"embeddable":true,"href":"https:\/\/www.entreculturas.org\/fr\/wp-json\/wp\/v2\/media\/30129"}],"wp:attachment":[{"href":"https:\/\/www.entreculturas.org\/fr\/wp-json\/wp\/v2\/media?parent=30127"}],"wp:term":[{"taxonomy":"category","embeddable":true,"href":"https:\/\/www.entreculturas.org\/fr\/wp-json\/wp\/v2\/categories?post=30127"},{"taxonomy":"post_tag","embeddable":true,"href":"https:\/\/www.entreculturas.org\/fr\/wp-json\/wp\/v2\/tags?post=30127"},{"taxonomy":"country","embeddable":true,"href":"https:\/\/www.entreculturas.org\/fr\/wp-json\/wp\/v2\/country?post=30127"},{"taxonomy":"cause","embeddable":true,"href":"https:\/\/www.entreculturas.org\/fr\/wp-json\/wp\/v2\/cause?post=30127"}],"curies":[{"name":"wp","href":"https:\/\/api.w.org\/{rel}","templated":true}]}}