{"id":2953,"date":"2019-03-22T09:02:57","date_gmt":"2019-03-22T09:02:57","guid":{"rendered":"https:\/\/entreculturasi.wpenginepowered.com\/?noticias=aprendiendo-en-myanmar"},"modified":"2024-03-20T11:10:47","modified_gmt":"2024-03-20T10:10:47","slug":"aprendiendo-en-myanmar","status":"publish","type":"noticia","link":"https:\/\/www.entreculturas.org\/fr\/noticia\/aprendiendo-en-myanmar\/","title":{"rendered":"Aprendiendo en Myanmar"},"content":{"rendered":"<\/p>\n<p>Entre el 17 y el&nbsp;23 de marzo, <strong>Daniel&nbsp;Villanueva, SJ, nuestro Vicepresidente Ejecutivo, ha estado visitando los proyectos de la Compa\u00f1\u00eda de Jes\u00fas en Myanmar, en una hist\u00f3rica primera visita al pa\u00eds en representaci\u00f3n de la&nbsp;Federaci\u00f3n Internacional de Fe y Alegr\u00eda<\/strong>. El objetivo de este viaje ha sido identificar&nbsp;los proyectos educativos con poblaci\u00f3n vulnerable que los jesuitas est\u00e1n llevando a cabo en este pa\u00eds del Sudeste Asi\u00e1tico, y dar comienzo a las conversaciones con los principales actores socio-educativos en el terreno sobre el movimiento internacional Fe y Alegr\u00eda.&nbsp;<\/p>\n<p>El trabajo de esta semana ha consistido en el di\u00e1logo y visita a los proyectos educativos en <strong>Myitkyina, Taunggy y Yangon<\/strong>, especialmente con el trabajo de formaci\u00f3n de profesores en el San Aloysius Gonzaga College y el Myanmar Leadership Institute. La misi\u00f3n de Myanmar est\u00e1 liderada por Mark Raper SJ, antiguo director de JRS, previo presidente de JCAP y buen amigo de Entreculturas y Alboan. Parte de la visita se ha realizado en coordinaci\u00f3n con el equipo de Jesuit Mission Australia, con quien cada vez nos estamos aliando m\u00e1s para las operaciones en Asia Pacifico.&nbsp;<\/p>\n<p><img decoding=\"async\" alt=\"\" height=\"552\" src=\"https:\/\/www.entreculturas.org\/wp-content\/uploads\/2019\/03\/foto2_6.jpg\" width=\"800\"><\/p>\n<p>Desde el a\u00f1o 2006, Entreculturas ha estado acompa\u00f1ando con intensidad las diferentes Fe y Alegr\u00eda&nbsp;nacientes en el continente africano. <strong>En los \u00faltimos tres a\u00f1os, mientras la apuesta estrat\u00e9gica por \u00c1frica continua, estamos comenzando el trabajo de relaciones institucionales federativas y alentamiento de las primeras iniciativas piloto de Fe y Alegr\u00eda en Asia<\/strong>. En este momento <strong>ya existen iniciativas en Camboya y en Nepal<\/strong>, y este a\u00f1o <strong>las conversaciones est\u00e1n en marcha con Myanmar e India<\/strong>. Entreculturas forma parte del Comit\u00e9 Federativo de nuevas fronteras y Daniel Villanueva SJ es el Delegado del Coordinador de la Federaci\u00f3n para las Relaciones con la Gobernanza Internacional de la Compa\u00f1\u00eda de Jes\u00fas.<\/p>\n","protected":false},"excerpt":{"rendered":"<p>Daniel Villanueva, SJ, nuestro Vicepresidente Ejecutivo, ha estado visitando los proyectos de la Compa\u00f1\u00eda de Jes\u00fas en Myanmar, en una hist\u00f3rica primera visita al pa\u00eds en representaci\u00f3n de la Federaci\u00f3n Internacional de Fe y Alegr\u00eda.<\/p>\n","protected":false},"featured_media":2954,"template":"single-noticia","meta":{"_acf_changed":false},"categories":[7],"tags":[289],"country":[],"cause":[128],"class_list":["post-2953","noticia","type-noticia","status-publish","has-post-thumbnail","hentry","category-noticia","tag-educacion","cause-educacion"],"acf":[],"yoast_head":"<!-- This site is optimized with the Yoast SEO Premium plugin v21.6 (Yoast SEO v27.5) - https:\/\/yoast.com\/product\/yoast-seo-premium-wordpress\/ -->\n<title>Aprendiendo en Myanmar - Entreculturas<\/title>\n<meta name=\"robots\" content=\"index, follow, max-snippet:-1, max-image-preview:large, max-video-preview:-1\" \/>\n<link rel=\"canonical\" href=\"https:\/\/www.entreculturas.org\/fr\/noticia\/aprendiendo-en-myanmar\/\" \/>\n<meta property=\"og:locale\" content=\"fr_FR\" \/>\n<meta property=\"og:type\" content=\"article\" \/>\n<meta property=\"og:title\" content=\"Aprendiendo en Myanmar\" \/>\n<meta property=\"og:description\" content=\"Daniel Villanueva, SJ, nuestro Vicepresidente Ejecutivo, ha estado visitando los proyectos de la Compa\u00f1\u00eda de Jes\u00fas en Myanmar, en una hist\u00f3rica primera visita al pa\u00eds en representaci\u00f3n de la Federaci\u00f3n Internacional de Fe y Alegr\u00eda.\" \/>\n<meta property=\"og:url\" content=\"https:\/\/www.entreculturas.org\/fr\/noticia\/aprendiendo-en-myanmar\/\" \/>\n<meta property=\"og:site_name\" content=\"Entreculturas\" \/>\n<meta property=\"article:publisher\" content=\"https:\/\/www.facebook.com\/entreculturas\" \/>\n<meta property=\"article:modified_time\" content=\"2024-03-20T10:10:47+00:00\" \/>\n<meta property=\"og:image\" content=\"https:\/\/www.entreculturas.org\/wp-content\/uploads\/2019\/03\/foto1_4.jpg\" \/>\n\t<meta property=\"og:image:width\" content=\"800\" \/>\n\t<meta property=\"og:image:height\" content=\"552\" \/>\n\t<meta property=\"og:image:type\" content=\"image\/jpeg\" \/>\n<meta name=\"twitter:card\" content=\"summary_large_image\" \/>\n<meta name=\"twitter:site\" content=\"@Entreculturas\" \/>\n<script type=\"application\/ld+json\" class=\"yoast-schema-graph\">{\"@context\":\"https:\\\/\\\/schema.org\",\"@graph\":[{\"@type\":\"WebPage\",\"@id\":\"https:\\\/\\\/www.entreculturas.org\\\/fr\\\/noticia\\\/aprendiendo-en-myanmar\\\/\",\"url\":\"https:\\\/\\\/www.entreculturas.org\\\/fr\\\/noticia\\\/aprendiendo-en-myanmar\\\/\",\"name\":\"Aprendiendo en Myanmar - Entreculturas\",\"isPartOf\":{\"@id\":\"https:\\\/\\\/www.entreculturas.org\\\/fr\\\/#website\"},\"primaryImageOfPage\":{\"@id\":\"https:\\\/\\\/www.entreculturas.org\\\/fr\\\/noticia\\\/aprendiendo-en-myanmar\\\/#primaryimage\"},\"image\":{\"@id\":\"https:\\\/\\\/www.entreculturas.org\\\/fr\\\/noticia\\\/aprendiendo-en-myanmar\\\/#primaryimage\"},\"thumbnailUrl\":\"https:\\\/\\\/www.entreculturas.org\\\/wp-content\\\/uploads\\\/2019\\\/03\\\/foto1_4.jpg\",\"datePublished\":\"2019-03-22T09:02:57+00:00\",\"dateModified\":\"2024-03-20T10:10:47+00:00\",\"breadcrumb\":{\"@id\":\"https:\\\/\\\/www.entreculturas.org\\\/fr\\\/noticia\\\/aprendiendo-en-myanmar\\\/#breadcrumb\"},\"inLanguage\":\"fr-FR\",\"potentialAction\":[{\"@type\":\"ReadAction\",\"target\":[\"https:\\\/\\\/www.entreculturas.org\\\/fr\\\/noticia\\\/aprendiendo-en-myanmar\\\/\"]}]},{\"@type\":\"ImageObject\",\"inLanguage\":\"fr-FR\",\"@id\":\"https:\\\/\\\/www.entreculturas.org\\\/fr\\\/noticia\\\/aprendiendo-en-myanmar\\\/#primaryimage\",\"url\":\"https:\\\/\\\/www.entreculturas.org\\\/wp-content\\\/uploads\\\/2019\\\/03\\\/foto1_4.jpg\",\"contentUrl\":\"https:\\\/\\\/www.entreculturas.org\\\/wp-content\\\/uploads\\\/2019\\\/03\\\/foto1_4.jpg\",\"width\":800,\"height\":552,\"caption\":\"foto1\"},{\"@type\":\"BreadcrumbList\",\"@id\":\"https:\\\/\\\/www.entreculturas.org\\\/fr\\\/noticia\\\/aprendiendo-en-myanmar\\\/#breadcrumb\",\"itemListElement\":[{\"@type\":\"ListItem\",\"position\":1,\"name\":\"Home\",\"item\":\"https:\\\/\\\/www.entreculturas.org\\\/fr\\\/\"},{\"@type\":\"ListItem\",\"position\":2,\"name\":\"Noticias\",\"item\":\"https:\\\/\\\/www.entreculturas.org\\\/fr\\\/noticias\\\/\"},{\"@type\":\"ListItem\",\"position\":3,\"name\":\"Aprendiendo en Myanmar\"}]},{\"@type\":\"WebSite\",\"@id\":\"https:\\\/\\\/www.entreculturas.org\\\/fr\\\/#website\",\"url\":\"https:\\\/\\\/www.entreculturas.org\\\/fr\\\/\",\"name\":\"Entreculturas\",\"description\":\"\",\"publisher\":{\"@id\":\"https:\\\/\\\/www.entreculturas.org\\\/fr\\\/#organization\"},\"alternateName\":\"Entreculturas\",\"potentialAction\":[{\"@type\":\"SearchAction\",\"target\":{\"@type\":\"EntryPoint\",\"urlTemplate\":\"https:\\\/\\\/www.entreculturas.org\\\/fr\\\/?s={search_term_string}\"},\"query-input\":{\"@type\":\"PropertyValueSpecification\",\"valueRequired\":true,\"valueName\":\"search_term_string\"}}],\"inLanguage\":\"fr-FR\"},{\"@type\":\"Organization\",\"@id\":\"https:\\\/\\\/www.entreculturas.org\\\/fr\\\/#organization\",\"name\":\"Entreculturas\",\"url\":\"https:\\\/\\\/www.entreculturas.org\\\/fr\\\/\",\"logo\":{\"@type\":\"ImageObject\",\"inLanguage\":\"fr-FR\",\"@id\":\"https:\\\/\\\/www.entreculturas.org\\\/fr\\\/#\\\/schema\\\/logo\\\/image\\\/\",\"url\":\"https:\\\/\\\/www.entreculturas.org\\\/wp-content\\\/uploads\\\/2025\\\/10\\\/ESP.svg\",\"contentUrl\":\"https:\\\/\\\/www.entreculturas.org\\\/wp-content\\\/uploads\\\/2025\\\/10\\\/ESP.svg\",\"caption\":\"Entreculturas\"},\"image\":{\"@id\":\"https:\\\/\\\/www.entreculturas.org\\\/fr\\\/#\\\/schema\\\/logo\\\/image\\\/\"},\"sameAs\":[\"https:\\\/\\\/www.facebook.com\\\/entreculturas\",\"https:\\\/\\\/x.com\\\/Entreculturas\",\"https:\\\/\\\/www.instagram.com\\\/entreculturas\\\/\",\"https:\\\/\\\/www.youtube.com\\\/user\\\/entreculturasvideo\",\"https:\\\/\\\/www.linkedin.com\\\/company\\\/fundacion-entreculturas-ngdo\\\/\",\"https:\\\/\\\/www.flickr.com\\\/photos\\\/98455522@N04\\\/albums\\\/\"]}]}<\/script>\n<!-- \/ Yoast SEO Premium plugin. -->","yoast_head_json":{"title":"Aprendiendo en Myanmar - Entreculturas","robots":{"index":"index","follow":"follow","max-snippet":"max-snippet:-1","max-image-preview":"max-image-preview:large","max-video-preview":"max-video-preview:-1"},"canonical":"https:\/\/www.entreculturas.org\/fr\/noticia\/aprendiendo-en-myanmar\/","og_locale":"fr_FR","og_type":"article","og_title":"Aprendiendo en Myanmar","og_description":"Daniel Villanueva, SJ, nuestro Vicepresidente Ejecutivo, ha estado visitando los proyectos de la Compa\u00f1\u00eda de Jes\u00fas en Myanmar, en una hist\u00f3rica primera visita al pa\u00eds en representaci\u00f3n de la Federaci\u00f3n Internacional de Fe y Alegr\u00eda.","og_url":"https:\/\/www.entreculturas.org\/fr\/noticia\/aprendiendo-en-myanmar\/","og_site_name":"Entreculturas","article_publisher":"https:\/\/www.facebook.com\/entreculturas","article_modified_time":"2024-03-20T10:10:47+00:00","og_image":[{"width":800,"height":552,"url":"https:\/\/www.entreculturas.org\/wp-content\/uploads\/2019\/03\/foto1_4.jpg","type":"image\/jpeg"}],"twitter_card":"summary_large_image","twitter_site":"@Entreculturas","schema":{"@context":"https:\/\/schema.org","@graph":[{"@type":"WebPage","@id":"https:\/\/www.entreculturas.org\/fr\/noticia\/aprendiendo-en-myanmar\/","url":"https:\/\/www.entreculturas.org\/fr\/noticia\/aprendiendo-en-myanmar\/","name":"Aprendiendo en Myanmar - Entreculturas","isPartOf":{"@id":"https:\/\/www.entreculturas.org\/fr\/#website"},"primaryImageOfPage":{"@id":"https:\/\/www.entreculturas.org\/fr\/noticia\/aprendiendo-en-myanmar\/#primaryimage"},"image":{"@id":"https:\/\/www.entreculturas.org\/fr\/noticia\/aprendiendo-en-myanmar\/#primaryimage"},"thumbnailUrl":"https:\/\/www.entreculturas.org\/wp-content\/uploads\/2019\/03\/foto1_4.jpg","datePublished":"2019-03-22T09:02:57+00:00","dateModified":"2024-03-20T10:10:47+00:00","breadcrumb":{"@id":"https:\/\/www.entreculturas.org\/fr\/noticia\/aprendiendo-en-myanmar\/#breadcrumb"},"inLanguage":"fr-FR","potentialAction":[{"@type":"ReadAction","target":["https:\/\/www.entreculturas.org\/fr\/noticia\/aprendiendo-en-myanmar\/"]}]},{"@type":"ImageObject","inLanguage":"fr-FR","@id":"https:\/\/www.entreculturas.org\/fr\/noticia\/aprendiendo-en-myanmar\/#primaryimage","url":"https:\/\/www.entreculturas.org\/wp-content\/uploads\/2019\/03\/foto1_4.jpg","contentUrl":"https:\/\/www.entreculturas.org\/wp-content\/uploads\/2019\/03\/foto1_4.jpg","width":800,"height":552,"caption":"foto1"},{"@type":"BreadcrumbList","@id":"https:\/\/www.entreculturas.org\/fr\/noticia\/aprendiendo-en-myanmar\/#breadcrumb","itemListElement":[{"@type":"ListItem","position":1,"name":"Home","item":"https:\/\/www.entreculturas.org\/fr\/"},{"@type":"ListItem","position":2,"name":"Noticias","item":"https:\/\/www.entreculturas.org\/fr\/noticias\/"},{"@type":"ListItem","position":3,"name":"Aprendiendo en Myanmar"}]},{"@type":"WebSite","@id":"https:\/\/www.entreculturas.org\/fr\/#website","url":"https:\/\/www.entreculturas.org\/fr\/","name":"Entreculturas","description":"","publisher":{"@id":"https:\/\/www.entreculturas.org\/fr\/#organization"},"alternateName":"Entreculturas","potentialAction":[{"@type":"SearchAction","target":{"@type":"EntryPoint","urlTemplate":"https:\/\/www.entreculturas.org\/fr\/?s={search_term_string}"},"query-input":{"@type":"PropertyValueSpecification","valueRequired":true,"valueName":"search_term_string"}}],"inLanguage":"fr-FR"},{"@type":"Organization","@id":"https:\/\/www.entreculturas.org\/fr\/#organization","name":"Entreculturas","url":"https:\/\/www.entreculturas.org\/fr\/","logo":{"@type":"ImageObject","inLanguage":"fr-FR","@id":"https:\/\/www.entreculturas.org\/fr\/#\/schema\/logo\/image\/","url":"https:\/\/www.entreculturas.org\/wp-content\/uploads\/2025\/10\/ESP.svg","contentUrl":"https:\/\/www.entreculturas.org\/wp-content\/uploads\/2025\/10\/ESP.svg","caption":"Entreculturas"},"image":{"@id":"https:\/\/www.entreculturas.org\/fr\/#\/schema\/logo\/image\/"},"sameAs":["https:\/\/www.facebook.com\/entreculturas","https:\/\/x.com\/Entreculturas","https:\/\/www.instagram.com\/entreculturas\/","https:\/\/www.youtube.com\/user\/entreculturasvideo","https:\/\/www.linkedin.com\/company\/fundacion-entreculturas-ngdo\/","https:\/\/www.flickr.com\/photos\/98455522@N04\/albums\/"]}]}},"_links":{"self":[{"href":"https:\/\/www.entreculturas.org\/fr\/wp-json\/wp\/v2\/noticia\/2953","targetHints":{"allow":["GET"]}}],"collection":[{"href":"https:\/\/www.entreculturas.org\/fr\/wp-json\/wp\/v2\/noticia"}],"about":[{"href":"https:\/\/www.entreculturas.org\/fr\/wp-json\/wp\/v2\/types\/noticia"}],"wp:featuredmedia":[{"embeddable":true,"href":"https:\/\/www.entreculturas.org\/fr\/wp-json\/wp\/v2\/media\/2954"}],"wp:attachment":[{"href":"https:\/\/www.entreculturas.org\/fr\/wp-json\/wp\/v2\/media?parent=2953"}],"wp:term":[{"taxonomy":"category","embeddable":true,"href":"https:\/\/www.entreculturas.org\/fr\/wp-json\/wp\/v2\/categories?post=2953"},{"taxonomy":"post_tag","embeddable":true,"href":"https:\/\/www.entreculturas.org\/fr\/wp-json\/wp\/v2\/tags?post=2953"},{"taxonomy":"country","embeddable":true,"href":"https:\/\/www.entreculturas.org\/fr\/wp-json\/wp\/v2\/country?post=2953"},{"taxonomy":"cause","embeddable":true,"href":"https:\/\/www.entreculturas.org\/fr\/wp-json\/wp\/v2\/cause?post=2953"}],"curies":[{"name":"wp","href":"https:\/\/api.w.org\/{rel}","templated":true}]}}