{"id":2834,"date":"2023-12-18T10:31:04","date_gmt":"2024-03-06T15:17:41","guid":{"rendered":"https:\/\/entreculturasi.wpenginepowered.com\/?post_type=noticias&#038;p=2834"},"modified":"2024-03-06T16:17:45","modified_gmt":"2024-03-06T15:17:45","slug":"buscando-salida-la-crisis-de-nicaragua","status":"publish","type":"noticia","link":"https:\/\/www.entreculturas.org\/fr\/noticia\/buscando-salida-la-crisis-de-nicaragua\/","title":{"rendered":"Buscando salida a la crisis de Nicaragua"},"content":{"rendered":"<p dir=\"ltr\" style=\"line-height:1.38;margin-top:0pt;margin-bottom:0pt;\">La profunda crisis que vive Nicaragua se acerca ya a su primer a\u00f1o. Este periodo se ha saldado con m\u00e1s de 500 muertos, m\u00e1s de 700 personas detenidas arbitrariamente y miles de personas que han desaparecido o han huido del pa\u00eds. El r\u00e9gimen de Daniel Ortega ha incrementado su represi\u00f3n en las calles y contra los medios y ha expulsado del pa\u00eds a quien se ha atrevido a denunciar violaciones de derechos humanos, como ha sido el caso de la Comisi\u00f3n Interamericana de Derechos Humanos dependiente de la OEA lo que ha acelerado su aislamiento internacional y advertencias del Parlamento Europeo y la administraci\u00f3n de EEUU.<br \/>&nbsp;<\/p>\n<p dir=\"ltr\" style=\"line-height:1.38;margin-top:0pt;margin-bottom:0pt;\">\n<p>&nbsp;<\/p>\n<p>Para sacar al pa\u00eds de la crisis se han comenzado conversaciones entre el r\u00e9gimen de Daniel Ortega y la oposici\u00f3n en la llamada <strong>Mesa de Di\u00e1logo Nacional<\/strong>. Tras un par\u00f3n se han reanudado dichas conversaciones para abordar tres temas fundamentales:<\/p>\n<ul>\n<li>Liberaci\u00f3n de los presos pol\u00edticos y el restablecimiento de las libertades, derechos y garant\u00edas,establecidos por la Constituci\u00f3n Pol\u00edtica.<\/li>\n<li>Reformas electorales que garanticen unas elecciones justas, libres y transparentes.<\/li>\n<li>Justicia.<br \/>&nbsp;<\/li>\n<\/ul>\n<p>Compartimos el comunicado de la <strong>Articulaci\u00f3n de Movimientos Sociales<\/strong> y que insta a la comunidad internacional a:<\/p>\n<ul>\n<li>Demandar, a trav\u00e9s de protestas, comunicados o declaraciones, al gobierno de Nicaragua muestras de verdadera voluntad pol\u00edtica. Cumpliendo con la liberaci\u00f3n de presas y presos pol\u00edticos, cese de todo tipo de represi\u00f3n y el reingreso de los organismos internacionales.&nbsp;<\/li>\n<li>Mantener la presi\u00f3n a trav\u00e9s de resoluciones y sanciones, pues es evidente que el r\u00e9gimen ya us\u00f3 de excusa el di\u00e1logo para oxigenarse. Durante la mesa de Di\u00e1logo iniciada en mayo 2018 la dictadura orden\u00f3 la \u201cOperaci\u00f3n Limpieza\u201d que provoc\u00f3 la mayor matanza de los \u00faltimos meses.<\/li>\n<li>Aumentar la presi\u00f3n si la dictadura no demuestra su voluntad pol\u00edtica para una salida pac\u00edfica y negociada y exigir el cese inmediato de todas las formas de represi\u00f3n que actualmente ejerce.<\/li>\n<li>Exigir la participaci\u00f3n de organismos internacionales como mediadores, testigos o garantes una vez se cumplan las condiciones para iniciar las negociaciones, as\u00ed como el reingreso de CIDH, MESENI, GIEI y OACNUDH, y el acompa\u00f1amiento posterior a procesos de justicia universal a trav\u00e9s de instancias contra el crimen y la impunidad.<\/li>\n<li>Apoyar una resoluci\u00f3n en el marco del 40\u00b0 per\u00edodo de sesiones ordinarias del Consejo de Derechos Humanos de Naciones Unidas.<\/li>\n<li>Continuar con la movilizaci\u00f3n y presi\u00f3n social desde los SOS-Nicaragua y los Comit\u00e9s de Solidaridad, exigiendo la liberaci\u00f3n absoluta de presos y presas, as\u00ed como la agenda de justicia y democracia.<\/li>\n<\/ul>\n<p>\u200bFoto:&nbsp;Katie Simmons-Barth Photography.<br \/>Fuente: <a href=\"https:\/\/cpalsocial.org\/noticia.html?noticia_id=2619\" target=\"_blank\" rel=\"noopener\">CPAL.<\/a><\/p>\n","protected":false},"excerpt":{"rendered":"<p>La profunda crisis que vive Nicaragua se acerca ya a su primer a\u00f1o. Este periodo se ha saldado con m\u00e1s de 500 muertos, m\u00e1s de 700 personas detenidas arbitrariamente y miles de personas que han desaparecido o han huido del pa\u00eds. Para sacar al pa\u00eds de la crisis se han comenzado conversaciones entre el r\u00e9gimen de Daniel Ortega y la oposici\u00f3n en la llamada Mesa de Di\u00e1logo Nacional.<\/p>\n","protected":false},"featured_media":2833,"template":"single-noticia","meta":{"_acf_changed":false},"categories":[7],"tags":[10],"country":[145],"cause":[129],"class_list":["post-2834","noticia","type-noticia","status-publish","has-post-thumbnail","hentry","category-noticia","tag-migracion-y-refugio","country-nicaragua","cause-migracion-y-refugio"],"acf":[],"yoast_head":"<!-- This site is optimized with the Yoast SEO Premium plugin v21.6 (Yoast SEO v27.5) - https:\/\/yoast.com\/product\/yoast-seo-premium-wordpress\/ -->\n<title>Buscando salida a la crisis de Nicaragua - Entreculturas<\/title>\n<meta name=\"robots\" content=\"index, follow, max-snippet:-1, max-image-preview:large, max-video-preview:-1\" \/>\n<link rel=\"canonical\" href=\"https:\/\/www.entreculturas.org\/fr\/noticia\/buscando-salida-la-crisis-de-nicaragua\/\" \/>\n<meta property=\"og:locale\" content=\"fr_FR\" \/>\n<meta property=\"og:type\" content=\"article\" \/>\n<meta property=\"og:title\" content=\"Buscando salida a la crisis de Nicaragua\" \/>\n<meta property=\"og:description\" content=\"La profunda crisis que vive Nicaragua se acerca ya a su primer a\u00f1o. Este periodo se ha saldado con m\u00e1s de 500 muertos, m\u00e1s de 700 personas detenidas arbitrariamente y miles de personas que han desaparecido o han huido del pa\u00eds. Para sacar al pa\u00eds de la crisis se han comenzado conversaciones entre el r\u00e9gimen de Daniel Ortega y la oposici\u00f3n en la llamada Mesa de Di\u00e1logo Nacional.\" \/>\n<meta property=\"og:url\" content=\"https:\/\/www.entreculturas.org\/fr\/noticia\/buscando-salida-la-crisis-de-nicaragua\/\" \/>\n<meta property=\"og:site_name\" content=\"Entreculturas\" \/>\n<meta property=\"article:publisher\" content=\"https:\/\/www.facebook.com\/entreculturas\" \/>\n<meta property=\"article:modified_time\" content=\"2024-03-06T15:17:45+00:00\" \/>\n<meta property=\"og:image\" content=\"https:\/\/www.entreculturas.org\/wp-content\/uploads\/2019\/03\/nicaragua-noticia.jpg\" \/>\n\t<meta property=\"og:image:width\" content=\"800\" \/>\n\t<meta property=\"og:image:height\" content=\"522\" \/>\n\t<meta property=\"og:image:type\" content=\"image\/jpeg\" \/>\n<meta name=\"twitter:card\" content=\"summary_large_image\" \/>\n<meta name=\"twitter:site\" content=\"@Entreculturas\" \/>\n<script type=\"application\/ld+json\" class=\"yoast-schema-graph\">{\"@context\":\"https:\\\/\\\/schema.org\",\"@graph\":[{\"@type\":\"WebPage\",\"@id\":\"https:\\\/\\\/www.entreculturas.org\\\/fr\\\/noticia\\\/buscando-salida-la-crisis-de-nicaragua\\\/\",\"url\":\"https:\\\/\\\/www.entreculturas.org\\\/fr\\\/noticia\\\/buscando-salida-la-crisis-de-nicaragua\\\/\",\"name\":\"Buscando salida a la crisis de Nicaragua - Entreculturas\",\"isPartOf\":{\"@id\":\"https:\\\/\\\/www.entreculturas.org\\\/fr\\\/#website\"},\"primaryImageOfPage\":{\"@id\":\"https:\\\/\\\/www.entreculturas.org\\\/fr\\\/noticia\\\/buscando-salida-la-crisis-de-nicaragua\\\/#primaryimage\"},\"image\":{\"@id\":\"https:\\\/\\\/www.entreculturas.org\\\/fr\\\/noticia\\\/buscando-salida-la-crisis-de-nicaragua\\\/#primaryimage\"},\"thumbnailUrl\":\"https:\\\/\\\/www.entreculturas.org\\\/wp-content\\\/uploads\\\/2019\\\/03\\\/nicaragua-noticia.jpg\",\"datePublished\":\"2024-03-06T15:17:41+00:00\",\"dateModified\":\"2024-03-06T15:17:45+00:00\",\"breadcrumb\":{\"@id\":\"https:\\\/\\\/www.entreculturas.org\\\/fr\\\/noticia\\\/buscando-salida-la-crisis-de-nicaragua\\\/#breadcrumb\"},\"inLanguage\":\"fr-FR\",\"potentialAction\":[{\"@type\":\"ReadAction\",\"target\":[\"https:\\\/\\\/www.entreculturas.org\\\/fr\\\/noticia\\\/buscando-salida-la-crisis-de-nicaragua\\\/\"]}]},{\"@type\":\"ImageObject\",\"inLanguage\":\"fr-FR\",\"@id\":\"https:\\\/\\\/www.entreculturas.org\\\/fr\\\/noticia\\\/buscando-salida-la-crisis-de-nicaragua\\\/#primaryimage\",\"url\":\"https:\\\/\\\/www.entreculturas.org\\\/wp-content\\\/uploads\\\/2019\\\/03\\\/nicaragua-noticia.jpg\",\"contentUrl\":\"https:\\\/\\\/www.entreculturas.org\\\/wp-content\\\/uploads\\\/2019\\\/03\\\/nicaragua-noticia.jpg\",\"width\":800,\"height\":522},{\"@type\":\"BreadcrumbList\",\"@id\":\"https:\\\/\\\/www.entreculturas.org\\\/fr\\\/noticia\\\/buscando-salida-la-crisis-de-nicaragua\\\/#breadcrumb\",\"itemListElement\":[{\"@type\":\"ListItem\",\"position\":1,\"name\":\"Home\",\"item\":\"https:\\\/\\\/www.entreculturas.org\\\/fr\\\/\"},{\"@type\":\"ListItem\",\"position\":2,\"name\":\"Noticias\",\"item\":\"https:\\\/\\\/www.entreculturas.org\\\/fr\\\/noticias\\\/\"},{\"@type\":\"ListItem\",\"position\":3,\"name\":\"Buscando salida a la crisis de Nicaragua\"}]},{\"@type\":\"WebSite\",\"@id\":\"https:\\\/\\\/www.entreculturas.org\\\/fr\\\/#website\",\"url\":\"https:\\\/\\\/www.entreculturas.org\\\/fr\\\/\",\"name\":\"Entreculturas\",\"description\":\"\",\"publisher\":{\"@id\":\"https:\\\/\\\/www.entreculturas.org\\\/fr\\\/#organization\"},\"alternateName\":\"Entreculturas\",\"potentialAction\":[{\"@type\":\"SearchAction\",\"target\":{\"@type\":\"EntryPoint\",\"urlTemplate\":\"https:\\\/\\\/www.entreculturas.org\\\/fr\\\/?s={search_term_string}\"},\"query-input\":{\"@type\":\"PropertyValueSpecification\",\"valueRequired\":true,\"valueName\":\"search_term_string\"}}],\"inLanguage\":\"fr-FR\"},{\"@type\":\"Organization\",\"@id\":\"https:\\\/\\\/www.entreculturas.org\\\/fr\\\/#organization\",\"name\":\"Entreculturas\",\"url\":\"https:\\\/\\\/www.entreculturas.org\\\/fr\\\/\",\"logo\":{\"@type\":\"ImageObject\",\"inLanguage\":\"fr-FR\",\"@id\":\"https:\\\/\\\/www.entreculturas.org\\\/fr\\\/#\\\/schema\\\/logo\\\/image\\\/\",\"url\":\"https:\\\/\\\/www.entreculturas.org\\\/wp-content\\\/uploads\\\/2025\\\/10\\\/ESP.svg\",\"contentUrl\":\"https:\\\/\\\/www.entreculturas.org\\\/wp-content\\\/uploads\\\/2025\\\/10\\\/ESP.svg\",\"caption\":\"Entreculturas\"},\"image\":{\"@id\":\"https:\\\/\\\/www.entreculturas.org\\\/fr\\\/#\\\/schema\\\/logo\\\/image\\\/\"},\"sameAs\":[\"https:\\\/\\\/www.facebook.com\\\/entreculturas\",\"https:\\\/\\\/x.com\\\/Entreculturas\",\"https:\\\/\\\/www.instagram.com\\\/entreculturas\\\/\",\"https:\\\/\\\/www.youtube.com\\\/user\\\/entreculturasvideo\",\"https:\\\/\\\/www.linkedin.com\\\/company\\\/fundacion-entreculturas-ngdo\\\/\",\"https:\\\/\\\/www.flickr.com\\\/photos\\\/98455522@N04\\\/albums\\\/\"]}]}<\/script>\n<!-- \/ Yoast SEO Premium plugin. -->","yoast_head_json":{"title":"Buscando salida a la crisis de Nicaragua - Entreculturas","robots":{"index":"index","follow":"follow","max-snippet":"max-snippet:-1","max-image-preview":"max-image-preview:large","max-video-preview":"max-video-preview:-1"},"canonical":"https:\/\/www.entreculturas.org\/fr\/noticia\/buscando-salida-la-crisis-de-nicaragua\/","og_locale":"fr_FR","og_type":"article","og_title":"Buscando salida a la crisis de Nicaragua","og_description":"La profunda crisis que vive Nicaragua se acerca ya a su primer a\u00f1o. Este periodo se ha saldado con m\u00e1s de 500 muertos, m\u00e1s de 700 personas detenidas arbitrariamente y miles de personas que han desaparecido o han huido del pa\u00eds. Para sacar al pa\u00eds de la crisis se han comenzado conversaciones entre el r\u00e9gimen de Daniel Ortega y la oposici\u00f3n en la llamada Mesa de Di\u00e1logo Nacional.","og_url":"https:\/\/www.entreculturas.org\/fr\/noticia\/buscando-salida-la-crisis-de-nicaragua\/","og_site_name":"Entreculturas","article_publisher":"https:\/\/www.facebook.com\/entreculturas","article_modified_time":"2024-03-06T15:17:45+00:00","og_image":[{"width":800,"height":522,"url":"https:\/\/www.entreculturas.org\/wp-content\/uploads\/2019\/03\/nicaragua-noticia.jpg","type":"image\/jpeg"}],"twitter_card":"summary_large_image","twitter_site":"@Entreculturas","schema":{"@context":"https:\/\/schema.org","@graph":[{"@type":"WebPage","@id":"https:\/\/www.entreculturas.org\/fr\/noticia\/buscando-salida-la-crisis-de-nicaragua\/","url":"https:\/\/www.entreculturas.org\/fr\/noticia\/buscando-salida-la-crisis-de-nicaragua\/","name":"Buscando salida a la crisis de Nicaragua - Entreculturas","isPartOf":{"@id":"https:\/\/www.entreculturas.org\/fr\/#website"},"primaryImageOfPage":{"@id":"https:\/\/www.entreculturas.org\/fr\/noticia\/buscando-salida-la-crisis-de-nicaragua\/#primaryimage"},"image":{"@id":"https:\/\/www.entreculturas.org\/fr\/noticia\/buscando-salida-la-crisis-de-nicaragua\/#primaryimage"},"thumbnailUrl":"https:\/\/www.entreculturas.org\/wp-content\/uploads\/2019\/03\/nicaragua-noticia.jpg","datePublished":"2024-03-06T15:17:41+00:00","dateModified":"2024-03-06T15:17:45+00:00","breadcrumb":{"@id":"https:\/\/www.entreculturas.org\/fr\/noticia\/buscando-salida-la-crisis-de-nicaragua\/#breadcrumb"},"inLanguage":"fr-FR","potentialAction":[{"@type":"ReadAction","target":["https:\/\/www.entreculturas.org\/fr\/noticia\/buscando-salida-la-crisis-de-nicaragua\/"]}]},{"@type":"ImageObject","inLanguage":"fr-FR","@id":"https:\/\/www.entreculturas.org\/fr\/noticia\/buscando-salida-la-crisis-de-nicaragua\/#primaryimage","url":"https:\/\/www.entreculturas.org\/wp-content\/uploads\/2019\/03\/nicaragua-noticia.jpg","contentUrl":"https:\/\/www.entreculturas.org\/wp-content\/uploads\/2019\/03\/nicaragua-noticia.jpg","width":800,"height":522},{"@type":"BreadcrumbList","@id":"https:\/\/www.entreculturas.org\/fr\/noticia\/buscando-salida-la-crisis-de-nicaragua\/#breadcrumb","itemListElement":[{"@type":"ListItem","position":1,"name":"Home","item":"https:\/\/www.entreculturas.org\/fr\/"},{"@type":"ListItem","position":2,"name":"Noticias","item":"https:\/\/www.entreculturas.org\/fr\/noticias\/"},{"@type":"ListItem","position":3,"name":"Buscando salida a la crisis de Nicaragua"}]},{"@type":"WebSite","@id":"https:\/\/www.entreculturas.org\/fr\/#website","url":"https:\/\/www.entreculturas.org\/fr\/","name":"Entreculturas","description":"","publisher":{"@id":"https:\/\/www.entreculturas.org\/fr\/#organization"},"alternateName":"Entreculturas","potentialAction":[{"@type":"SearchAction","target":{"@type":"EntryPoint","urlTemplate":"https:\/\/www.entreculturas.org\/fr\/?s={search_term_string}"},"query-input":{"@type":"PropertyValueSpecification","valueRequired":true,"valueName":"search_term_string"}}],"inLanguage":"fr-FR"},{"@type":"Organization","@id":"https:\/\/www.entreculturas.org\/fr\/#organization","name":"Entreculturas","url":"https:\/\/www.entreculturas.org\/fr\/","logo":{"@type":"ImageObject","inLanguage":"fr-FR","@id":"https:\/\/www.entreculturas.org\/fr\/#\/schema\/logo\/image\/","url":"https:\/\/www.entreculturas.org\/wp-content\/uploads\/2025\/10\/ESP.svg","contentUrl":"https:\/\/www.entreculturas.org\/wp-content\/uploads\/2025\/10\/ESP.svg","caption":"Entreculturas"},"image":{"@id":"https:\/\/www.entreculturas.org\/fr\/#\/schema\/logo\/image\/"},"sameAs":["https:\/\/www.facebook.com\/entreculturas","https:\/\/x.com\/Entreculturas","https:\/\/www.instagram.com\/entreculturas\/","https:\/\/www.youtube.com\/user\/entreculturasvideo","https:\/\/www.linkedin.com\/company\/fundacion-entreculturas-ngdo\/","https:\/\/www.flickr.com\/photos\/98455522@N04\/albums\/"]}]}},"_links":{"self":[{"href":"https:\/\/www.entreculturas.org\/fr\/wp-json\/wp\/v2\/noticia\/2834","targetHints":{"allow":["GET"]}}],"collection":[{"href":"https:\/\/www.entreculturas.org\/fr\/wp-json\/wp\/v2\/noticia"}],"about":[{"href":"https:\/\/www.entreculturas.org\/fr\/wp-json\/wp\/v2\/types\/noticia"}],"wp:featuredmedia":[{"embeddable":true,"href":"https:\/\/www.entreculturas.org\/fr\/wp-json\/wp\/v2\/media\/2833"}],"wp:attachment":[{"href":"https:\/\/www.entreculturas.org\/fr\/wp-json\/wp\/v2\/media?parent=2834"}],"wp:term":[{"taxonomy":"category","embeddable":true,"href":"https:\/\/www.entreculturas.org\/fr\/wp-json\/wp\/v2\/categories?post=2834"},{"taxonomy":"post_tag","embeddable":true,"href":"https:\/\/www.entreculturas.org\/fr\/wp-json\/wp\/v2\/tags?post=2834"},{"taxonomy":"country","embeddable":true,"href":"https:\/\/www.entreculturas.org\/fr\/wp-json\/wp\/v2\/country?post=2834"},{"taxonomy":"cause","embeddable":true,"href":"https:\/\/www.entreculturas.org\/fr\/wp-json\/wp\/v2\/cause?post=2834"}],"curies":[{"name":"wp","href":"https:\/\/api.w.org\/{rel}","templated":true}]}}