{"id":2805,"date":"2019-03-01T12:18:34","date_gmt":"2019-03-01T12:18:34","guid":{"rendered":"https:\/\/entreculturasi.wpenginepowered.com\/?noticias=caminar-con-los-mas-excluidos-acompanar-los-jovenes-y-el-cuidado-de-la-tierra-entre-las"},"modified":"2024-02-09T12:52:05","modified_gmt":"2024-02-09T11:52:05","slug":"caminar-con-los-mas-excluidos-acompanar-los-jovenes-y-el-cuidado-de-la-tierra-entre-las","status":"publish","type":"noticia","link":"https:\/\/www.entreculturas.org\/fr\/noticia\/caminar-con-los-mas-excluidos-acompanar-los-jovenes-y-el-cuidado-de-la-tierra-entre-las\/","title":{"rendered":"Caminar con los m\u00e1s excluidos, acompa\u00f1ar a los j\u00f3venes y el cuidado de la tierra entre las nuevas Preferencias Apost\u00f3licas"},"content":{"rendered":"<p>El Padre General, Arturo Sosa, ha hecho p\u00fablicas las \u201cPreferencias Apost\u00f3licas Universales\u201d de la Compa\u00f1\u00eda de Jes\u00fas, que marcar\u00e1n su rumbo en la pr\u00f3xima d\u00e9cada. El Padre Arturo Sosa ha enviado una <a href=\"https:\/\/infosj.es\/documentos\/send\/5-curia-general\/1396-preferencias-apostolicas-universales-de-la-compania-de-jesus-2019-2029\" target=\"_blank\" rel=\"noopener\">carta a toda la Compa\u00f1\u00eda<\/a> trazando esas prioridades que quieren marcar el horizonte para los pr\u00f3ximos diez a\u00f1os.<\/p>\n<p>Despu\u00e9s de dos a\u00f1os de discernimiento en com\u00fan las 4 preferencias apost\u00f3licas elegidas, que se\u00f1alan<strong> cuatro \u00e1reas<\/strong> vitales en la situaci\u00f3n actual del mundo son:<\/p>\n<ul>\n<li><strong>El discernimiento y los Ejercicios Espirituales:<\/strong> Ayudar a las personas a encontrar a Jesucristo y seguirle.<\/li>\n<li><strong>Caminar con los excluidos:<\/strong> Caminar con los pobres, los vulnerables, los excluidos y aquellos que la sociedad considera indignos, en una misi\u00f3n de reconciliaci\u00f3n y justicia.<\/li>\n<li><strong>Cuidar de nuestra casa com\u00fan<\/strong>: Trabajar, con profundidad evang\u00e9lica, para proteger y renovar la Creaci\u00f3n de Dios.<\/li>\n<li><strong>Acompa\u00f1ar a los j\u00f3venes en el camino:<\/strong> Acompa\u00f1ar a los j\u00f3venes en la creaci\u00f3n de un futuro lleno de esperanza.<br \/>&nbsp;<\/li>\n<\/ul>\n<p>El resultado de dicho discernimiento ha sido trabajado por el Padre General y su consejo en este mes de enero y comunicado posteriormente al Papa Francisco para su consideraci\u00f3n. Ha sido el propio Pont\u00edfice quien, en este mes de febrero ha devuelto estas nuevas preferencias apost\u00f3licas como marco y foco de la misi\u00f3n apost\u00f3lica de la Compa\u00f1\u00eda para los pr\u00f3ximos 10 a\u00f1os. As\u00ed, el 19 de Febrero, el Padre General anunciaba estos cuatro nuevos \u00e9nfasis Misionales para la Compa\u00f1\u00eda.<\/p>\n<p>Se ha habilitado una p\u00e1gina web espec\u00edfica sobre las Preferencias con m\u00e1s informaci\u00f3n. Adem\u00e1s puedes ver en <a href=\"https:\/\/www.youtube.com\/watch?v=TgUJvtzUuZA\" target=\"_blank\" rel=\"noopener\">este v\u00eddeo<\/a> la explicaci\u00f3n de las cuatro preferencias por parte del Padre General Arturo Sosa sj.<br \/><a href=\"https:\/\/jesuits.global\/es\/uap\" target=\"_blank\" rel=\"noopener\">Web de las Prefencias Apost\u00f3licas.<\/a><br \/><a href=\"https:\/\/infosj.es\/documentos\/send\/5-curia-general\/1396-preferencias-apostolicas-universales-de-la-compania-de-jesus-2019-2029\" target=\"_blank\" rel=\"noopener\">Carta del Padre General.<\/a><\/p>\n<p>&nbsp;<\/p>\n","protected":false},"excerpt":{"rendered":"<p>El Padre General, Arturo Sosa, ha hecho p\u00fablicas las \u201cPreferencias Apost\u00f3licas Universales\u201d de la Compa\u00f1\u00eda de Jes\u00fas, que marcar\u00e1n su rumbo en la pr\u00f3xima d\u00e9cada. El Padre Arturo Sosa ha enviado una carta a toda la Compa\u00f1\u00eda trazando esas prioridades que quieren marcar el horizonte para los pr\u00f3ximos diez a\u00f1os. Despu\u00e9s de dos a\u00f1os de discernimiento en com\u00fan las 4 preferencias apost\u00f3licas elegidas, que se\u00f1alan cuatro \u00e1reas vitales en la situaci\u00f3n actual del mundo son: El discernimiento y los Ejercicios Espirituales: Ayudar a las personas a encontrar a Jesucristo y seguirle. Caminar con los excluidos: Caminar con los pobres, los vulnerables, los excluidos y aquellos que la sociedad considera indignos, en una misi\u00f3n de reconciliaci\u00f3n y justicia. Cuidar de nuestra casa com\u00fan: Trabajar, con profundidad evang\u00e9lica, para proteger y renovar la Creaci\u00f3n de Dios. Acompa\u00f1ar a los j\u00f3venes en el camino: Acompa\u00f1ar a los j\u00f3venes en la creaci\u00f3n de un [&hellip;]<\/p>\n","protected":false},"featured_media":2810,"template":"single-noticia","meta":{"_acf_changed":false},"categories":[7],"tags":[10],"country":[],"cause":[129],"class_list":["post-2805","noticia","type-noticia","status-publish","has-post-thumbnail","hentry","category-noticia","tag-migracion-y-refugio","cause-migracion-y-refugio"],"acf":[],"yoast_head":"<!-- This site is optimized with the Yoast SEO Premium plugin v21.6 (Yoast SEO v27.5) - https:\/\/yoast.com\/product\/yoast-seo-premium-wordpress\/ -->\n<title>Caminar con los m\u00e1s excluidos, acompa\u00f1ar a los j\u00f3venes y el cuidado de la tierra entre las nuevas Preferencias Apost\u00f3licas - Entreculturas<\/title>\n<meta name=\"robots\" content=\"index, follow, max-snippet:-1, max-image-preview:large, max-video-preview:-1\" \/>\n<link rel=\"canonical\" href=\"https:\/\/www.entreculturas.org\/fr\/noticia\/caminar-con-los-mas-excluidos-acompanar-los-jovenes-y-el-cuidado-de-la-tierra-entre-las\/\" \/>\n<meta property=\"og:locale\" content=\"fr_FR\" \/>\n<meta property=\"og:type\" content=\"article\" \/>\n<meta property=\"og:title\" content=\"Caminar con los m\u00e1s excluidos, acompa\u00f1ar a los j\u00f3venes y el cuidado de la tierra entre las nuevas Preferencias Apost\u00f3licas\" \/>\n<meta property=\"og:description\" content=\"El Padre General, Arturo Sosa, ha hecho p\u00fablicas las \u201cPreferencias Apost\u00f3licas Universales\u201d de la Compa\u00f1\u00eda de Jes\u00fas, que marcar\u00e1n su rumbo en la pr\u00f3xima d\u00e9cada. El Padre Arturo Sosa ha enviado una carta a toda la Compa\u00f1\u00eda trazando esas prioridades que quieren marcar el horizonte para los pr\u00f3ximos diez a\u00f1os. Despu\u00e9s de dos a\u00f1os de discernimiento en com\u00fan las 4 preferencias apost\u00f3licas elegidas, que se\u00f1alan cuatro \u00e1reas vitales en la situaci\u00f3n actual del mundo son: El discernimiento y los Ejercicios Espirituales: Ayudar a las personas a encontrar a Jesucristo y seguirle. Caminar con los excluidos: Caminar con los pobres, los vulnerables, los excluidos y aquellos que la sociedad considera indignos, en una misi\u00f3n de reconciliaci\u00f3n y justicia. Cuidar de nuestra casa com\u00fan: Trabajar, con profundidad evang\u00e9lica, para proteger y renovar la Creaci\u00f3n de Dios. Acompa\u00f1ar a los j\u00f3venes en el camino: Acompa\u00f1ar a los j\u00f3venes en la creaci\u00f3n de un [&hellip;]\" \/>\n<meta property=\"og:url\" content=\"https:\/\/www.entreculturas.org\/fr\/noticia\/caminar-con-los-mas-excluidos-acompanar-los-jovenes-y-el-cuidado-de-la-tierra-entre-las\/\" \/>\n<meta property=\"og:site_name\" content=\"Entreculturas\" \/>\n<meta property=\"article:publisher\" content=\"https:\/\/www.facebook.com\/entreculturas\" \/>\n<meta property=\"article:modified_time\" content=\"2024-02-09T11:52:05+00:00\" \/>\n<meta property=\"og:image\" content=\"https:\/\/www.entreculturas.org\/wp-content\/uploads\/2019\/03\/noticia-apostolica.jpg\" \/>\n\t<meta property=\"og:image:width\" content=\"800\" \/>\n\t<meta property=\"og:image:height\" content=\"533\" \/>\n\t<meta property=\"og:image:type\" content=\"image\/jpeg\" \/>\n<meta name=\"twitter:card\" content=\"summary_large_image\" \/>\n<meta name=\"twitter:site\" content=\"@Entreculturas\" \/>\n<script type=\"application\/ld+json\" class=\"yoast-schema-graph\">{\"@context\":\"https:\\\/\\\/schema.org\",\"@graph\":[{\"@type\":\"WebPage\",\"@id\":\"https:\\\/\\\/www.entreculturas.org\\\/fr\\\/noticia\\\/caminar-con-los-mas-excluidos-acompanar-los-jovenes-y-el-cuidado-de-la-tierra-entre-las\\\/\",\"url\":\"https:\\\/\\\/www.entreculturas.org\\\/fr\\\/noticia\\\/caminar-con-los-mas-excluidos-acompanar-los-jovenes-y-el-cuidado-de-la-tierra-entre-las\\\/\",\"name\":\"Caminar con los m\u00e1s excluidos, acompa\u00f1ar a los j\u00f3venes y el cuidado de la tierra entre las nuevas Preferencias Apost\u00f3licas - Entreculturas\",\"isPartOf\":{\"@id\":\"https:\\\/\\\/www.entreculturas.org\\\/fr\\\/#website\"},\"primaryImageOfPage\":{\"@id\":\"https:\\\/\\\/www.entreculturas.org\\\/fr\\\/noticia\\\/caminar-con-los-mas-excluidos-acompanar-los-jovenes-y-el-cuidado-de-la-tierra-entre-las\\\/#primaryimage\"},\"image\":{\"@id\":\"https:\\\/\\\/www.entreculturas.org\\\/fr\\\/noticia\\\/caminar-con-los-mas-excluidos-acompanar-los-jovenes-y-el-cuidado-de-la-tierra-entre-las\\\/#primaryimage\"},\"thumbnailUrl\":\"https:\\\/\\\/www.entreculturas.org\\\/wp-content\\\/uploads\\\/2019\\\/03\\\/noticia-apostolica.jpg\",\"datePublished\":\"2019-03-01T12:18:34+00:00\",\"dateModified\":\"2024-02-09T11:52:05+00:00\",\"breadcrumb\":{\"@id\":\"https:\\\/\\\/www.entreculturas.org\\\/fr\\\/noticia\\\/caminar-con-los-mas-excluidos-acompanar-los-jovenes-y-el-cuidado-de-la-tierra-entre-las\\\/#breadcrumb\"},\"inLanguage\":\"fr-FR\",\"potentialAction\":[{\"@type\":\"ReadAction\",\"target\":[\"https:\\\/\\\/www.entreculturas.org\\\/fr\\\/noticia\\\/caminar-con-los-mas-excluidos-acompanar-los-jovenes-y-el-cuidado-de-la-tierra-entre-las\\\/\"]}]},{\"@type\":\"ImageObject\",\"inLanguage\":\"fr-FR\",\"@id\":\"https:\\\/\\\/www.entreculturas.org\\\/fr\\\/noticia\\\/caminar-con-los-mas-excluidos-acompanar-los-jovenes-y-el-cuidado-de-la-tierra-entre-las\\\/#primaryimage\",\"url\":\"https:\\\/\\\/www.entreculturas.org\\\/wp-content\\\/uploads\\\/2019\\\/03\\\/noticia-apostolica.jpg\",\"contentUrl\":\"https:\\\/\\\/www.entreculturas.org\\\/wp-content\\\/uploads\\\/2019\\\/03\\\/noticia-apostolica.jpg\",\"width\":800,\"height\":533,\"caption\":\"noticia-apostolica\"},{\"@type\":\"BreadcrumbList\",\"@id\":\"https:\\\/\\\/www.entreculturas.org\\\/fr\\\/noticia\\\/caminar-con-los-mas-excluidos-acompanar-los-jovenes-y-el-cuidado-de-la-tierra-entre-las\\\/#breadcrumb\",\"itemListElement\":[{\"@type\":\"ListItem\",\"position\":1,\"name\":\"Home\",\"item\":\"https:\\\/\\\/www.entreculturas.org\\\/fr\\\/\"},{\"@type\":\"ListItem\",\"position\":2,\"name\":\"Noticias\",\"item\":\"https:\\\/\\\/www.entreculturas.org\\\/fr\\\/noticias\\\/\"},{\"@type\":\"ListItem\",\"position\":3,\"name\":\"Caminar con los m\u00e1s excluidos, acompa\u00f1ar a los j\u00f3venes y el cuidado de la tierra entre las nuevas Preferencias Apost\u00f3licas\"}]},{\"@type\":\"WebSite\",\"@id\":\"https:\\\/\\\/www.entreculturas.org\\\/fr\\\/#website\",\"url\":\"https:\\\/\\\/www.entreculturas.org\\\/fr\\\/\",\"name\":\"Entreculturas\",\"description\":\"\",\"publisher\":{\"@id\":\"https:\\\/\\\/www.entreculturas.org\\\/fr\\\/#organization\"},\"alternateName\":\"Entreculturas\",\"potentialAction\":[{\"@type\":\"SearchAction\",\"target\":{\"@type\":\"EntryPoint\",\"urlTemplate\":\"https:\\\/\\\/www.entreculturas.org\\\/fr\\\/?s={search_term_string}\"},\"query-input\":{\"@type\":\"PropertyValueSpecification\",\"valueRequired\":true,\"valueName\":\"search_term_string\"}}],\"inLanguage\":\"fr-FR\"},{\"@type\":\"Organization\",\"@id\":\"https:\\\/\\\/www.entreculturas.org\\\/fr\\\/#organization\",\"name\":\"Entreculturas\",\"url\":\"https:\\\/\\\/www.entreculturas.org\\\/fr\\\/\",\"logo\":{\"@type\":\"ImageObject\",\"inLanguage\":\"fr-FR\",\"@id\":\"https:\\\/\\\/www.entreculturas.org\\\/fr\\\/#\\\/schema\\\/logo\\\/image\\\/\",\"url\":\"https:\\\/\\\/www.entreculturas.org\\\/wp-content\\\/uploads\\\/2025\\\/10\\\/ESP.svg\",\"contentUrl\":\"https:\\\/\\\/www.entreculturas.org\\\/wp-content\\\/uploads\\\/2025\\\/10\\\/ESP.svg\",\"caption\":\"Entreculturas\"},\"image\":{\"@id\":\"https:\\\/\\\/www.entreculturas.org\\\/fr\\\/#\\\/schema\\\/logo\\\/image\\\/\"},\"sameAs\":[\"https:\\\/\\\/www.facebook.com\\\/entreculturas\",\"https:\\\/\\\/x.com\\\/Entreculturas\",\"https:\\\/\\\/www.instagram.com\\\/entreculturas\\\/\",\"https:\\\/\\\/www.youtube.com\\\/user\\\/entreculturasvideo\",\"https:\\\/\\\/www.linkedin.com\\\/company\\\/fundacion-entreculturas-ngdo\\\/\",\"https:\\\/\\\/www.flickr.com\\\/photos\\\/98455522@N04\\\/albums\\\/\"]}]}<\/script>\n<!-- \/ Yoast SEO Premium plugin. -->","yoast_head_json":{"title":"Caminar con los m\u00e1s excluidos, acompa\u00f1ar a los j\u00f3venes y el cuidado de la tierra entre las nuevas Preferencias Apost\u00f3licas - Entreculturas","robots":{"index":"index","follow":"follow","max-snippet":"max-snippet:-1","max-image-preview":"max-image-preview:large","max-video-preview":"max-video-preview:-1"},"canonical":"https:\/\/www.entreculturas.org\/fr\/noticia\/caminar-con-los-mas-excluidos-acompanar-los-jovenes-y-el-cuidado-de-la-tierra-entre-las\/","og_locale":"fr_FR","og_type":"article","og_title":"Caminar con los m\u00e1s excluidos, acompa\u00f1ar a los j\u00f3venes y el cuidado de la tierra entre las nuevas Preferencias Apost\u00f3licas","og_description":"El Padre General, Arturo Sosa, ha hecho p\u00fablicas las \u201cPreferencias Apost\u00f3licas Universales\u201d de la Compa\u00f1\u00eda de Jes\u00fas, que marcar\u00e1n su rumbo en la pr\u00f3xima d\u00e9cada. El Padre Arturo Sosa ha enviado una carta a toda la Compa\u00f1\u00eda trazando esas prioridades que quieren marcar el horizonte para los pr\u00f3ximos diez a\u00f1os. Despu\u00e9s de dos a\u00f1os de discernimiento en com\u00fan las 4 preferencias apost\u00f3licas elegidas, que se\u00f1alan cuatro \u00e1reas vitales en la situaci\u00f3n actual del mundo son: El discernimiento y los Ejercicios Espirituales: Ayudar a las personas a encontrar a Jesucristo y seguirle. Caminar con los excluidos: Caminar con los pobres, los vulnerables, los excluidos y aquellos que la sociedad considera indignos, en una misi\u00f3n de reconciliaci\u00f3n y justicia. Cuidar de nuestra casa com\u00fan: Trabajar, con profundidad evang\u00e9lica, para proteger y renovar la Creaci\u00f3n de Dios. Acompa\u00f1ar a los j\u00f3venes en el camino: Acompa\u00f1ar a los j\u00f3venes en la creaci\u00f3n de un [&hellip;]","og_url":"https:\/\/www.entreculturas.org\/fr\/noticia\/caminar-con-los-mas-excluidos-acompanar-los-jovenes-y-el-cuidado-de-la-tierra-entre-las\/","og_site_name":"Entreculturas","article_publisher":"https:\/\/www.facebook.com\/entreculturas","article_modified_time":"2024-02-09T11:52:05+00:00","og_image":[{"width":800,"height":533,"url":"https:\/\/www.entreculturas.org\/wp-content\/uploads\/2019\/03\/noticia-apostolica.jpg","type":"image\/jpeg"}],"twitter_card":"summary_large_image","twitter_site":"@Entreculturas","schema":{"@context":"https:\/\/schema.org","@graph":[{"@type":"WebPage","@id":"https:\/\/www.entreculturas.org\/fr\/noticia\/caminar-con-los-mas-excluidos-acompanar-los-jovenes-y-el-cuidado-de-la-tierra-entre-las\/","url":"https:\/\/www.entreculturas.org\/fr\/noticia\/caminar-con-los-mas-excluidos-acompanar-los-jovenes-y-el-cuidado-de-la-tierra-entre-las\/","name":"Caminar con los m\u00e1s excluidos, acompa\u00f1ar a los j\u00f3venes y el cuidado de la tierra entre las nuevas Preferencias Apost\u00f3licas - Entreculturas","isPartOf":{"@id":"https:\/\/www.entreculturas.org\/fr\/#website"},"primaryImageOfPage":{"@id":"https:\/\/www.entreculturas.org\/fr\/noticia\/caminar-con-los-mas-excluidos-acompanar-los-jovenes-y-el-cuidado-de-la-tierra-entre-las\/#primaryimage"},"image":{"@id":"https:\/\/www.entreculturas.org\/fr\/noticia\/caminar-con-los-mas-excluidos-acompanar-los-jovenes-y-el-cuidado-de-la-tierra-entre-las\/#primaryimage"},"thumbnailUrl":"https:\/\/www.entreculturas.org\/wp-content\/uploads\/2019\/03\/noticia-apostolica.jpg","datePublished":"2019-03-01T12:18:34+00:00","dateModified":"2024-02-09T11:52:05+00:00","breadcrumb":{"@id":"https:\/\/www.entreculturas.org\/fr\/noticia\/caminar-con-los-mas-excluidos-acompanar-los-jovenes-y-el-cuidado-de-la-tierra-entre-las\/#breadcrumb"},"inLanguage":"fr-FR","potentialAction":[{"@type":"ReadAction","target":["https:\/\/www.entreculturas.org\/fr\/noticia\/caminar-con-los-mas-excluidos-acompanar-los-jovenes-y-el-cuidado-de-la-tierra-entre-las\/"]}]},{"@type":"ImageObject","inLanguage":"fr-FR","@id":"https:\/\/www.entreculturas.org\/fr\/noticia\/caminar-con-los-mas-excluidos-acompanar-los-jovenes-y-el-cuidado-de-la-tierra-entre-las\/#primaryimage","url":"https:\/\/www.entreculturas.org\/wp-content\/uploads\/2019\/03\/noticia-apostolica.jpg","contentUrl":"https:\/\/www.entreculturas.org\/wp-content\/uploads\/2019\/03\/noticia-apostolica.jpg","width":800,"height":533,"caption":"noticia-apostolica"},{"@type":"BreadcrumbList","@id":"https:\/\/www.entreculturas.org\/fr\/noticia\/caminar-con-los-mas-excluidos-acompanar-los-jovenes-y-el-cuidado-de-la-tierra-entre-las\/#breadcrumb","itemListElement":[{"@type":"ListItem","position":1,"name":"Home","item":"https:\/\/www.entreculturas.org\/fr\/"},{"@type":"ListItem","position":2,"name":"Noticias","item":"https:\/\/www.entreculturas.org\/fr\/noticias\/"},{"@type":"ListItem","position":3,"name":"Caminar con los m\u00e1s excluidos, acompa\u00f1ar a los j\u00f3venes y el cuidado de la tierra entre las nuevas Preferencias Apost\u00f3licas"}]},{"@type":"WebSite","@id":"https:\/\/www.entreculturas.org\/fr\/#website","url":"https:\/\/www.entreculturas.org\/fr\/","name":"Entreculturas","description":"","publisher":{"@id":"https:\/\/www.entreculturas.org\/fr\/#organization"},"alternateName":"Entreculturas","potentialAction":[{"@type":"SearchAction","target":{"@type":"EntryPoint","urlTemplate":"https:\/\/www.entreculturas.org\/fr\/?s={search_term_string}"},"query-input":{"@type":"PropertyValueSpecification","valueRequired":true,"valueName":"search_term_string"}}],"inLanguage":"fr-FR"},{"@type":"Organization","@id":"https:\/\/www.entreculturas.org\/fr\/#organization","name":"Entreculturas","url":"https:\/\/www.entreculturas.org\/fr\/","logo":{"@type":"ImageObject","inLanguage":"fr-FR","@id":"https:\/\/www.entreculturas.org\/fr\/#\/schema\/logo\/image\/","url":"https:\/\/www.entreculturas.org\/wp-content\/uploads\/2025\/10\/ESP.svg","contentUrl":"https:\/\/www.entreculturas.org\/wp-content\/uploads\/2025\/10\/ESP.svg","caption":"Entreculturas"},"image":{"@id":"https:\/\/www.entreculturas.org\/fr\/#\/schema\/logo\/image\/"},"sameAs":["https:\/\/www.facebook.com\/entreculturas","https:\/\/x.com\/Entreculturas","https:\/\/www.instagram.com\/entreculturas\/","https:\/\/www.youtube.com\/user\/entreculturasvideo","https:\/\/www.linkedin.com\/company\/fundacion-entreculturas-ngdo\/","https:\/\/www.flickr.com\/photos\/98455522@N04\/albums\/"]}]}},"_links":{"self":[{"href":"https:\/\/www.entreculturas.org\/fr\/wp-json\/wp\/v2\/noticia\/2805","targetHints":{"allow":["GET"]}}],"collection":[{"href":"https:\/\/www.entreculturas.org\/fr\/wp-json\/wp\/v2\/noticia"}],"about":[{"href":"https:\/\/www.entreculturas.org\/fr\/wp-json\/wp\/v2\/types\/noticia"}],"wp:featuredmedia":[{"embeddable":true,"href":"https:\/\/www.entreculturas.org\/fr\/wp-json\/wp\/v2\/media\/2810"}],"wp:attachment":[{"href":"https:\/\/www.entreculturas.org\/fr\/wp-json\/wp\/v2\/media?parent=2805"}],"wp:term":[{"taxonomy":"category","embeddable":true,"href":"https:\/\/www.entreculturas.org\/fr\/wp-json\/wp\/v2\/categories?post=2805"},{"taxonomy":"post_tag","embeddable":true,"href":"https:\/\/www.entreculturas.org\/fr\/wp-json\/wp\/v2\/tags?post=2805"},{"taxonomy":"country","embeddable":true,"href":"https:\/\/www.entreculturas.org\/fr\/wp-json\/wp\/v2\/country?post=2805"},{"taxonomy":"cause","embeddable":true,"href":"https:\/\/www.entreculturas.org\/fr\/wp-json\/wp\/v2\/cause?post=2805"}],"curies":[{"name":"wp","href":"https:\/\/api.w.org\/{rel}","templated":true}]}}