{"id":2801,"date":"2019-03-05T09:33:07","date_gmt":"2019-03-05T09:33:07","guid":{"rendered":"https:\/\/entreculturasi.wpenginepowered.com\/?noticias=ninas-futuras-mujeres-libres-de-violencia-reivindicamos-sus-derechos-en-naciones-unidas"},"modified":"2024-02-09T12:53:35","modified_gmt":"2024-02-09T11:53:35","slug":"ninas-futuras-mujeres-libres-de-violencia-reivindicamos-sus-derechos-en-naciones-unidas","status":"publish","type":"noticia","link":"https:\/\/www.entreculturas.org\/fr\/noticia\/ninas-futuras-mujeres-libres-de-violencia-reivindicamos-sus-derechos-en-naciones-unidas\/","title":{"rendered":"Ni\u00f1as, futuras mujeres, libres de violencia: reivindicamos sus derechos en Naciones Unidas"},"content":{"rendered":"<p>&nbsp;<\/p>\n<p>Hoy en d\u00eda, las ni\u00f1as que ejercen el derecho a la educaci\u00f3n son m\u00e1s numerosas que nunca. No s\u00f3lo aprenden a leer y a escribir, sino que con cada a\u00f1o que permanecen en la escuela tras finalizar la educaci\u00f3n primaria, reducen sus posibilidades de contraer matrimonio a una edad demasiado temprana y generan capacidades para tomar decisiones propias sobre su futuro. Tambi\u00e9n aumentan sus posibilidades de encontrar trabajo, llevar una vida sana, gozar de bienestar en general y ejercitar sus derechos de participaci\u00f3n y liderazgo en la esfera p\u00fablica como las ciudadanas que son.&nbsp;<\/p>\n<p>Sin embargo, a\u00fan hoy, a nivel mundial, casi 15 millones de ni\u00f1as son obligadas a contraer matrimonio antes de cumplir 18 a\u00f1os, esto es, <strong>unas 37.000 al d\u00eda<\/strong>.&nbsp; De acuerdo a los datos ofrecidos por la ONU, e<strong>l 35% de las mujeres de todo el mundo ha sufrido violencia f\u00edsica y\/o sexual a manos de sus parejas o a manos de otras personas.&nbsp;<\/strong><\/p>\n<p>En las ni\u00f1as confluyen dos condiciones que las hacen vulnerables a las situaciones de violencia: su g\u00e9nero (ser mujeres) y su edad (la fase de desarrollo vital de infancia o de adolescencia en la que se encuentran). Estas condiciones y las pr\u00e1cticas nocivas asociadas a ellas comportan un riesgo de violencia en multitud de contextos socioecon\u00f3micos y culturales. <strong>Por tanto, la vida libre de violencia para las ni\u00f1as y la igualdad de g\u00e9nero son compromisos irrenunciables si queremos construir un mundo que no deje a nadie atr\u00e1s.&nbsp;<\/strong><\/p>\n<p>Entreculturas trabaja con la Federaci\u00f3n Internacional Fe y Alegr\u00eda- FIFYA y el Servicio Jesuita a Refugiados- JRS, en 41 pa\u00edses del mundo, <strong>en el empe\u00f1o de denunciar las situaciones de injusticia a las que se enfrentan las ni\u00f1as<\/strong>. Teniendo en cuenta esta tarea, representantes de la Federaci\u00f3n Internacional Fe y Alegr\u00eda participar\u00e1n en la <strong>63 Comisi\u00f3n de la Condici\u00f3n Jur\u00eddica y Social de la Mujer (CCJSM)<\/strong>, que es el principal \u00f3rgano normativo mundial consagrado a la igualdad de g\u00e9nero y al empoderamiento de las mujeres.<\/p>\n<p>Las ONGs tenemos un papel muy destacable en estos espacios, ya que hemos influ\u00eddo en la concepci\u00f3n del marco de pol\u00edticas mundiales al respecto del empoderamiento de las mujeres y de la igualdad de g\u00e9nero \u2014 en 1995 la comunidad internacional acord\u00f3 la Declaraci\u00f3n de Beijing en la que se establecieron los objetivos a alcanzar en materia de igualdad y equidad en las pr\u00f3ximas d\u00e9cadas.<\/p>\n<p>Desde el d\u00eda <strong>11 al 22 de marzo<\/strong> tendr\u00e1 lugar en Nueva York la reuni\u00f3n anual de la Comisi\u00f3n mencionada anteriormente que este a\u00f1o centrar\u00e1 sus sesiones en torno a \u201csistemas de protecci\u00f3n social, acceso a servicios p\u00fablicos e infraestructuras sostenibles para conseguir la igualdad de g\u00e9nero y el empoderamiento de ni\u00f1as y mujeres\u201d. <strong>Nuestra participaci\u00f3n se basar\u00e1 en la defensa de la educaci\u00f3n y&nbsp; su papel fundamental como palanca de desarrollo tanto individual como colectiva de las ni\u00f1as con las que trabajamos cada d\u00eda.<\/strong><\/p>\n<p><strong>Desde FIFyA y JRS denunciamos<\/strong> la d\u00e9bil capacidad institucional para acabar con esta realidad y la ausencia de mecanismos de denuncia y protecci\u00f3n de las ni\u00f1as. En la mayor\u00eda de los casos las ni\u00f1as y adolescentes desconocen sus derechos, tienen miedo a ser estigmatizadas o dudan sobre c\u00f3mo reportar los casos de violencia. <strong>Alertamos sobre determinadas normas discriminatorias, pr\u00e1cticas tradicionales y culturales<\/strong> de las comunidades y las familias con las que trabajamos y que&nbsp; son origen de desigualdad entre ni\u00f1os y ni\u00f1as desde su nacimiento as\u00ed como del maltrato que se ejerce contra las ni\u00f1as. Roles tradicionales t\u00f3xicos que se replican y reproducen en los entornos patriarcales y patrones sociales de conducta que hacen que, mujeres y hombres, acepten y desarrollen actitudes y comportamientos violentos como algo natural.<\/p>\n<p><img decoding=\"async\" alt=\"\" height=\"801\" src=\"https:\/\/www.entreculturas.org\/wp-content\/uploads\/2019\/03\/ldn-informe.png\" width=\"557\"><\/p>\n<p>Por tanto, destacamos la responsabilidad de los Estados y de todos aquellos que nos sentimos concernidos por la situaci\u00f3n de las&nbsp; ni\u00f1as y j\u00f3venes e insistimos en la necesidad y la urgencia de sumar esfuerzos para transformar las escuelas en espacios protectores y seguros, lo cual implica contar con<strong> infraestructuras escolares inclusivas, protectoras y adecuadas a las necesidades espec\u00edficas de ni\u00f1as y j\u00f3venes.&nbsp;<\/strong><\/p>\n<p>Es necesario adem\u00e1s, promover con&nbsp; la comunidad escolar escuelas que&nbsp; establezcan&nbsp; programas orientados a la prevenci\u00f3n, detecci\u00f3n y actuaci\u00f3n ante cualquier caso de violencia. El equipo docente debe estar formado en materia de igualdad de g\u00e9nero y en prevenci\u00f3n y detecci\u00f3n de la violencia hacia las ni\u00f1as.<\/p>\n<p><strong>La&nbsp; Comisi\u00f3n de la Condici\u00f3n Jur\u00eddica y Social de la Mujer (CCJSM)<\/strong> se re\u00fane anualmente en la Sede de Naciones Unidas de Nueva York con el objetivo de evaluar el progreso en materia de igualdad de g\u00e9nero, identificar desaf\u00edos, establecer normas mundiales y formular pol\u00edticas concretas para fomentar la igualdad de g\u00e9nero y el empoderamiento de las mujeres a nivel mundial. Nuestra participaci\u00f3n en ella se podr\u00e1 seguir en redes sociales con el hashtag <strong>#CSW63.<\/strong><\/p>\n<p><a href=\"https:\/\/www.undocs.org\/es\/E\/CN.6\/2019\/NGO\/60\" target=\"_blank\" rel=\"noopener\">Accede a Declaraci\u00f3n presentada.<\/a><br \/><a href=\"https:\/\/www.entreculturas.org\/es\/publicaciones\/informe-rojo-ninas-libres-de-violencia-derecho-la-educacion-garantia-de-igualdad\" target=\"_blank\" rel=\"noopener\">Accede al Informe Rojo \u201cNi\u00f1as libres de violencia\u201d.&nbsp;<\/a><\/p>\n","protected":false},"excerpt":{"rendered":"<p>Entreculturas como parte de la Federaci\u00f3n Internacional Fe y Alegr\u00eda (FIFYA) y el Servicio Jesuita a Refugiados- JRS, en el empe\u00f1o de denunciar las situaciones de injusticia a las que se enfrentan las ni\u00f1as participaremos en la 63 Comisi\u00f3n de la Condici\u00f3n Jur\u00eddica y Social de la Mujer (CCJSM), que es el principal \u00f3rgano normativo mundial consagrado a la igualdad de g\u00e9nero y al empoderamiento de las mujeres.<\/p>\n","protected":false},"featured_media":2802,"template":"single-noticia","meta":{"_acf_changed":false},"categories":[7],"tags":[293],"country":[],"cause":[130],"class_list":["post-2801","noticia","type-noticia","status-publish","has-post-thumbnail","hentry","category-noticia","tag-genero","cause-genero"],"acf":[],"yoast_head":"<!-- This site is optimized with the Yoast SEO Premium plugin v21.6 (Yoast SEO v27.5) - https:\/\/yoast.com\/product\/yoast-seo-premium-wordpress\/ -->\n<title>Ni\u00f1as, futuras mujeres, libres de violencia: reivindicamos sus derechos en Naciones Unidas - Entreculturas<\/title>\n<meta name=\"robots\" content=\"index, follow, max-snippet:-1, max-image-preview:large, max-video-preview:-1\" \/>\n<link rel=\"canonical\" href=\"https:\/\/www.entreculturas.org\/fr\/noticia\/ninas-futuras-mujeres-libres-de-violencia-reivindicamos-sus-derechos-en-naciones-unidas\/\" \/>\n<meta property=\"og:locale\" content=\"fr_FR\" \/>\n<meta property=\"og:type\" content=\"article\" \/>\n<meta property=\"og:title\" content=\"Ni\u00f1as, futuras mujeres, libres de violencia: reivindicamos sus derechos en Naciones Unidas\" \/>\n<meta property=\"og:description\" content=\"Entreculturas como parte de la Federaci\u00f3n Internacional Fe y Alegr\u00eda (FIFYA) y el Servicio Jesuita a Refugiados- JRS, en el empe\u00f1o de denunciar las situaciones de injusticia a las que se enfrentan las ni\u00f1as participaremos en la 63 Comisi\u00f3n de la Condici\u00f3n Jur\u00eddica y Social de la Mujer (CCJSM), que es el principal \u00f3rgano normativo mundial consagrado a la igualdad de g\u00e9nero y al empoderamiento de las mujeres.\" \/>\n<meta property=\"og:url\" content=\"https:\/\/www.entreculturas.org\/fr\/noticia\/ninas-futuras-mujeres-libres-de-violencia-reivindicamos-sus-derechos-en-naciones-unidas\/\" \/>\n<meta property=\"og:site_name\" content=\"Entreculturas\" \/>\n<meta property=\"article:publisher\" content=\"https:\/\/www.facebook.com\/entreculturas\" \/>\n<meta property=\"article:modified_time\" content=\"2024-02-09T11:53:35+00:00\" \/>\n<meta property=\"og:image\" content=\"https:\/\/www.entreculturas.org\/wp-content\/uploads\/2019\/03\/ecoscoc2.jpg\" \/>\n\t<meta property=\"og:image:width\" content=\"1130\" \/>\n\t<meta property=\"og:image:height\" content=\"565\" \/>\n\t<meta property=\"og:image:type\" content=\"image\/jpeg\" \/>\n<meta name=\"twitter:card\" content=\"summary_large_image\" \/>\n<meta name=\"twitter:site\" content=\"@Entreculturas\" \/>\n<script type=\"application\/ld+json\" class=\"yoast-schema-graph\">{\"@context\":\"https:\\\/\\\/schema.org\",\"@graph\":[{\"@type\":\"WebPage\",\"@id\":\"https:\\\/\\\/www.entreculturas.org\\\/fr\\\/noticia\\\/ninas-futuras-mujeres-libres-de-violencia-reivindicamos-sus-derechos-en-naciones-unidas\\\/\",\"url\":\"https:\\\/\\\/www.entreculturas.org\\\/fr\\\/noticia\\\/ninas-futuras-mujeres-libres-de-violencia-reivindicamos-sus-derechos-en-naciones-unidas\\\/\",\"name\":\"Ni\u00f1as, futuras mujeres, libres de violencia: reivindicamos sus derechos en Naciones Unidas - Entreculturas\",\"isPartOf\":{\"@id\":\"https:\\\/\\\/www.entreculturas.org\\\/fr\\\/#website\"},\"primaryImageOfPage\":{\"@id\":\"https:\\\/\\\/www.entreculturas.org\\\/fr\\\/noticia\\\/ninas-futuras-mujeres-libres-de-violencia-reivindicamos-sus-derechos-en-naciones-unidas\\\/#primaryimage\"},\"image\":{\"@id\":\"https:\\\/\\\/www.entreculturas.org\\\/fr\\\/noticia\\\/ninas-futuras-mujeres-libres-de-violencia-reivindicamos-sus-derechos-en-naciones-unidas\\\/#primaryimage\"},\"thumbnailUrl\":\"https:\\\/\\\/www.entreculturas.org\\\/wp-content\\\/uploads\\\/2019\\\/03\\\/ecoscoc2.jpg\",\"datePublished\":\"2019-03-05T09:33:07+00:00\",\"dateModified\":\"2024-02-09T11:53:35+00:00\",\"breadcrumb\":{\"@id\":\"https:\\\/\\\/www.entreculturas.org\\\/fr\\\/noticia\\\/ninas-futuras-mujeres-libres-de-violencia-reivindicamos-sus-derechos-en-naciones-unidas\\\/#breadcrumb\"},\"inLanguage\":\"fr-FR\",\"potentialAction\":[{\"@type\":\"ReadAction\",\"target\":[\"https:\\\/\\\/www.entreculturas.org\\\/fr\\\/noticia\\\/ninas-futuras-mujeres-libres-de-violencia-reivindicamos-sus-derechos-en-naciones-unidas\\\/\"]}]},{\"@type\":\"ImageObject\",\"inLanguage\":\"fr-FR\",\"@id\":\"https:\\\/\\\/www.entreculturas.org\\\/fr\\\/noticia\\\/ninas-futuras-mujeres-libres-de-violencia-reivindicamos-sus-derechos-en-naciones-unidas\\\/#primaryimage\",\"url\":\"https:\\\/\\\/www.entreculturas.org\\\/wp-content\\\/uploads\\\/2019\\\/03\\\/ecoscoc2.jpg\",\"contentUrl\":\"https:\\\/\\\/www.entreculturas.org\\\/wp-content\\\/uploads\\\/2019\\\/03\\\/ecoscoc2.jpg\",\"width\":1130,\"height\":565,\"caption\":\"ecoscoc2\"},{\"@type\":\"BreadcrumbList\",\"@id\":\"https:\\\/\\\/www.entreculturas.org\\\/fr\\\/noticia\\\/ninas-futuras-mujeres-libres-de-violencia-reivindicamos-sus-derechos-en-naciones-unidas\\\/#breadcrumb\",\"itemListElement\":[{\"@type\":\"ListItem\",\"position\":1,\"name\":\"Home\",\"item\":\"https:\\\/\\\/www.entreculturas.org\\\/fr\\\/\"},{\"@type\":\"ListItem\",\"position\":2,\"name\":\"Noticias\",\"item\":\"https:\\\/\\\/www.entreculturas.org\\\/fr\\\/noticias\\\/\"},{\"@type\":\"ListItem\",\"position\":3,\"name\":\"Ni\u00f1as, futuras mujeres, libres de violencia: reivindicamos sus derechos en Naciones Unidas\"}]},{\"@type\":\"WebSite\",\"@id\":\"https:\\\/\\\/www.entreculturas.org\\\/fr\\\/#website\",\"url\":\"https:\\\/\\\/www.entreculturas.org\\\/fr\\\/\",\"name\":\"Entreculturas\",\"description\":\"\",\"publisher\":{\"@id\":\"https:\\\/\\\/www.entreculturas.org\\\/fr\\\/#organization\"},\"alternateName\":\"Entreculturas\",\"potentialAction\":[{\"@type\":\"SearchAction\",\"target\":{\"@type\":\"EntryPoint\",\"urlTemplate\":\"https:\\\/\\\/www.entreculturas.org\\\/fr\\\/?s={search_term_string}\"},\"query-input\":{\"@type\":\"PropertyValueSpecification\",\"valueRequired\":true,\"valueName\":\"search_term_string\"}}],\"inLanguage\":\"fr-FR\"},{\"@type\":\"Organization\",\"@id\":\"https:\\\/\\\/www.entreculturas.org\\\/fr\\\/#organization\",\"name\":\"Entreculturas\",\"url\":\"https:\\\/\\\/www.entreculturas.org\\\/fr\\\/\",\"logo\":{\"@type\":\"ImageObject\",\"inLanguage\":\"fr-FR\",\"@id\":\"https:\\\/\\\/www.entreculturas.org\\\/fr\\\/#\\\/schema\\\/logo\\\/image\\\/\",\"url\":\"https:\\\/\\\/www.entreculturas.org\\\/wp-content\\\/uploads\\\/2025\\\/10\\\/ESP.svg\",\"contentUrl\":\"https:\\\/\\\/www.entreculturas.org\\\/wp-content\\\/uploads\\\/2025\\\/10\\\/ESP.svg\",\"caption\":\"Entreculturas\"},\"image\":{\"@id\":\"https:\\\/\\\/www.entreculturas.org\\\/fr\\\/#\\\/schema\\\/logo\\\/image\\\/\"},\"sameAs\":[\"https:\\\/\\\/www.facebook.com\\\/entreculturas\",\"https:\\\/\\\/x.com\\\/Entreculturas\",\"https:\\\/\\\/www.instagram.com\\\/entreculturas\\\/\",\"https:\\\/\\\/www.youtube.com\\\/user\\\/entreculturasvideo\",\"https:\\\/\\\/www.linkedin.com\\\/company\\\/fundacion-entreculturas-ngdo\\\/\",\"https:\\\/\\\/www.flickr.com\\\/photos\\\/98455522@N04\\\/albums\\\/\"]}]}<\/script>\n<!-- \/ Yoast SEO Premium plugin. -->","yoast_head_json":{"title":"Ni\u00f1as, futuras mujeres, libres de violencia: reivindicamos sus derechos en Naciones Unidas - Entreculturas","robots":{"index":"index","follow":"follow","max-snippet":"max-snippet:-1","max-image-preview":"max-image-preview:large","max-video-preview":"max-video-preview:-1"},"canonical":"https:\/\/www.entreculturas.org\/fr\/noticia\/ninas-futuras-mujeres-libres-de-violencia-reivindicamos-sus-derechos-en-naciones-unidas\/","og_locale":"fr_FR","og_type":"article","og_title":"Ni\u00f1as, futuras mujeres, libres de violencia: reivindicamos sus derechos en Naciones Unidas","og_description":"Entreculturas como parte de la Federaci\u00f3n Internacional Fe y Alegr\u00eda (FIFYA) y el Servicio Jesuita a Refugiados- JRS, en el empe\u00f1o de denunciar las situaciones de injusticia a las que se enfrentan las ni\u00f1as participaremos en la 63 Comisi\u00f3n de la Condici\u00f3n Jur\u00eddica y Social de la Mujer (CCJSM), que es el principal \u00f3rgano normativo mundial consagrado a la igualdad de g\u00e9nero y al empoderamiento de las mujeres.","og_url":"https:\/\/www.entreculturas.org\/fr\/noticia\/ninas-futuras-mujeres-libres-de-violencia-reivindicamos-sus-derechos-en-naciones-unidas\/","og_site_name":"Entreculturas","article_publisher":"https:\/\/www.facebook.com\/entreculturas","article_modified_time":"2024-02-09T11:53:35+00:00","og_image":[{"width":1130,"height":565,"url":"https:\/\/www.entreculturas.org\/wp-content\/uploads\/2019\/03\/ecoscoc2.jpg","type":"image\/jpeg"}],"twitter_card":"summary_large_image","twitter_site":"@Entreculturas","schema":{"@context":"https:\/\/schema.org","@graph":[{"@type":"WebPage","@id":"https:\/\/www.entreculturas.org\/fr\/noticia\/ninas-futuras-mujeres-libres-de-violencia-reivindicamos-sus-derechos-en-naciones-unidas\/","url":"https:\/\/www.entreculturas.org\/fr\/noticia\/ninas-futuras-mujeres-libres-de-violencia-reivindicamos-sus-derechos-en-naciones-unidas\/","name":"Ni\u00f1as, futuras mujeres, libres de violencia: reivindicamos sus derechos en Naciones Unidas - Entreculturas","isPartOf":{"@id":"https:\/\/www.entreculturas.org\/fr\/#website"},"primaryImageOfPage":{"@id":"https:\/\/www.entreculturas.org\/fr\/noticia\/ninas-futuras-mujeres-libres-de-violencia-reivindicamos-sus-derechos-en-naciones-unidas\/#primaryimage"},"image":{"@id":"https:\/\/www.entreculturas.org\/fr\/noticia\/ninas-futuras-mujeres-libres-de-violencia-reivindicamos-sus-derechos-en-naciones-unidas\/#primaryimage"},"thumbnailUrl":"https:\/\/www.entreculturas.org\/wp-content\/uploads\/2019\/03\/ecoscoc2.jpg","datePublished":"2019-03-05T09:33:07+00:00","dateModified":"2024-02-09T11:53:35+00:00","breadcrumb":{"@id":"https:\/\/www.entreculturas.org\/fr\/noticia\/ninas-futuras-mujeres-libres-de-violencia-reivindicamos-sus-derechos-en-naciones-unidas\/#breadcrumb"},"inLanguage":"fr-FR","potentialAction":[{"@type":"ReadAction","target":["https:\/\/www.entreculturas.org\/fr\/noticia\/ninas-futuras-mujeres-libres-de-violencia-reivindicamos-sus-derechos-en-naciones-unidas\/"]}]},{"@type":"ImageObject","inLanguage":"fr-FR","@id":"https:\/\/www.entreculturas.org\/fr\/noticia\/ninas-futuras-mujeres-libres-de-violencia-reivindicamos-sus-derechos-en-naciones-unidas\/#primaryimage","url":"https:\/\/www.entreculturas.org\/wp-content\/uploads\/2019\/03\/ecoscoc2.jpg","contentUrl":"https:\/\/www.entreculturas.org\/wp-content\/uploads\/2019\/03\/ecoscoc2.jpg","width":1130,"height":565,"caption":"ecoscoc2"},{"@type":"BreadcrumbList","@id":"https:\/\/www.entreculturas.org\/fr\/noticia\/ninas-futuras-mujeres-libres-de-violencia-reivindicamos-sus-derechos-en-naciones-unidas\/#breadcrumb","itemListElement":[{"@type":"ListItem","position":1,"name":"Home","item":"https:\/\/www.entreculturas.org\/fr\/"},{"@type":"ListItem","position":2,"name":"Noticias","item":"https:\/\/www.entreculturas.org\/fr\/noticias\/"},{"@type":"ListItem","position":3,"name":"Ni\u00f1as, futuras mujeres, libres de violencia: reivindicamos sus derechos en Naciones Unidas"}]},{"@type":"WebSite","@id":"https:\/\/www.entreculturas.org\/fr\/#website","url":"https:\/\/www.entreculturas.org\/fr\/","name":"Entreculturas","description":"","publisher":{"@id":"https:\/\/www.entreculturas.org\/fr\/#organization"},"alternateName":"Entreculturas","potentialAction":[{"@type":"SearchAction","target":{"@type":"EntryPoint","urlTemplate":"https:\/\/www.entreculturas.org\/fr\/?s={search_term_string}"},"query-input":{"@type":"PropertyValueSpecification","valueRequired":true,"valueName":"search_term_string"}}],"inLanguage":"fr-FR"},{"@type":"Organization","@id":"https:\/\/www.entreculturas.org\/fr\/#organization","name":"Entreculturas","url":"https:\/\/www.entreculturas.org\/fr\/","logo":{"@type":"ImageObject","inLanguage":"fr-FR","@id":"https:\/\/www.entreculturas.org\/fr\/#\/schema\/logo\/image\/","url":"https:\/\/www.entreculturas.org\/wp-content\/uploads\/2025\/10\/ESP.svg","contentUrl":"https:\/\/www.entreculturas.org\/wp-content\/uploads\/2025\/10\/ESP.svg","caption":"Entreculturas"},"image":{"@id":"https:\/\/www.entreculturas.org\/fr\/#\/schema\/logo\/image\/"},"sameAs":["https:\/\/www.facebook.com\/entreculturas","https:\/\/x.com\/Entreculturas","https:\/\/www.instagram.com\/entreculturas\/","https:\/\/www.youtube.com\/user\/entreculturasvideo","https:\/\/www.linkedin.com\/company\/fundacion-entreculturas-ngdo\/","https:\/\/www.flickr.com\/photos\/98455522@N04\/albums\/"]}]}},"_links":{"self":[{"href":"https:\/\/www.entreculturas.org\/fr\/wp-json\/wp\/v2\/noticia\/2801","targetHints":{"allow":["GET"]}}],"collection":[{"href":"https:\/\/www.entreculturas.org\/fr\/wp-json\/wp\/v2\/noticia"}],"about":[{"href":"https:\/\/www.entreculturas.org\/fr\/wp-json\/wp\/v2\/types\/noticia"}],"wp:featuredmedia":[{"embeddable":true,"href":"https:\/\/www.entreculturas.org\/fr\/wp-json\/wp\/v2\/media\/2802"}],"wp:attachment":[{"href":"https:\/\/www.entreculturas.org\/fr\/wp-json\/wp\/v2\/media?parent=2801"}],"wp:term":[{"taxonomy":"category","embeddable":true,"href":"https:\/\/www.entreculturas.org\/fr\/wp-json\/wp\/v2\/categories?post=2801"},{"taxonomy":"post_tag","embeddable":true,"href":"https:\/\/www.entreculturas.org\/fr\/wp-json\/wp\/v2\/tags?post=2801"},{"taxonomy":"country","embeddable":true,"href":"https:\/\/www.entreculturas.org\/fr\/wp-json\/wp\/v2\/country?post=2801"},{"taxonomy":"cause","embeddable":true,"href":"https:\/\/www.entreculturas.org\/fr\/wp-json\/wp\/v2\/cause?post=2801"}],"curies":[{"name":"wp","href":"https:\/\/api.w.org\/{rel}","templated":true}]}}