{"id":27842,"date":"2024-07-16T09:58:46","date_gmt":"2024-07-16T07:58:46","guid":{"rendered":"https:\/\/www.entreculturas.org\/?post_type=noticia&#038;p=27842"},"modified":"2024-07-17T09:35:25","modified_gmt":"2024-07-17T07:35:25","slug":"firma-de-un-convenio-marco-de-colaboracion-entre-la-universidad-pontificia-comillas-y-la-fundacion-entreculturas","status":"publish","type":"noticia","link":"https:\/\/www.entreculturas.org\/fr\/noticia\/firma-de-un-convenio-marco-de-colaboracion-entre-la-universidad-pontificia-comillas-y-la-fundacion-entreculturas\/","title":{"rendered":"Firma de un convenio marco de colaboraci\u00f3n entre la Universidad Pontificia Comillas y la Fundaci\u00f3n Entreculturas"},"content":{"rendered":"\n<p>La Universidad Pontificia Comillas y la Fundaci\u00f3n Entreculturas han firmado un convenio marco de colaboraci\u00f3n que recoge muchas de las l\u00edneas de trabajo y despliegue misional que vienen desarrollando juntas pero tambi\u00e9n el compromiso de explorar nuevas colaboraciones.&nbsp;<\/p>\n\n\n\n<p>Este convenio pretende aprovechar y potenciar recursos a trav\u00e9s de programas de pr\u00e1cticas de estudiantes, cursos de grado y m\u00e1ster que faciliten la formaci\u00f3n de futuros profesionales o el reciclaje de los que est\u00e1n en ejercicio, as\u00ed como llevar a cabo acciones y estrategias para el desarrollo misional en cooperaci\u00f3n internacional, educaci\u00f3n para la ciudadan\u00eda global, comunicaci\u00f3n y sensibilizaci\u00f3n social, incidencia p\u00fablica y voluntariado.<\/p>\n\n\n\n<p>El convenio plantea diez l\u00edneas estrat\u00e9gicas de colaboraci\u00f3n como es la colaboraci\u00f3n de la C\u00e1tedra de Refugiados y Migrantes Forzosos y Entreculturas en torno a la investigaci\u00f3n acad\u00e9mica y las actividades de formaci\u00f3n y comunicaci\u00f3n en el \u00e1mbito del refugio y las migraciones forzadas y abierto tambi\u00e9n a otras causas como ecolog\u00eda, educaci\u00f3n, etc.<br><\/p>\n\n\n\n<p>Una segunda l\u00ednea es dar continuidad a la colaboraci\u00f3n entre el Instituto Universitario de Estudios sobre Migraciones, el M\u00e1ster Universitario en Cooperaci\u00f3n Internacional al Desarrollo, el Programa Kair\u00f3s y Entreculturas al igual que otras colaboraciones ya existentes, as\u00ed como nuevas que puedan surgir como podr\u00eda ser una C\u00e1tedra de los Derechos del Ni\u00f1o.<br><\/p>\n\n\n\n<p>La tercera l\u00ednea refleja la colaboraci\u00f3n de Comillas, a trav\u00e9s de la C\u00e1tedra de Impacto Social, con Entreculturas para apoyar sus procesos de medici\u00f3n y gesti\u00f3n del impacto social.<br><\/p>\n\n\n\n<p>Tambi\u00e9n se plantea la colaboraci\u00f3n de Comillas y Entreculturas en el marco de asignaturas con metodolog\u00eda de Aprendizaje y Servicio. Esta cuarta l\u00ednea de colaboraci\u00f3n se ha concretado igualmente con la firma de un Convenio espec\u00edfico que se ha firmado en el mismo acto.<\/p>\n\n\n\n<p>Se ha firmado tambi\u00e9n en el mismo acto un convenio para la quinta l\u00ednea estrat\u00e9gica de colaboraci\u00f3n. Se trata de un convenio sobre voluntariado que tiene como objetivo que aprovechar y potenciar los recursos de ambas instituciones para colaborar en los procesos de formaci\u00f3n integral y de fomento del compromiso y la participaci\u00f3n ciudadana de estudiantes y de la Comunidad Educativa de Comillas y los intereses de promoci\u00f3n del voluntariado local e internacional y de campa\u00f1as de sensibilizaci\u00f3n y recaudaci\u00f3n de Entreculturas.&nbsp;<br><\/p>\n\n\n\n<p>Una sexta l\u00ednea de colaboraci\u00f3n es la que comparten la Facultad de Ciencias Humanas y Sociales (Comillas CIHS) y Entreculturas centrada en actividades orientadas a sensibilizar, promover y velar por el Derecho a la Educaci\u00f3n de todos los pueblos, especialmente los que viven en situaciones de emergencia y a trav\u00e9s de la investigaci\u00f3n educativa relacionada con el an\u00e1lisis de necesidades y la evaluaci\u00f3n de la eficacia de los programas de Entreculturas.&nbsp;<br><\/p>\n\n\n\n<p>El convenio firmado tambi\u00e9n recoge la colaboraci\u00f3n del Servicio de Orientaci\u00f3n en Carreras Profesionales, Pr\u00e1cticas y Empleo de Comillas y Entreculturas en el dise\u00f1o de un Programa de Pr\u00e1cticas curriculares y colaboraci\u00f3n en la empleabilidad de los estudiantes en los distintos departamentos de Entreculturas.<\/p>\n\n\n\n<p>La octava l\u00ednea estrat\u00e9gica de colaboraci\u00f3n consiste en la coordinaci\u00f3n de Comillas y Entreculturas para generar propuestas de investigaci\u00f3n, trabajos finales de grado y trabajos finales de m\u00e1ster en torno a tem\u00e1ticas relacionadas con el \u00e1mbito de inter\u00e9s de Entreculturas y de las facultades o centros de la universidad y concretamente en la promoci\u00f3n de la justicia socioambiental.&nbsp;<br><\/p>\n\n\n\n<p>Igualmente el convenio recoge que Comillas contar\u00e1 con Entreculturas desde un enfoque estrat\u00e9gico para el dise\u00f1o y puesta en marcha de pol\u00edticas o actividades relacionadas con la sostenibilidad, la responsabilidad social universitaria, la Agenda 2030, propuestas y contenidos espec\u00edficos para antiguos alumnos, las causas de educaci\u00f3n, defensa de las personas migrantes y refugiadas, promoci\u00f3n de la justicia socioambiental, ciudadan\u00eda global y participaci\u00f3n, equidad de g\u00e9nero y otras causas comunes.<br><\/p>\n\n\n\n<p>Finalmente este convenio plantea que Comillas y Entreculturas explorar\u00e1n posibilidades de apoyo en el \u00e1mbito de personas y cultura.<\/p>\n\n\n\n<p><\/p>\n\n\n\n<figure class=\"wp-block-image aligncenter size-large\"><img decoding=\"async\" width=\"1024\" height=\"683\" src=\"https:\/\/www.entreculturas.org\/wp-content\/uploads\/2024\/07\/53860215156_1b9e1be838_k-1024x683.jpg\" alt=\"\" class=\"wp-image-27857\" srcset=\"https:\/\/www.entreculturas.org\/wp-content\/uploads\/2024\/07\/53860215156_1b9e1be838_k-1024x683.jpg 1024w, https:\/\/www.entreculturas.org\/wp-content\/uploads\/2024\/07\/53860215156_1b9e1be838_k-300x200.jpg 300w, https:\/\/www.entreculturas.org\/wp-content\/uploads\/2024\/07\/53860215156_1b9e1be838_k-768x512.jpg 768w, https:\/\/www.entreculturas.org\/wp-content\/uploads\/2024\/07\/53860215156_1b9e1be838_k-1536x1024.jpg 1536w, https:\/\/www.entreculturas.org\/wp-content\/uploads\/2024\/07\/53860215156_1b9e1be838_k.jpg 2048w\" sizes=\"(max-width: 1024px) 100vw, 1024px\" \/><\/figure>\n","protected":false},"excerpt":{"rendered":"<p>La Universidad Pontificia Comillas y la Fundaci\u00f3n Entreculturas han firmado un convenio marco de colaboraci\u00f3n que recoge muchas de las l\u00edneas de trabajo y despliegue misional que vienen desarrollando juntas pero tambi\u00e9n el compromiso de explorar nuevas colaboraciones.&nbsp; Este convenio pretende aprovechar y potenciar recursos a trav\u00e9s de programas de pr\u00e1cticas de estudiantes, cursos de grado y m\u00e1ster que faciliten la formaci\u00f3n de futuros profesionales o el reciclaje de los que est\u00e1n en ejercicio, as\u00ed como llevar a cabo acciones y estrategias para el desarrollo misional en cooperaci\u00f3n internacional, educaci\u00f3n para la ciudadan\u00eda global, comunicaci\u00f3n y sensibilizaci\u00f3n social, incidencia p\u00fablica y voluntariado. El convenio plantea diez l\u00edneas estrat\u00e9gicas de colaboraci\u00f3n como es la colaboraci\u00f3n de la C\u00e1tedra de Refugiados y Migrantes Forzosos y Entreculturas en torno a la investigaci\u00f3n acad\u00e9mica y las actividades de formaci\u00f3n y comunicaci\u00f3n en el \u00e1mbito del refugio y las migraciones forzadas y abierto tambi\u00e9n a [&hellip;]<\/p>\n","protected":false},"featured_media":27852,"template":"","meta":{"_acf_changed":false},"categories":[7],"tags":[579,185],"country":[120],"cause":[],"class_list":["post-27842","noticia","type-noticia","status-publish","has-post-thumbnail","hentry","category-noticia","tag-noticias-la-luz-de-las-ninas","tag-entreculturas","country-espana"],"acf":[],"yoast_head":"<!-- This site is optimized with the Yoast SEO Premium plugin v21.6 (Yoast SEO v27.5) - https:\/\/yoast.com\/product\/yoast-seo-premium-wordpress\/ -->\n<title>Firma de un convenio marco de colaboraci\u00f3n entre la Universidad Pontificia Comillas y la Fundaci\u00f3n Entreculturas - Entreculturas<\/title>\n<meta name=\"description\" content=\"La Universidad Pontificia Comillas y la Fundaci\u00f3n Entreculturas han firmado un convenio marco de colaboraci\u00f3n.\" \/>\n<meta name=\"robots\" content=\"index, follow, max-snippet:-1, max-image-preview:large, max-video-preview:-1\" \/>\n<link rel=\"canonical\" href=\"https:\/\/www.entreculturas.org\/fr\/noticia\/firma-de-un-convenio-marco-de-colaboracion-entre-la-universidad-pontificia-comillas-y-la-fundacion-entreculturas\/\" \/>\n<meta property=\"og:locale\" content=\"fr_FR\" \/>\n<meta property=\"og:type\" content=\"article\" \/>\n<meta property=\"og:title\" content=\"Firma de un convenio marco de colaboraci\u00f3n entre la Universidad Pontificia Comillas y la Fundaci\u00f3n Entreculturas\" \/>\n<meta property=\"og:description\" content=\"La Universidad Pontificia Comillas y la Fundaci\u00f3n Entreculturas han firmado un convenio marco de colaboraci\u00f3n.\" \/>\n<meta property=\"og:url\" content=\"https:\/\/www.entreculturas.org\/fr\/noticia\/firma-de-un-convenio-marco-de-colaboracion-entre-la-universidad-pontificia-comillas-y-la-fundacion-entreculturas\/\" \/>\n<meta property=\"og:site_name\" content=\"Entreculturas\" \/>\n<meta property=\"article:publisher\" content=\"https:\/\/www.facebook.com\/entreculturas\" \/>\n<meta property=\"article:modified_time\" content=\"2024-07-17T07:35:25+00:00\" \/>\n<meta property=\"og:image\" content=\"https:\/\/www.entreculturas.org\/wp-content\/uploads\/2024\/07\/53859322472_b17d05c317_k-e1721123184436.jpg\" \/>\n\t<meta property=\"og:image:width\" content=\"2048\" \/>\n\t<meta property=\"og:image:height\" content=\"1010\" \/>\n\t<meta property=\"og:image:type\" content=\"image\/jpeg\" \/>\n<meta name=\"twitter:card\" content=\"summary_large_image\" \/>\n<meta name=\"twitter:site\" content=\"@Entreculturas\" \/>\n<script type=\"application\/ld+json\" class=\"yoast-schema-graph\">{\"@context\":\"https:\\\/\\\/schema.org\",\"@graph\":[{\"@type\":\"WebPage\",\"@id\":\"https:\\\/\\\/www.entreculturas.org\\\/fr\\\/noticia\\\/firma-de-un-convenio-marco-de-colaboracion-entre-la-universidad-pontificia-comillas-y-la-fundacion-entreculturas\\\/\",\"url\":\"https:\\\/\\\/www.entreculturas.org\\\/fr\\\/noticia\\\/firma-de-un-convenio-marco-de-colaboracion-entre-la-universidad-pontificia-comillas-y-la-fundacion-entreculturas\\\/\",\"name\":\"Firma de un convenio marco de colaboraci\u00f3n entre la Universidad Pontificia Comillas y la Fundaci\u00f3n Entreculturas - Entreculturas\",\"isPartOf\":{\"@id\":\"https:\\\/\\\/www.entreculturas.org\\\/fr\\\/#website\"},\"primaryImageOfPage\":{\"@id\":\"https:\\\/\\\/www.entreculturas.org\\\/fr\\\/noticia\\\/firma-de-un-convenio-marco-de-colaboracion-entre-la-universidad-pontificia-comillas-y-la-fundacion-entreculturas\\\/#primaryimage\"},\"image\":{\"@id\":\"https:\\\/\\\/www.entreculturas.org\\\/fr\\\/noticia\\\/firma-de-un-convenio-marco-de-colaboracion-entre-la-universidad-pontificia-comillas-y-la-fundacion-entreculturas\\\/#primaryimage\"},\"thumbnailUrl\":\"https:\\\/\\\/www.entreculturas.org\\\/wp-content\\\/uploads\\\/2024\\\/07\\\/53859322472_b17d05c317_k-e1721123184436.jpg\",\"datePublished\":\"2024-07-16T07:58:46+00:00\",\"dateModified\":\"2024-07-17T07:35:25+00:00\",\"description\":\"La Universidad Pontificia Comillas y la Fundaci\u00f3n Entreculturas han firmado un convenio marco de colaboraci\u00f3n.\",\"breadcrumb\":{\"@id\":\"https:\\\/\\\/www.entreculturas.org\\\/fr\\\/noticia\\\/firma-de-un-convenio-marco-de-colaboracion-entre-la-universidad-pontificia-comillas-y-la-fundacion-entreculturas\\\/#breadcrumb\"},\"inLanguage\":\"fr-FR\",\"potentialAction\":[{\"@type\":\"ReadAction\",\"target\":[\"https:\\\/\\\/www.entreculturas.org\\\/fr\\\/noticia\\\/firma-de-un-convenio-marco-de-colaboracion-entre-la-universidad-pontificia-comillas-y-la-fundacion-entreculturas\\\/\"]}]},{\"@type\":\"ImageObject\",\"inLanguage\":\"fr-FR\",\"@id\":\"https:\\\/\\\/www.entreculturas.org\\\/fr\\\/noticia\\\/firma-de-un-convenio-marco-de-colaboracion-entre-la-universidad-pontificia-comillas-y-la-fundacion-entreculturas\\\/#primaryimage\",\"url\":\"https:\\\/\\\/www.entreculturas.org\\\/wp-content\\\/uploads\\\/2024\\\/07\\\/53859322472_b17d05c317_k-e1721123184436.jpg\",\"contentUrl\":\"https:\\\/\\\/www.entreculturas.org\\\/wp-content\\\/uploads\\\/2024\\\/07\\\/53859322472_b17d05c317_k-e1721123184436.jpg\",\"width\":2048,\"height\":1010,\"caption\":\"firma convenio\"},{\"@type\":\"BreadcrumbList\",\"@id\":\"https:\\\/\\\/www.entreculturas.org\\\/fr\\\/noticia\\\/firma-de-un-convenio-marco-de-colaboracion-entre-la-universidad-pontificia-comillas-y-la-fundacion-entreculturas\\\/#breadcrumb\",\"itemListElement\":[{\"@type\":\"ListItem\",\"position\":1,\"name\":\"Home\",\"item\":\"https:\\\/\\\/www.entreculturas.org\\\/fr\\\/\"},{\"@type\":\"ListItem\",\"position\":2,\"name\":\"Noticias\",\"item\":\"https:\\\/\\\/www.entreculturas.org\\\/fr\\\/noticias\\\/\"},{\"@type\":\"ListItem\",\"position\":3,\"name\":\"Firma de un convenio marco de colaboraci\u00f3n entre la Universidad Pontificia Comillas y la Fundaci\u00f3n Entreculturas\"}]},{\"@type\":\"WebSite\",\"@id\":\"https:\\\/\\\/www.entreculturas.org\\\/fr\\\/#website\",\"url\":\"https:\\\/\\\/www.entreculturas.org\\\/fr\\\/\",\"name\":\"Entreculturas\",\"description\":\"\",\"publisher\":{\"@id\":\"https:\\\/\\\/www.entreculturas.org\\\/fr\\\/#organization\"},\"alternateName\":\"Entreculturas\",\"potentialAction\":[{\"@type\":\"SearchAction\",\"target\":{\"@type\":\"EntryPoint\",\"urlTemplate\":\"https:\\\/\\\/www.entreculturas.org\\\/fr\\\/?s={search_term_string}\"},\"query-input\":{\"@type\":\"PropertyValueSpecification\",\"valueRequired\":true,\"valueName\":\"search_term_string\"}}],\"inLanguage\":\"fr-FR\"},{\"@type\":\"Organization\",\"@id\":\"https:\\\/\\\/www.entreculturas.org\\\/fr\\\/#organization\",\"name\":\"Entreculturas\",\"url\":\"https:\\\/\\\/www.entreculturas.org\\\/fr\\\/\",\"logo\":{\"@type\":\"ImageObject\",\"inLanguage\":\"fr-FR\",\"@id\":\"https:\\\/\\\/www.entreculturas.org\\\/fr\\\/#\\\/schema\\\/logo\\\/image\\\/\",\"url\":\"https:\\\/\\\/www.entreculturas.org\\\/wp-content\\\/uploads\\\/2025\\\/10\\\/ESP.svg\",\"contentUrl\":\"https:\\\/\\\/www.entreculturas.org\\\/wp-content\\\/uploads\\\/2025\\\/10\\\/ESP.svg\",\"caption\":\"Entreculturas\"},\"image\":{\"@id\":\"https:\\\/\\\/www.entreculturas.org\\\/fr\\\/#\\\/schema\\\/logo\\\/image\\\/\"},\"sameAs\":[\"https:\\\/\\\/www.facebook.com\\\/entreculturas\",\"https:\\\/\\\/x.com\\\/Entreculturas\",\"https:\\\/\\\/www.instagram.com\\\/entreculturas\\\/\",\"https:\\\/\\\/www.youtube.com\\\/user\\\/entreculturasvideo\",\"https:\\\/\\\/www.linkedin.com\\\/company\\\/fundacion-entreculturas-ngdo\\\/\",\"https:\\\/\\\/www.flickr.com\\\/photos\\\/98455522@N04\\\/albums\\\/\"]}]}<\/script>\n<!-- \/ Yoast SEO Premium plugin. -->","yoast_head_json":{"title":"Firma de un convenio marco de colaboraci\u00f3n entre la Universidad Pontificia Comillas y la Fundaci\u00f3n Entreculturas - Entreculturas","description":"La Universidad Pontificia Comillas y la Fundaci\u00f3n Entreculturas han firmado un convenio marco de colaboraci\u00f3n.","robots":{"index":"index","follow":"follow","max-snippet":"max-snippet:-1","max-image-preview":"max-image-preview:large","max-video-preview":"max-video-preview:-1"},"canonical":"https:\/\/www.entreculturas.org\/fr\/noticia\/firma-de-un-convenio-marco-de-colaboracion-entre-la-universidad-pontificia-comillas-y-la-fundacion-entreculturas\/","og_locale":"fr_FR","og_type":"article","og_title":"Firma de un convenio marco de colaboraci\u00f3n entre la Universidad Pontificia Comillas y la Fundaci\u00f3n Entreculturas","og_description":"La Universidad Pontificia Comillas y la Fundaci\u00f3n Entreculturas han firmado un convenio marco de colaboraci\u00f3n.","og_url":"https:\/\/www.entreculturas.org\/fr\/noticia\/firma-de-un-convenio-marco-de-colaboracion-entre-la-universidad-pontificia-comillas-y-la-fundacion-entreculturas\/","og_site_name":"Entreculturas","article_publisher":"https:\/\/www.facebook.com\/entreculturas","article_modified_time":"2024-07-17T07:35:25+00:00","og_image":[{"width":2048,"height":1010,"url":"https:\/\/www.entreculturas.org\/wp-content\/uploads\/2024\/07\/53859322472_b17d05c317_k-e1721123184436.jpg","type":"image\/jpeg"}],"twitter_card":"summary_large_image","twitter_site":"@Entreculturas","schema":{"@context":"https:\/\/schema.org","@graph":[{"@type":"WebPage","@id":"https:\/\/www.entreculturas.org\/fr\/noticia\/firma-de-un-convenio-marco-de-colaboracion-entre-la-universidad-pontificia-comillas-y-la-fundacion-entreculturas\/","url":"https:\/\/www.entreculturas.org\/fr\/noticia\/firma-de-un-convenio-marco-de-colaboracion-entre-la-universidad-pontificia-comillas-y-la-fundacion-entreculturas\/","name":"Firma de un convenio marco de colaboraci\u00f3n entre la Universidad Pontificia Comillas y la Fundaci\u00f3n Entreculturas - Entreculturas","isPartOf":{"@id":"https:\/\/www.entreculturas.org\/fr\/#website"},"primaryImageOfPage":{"@id":"https:\/\/www.entreculturas.org\/fr\/noticia\/firma-de-un-convenio-marco-de-colaboracion-entre-la-universidad-pontificia-comillas-y-la-fundacion-entreculturas\/#primaryimage"},"image":{"@id":"https:\/\/www.entreculturas.org\/fr\/noticia\/firma-de-un-convenio-marco-de-colaboracion-entre-la-universidad-pontificia-comillas-y-la-fundacion-entreculturas\/#primaryimage"},"thumbnailUrl":"https:\/\/www.entreculturas.org\/wp-content\/uploads\/2024\/07\/53859322472_b17d05c317_k-e1721123184436.jpg","datePublished":"2024-07-16T07:58:46+00:00","dateModified":"2024-07-17T07:35:25+00:00","description":"La Universidad Pontificia Comillas y la Fundaci\u00f3n Entreculturas han firmado un convenio marco de colaboraci\u00f3n.","breadcrumb":{"@id":"https:\/\/www.entreculturas.org\/fr\/noticia\/firma-de-un-convenio-marco-de-colaboracion-entre-la-universidad-pontificia-comillas-y-la-fundacion-entreculturas\/#breadcrumb"},"inLanguage":"fr-FR","potentialAction":[{"@type":"ReadAction","target":["https:\/\/www.entreculturas.org\/fr\/noticia\/firma-de-un-convenio-marco-de-colaboracion-entre-la-universidad-pontificia-comillas-y-la-fundacion-entreculturas\/"]}]},{"@type":"ImageObject","inLanguage":"fr-FR","@id":"https:\/\/www.entreculturas.org\/fr\/noticia\/firma-de-un-convenio-marco-de-colaboracion-entre-la-universidad-pontificia-comillas-y-la-fundacion-entreculturas\/#primaryimage","url":"https:\/\/www.entreculturas.org\/wp-content\/uploads\/2024\/07\/53859322472_b17d05c317_k-e1721123184436.jpg","contentUrl":"https:\/\/www.entreculturas.org\/wp-content\/uploads\/2024\/07\/53859322472_b17d05c317_k-e1721123184436.jpg","width":2048,"height":1010,"caption":"firma convenio"},{"@type":"BreadcrumbList","@id":"https:\/\/www.entreculturas.org\/fr\/noticia\/firma-de-un-convenio-marco-de-colaboracion-entre-la-universidad-pontificia-comillas-y-la-fundacion-entreculturas\/#breadcrumb","itemListElement":[{"@type":"ListItem","position":1,"name":"Home","item":"https:\/\/www.entreculturas.org\/fr\/"},{"@type":"ListItem","position":2,"name":"Noticias","item":"https:\/\/www.entreculturas.org\/fr\/noticias\/"},{"@type":"ListItem","position":3,"name":"Firma de un convenio marco de colaboraci\u00f3n entre la Universidad Pontificia Comillas y la Fundaci\u00f3n Entreculturas"}]},{"@type":"WebSite","@id":"https:\/\/www.entreculturas.org\/fr\/#website","url":"https:\/\/www.entreculturas.org\/fr\/","name":"Entreculturas","description":"","publisher":{"@id":"https:\/\/www.entreculturas.org\/fr\/#organization"},"alternateName":"Entreculturas","potentialAction":[{"@type":"SearchAction","target":{"@type":"EntryPoint","urlTemplate":"https:\/\/www.entreculturas.org\/fr\/?s={search_term_string}"},"query-input":{"@type":"PropertyValueSpecification","valueRequired":true,"valueName":"search_term_string"}}],"inLanguage":"fr-FR"},{"@type":"Organization","@id":"https:\/\/www.entreculturas.org\/fr\/#organization","name":"Entreculturas","url":"https:\/\/www.entreculturas.org\/fr\/","logo":{"@type":"ImageObject","inLanguage":"fr-FR","@id":"https:\/\/www.entreculturas.org\/fr\/#\/schema\/logo\/image\/","url":"https:\/\/www.entreculturas.org\/wp-content\/uploads\/2025\/10\/ESP.svg","contentUrl":"https:\/\/www.entreculturas.org\/wp-content\/uploads\/2025\/10\/ESP.svg","caption":"Entreculturas"},"image":{"@id":"https:\/\/www.entreculturas.org\/fr\/#\/schema\/logo\/image\/"},"sameAs":["https:\/\/www.facebook.com\/entreculturas","https:\/\/x.com\/Entreculturas","https:\/\/www.instagram.com\/entreculturas\/","https:\/\/www.youtube.com\/user\/entreculturasvideo","https:\/\/www.linkedin.com\/company\/fundacion-entreculturas-ngdo\/","https:\/\/www.flickr.com\/photos\/98455522@N04\/albums\/"]}]}},"_links":{"self":[{"href":"https:\/\/www.entreculturas.org\/fr\/wp-json\/wp\/v2\/noticia\/27842","targetHints":{"allow":["GET"]}}],"collection":[{"href":"https:\/\/www.entreculturas.org\/fr\/wp-json\/wp\/v2\/noticia"}],"about":[{"href":"https:\/\/www.entreculturas.org\/fr\/wp-json\/wp\/v2\/types\/noticia"}],"wp:featuredmedia":[{"embeddable":true,"href":"https:\/\/www.entreculturas.org\/fr\/wp-json\/wp\/v2\/media\/27852"}],"wp:attachment":[{"href":"https:\/\/www.entreculturas.org\/fr\/wp-json\/wp\/v2\/media?parent=27842"}],"wp:term":[{"taxonomy":"category","embeddable":true,"href":"https:\/\/www.entreculturas.org\/fr\/wp-json\/wp\/v2\/categories?post=27842"},{"taxonomy":"post_tag","embeddable":true,"href":"https:\/\/www.entreculturas.org\/fr\/wp-json\/wp\/v2\/tags?post=27842"},{"taxonomy":"country","embeddable":true,"href":"https:\/\/www.entreculturas.org\/fr\/wp-json\/wp\/v2\/country?post=27842"},{"taxonomy":"cause","embeddable":true,"href":"https:\/\/www.entreculturas.org\/fr\/wp-json\/wp\/v2\/cause?post=27842"}],"curies":[{"name":"wp","href":"https:\/\/api.w.org\/{rel}","templated":true}]}}