{"id":2772,"date":"2019-02-27T08:59:25","date_gmt":"2019-02-27T08:59:25","guid":{"rendered":"https:\/\/entreculturasi.wpenginepowered.com\/?noticias=ii-encuentro-de-buenas-practicas-iniciativas-educativas-y-comunitarias-para-la-ciudadania"},"modified":"2024-02-09T12:46:23","modified_gmt":"2024-02-09T11:46:23","slug":"ii-encuentro-de-buenas-practicas-iniciativas-educativas-y-comunitarias-para-la-ciudadania","status":"publish","type":"noticia","link":"https:\/\/www.entreculturas.org\/fr\/noticia\/ii-encuentro-de-buenas-practicas-iniciativas-educativas-y-comunitarias-para-la-ciudadania\/","title":{"rendered":"II Encuentro de Buenas Pr\u00e1cticas: Iniciativas educativas y comunitarias para la ciudadan\u00eda global"},"content":{"rendered":"<p>El pr\u00f3ximo mi\u00e9rcoles 20 de marzo celebramos en la Casa San Ignacio el <strong>Segundo Encuentro de Buenas Pr\u00e1cticas: Iniciativas educativas y comunitarias para la ciudadan\u00eda global,<\/strong> como parte del proyecto del Ayuntamiento de Madrid \u201cDecide-Convive: J\u00f3venes y centros haciendo realidad la Agenda 2030 en Madrid\u201d.&nbsp;<\/p>\n<p>Desde Entreculturas, creemos en el valor de las metodolog\u00edas educativas y proyectos de participaci\u00f3n del alumnado, el profesorado y la ciudadan\u00eda como agentes de transformaci\u00f3n social hacia una Ciudadan\u00eda Global. Una ciudadan\u00eda que a trav\u00e9s de espacios de aprendizaje y participaci\u00f3n social y comunitaria desarrolle iniciativas de cambio ante los desaf\u00edos locales y globales que vivimos.<\/p>\n<p>&nbsp;<\/p>\n<p>Con la realizaci\u00f3n de este Encuentro buscamos crear un <strong>espacio de reflexi\u00f3n e intercambio<\/strong> donde podamos tender puentes entre buenas pr\u00e1cticas educativas y comunitarias que est\u00e1n transformando sus entornos locales y globales, en el que tendremos la oportunidad de compartir y conocer iniciativas de educaci\u00f3n formal, no formal y acci\u00f3n comunitaria, entre otras, que ya se est\u00e1n desarrollando en diversos contextos locales, nacionales e internacionales.<\/p>\n<p>Se tratar\u00e1 de un <strong>espacio participativo y colaborativo<\/strong>, en un formato de mesas compartidas y \u00ab\u00a0Feria de Iniciativas\u00a0\u00bb, dirigido en especial a profesionales y personas interesadas en el \u00e1mbito de la educaci\u00f3n, y en la intervenci\u00f3n socioeducativa y comunitaria. Puedes encontrar la agenda completa m\u00e1s abajo. <span style=\"color:#ff0101\">El Encuentro tendr\u00e1 lugar el mi\u00e9rcoles 20 de marzo en la Casa San Ignacio, de 16:00 a 20:00<\/span>, en la Delegaci\u00f3n de Entreculturas en Madrid, situada en el barrio madrile\u00f1o de Ventilla: C\/Geranios n\u00ba30.&nbsp;&nbsp;<\/p>\n<p>Adjuntamos<a href=\"https:\/\/redec.us18.list-manage.com\/track\/click?u=8b00dc037a9726b02a8097806&amp;id=79b5436344&amp;e=ba84ee1c20\" target=\"_blank\" rel=\"noopener\"> aqu\u00ed el link de inscripci\u00f3n al Encuentro <\/a>para que pod\u00e1is informarnos de vuestra asistencia en el caso de que quer\u00e1is asistir, considerando que contamos con aforo limitado. Para cualquier consulta no dud\u00e9is en poneros en contacto con el equipo educativo escribiendo a <a href=\"mailto:educacion@entreculturas.org\">educacion@entreculturas.org<\/a>.<\/p>\n<p>Para m\u00e1s informaci\u00f3n, puedes ver c\u00f3mo fue el Primer Encuentro de Buenas Pr\u00e1cticas <a href=\"https:\/\/redec.us18.list-manage.com\/track\/click?u=8b00dc037a9726b02a8097806&amp;id=79b5436344&amp;e=ba84ee1c20\" target=\"_blank\" rel=\"noopener\">aqu\u00ed.<\/a><\/p>\n<p>\u00a1Esperamos encontrarnos pronto!<\/p>\n<p>&nbsp;<\/p>\n","protected":false},"excerpt":{"rendered":"<p>El pr\u00f3ximo mi\u00e9rcoles 20 de marzo celebramos en la Casa San Ignacio el Segundo Encuentro de Buenas Pr\u00e1cticas: Iniciativas educativas y comunitarias para la ciudadan\u00eda global, como parte del proyecto del Ayuntamiento de Madrid \u201cDecide-Convive: J\u00f3venes y centros haciendo realidad la Agenda 2030 en Madrid\u201d.&nbsp; Desde Entreculturas, creemos en el valor de las metodolog\u00edas educativas y proyectos de participaci\u00f3n del alumnado, el profesorado y la ciudadan\u00eda como agentes de transformaci\u00f3n social hacia una Ciudadan\u00eda Global. Una ciudadan\u00eda que a trav\u00e9s de espacios de aprendizaje y participaci\u00f3n social y comunitaria desarrolle iniciativas de cambio ante los desaf\u00edos locales y globales que vivimos. &nbsp; Con la realizaci\u00f3n de este Encuentro buscamos crear un espacio de reflexi\u00f3n e intercambio donde podamos tender puentes entre buenas pr\u00e1cticas educativas y comunitarias que est\u00e1n transformando sus entornos locales y globales, en el que tendremos la oportunidad de compartir y conocer iniciativas de educaci\u00f3n formal, no formal [&hellip;]<\/p>\n","protected":false},"featured_media":2771,"template":"single-noticia","meta":{"_acf_changed":false},"categories":[7],"tags":[8],"country":[],"cause":[132],"class_list":["post-2772","noticia","type-noticia","status-publish","has-post-thumbnail","hentry","category-noticia","tag-participacion-y-ciudadania-global","cause-participacion-y-ciudadania-global"],"acf":[],"yoast_head":"<!-- This site is optimized with the Yoast SEO Premium plugin v21.6 (Yoast SEO v27.5) - https:\/\/yoast.com\/product\/yoast-seo-premium-wordpress\/ -->\n<title>II Encuentro de Buenas Pr\u00e1cticas: Iniciativas educativas y comunitarias para la ciudadan\u00eda global - Entreculturas<\/title>\n<meta name=\"robots\" content=\"index, follow, max-snippet:-1, max-image-preview:large, max-video-preview:-1\" \/>\n<link rel=\"canonical\" href=\"https:\/\/www.entreculturas.org\/fr\/noticia\/ii-encuentro-de-buenas-practicas-iniciativas-educativas-y-comunitarias-para-la-ciudadania\/\" \/>\n<meta property=\"og:locale\" content=\"fr_FR\" \/>\n<meta property=\"og:type\" content=\"article\" \/>\n<meta property=\"og:title\" content=\"II Encuentro de Buenas Pr\u00e1cticas: Iniciativas educativas y comunitarias para la ciudadan\u00eda global\" \/>\n<meta property=\"og:description\" content=\"El pr\u00f3ximo mi\u00e9rcoles 20 de marzo celebramos en la Casa San Ignacio el Segundo Encuentro de Buenas Pr\u00e1cticas: Iniciativas educativas y comunitarias para la ciudadan\u00eda global, como parte del proyecto del Ayuntamiento de Madrid \u201cDecide-Convive: J\u00f3venes y centros haciendo realidad la Agenda 2030 en Madrid\u201d.&nbsp; Desde Entreculturas, creemos en el valor de las metodolog\u00edas educativas y proyectos de participaci\u00f3n del alumnado, el profesorado y la ciudadan\u00eda como agentes de transformaci\u00f3n social hacia una Ciudadan\u00eda Global. Una ciudadan\u00eda que a trav\u00e9s de espacios de aprendizaje y participaci\u00f3n social y comunitaria desarrolle iniciativas de cambio ante los desaf\u00edos locales y globales que vivimos. &nbsp; Con la realizaci\u00f3n de este Encuentro buscamos crear un espacio de reflexi\u00f3n e intercambio donde podamos tender puentes entre buenas pr\u00e1cticas educativas y comunitarias que est\u00e1n transformando sus entornos locales y globales, en el que tendremos la oportunidad de compartir y conocer iniciativas de educaci\u00f3n formal, no formal [&hellip;]\" \/>\n<meta property=\"og:url\" content=\"https:\/\/www.entreculturas.org\/fr\/noticia\/ii-encuentro-de-buenas-practicas-iniciativas-educativas-y-comunitarias-para-la-ciudadania\/\" \/>\n<meta property=\"og:site_name\" content=\"Entreculturas\" \/>\n<meta property=\"article:publisher\" content=\"https:\/\/www.facebook.com\/entreculturas\" \/>\n<meta property=\"article:modified_time\" content=\"2024-02-09T11:46:23+00:00\" \/>\n<meta property=\"og:image\" content=\"https:\/\/www.entreculturas.org\/wp-content\/uploads\/2019\/02\/encuentro-buenas-practicas.jpg\" \/>\n\t<meta property=\"og:image:width\" content=\"800\" \/>\n\t<meta property=\"og:image:height\" content=\"566\" \/>\n\t<meta property=\"og:image:type\" content=\"image\/jpeg\" \/>\n<meta name=\"twitter:card\" content=\"summary_large_image\" \/>\n<meta name=\"twitter:site\" content=\"@Entreculturas\" \/>\n<script type=\"application\/ld+json\" class=\"yoast-schema-graph\">{\"@context\":\"https:\\\/\\\/schema.org\",\"@graph\":[{\"@type\":\"WebPage\",\"@id\":\"https:\\\/\\\/www.entreculturas.org\\\/fr\\\/noticia\\\/ii-encuentro-de-buenas-practicas-iniciativas-educativas-y-comunitarias-para-la-ciudadania\\\/\",\"url\":\"https:\\\/\\\/www.entreculturas.org\\\/fr\\\/noticia\\\/ii-encuentro-de-buenas-practicas-iniciativas-educativas-y-comunitarias-para-la-ciudadania\\\/\",\"name\":\"II Encuentro de Buenas Pr\u00e1cticas: Iniciativas educativas y comunitarias para la ciudadan\u00eda global - Entreculturas\",\"isPartOf\":{\"@id\":\"https:\\\/\\\/www.entreculturas.org\\\/fr\\\/#website\"},\"primaryImageOfPage\":{\"@id\":\"https:\\\/\\\/www.entreculturas.org\\\/fr\\\/noticia\\\/ii-encuentro-de-buenas-practicas-iniciativas-educativas-y-comunitarias-para-la-ciudadania\\\/#primaryimage\"},\"image\":{\"@id\":\"https:\\\/\\\/www.entreculturas.org\\\/fr\\\/noticia\\\/ii-encuentro-de-buenas-practicas-iniciativas-educativas-y-comunitarias-para-la-ciudadania\\\/#primaryimage\"},\"thumbnailUrl\":\"https:\\\/\\\/www.entreculturas.org\\\/wp-content\\\/uploads\\\/2019\\\/02\\\/encuentro-buenas-practicas.jpg\",\"datePublished\":\"2019-02-27T08:59:25+00:00\",\"dateModified\":\"2024-02-09T11:46:23+00:00\",\"breadcrumb\":{\"@id\":\"https:\\\/\\\/www.entreculturas.org\\\/fr\\\/noticia\\\/ii-encuentro-de-buenas-practicas-iniciativas-educativas-y-comunitarias-para-la-ciudadania\\\/#breadcrumb\"},\"inLanguage\":\"fr-FR\",\"potentialAction\":[{\"@type\":\"ReadAction\",\"target\":[\"https:\\\/\\\/www.entreculturas.org\\\/fr\\\/noticia\\\/ii-encuentro-de-buenas-practicas-iniciativas-educativas-y-comunitarias-para-la-ciudadania\\\/\"]}]},{\"@type\":\"ImageObject\",\"inLanguage\":\"fr-FR\",\"@id\":\"https:\\\/\\\/www.entreculturas.org\\\/fr\\\/noticia\\\/ii-encuentro-de-buenas-practicas-iniciativas-educativas-y-comunitarias-para-la-ciudadania\\\/#primaryimage\",\"url\":\"https:\\\/\\\/www.entreculturas.org\\\/wp-content\\\/uploads\\\/2019\\\/02\\\/encuentro-buenas-practicas.jpg\",\"contentUrl\":\"https:\\\/\\\/www.entreculturas.org\\\/wp-content\\\/uploads\\\/2019\\\/02\\\/encuentro-buenas-practicas.jpg\",\"width\":800,\"height\":566},{\"@type\":\"BreadcrumbList\",\"@id\":\"https:\\\/\\\/www.entreculturas.org\\\/fr\\\/noticia\\\/ii-encuentro-de-buenas-practicas-iniciativas-educativas-y-comunitarias-para-la-ciudadania\\\/#breadcrumb\",\"itemListElement\":[{\"@type\":\"ListItem\",\"position\":1,\"name\":\"Home\",\"item\":\"https:\\\/\\\/www.entreculturas.org\\\/fr\\\/\"},{\"@type\":\"ListItem\",\"position\":2,\"name\":\"Noticias\",\"item\":\"https:\\\/\\\/www.entreculturas.org\\\/fr\\\/noticias\\\/\"},{\"@type\":\"ListItem\",\"position\":3,\"name\":\"II Encuentro de Buenas Pr\u00e1cticas: Iniciativas educativas y comunitarias para la ciudadan\u00eda global\"}]},{\"@type\":\"WebSite\",\"@id\":\"https:\\\/\\\/www.entreculturas.org\\\/fr\\\/#website\",\"url\":\"https:\\\/\\\/www.entreculturas.org\\\/fr\\\/\",\"name\":\"Entreculturas\",\"description\":\"\",\"publisher\":{\"@id\":\"https:\\\/\\\/www.entreculturas.org\\\/fr\\\/#organization\"},\"alternateName\":\"Entreculturas\",\"potentialAction\":[{\"@type\":\"SearchAction\",\"target\":{\"@type\":\"EntryPoint\",\"urlTemplate\":\"https:\\\/\\\/www.entreculturas.org\\\/fr\\\/?s={search_term_string}\"},\"query-input\":{\"@type\":\"PropertyValueSpecification\",\"valueRequired\":true,\"valueName\":\"search_term_string\"}}],\"inLanguage\":\"fr-FR\"},{\"@type\":\"Organization\",\"@id\":\"https:\\\/\\\/www.entreculturas.org\\\/fr\\\/#organization\",\"name\":\"Entreculturas\",\"url\":\"https:\\\/\\\/www.entreculturas.org\\\/fr\\\/\",\"logo\":{\"@type\":\"ImageObject\",\"inLanguage\":\"fr-FR\",\"@id\":\"https:\\\/\\\/www.entreculturas.org\\\/fr\\\/#\\\/schema\\\/logo\\\/image\\\/\",\"url\":\"https:\\\/\\\/www.entreculturas.org\\\/wp-content\\\/uploads\\\/2025\\\/10\\\/ESP.svg\",\"contentUrl\":\"https:\\\/\\\/www.entreculturas.org\\\/wp-content\\\/uploads\\\/2025\\\/10\\\/ESP.svg\",\"caption\":\"Entreculturas\"},\"image\":{\"@id\":\"https:\\\/\\\/www.entreculturas.org\\\/fr\\\/#\\\/schema\\\/logo\\\/image\\\/\"},\"sameAs\":[\"https:\\\/\\\/www.facebook.com\\\/entreculturas\",\"https:\\\/\\\/x.com\\\/Entreculturas\",\"https:\\\/\\\/www.instagram.com\\\/entreculturas\\\/\",\"https:\\\/\\\/www.youtube.com\\\/user\\\/entreculturasvideo\",\"https:\\\/\\\/www.linkedin.com\\\/company\\\/fundacion-entreculturas-ngdo\\\/\",\"https:\\\/\\\/www.flickr.com\\\/photos\\\/98455522@N04\\\/albums\\\/\"]}]}<\/script>\n<!-- \/ Yoast SEO Premium plugin. -->","yoast_head_json":{"title":"II Encuentro de Buenas Pr\u00e1cticas: Iniciativas educativas y comunitarias para la ciudadan\u00eda global - Entreculturas","robots":{"index":"index","follow":"follow","max-snippet":"max-snippet:-1","max-image-preview":"max-image-preview:large","max-video-preview":"max-video-preview:-1"},"canonical":"https:\/\/www.entreculturas.org\/fr\/noticia\/ii-encuentro-de-buenas-practicas-iniciativas-educativas-y-comunitarias-para-la-ciudadania\/","og_locale":"fr_FR","og_type":"article","og_title":"II Encuentro de Buenas Pr\u00e1cticas: Iniciativas educativas y comunitarias para la ciudadan\u00eda global","og_description":"El pr\u00f3ximo mi\u00e9rcoles 20 de marzo celebramos en la Casa San Ignacio el Segundo Encuentro de Buenas Pr\u00e1cticas: Iniciativas educativas y comunitarias para la ciudadan\u00eda global, como parte del proyecto del Ayuntamiento de Madrid \u201cDecide-Convive: J\u00f3venes y centros haciendo realidad la Agenda 2030 en Madrid\u201d.&nbsp; Desde Entreculturas, creemos en el valor de las metodolog\u00edas educativas y proyectos de participaci\u00f3n del alumnado, el profesorado y la ciudadan\u00eda como agentes de transformaci\u00f3n social hacia una Ciudadan\u00eda Global. Una ciudadan\u00eda que a trav\u00e9s de espacios de aprendizaje y participaci\u00f3n social y comunitaria desarrolle iniciativas de cambio ante los desaf\u00edos locales y globales que vivimos. &nbsp; Con la realizaci\u00f3n de este Encuentro buscamos crear un espacio de reflexi\u00f3n e intercambio donde podamos tender puentes entre buenas pr\u00e1cticas educativas y comunitarias que est\u00e1n transformando sus entornos locales y globales, en el que tendremos la oportunidad de compartir y conocer iniciativas de educaci\u00f3n formal, no formal [&hellip;]","og_url":"https:\/\/www.entreculturas.org\/fr\/noticia\/ii-encuentro-de-buenas-practicas-iniciativas-educativas-y-comunitarias-para-la-ciudadania\/","og_site_name":"Entreculturas","article_publisher":"https:\/\/www.facebook.com\/entreculturas","article_modified_time":"2024-02-09T11:46:23+00:00","og_image":[{"width":800,"height":566,"url":"https:\/\/www.entreculturas.org\/wp-content\/uploads\/2019\/02\/encuentro-buenas-practicas.jpg","type":"image\/jpeg"}],"twitter_card":"summary_large_image","twitter_site":"@Entreculturas","schema":{"@context":"https:\/\/schema.org","@graph":[{"@type":"WebPage","@id":"https:\/\/www.entreculturas.org\/fr\/noticia\/ii-encuentro-de-buenas-practicas-iniciativas-educativas-y-comunitarias-para-la-ciudadania\/","url":"https:\/\/www.entreculturas.org\/fr\/noticia\/ii-encuentro-de-buenas-practicas-iniciativas-educativas-y-comunitarias-para-la-ciudadania\/","name":"II Encuentro de Buenas Pr\u00e1cticas: Iniciativas educativas y comunitarias para la ciudadan\u00eda global - Entreculturas","isPartOf":{"@id":"https:\/\/www.entreculturas.org\/fr\/#website"},"primaryImageOfPage":{"@id":"https:\/\/www.entreculturas.org\/fr\/noticia\/ii-encuentro-de-buenas-practicas-iniciativas-educativas-y-comunitarias-para-la-ciudadania\/#primaryimage"},"image":{"@id":"https:\/\/www.entreculturas.org\/fr\/noticia\/ii-encuentro-de-buenas-practicas-iniciativas-educativas-y-comunitarias-para-la-ciudadania\/#primaryimage"},"thumbnailUrl":"https:\/\/www.entreculturas.org\/wp-content\/uploads\/2019\/02\/encuentro-buenas-practicas.jpg","datePublished":"2019-02-27T08:59:25+00:00","dateModified":"2024-02-09T11:46:23+00:00","breadcrumb":{"@id":"https:\/\/www.entreculturas.org\/fr\/noticia\/ii-encuentro-de-buenas-practicas-iniciativas-educativas-y-comunitarias-para-la-ciudadania\/#breadcrumb"},"inLanguage":"fr-FR","potentialAction":[{"@type":"ReadAction","target":["https:\/\/www.entreculturas.org\/fr\/noticia\/ii-encuentro-de-buenas-practicas-iniciativas-educativas-y-comunitarias-para-la-ciudadania\/"]}]},{"@type":"ImageObject","inLanguage":"fr-FR","@id":"https:\/\/www.entreculturas.org\/fr\/noticia\/ii-encuentro-de-buenas-practicas-iniciativas-educativas-y-comunitarias-para-la-ciudadania\/#primaryimage","url":"https:\/\/www.entreculturas.org\/wp-content\/uploads\/2019\/02\/encuentro-buenas-practicas.jpg","contentUrl":"https:\/\/www.entreculturas.org\/wp-content\/uploads\/2019\/02\/encuentro-buenas-practicas.jpg","width":800,"height":566},{"@type":"BreadcrumbList","@id":"https:\/\/www.entreculturas.org\/fr\/noticia\/ii-encuentro-de-buenas-practicas-iniciativas-educativas-y-comunitarias-para-la-ciudadania\/#breadcrumb","itemListElement":[{"@type":"ListItem","position":1,"name":"Home","item":"https:\/\/www.entreculturas.org\/fr\/"},{"@type":"ListItem","position":2,"name":"Noticias","item":"https:\/\/www.entreculturas.org\/fr\/noticias\/"},{"@type":"ListItem","position":3,"name":"II Encuentro de Buenas Pr\u00e1cticas: Iniciativas educativas y comunitarias para la ciudadan\u00eda global"}]},{"@type":"WebSite","@id":"https:\/\/www.entreculturas.org\/fr\/#website","url":"https:\/\/www.entreculturas.org\/fr\/","name":"Entreculturas","description":"","publisher":{"@id":"https:\/\/www.entreculturas.org\/fr\/#organization"},"alternateName":"Entreculturas","potentialAction":[{"@type":"SearchAction","target":{"@type":"EntryPoint","urlTemplate":"https:\/\/www.entreculturas.org\/fr\/?s={search_term_string}"},"query-input":{"@type":"PropertyValueSpecification","valueRequired":true,"valueName":"search_term_string"}}],"inLanguage":"fr-FR"},{"@type":"Organization","@id":"https:\/\/www.entreculturas.org\/fr\/#organization","name":"Entreculturas","url":"https:\/\/www.entreculturas.org\/fr\/","logo":{"@type":"ImageObject","inLanguage":"fr-FR","@id":"https:\/\/www.entreculturas.org\/fr\/#\/schema\/logo\/image\/","url":"https:\/\/www.entreculturas.org\/wp-content\/uploads\/2025\/10\/ESP.svg","contentUrl":"https:\/\/www.entreculturas.org\/wp-content\/uploads\/2025\/10\/ESP.svg","caption":"Entreculturas"},"image":{"@id":"https:\/\/www.entreculturas.org\/fr\/#\/schema\/logo\/image\/"},"sameAs":["https:\/\/www.facebook.com\/entreculturas","https:\/\/x.com\/Entreculturas","https:\/\/www.instagram.com\/entreculturas\/","https:\/\/www.youtube.com\/user\/entreculturasvideo","https:\/\/www.linkedin.com\/company\/fundacion-entreculturas-ngdo\/","https:\/\/www.flickr.com\/photos\/98455522@N04\/albums\/"]}]}},"_links":{"self":[{"href":"https:\/\/www.entreculturas.org\/fr\/wp-json\/wp\/v2\/noticia\/2772","targetHints":{"allow":["GET"]}}],"collection":[{"href":"https:\/\/www.entreculturas.org\/fr\/wp-json\/wp\/v2\/noticia"}],"about":[{"href":"https:\/\/www.entreculturas.org\/fr\/wp-json\/wp\/v2\/types\/noticia"}],"wp:featuredmedia":[{"embeddable":true,"href":"https:\/\/www.entreculturas.org\/fr\/wp-json\/wp\/v2\/media\/2771"}],"wp:attachment":[{"href":"https:\/\/www.entreculturas.org\/fr\/wp-json\/wp\/v2\/media?parent=2772"}],"wp:term":[{"taxonomy":"category","embeddable":true,"href":"https:\/\/www.entreculturas.org\/fr\/wp-json\/wp\/v2\/categories?post=2772"},{"taxonomy":"post_tag","embeddable":true,"href":"https:\/\/www.entreculturas.org\/fr\/wp-json\/wp\/v2\/tags?post=2772"},{"taxonomy":"country","embeddable":true,"href":"https:\/\/www.entreculturas.org\/fr\/wp-json\/wp\/v2\/country?post=2772"},{"taxonomy":"cause","embeddable":true,"href":"https:\/\/www.entreculturas.org\/fr\/wp-json\/wp\/v2\/cause?post=2772"}],"curies":[{"name":"wp","href":"https:\/\/api.w.org\/{rel}","templated":true}]}}