{"id":2692,"date":"2019-01-31T16:18:29","date_gmt":"2019-01-31T16:18:29","guid":{"rendered":"https:\/\/entreculturasi.wpenginepowered.com\/?noticias=felix-tshisekedi-quinto-presidente-de-la-republica-democratica-del-congo"},"modified":"2024-02-06T09:28:09","modified_gmt":"2024-02-06T08:28:09","slug":"felix-tshisekedi-quinto-presidente-de-la-republica-democratica-del-congo","status":"publish","type":"noticia","link":"https:\/\/www.entreculturas.org\/fr\/noticia\/felix-tshisekedi-quinto-presidente-de-la-republica-democratica-del-congo\/","title":{"rendered":"F\u00e9lix Tshisekedi, quinto presidente de la Rep\u00fablica Democr\u00e1tica del Congo"},"content":{"rendered":"<p>El pasado 24 de enero&nbsp;F\u00e9lix Tshisekedi, el l\u00edder de la Uni\u00f3n para la Democracia y el Progreso Social, se convert\u00eda oficialmente en el quinto presidente de la Rep\u00fablica Democr\u00e1tica del Congo. El nuevo presidente tomaba posesi\u00f3n del cargo cinco d\u00edas despu\u00e9s de que el Tribunal Constitucional avalase los controvertidos resultados de las elecciones del pasado 30 de diciembre, que le daban la victoria con el 38,57% de los votos, por delante del 34,86% de su principal opositor Martin Fayulu.&nbsp;<\/p>\n<p>Se trata del primer traspaso pac\u00edfico y democr\u00e1tico de poderes en la historia del pa\u00eds desde 1960, tras el logro de su independencia. A pesar del \u00e9xito pol\u00edtico que representan las elecciones presidenciales, <strong>el proceso poselectoral no ha estado exento de violencia<\/strong>, dejando m\u00e1s de 30 muertos, cerca de 60 heridos y m\u00e1s de 240 detenciones que siguen poniendo de manifiesto la conflictividad que experimenta uno de los pa\u00edses m\u00e1s convulsos del mundo.&nbsp;<\/p>\n<p>En este contexto se enmarcan las promesas de cambio que anunciaba el nuevo presidente en su discurso de toma de posesi\u00f3n, cuyo sentido se centraba en <strong>mantener la independencia e integridad del pa\u00eds y preservar la unidad nacional<\/strong>. Tshisekedi aprovechaba para declarar su predisposici\u00f3n a liderar el pa\u00eds movido por \u201cel bien com\u00fan y la paz\u201d. Durante su discurso, el nuevo mandatario prometi\u00f3 liberar a todos los presos pol\u00edticos, mostr\u00f3 su preocupaci\u00f3n por la urgencia de atender la problem\u00e1tica medioambiental y reconoci\u00f3 la labor de su predecesor en su \u201ccompromiso con el pa\u00eds en una transici\u00f3n que ha resultado en la reunificaci\u00f3n del territorio nacional entonces dividido\u201d.&nbsp;<\/p>\n<p>Por su parte el expresidente <strong>Joseph Kabila<\/strong>, cuyo gobierno se hab\u00eda prolongado desde 2001, ha mostrado p\u00fablicamente su apoyo al nuevo dirigente; durante su \u00faltimo discurso como presidente, Kabila mostraba su predisposici\u00f3n a formar una coalici\u00f3n con el nuevo gobierno para defender la cohesi\u00f3n nacional y trabajar por construir juntos un futuro pr\u00f3spero para la Rep\u00fablica.&nbsp;<\/p>\n<p>F\u00e9lix Tshisekedi representa as\u00ed la apertura de una nueva etapa pol\u00edtica que pretende habilitar un cambio en la direcci\u00f3n de la RDC. Para ello <strong>el presidente ha manifestado la necesidad de hacer frente a lo que considera la gran causa nacional: la lucha contra la pobreza.<\/strong> En este sentido Tshisekedi ha se\u00f1alado como su objetivo principal el aumento del ingreso promedio por persona a 11,75 d\u00f3lares por d\u00eda, en comparaci\u00f3n con los 1,25 d\u00f3lares que dispone la poblaci\u00f3n en la actualidad. Este prop\u00f3sito responde a la petici\u00f3n generalizada que los miles de seguidores de la UPDS (Uni\u00f3n para la Democracia y el Progreso Social)&nbsp; han hecho llegar al presidente tras su toma de poder: \u201cno te olvides de lo que tu padre dec\u00eda: poner al pueblo delante\u201d.&nbsp;<\/p>\n<p><span style=\"color:#FF0000\"><span style=\"font-size:16px\"><strong>Unas elecciones empa\u00f1adas por la violencia y la incertidumbre<\/strong><\/span><\/span><\/p>\n<p>Los comicios, celebrados el pasado 30 de diciembre de 2018&nbsp;con dos a\u00f1os y medio de retraso,&nbsp;<strong>llamaron a las urnas a cerca de 40 millones de electores para elegir nuevo presidente<\/strong>.&nbsp;Joseph Kabila, a la cabeza del pa\u00eds desde hace diecisiete a\u00f1os, tom\u00f3 el poder en 2001 tras el asesinato de su padre, Laurent Desir\u00e9 Kabila, anterior presidente de la RDC. Tras un periodo denominado de transici\u00f3n,&nbsp;<strong>unas controvertidas elecciones se celebraron en 2006, siendo los primeros comicios libres que el pa\u00eds conoc\u00eda desde su independencia de B\u00e9lgica en 1960<\/strong>.&nbsp;Al t\u00e9rmino de su primer mandato (de cinco a\u00f1os), marcado por la intensificaci\u00f3n de la violencia, especialmente en el este del pa\u00eds, en noviembre de 2011 Kabila es proclamado de nuevo vencedor de las elecciones democr\u00e1ticas, pese a que el candidato opositor rechaza los resultados.<\/p>\n<p>A lo largo de este segundo mandato, caracterizado por el recrudecimiento de la violencia en todo el pa\u00eds, varios movimientos de la sociedad civil se han movilizado en contra de un intento del presidente de&nbsp;<strong>modificar la Constituci\u00f3n con la finalidad de acceder a un tercer mandato<\/strong>. Diferentes protestas y manifestaciones han recorrido la RDC en 2015, siendo cruentamente refrenadas por las fuerzas de seguridad del estado, causando decenas de muertes. Sin convocatoria de elecciones anunciada ni estimada, el 20 de diciembre de 2016, fecha de fin del mandato de Joseph Kabila, la ciudadan\u00eda de las principales ciudades del pa\u00eds se moviliz\u00f3 y sali\u00f3&nbsp;a la calle, siendo de nuevo brutalmente reprimida por la polic\u00eda y el ej\u00e9rcito. Hasta que, el 31 de diciembre, presidencia y oposici\u00f3n redactaron un acuerdo con la mediaci\u00f3n de la Iglesia Cat\u00f3lica&nbsp;en el que se permiti\u00f3 al presidente Kabila mantenerse en funciones en el poder hasta finales de 2017, con la condici\u00f3n del nombramiento de un Primer Ministro de la oposici\u00f3n.<\/p>\n<p>Tras un a\u00f1o de acentuaci\u00f3n de la violencia en las regiones de Kasai y los Kivus Norte y Sur, la Comisi\u00f3n Electoral fij\u00f3 por fin una fecha de celebraci\u00f3n de elecciones presidenciales: el 23 de diciembre de 2018.<\/p>\n<p><strong>El 2018 fue igualmente un a\u00f1o duro para la RDC, que sufri\u00f3 un nuevo brote de \u00e9bola<\/strong>&nbsp;en las zonas del Ecuador y el Kivu Norte, as\u00ed como la continuidad de los enfrentamientos que han provocado hasta&nbsp;<strong>4 millones de desplazamientos internos<\/strong>&nbsp;en todo el pa\u00eds. En este contexto de caos y violencia generalizada, el clima electoral se tens\u00f3 igualmente.<\/p>\n<p>En noviembre de 2018, los siete principales l\u00edderes de la oposici\u00f3n presentaron una candidatura \u00fanica con el candidato Martin Fayulu a la cabeza. Sin embargo, al d\u00eda siguiente, dos de los firmantes, F\u00e9lix Tshisekedi entre ellos, se retiraron del acuerdo.<\/p>\n<p>Paralelamente, la tensi\u00f3n entre la sociedad civil se acentuaba ante el miedo a la no celebraci\u00f3n de las elecciones, pospuestas a \u00faltima hora al 30 de diciembre, a consecuencia de un incendio en el almac\u00e9n del material electoral en la capital, Kinshasa. Al mismo tiempo, la Comisi\u00f3n Nacional Electoral (CENI) anunci\u00f3 la exclusi\u00f3n de las ciudades de Beni, Butembo y Yumbi (Kivu Norte) de los comicios.<strong>&nbsp;Alegando razones de seguridad, m\u00e1s de un mill\u00f3n de votantes quedaron privados de participar en las elecciones<\/strong>, siendo pospuesta su votaci\u00f3n al mes de marzo de 2019.<\/p>\n<p>En la misma l\u00ednea, tratando de evitar posibles manifestaciones multitudinarias y la distribuci\u00f3n masiva de mensajes, el mismo 30 de diciembre el Gobierno en funciones establec\u00eda un&nbsp;<strong>corte en las comunicaciones<\/strong>, bloqueando el acceso en todo el pa\u00eds a internet y la mensajer\u00eda instant\u00e1nea. En un territorio basto y de p\u00e9simas infraestructuras comunicativas como es la RDC,&nbsp;<strong>este bloqueo supone el aislamiento de zonas enteras como Masisi y Mweso, donde Entreculturas apoya desde hace a\u00f1os el trabajo educativo y de protecci\u00f3n del Servicio Jesuita a Refugiados (SJR)<\/strong>&nbsp;para la poblaci\u00f3n refugiada y desplazada interna m\u00e1s vulnerable.<\/p>\n<p><img decoding=\"async\" alt=\"\" src=\"https:\/\/www.entreculturas.org\/wp-content\/uploads\/2019\/01\/congo-campo-refugiados.jpg\" style=\"width: 800px;height: 534px\"><\/p>\n<p>Por otro lado, este corte no solamente conllev\u00f3 la p\u00e9rdida del \u00fanico medio de comunicaci\u00f3n de las poblaciones remotas, sino que&nbsp;<strong>pr\u00e1cticamente imposibilit\u00f3&nbsp;la labor humanitaria<\/strong>. En el caso de nuestro trabajo con el JRS,&nbsp;el corte impidi\u00f3&nbsp;la comunicaci\u00f3n del personal de terreno con las escuelas m\u00e1s distantes, limitando los desplazamientos y visitas de apoyo psicosocial a las familias&nbsp;por no poder verificar la situaci\u00f3n de seguridad en los trayectos ni la coordinaci\u00f3n entre organizaciones.<\/p>\n<p>Tras las pol\u00e9micas votaciones, la publicaci\u00f3n de los resultados oficiales estaba prevista para el 6 de enero de 2019. Sin embargo, tres d\u00edas antes, la Comisi\u00f3n Episcopal daba como vencedor al candidato Martin Fayulu, seg\u00fan los m\u00e1s de 40.000 observadores distribuidos por todo el pa\u00eds. Asimismo, exhortaba a la CENI&nbsp;a publicar los resultados de acuerdo a \u201cla verdad y la justicia\u201d, al igual que el movimiento ciudadano Filimbi anunciaba \u201cuna diferencia demasiado grande\u201d entre los votos del candidato ganador y el delf\u00edn presidencial como para un fraude electoral. Finalmente, en la madrugada del 10 de enero,&nbsp;<strong>los resultados oficiales dieron&nbsp;como ganador a Felix Tshisekedi<\/strong>, con contestaciones contrarias no solamente desde la di\u00e1spora y estados como Francia, sino tambi\u00e9n desde la oposici\u00f3n y a nivel popular, con manifestaciones y reacciones violentas en numerosas zonas.<\/p>\n","protected":false},"excerpt":{"rendered":"<p>El pasado 24 de enero&nbsp;F\u00e9lix Tshisekedi, el l\u00edder de la Uni\u00f3n para la Democracia y el Progreso Social, se convert\u00eda oficialmente en el quinto presidente de la Rep\u00fablica Democr\u00e1tica del Congo. El nuevo presidente tomaba posesi\u00f3n del cargo cinco d\u00edas despu\u00e9s de que el Tribunal Constitucional avalase los controvertidos resultados de las elecciones del pasado 30 de diciembre, que le daban la victoria con el 38,57% de los votos, por delante del 34,86% de su principal opositor Martin Fayulu.&nbsp; Se trata del primer traspaso pac\u00edfico y democr\u00e1tico de poderes en la historia del pa\u00eds desde 1960, tras el logro de su independencia. A pesar del \u00e9xito pol\u00edtico que representan las elecciones presidenciales, el proceso poselectoral no ha estado exento de violencia, dejando m\u00e1s de 30 muertos, cerca de 60 heridos y m\u00e1s de 240 detenciones que siguen poniendo de manifiesto la conflictividad que experimenta uno de los pa\u00edses m\u00e1s convulsos [&hellip;]<\/p>\n","protected":false},"featured_media":2693,"template":"single-noticia","meta":{"_acf_changed":false},"categories":[7],"tags":[8],"country":[318],"cause":[132],"class_list":["post-2692","noticia","type-noticia","status-publish","has-post-thumbnail","hentry","category-noticia","tag-participacion-y-ciudadania-global","country-republica-democratica-del-congo","cause-participacion-y-ciudadania-global"],"acf":[],"yoast_head":"<!-- This site is optimized with the Yoast SEO Premium plugin v21.6 (Yoast SEO v27.5) - https:\/\/yoast.com\/product\/yoast-seo-premium-wordpress\/ -->\n<title>F\u00e9lix Tshisekedi, quinto presidente de la Rep\u00fablica Democr\u00e1tica del Congo - Entreculturas<\/title>\n<meta name=\"robots\" content=\"index, follow, max-snippet:-1, max-image-preview:large, max-video-preview:-1\" \/>\n<link rel=\"canonical\" href=\"https:\/\/www.entreculturas.org\/fr\/noticia\/felix-tshisekedi-quinto-presidente-de-la-republica-democratica-del-congo\/\" \/>\n<meta property=\"og:locale\" content=\"fr_FR\" \/>\n<meta property=\"og:type\" content=\"article\" \/>\n<meta property=\"og:title\" content=\"F\u00e9lix Tshisekedi, quinto presidente de la Rep\u00fablica Democr\u00e1tica del Congo\" \/>\n<meta property=\"og:description\" content=\"El pasado 24 de enero&nbsp;F\u00e9lix Tshisekedi, el l\u00edder de la Uni\u00f3n para la Democracia y el Progreso Social, se convert\u00eda oficialmente en el quinto presidente de la Rep\u00fablica Democr\u00e1tica del Congo. El nuevo presidente tomaba posesi\u00f3n del cargo cinco d\u00edas despu\u00e9s de que el Tribunal Constitucional avalase los controvertidos resultados de las elecciones del pasado 30 de diciembre, que le daban la victoria con el 38,57% de los votos, por delante del 34,86% de su principal opositor Martin Fayulu.&nbsp; Se trata del primer traspaso pac\u00edfico y democr\u00e1tico de poderes en la historia del pa\u00eds desde 1960, tras el logro de su independencia. A pesar del \u00e9xito pol\u00edtico que representan las elecciones presidenciales, el proceso poselectoral no ha estado exento de violencia, dejando m\u00e1s de 30 muertos, cerca de 60 heridos y m\u00e1s de 240 detenciones que siguen poniendo de manifiesto la conflictividad que experimenta uno de los pa\u00edses m\u00e1s convulsos [&hellip;]\" \/>\n<meta property=\"og:url\" content=\"https:\/\/www.entreculturas.org\/fr\/noticia\/felix-tshisekedi-quinto-presidente-de-la-republica-democratica-del-congo\/\" \/>\n<meta property=\"og:site_name\" content=\"Entreculturas\" \/>\n<meta property=\"article:publisher\" content=\"https:\/\/www.facebook.com\/entreculturas\" \/>\n<meta property=\"article:modified_time\" content=\"2024-02-06T08:28:09+00:00\" \/>\n<meta property=\"og:image\" content=\"https:\/\/www.entreculturas.org\/wp-content\/uploads\/2019\/01\/rd-congo.jpg\" \/>\n\t<meta property=\"og:image:width\" content=\"800\" \/>\n\t<meta property=\"og:image:height\" content=\"533\" \/>\n\t<meta property=\"og:image:type\" content=\"image\/jpeg\" \/>\n<meta name=\"twitter:card\" content=\"summary_large_image\" \/>\n<meta name=\"twitter:site\" content=\"@Entreculturas\" \/>\n<script type=\"application\/ld+json\" class=\"yoast-schema-graph\">{\"@context\":\"https:\\\/\\\/schema.org\",\"@graph\":[{\"@type\":\"WebPage\",\"@id\":\"https:\\\/\\\/www.entreculturas.org\\\/fr\\\/noticia\\\/felix-tshisekedi-quinto-presidente-de-la-republica-democratica-del-congo\\\/\",\"url\":\"https:\\\/\\\/www.entreculturas.org\\\/fr\\\/noticia\\\/felix-tshisekedi-quinto-presidente-de-la-republica-democratica-del-congo\\\/\",\"name\":\"F\u00e9lix Tshisekedi, quinto presidente de la Rep\u00fablica Democr\u00e1tica del Congo - Entreculturas\",\"isPartOf\":{\"@id\":\"https:\\\/\\\/www.entreculturas.org\\\/fr\\\/#website\"},\"primaryImageOfPage\":{\"@id\":\"https:\\\/\\\/www.entreculturas.org\\\/fr\\\/noticia\\\/felix-tshisekedi-quinto-presidente-de-la-republica-democratica-del-congo\\\/#primaryimage\"},\"image\":{\"@id\":\"https:\\\/\\\/www.entreculturas.org\\\/fr\\\/noticia\\\/felix-tshisekedi-quinto-presidente-de-la-republica-democratica-del-congo\\\/#primaryimage\"},\"thumbnailUrl\":\"https:\\\/\\\/www.entreculturas.org\\\/wp-content\\\/uploads\\\/2019\\\/01\\\/rd-congo.jpg\",\"datePublished\":\"2019-01-31T16:18:29+00:00\",\"dateModified\":\"2024-02-06T08:28:09+00:00\",\"breadcrumb\":{\"@id\":\"https:\\\/\\\/www.entreculturas.org\\\/fr\\\/noticia\\\/felix-tshisekedi-quinto-presidente-de-la-republica-democratica-del-congo\\\/#breadcrumb\"},\"inLanguage\":\"fr-FR\",\"potentialAction\":[{\"@type\":\"ReadAction\",\"target\":[\"https:\\\/\\\/www.entreculturas.org\\\/fr\\\/noticia\\\/felix-tshisekedi-quinto-presidente-de-la-republica-democratica-del-congo\\\/\"]}]},{\"@type\":\"ImageObject\",\"inLanguage\":\"fr-FR\",\"@id\":\"https:\\\/\\\/www.entreculturas.org\\\/fr\\\/noticia\\\/felix-tshisekedi-quinto-presidente-de-la-republica-democratica-del-congo\\\/#primaryimage\",\"url\":\"https:\\\/\\\/www.entreculturas.org\\\/wp-content\\\/uploads\\\/2019\\\/01\\\/rd-congo.jpg\",\"contentUrl\":\"https:\\\/\\\/www.entreculturas.org\\\/wp-content\\\/uploads\\\/2019\\\/01\\\/rd-congo.jpg\",\"width\":800,\"height\":533,\"caption\":\"rd-congo\"},{\"@type\":\"BreadcrumbList\",\"@id\":\"https:\\\/\\\/www.entreculturas.org\\\/fr\\\/noticia\\\/felix-tshisekedi-quinto-presidente-de-la-republica-democratica-del-congo\\\/#breadcrumb\",\"itemListElement\":[{\"@type\":\"ListItem\",\"position\":1,\"name\":\"Home\",\"item\":\"https:\\\/\\\/www.entreculturas.org\\\/fr\\\/\"},{\"@type\":\"ListItem\",\"position\":2,\"name\":\"Noticias\",\"item\":\"https:\\\/\\\/www.entreculturas.org\\\/fr\\\/noticias\\\/\"},{\"@type\":\"ListItem\",\"position\":3,\"name\":\"F\u00e9lix Tshisekedi, quinto presidente de la Rep\u00fablica Democr\u00e1tica del Congo\"}]},{\"@type\":\"WebSite\",\"@id\":\"https:\\\/\\\/www.entreculturas.org\\\/fr\\\/#website\",\"url\":\"https:\\\/\\\/www.entreculturas.org\\\/fr\\\/\",\"name\":\"Entreculturas\",\"description\":\"\",\"publisher\":{\"@id\":\"https:\\\/\\\/www.entreculturas.org\\\/fr\\\/#organization\"},\"alternateName\":\"Entreculturas\",\"potentialAction\":[{\"@type\":\"SearchAction\",\"target\":{\"@type\":\"EntryPoint\",\"urlTemplate\":\"https:\\\/\\\/www.entreculturas.org\\\/fr\\\/?s={search_term_string}\"},\"query-input\":{\"@type\":\"PropertyValueSpecification\",\"valueRequired\":true,\"valueName\":\"search_term_string\"}}],\"inLanguage\":\"fr-FR\"},{\"@type\":\"Organization\",\"@id\":\"https:\\\/\\\/www.entreculturas.org\\\/fr\\\/#organization\",\"name\":\"Entreculturas\",\"url\":\"https:\\\/\\\/www.entreculturas.org\\\/fr\\\/\",\"logo\":{\"@type\":\"ImageObject\",\"inLanguage\":\"fr-FR\",\"@id\":\"https:\\\/\\\/www.entreculturas.org\\\/fr\\\/#\\\/schema\\\/logo\\\/image\\\/\",\"url\":\"https:\\\/\\\/www.entreculturas.org\\\/wp-content\\\/uploads\\\/2025\\\/10\\\/ESP.svg\",\"contentUrl\":\"https:\\\/\\\/www.entreculturas.org\\\/wp-content\\\/uploads\\\/2025\\\/10\\\/ESP.svg\",\"caption\":\"Entreculturas\"},\"image\":{\"@id\":\"https:\\\/\\\/www.entreculturas.org\\\/fr\\\/#\\\/schema\\\/logo\\\/image\\\/\"},\"sameAs\":[\"https:\\\/\\\/www.facebook.com\\\/entreculturas\",\"https:\\\/\\\/x.com\\\/Entreculturas\",\"https:\\\/\\\/www.instagram.com\\\/entreculturas\\\/\",\"https:\\\/\\\/www.youtube.com\\\/user\\\/entreculturasvideo\",\"https:\\\/\\\/www.linkedin.com\\\/company\\\/fundacion-entreculturas-ngdo\\\/\",\"https:\\\/\\\/www.flickr.com\\\/photos\\\/98455522@N04\\\/albums\\\/\"]}]}<\/script>\n<!-- \/ Yoast SEO Premium plugin. -->","yoast_head_json":{"title":"F\u00e9lix Tshisekedi, quinto presidente de la Rep\u00fablica Democr\u00e1tica del Congo - Entreculturas","robots":{"index":"index","follow":"follow","max-snippet":"max-snippet:-1","max-image-preview":"max-image-preview:large","max-video-preview":"max-video-preview:-1"},"canonical":"https:\/\/www.entreculturas.org\/fr\/noticia\/felix-tshisekedi-quinto-presidente-de-la-republica-democratica-del-congo\/","og_locale":"fr_FR","og_type":"article","og_title":"F\u00e9lix Tshisekedi, quinto presidente de la Rep\u00fablica Democr\u00e1tica del Congo","og_description":"El pasado 24 de enero&nbsp;F\u00e9lix Tshisekedi, el l\u00edder de la Uni\u00f3n para la Democracia y el Progreso Social, se convert\u00eda oficialmente en el quinto presidente de la Rep\u00fablica Democr\u00e1tica del Congo. El nuevo presidente tomaba posesi\u00f3n del cargo cinco d\u00edas despu\u00e9s de que el Tribunal Constitucional avalase los controvertidos resultados de las elecciones del pasado 30 de diciembre, que le daban la victoria con el 38,57% de los votos, por delante del 34,86% de su principal opositor Martin Fayulu.&nbsp; Se trata del primer traspaso pac\u00edfico y democr\u00e1tico de poderes en la historia del pa\u00eds desde 1960, tras el logro de su independencia. A pesar del \u00e9xito pol\u00edtico que representan las elecciones presidenciales, el proceso poselectoral no ha estado exento de violencia, dejando m\u00e1s de 30 muertos, cerca de 60 heridos y m\u00e1s de 240 detenciones que siguen poniendo de manifiesto la conflictividad que experimenta uno de los pa\u00edses m\u00e1s convulsos [&hellip;]","og_url":"https:\/\/www.entreculturas.org\/fr\/noticia\/felix-tshisekedi-quinto-presidente-de-la-republica-democratica-del-congo\/","og_site_name":"Entreculturas","article_publisher":"https:\/\/www.facebook.com\/entreculturas","article_modified_time":"2024-02-06T08:28:09+00:00","og_image":[{"width":800,"height":533,"url":"https:\/\/www.entreculturas.org\/wp-content\/uploads\/2019\/01\/rd-congo.jpg","type":"image\/jpeg"}],"twitter_card":"summary_large_image","twitter_site":"@Entreculturas","schema":{"@context":"https:\/\/schema.org","@graph":[{"@type":"WebPage","@id":"https:\/\/www.entreculturas.org\/fr\/noticia\/felix-tshisekedi-quinto-presidente-de-la-republica-democratica-del-congo\/","url":"https:\/\/www.entreculturas.org\/fr\/noticia\/felix-tshisekedi-quinto-presidente-de-la-republica-democratica-del-congo\/","name":"F\u00e9lix Tshisekedi, quinto presidente de la Rep\u00fablica Democr\u00e1tica del Congo - Entreculturas","isPartOf":{"@id":"https:\/\/www.entreculturas.org\/fr\/#website"},"primaryImageOfPage":{"@id":"https:\/\/www.entreculturas.org\/fr\/noticia\/felix-tshisekedi-quinto-presidente-de-la-republica-democratica-del-congo\/#primaryimage"},"image":{"@id":"https:\/\/www.entreculturas.org\/fr\/noticia\/felix-tshisekedi-quinto-presidente-de-la-republica-democratica-del-congo\/#primaryimage"},"thumbnailUrl":"https:\/\/www.entreculturas.org\/wp-content\/uploads\/2019\/01\/rd-congo.jpg","datePublished":"2019-01-31T16:18:29+00:00","dateModified":"2024-02-06T08:28:09+00:00","breadcrumb":{"@id":"https:\/\/www.entreculturas.org\/fr\/noticia\/felix-tshisekedi-quinto-presidente-de-la-republica-democratica-del-congo\/#breadcrumb"},"inLanguage":"fr-FR","potentialAction":[{"@type":"ReadAction","target":["https:\/\/www.entreculturas.org\/fr\/noticia\/felix-tshisekedi-quinto-presidente-de-la-republica-democratica-del-congo\/"]}]},{"@type":"ImageObject","inLanguage":"fr-FR","@id":"https:\/\/www.entreculturas.org\/fr\/noticia\/felix-tshisekedi-quinto-presidente-de-la-republica-democratica-del-congo\/#primaryimage","url":"https:\/\/www.entreculturas.org\/wp-content\/uploads\/2019\/01\/rd-congo.jpg","contentUrl":"https:\/\/www.entreculturas.org\/wp-content\/uploads\/2019\/01\/rd-congo.jpg","width":800,"height":533,"caption":"rd-congo"},{"@type":"BreadcrumbList","@id":"https:\/\/www.entreculturas.org\/fr\/noticia\/felix-tshisekedi-quinto-presidente-de-la-republica-democratica-del-congo\/#breadcrumb","itemListElement":[{"@type":"ListItem","position":1,"name":"Home","item":"https:\/\/www.entreculturas.org\/fr\/"},{"@type":"ListItem","position":2,"name":"Noticias","item":"https:\/\/www.entreculturas.org\/fr\/noticias\/"},{"@type":"ListItem","position":3,"name":"F\u00e9lix Tshisekedi, quinto presidente de la Rep\u00fablica Democr\u00e1tica del Congo"}]},{"@type":"WebSite","@id":"https:\/\/www.entreculturas.org\/fr\/#website","url":"https:\/\/www.entreculturas.org\/fr\/","name":"Entreculturas","description":"","publisher":{"@id":"https:\/\/www.entreculturas.org\/fr\/#organization"},"alternateName":"Entreculturas","potentialAction":[{"@type":"SearchAction","target":{"@type":"EntryPoint","urlTemplate":"https:\/\/www.entreculturas.org\/fr\/?s={search_term_string}"},"query-input":{"@type":"PropertyValueSpecification","valueRequired":true,"valueName":"search_term_string"}}],"inLanguage":"fr-FR"},{"@type":"Organization","@id":"https:\/\/www.entreculturas.org\/fr\/#organization","name":"Entreculturas","url":"https:\/\/www.entreculturas.org\/fr\/","logo":{"@type":"ImageObject","inLanguage":"fr-FR","@id":"https:\/\/www.entreculturas.org\/fr\/#\/schema\/logo\/image\/","url":"https:\/\/www.entreculturas.org\/wp-content\/uploads\/2025\/10\/ESP.svg","contentUrl":"https:\/\/www.entreculturas.org\/wp-content\/uploads\/2025\/10\/ESP.svg","caption":"Entreculturas"},"image":{"@id":"https:\/\/www.entreculturas.org\/fr\/#\/schema\/logo\/image\/"},"sameAs":["https:\/\/www.facebook.com\/entreculturas","https:\/\/x.com\/Entreculturas","https:\/\/www.instagram.com\/entreculturas\/","https:\/\/www.youtube.com\/user\/entreculturasvideo","https:\/\/www.linkedin.com\/company\/fundacion-entreculturas-ngdo\/","https:\/\/www.flickr.com\/photos\/98455522@N04\/albums\/"]}]}},"_links":{"self":[{"href":"https:\/\/www.entreculturas.org\/fr\/wp-json\/wp\/v2\/noticia\/2692","targetHints":{"allow":["GET"]}}],"collection":[{"href":"https:\/\/www.entreculturas.org\/fr\/wp-json\/wp\/v2\/noticia"}],"about":[{"href":"https:\/\/www.entreculturas.org\/fr\/wp-json\/wp\/v2\/types\/noticia"}],"wp:featuredmedia":[{"embeddable":true,"href":"https:\/\/www.entreculturas.org\/fr\/wp-json\/wp\/v2\/media\/2693"}],"wp:attachment":[{"href":"https:\/\/www.entreculturas.org\/fr\/wp-json\/wp\/v2\/media?parent=2692"}],"wp:term":[{"taxonomy":"category","embeddable":true,"href":"https:\/\/www.entreculturas.org\/fr\/wp-json\/wp\/v2\/categories?post=2692"},{"taxonomy":"post_tag","embeddable":true,"href":"https:\/\/www.entreculturas.org\/fr\/wp-json\/wp\/v2\/tags?post=2692"},{"taxonomy":"country","embeddable":true,"href":"https:\/\/www.entreculturas.org\/fr\/wp-json\/wp\/v2\/country?post=2692"},{"taxonomy":"cause","embeddable":true,"href":"https:\/\/www.entreculturas.org\/fr\/wp-json\/wp\/v2\/cause?post=2692"}],"curies":[{"name":"wp","href":"https:\/\/api.w.org\/{rel}","templated":true}]}}