{"id":2690,"date":"2019-01-30T14:36:49","date_gmt":"2019-01-30T14:36:49","guid":{"rendered":"https:\/\/entreculturasi.wpenginepowered.com\/?noticias=fundacion-alimerka-apoya-un-ano-mas-proyectos-de-atencion-personas-refugiadas"},"modified":"2024-02-06T09:21:07","modified_gmt":"2024-02-06T08:21:07","slug":"fundacion-alimerka-apoya-un-ano-mas-proyectos-de-atencion-personas-refugiadas","status":"publish","type":"noticia","link":"https:\/\/www.entreculturas.org\/fr\/noticia\/fundacion-alimerka-apoya-un-ano-mas-proyectos-de-atencion-personas-refugiadas\/","title":{"rendered":"Fundaci\u00f3n ALIMERKA apoya un a\u00f1o m\u00e1s proyectos de atenci\u00f3n a personas refugiadas"},"content":{"rendered":"<p>La empresa de supermercados Alimerka, a trav\u00e9s de la Fundaci\u00f3n que lleva su nombre, ha venido apoyando desde el a\u00f1o 2016 proyectos de Entreculturas destinados a apoyar a personas refugiadas.<\/p>\n<p>De este modo, gracias al apoyo de Fundaci\u00f3n Alimerka hemos contribuido a mejorar las infraestructuras educativas en el campo de refugiados de <strong>Tongogara (Zimbawe)<\/strong> y a desarrollar cursos de formaci\u00f3n profesional en el centro de refugiados urbanos de <strong>Kampala (Uganda)<\/strong>.<\/p>\n<p>En 2018 la Fundaci\u00f3n renov\u00f3 su compromiso y, durante 2019, colaboraremos en un proyecto en <strong>RD Congo<\/strong> de cara a mejorar la salud e higiene femenina de adolescentes y mujeres refugiadas.<\/p>\n","protected":false},"excerpt":{"rendered":"<p>La empresa de supermercados Alimerka, a trav\u00e9s de la Fundaci\u00f3n que lleva su nombre, ha venido apoyando desde el a\u00f1o 2016 proyectos de Entreculturas destinados a apoyar a personas refugiadas. De este modo, gracias al apoyo de Fundaci\u00f3n Alimerka hemos contribuido a mejorar las infraestructuras educativas en el campo de refugiados de Tongogara (Zimbawe) y a desarrollar cursos de formaci\u00f3n profesional en el centro de refugiados urbanos de Kampala (Uganda). En 2018 la Fundaci\u00f3n renov\u00f3 su compromiso y, durante 2019, colaboraremos en un proyecto en RD Congo de cara a mejorar la salud e higiene femenina de adolescentes y mujeres refugiadas.<\/p>\n","protected":false},"featured_media":2691,"template":"single-noticia","meta":{"_acf_changed":false},"categories":[7],"tags":[10],"country":[],"cause":[129],"class_list":["post-2690","noticia","type-noticia","status-publish","has-post-thumbnail","hentry","category-noticia","tag-migracion-y-refugio","cause-migracion-y-refugio"],"acf":[],"yoast_head":"<!-- This site is optimized with the Yoast SEO Premium plugin v21.6 (Yoast SEO v27.5) - https:\/\/yoast.com\/product\/yoast-seo-premium-wordpress\/ -->\n<title>Fundaci\u00f3n ALIMERKA apoya un a\u00f1o m\u00e1s proyectos de atenci\u00f3n a personas refugiadas - Entreculturas<\/title>\n<meta name=\"robots\" content=\"index, follow, max-snippet:-1, max-image-preview:large, max-video-preview:-1\" \/>\n<link rel=\"canonical\" href=\"https:\/\/www.entreculturas.org\/fr\/noticia\/fundacion-alimerka-apoya-un-ano-mas-proyectos-de-atencion-personas-refugiadas\/\" \/>\n<meta property=\"og:locale\" content=\"fr_FR\" \/>\n<meta property=\"og:type\" content=\"article\" \/>\n<meta property=\"og:title\" content=\"Fundaci\u00f3n ALIMERKA apoya un a\u00f1o m\u00e1s proyectos de atenci\u00f3n a personas refugiadas\" \/>\n<meta property=\"og:description\" content=\"La empresa de supermercados Alimerka, a trav\u00e9s de la Fundaci\u00f3n que lleva su nombre, ha venido apoyando desde el a\u00f1o 2016 proyectos de Entreculturas destinados a apoyar a personas refugiadas. De este modo, gracias al apoyo de Fundaci\u00f3n Alimerka hemos contribuido a mejorar las infraestructuras educativas en el campo de refugiados de Tongogara (Zimbawe) y a desarrollar cursos de formaci\u00f3n profesional en el centro de refugiados urbanos de Kampala (Uganda). En 2018 la Fundaci\u00f3n renov\u00f3 su compromiso y, durante 2019, colaboraremos en un proyecto en RD Congo de cara a mejorar la salud e higiene femenina de adolescentes y mujeres refugiadas.\" \/>\n<meta property=\"og:url\" content=\"https:\/\/www.entreculturas.org\/fr\/noticia\/fundacion-alimerka-apoya-un-ano-mas-proyectos-de-atencion-personas-refugiadas\/\" \/>\n<meta property=\"og:site_name\" content=\"Entreculturas\" \/>\n<meta property=\"article:publisher\" content=\"https:\/\/www.facebook.com\/entreculturas\" \/>\n<meta property=\"article:modified_time\" content=\"2024-02-06T08:21:07+00:00\" \/>\n<meta property=\"og:image\" content=\"https:\/\/www.entreculturas.org\/wp-content\/uploads\/2019\/01\/alimerka-rdcongo.jpg\" \/>\n\t<meta property=\"og:image:width\" content=\"600\" \/>\n\t<meta property=\"og:image:height\" content=\"450\" \/>\n\t<meta property=\"og:image:type\" content=\"image\/jpeg\" \/>\n<meta name=\"twitter:card\" content=\"summary_large_image\" \/>\n<meta name=\"twitter:site\" content=\"@Entreculturas\" \/>\n<script type=\"application\/ld+json\" class=\"yoast-schema-graph\">{\"@context\":\"https:\\\/\\\/schema.org\",\"@graph\":[{\"@type\":\"WebPage\",\"@id\":\"https:\\\/\\\/www.entreculturas.org\\\/fr\\\/noticia\\\/fundacion-alimerka-apoya-un-ano-mas-proyectos-de-atencion-personas-refugiadas\\\/\",\"url\":\"https:\\\/\\\/www.entreculturas.org\\\/fr\\\/noticia\\\/fundacion-alimerka-apoya-un-ano-mas-proyectos-de-atencion-personas-refugiadas\\\/\",\"name\":\"Fundaci\u00f3n ALIMERKA apoya un a\u00f1o m\u00e1s proyectos de atenci\u00f3n a personas refugiadas - Entreculturas\",\"isPartOf\":{\"@id\":\"https:\\\/\\\/www.entreculturas.org\\\/fr\\\/#website\"},\"primaryImageOfPage\":{\"@id\":\"https:\\\/\\\/www.entreculturas.org\\\/fr\\\/noticia\\\/fundacion-alimerka-apoya-un-ano-mas-proyectos-de-atencion-personas-refugiadas\\\/#primaryimage\"},\"image\":{\"@id\":\"https:\\\/\\\/www.entreculturas.org\\\/fr\\\/noticia\\\/fundacion-alimerka-apoya-un-ano-mas-proyectos-de-atencion-personas-refugiadas\\\/#primaryimage\"},\"thumbnailUrl\":\"https:\\\/\\\/www.entreculturas.org\\\/wp-content\\\/uploads\\\/2019\\\/01\\\/alimerka-rdcongo.jpg\",\"datePublished\":\"2019-01-30T14:36:49+00:00\",\"dateModified\":\"2024-02-06T08:21:07+00:00\",\"breadcrumb\":{\"@id\":\"https:\\\/\\\/www.entreculturas.org\\\/fr\\\/noticia\\\/fundacion-alimerka-apoya-un-ano-mas-proyectos-de-atencion-personas-refugiadas\\\/#breadcrumb\"},\"inLanguage\":\"fr-FR\",\"potentialAction\":[{\"@type\":\"ReadAction\",\"target\":[\"https:\\\/\\\/www.entreculturas.org\\\/fr\\\/noticia\\\/fundacion-alimerka-apoya-un-ano-mas-proyectos-de-atencion-personas-refugiadas\\\/\"]}]},{\"@type\":\"ImageObject\",\"inLanguage\":\"fr-FR\",\"@id\":\"https:\\\/\\\/www.entreculturas.org\\\/fr\\\/noticia\\\/fundacion-alimerka-apoya-un-ano-mas-proyectos-de-atencion-personas-refugiadas\\\/#primaryimage\",\"url\":\"https:\\\/\\\/www.entreculturas.org\\\/wp-content\\\/uploads\\\/2019\\\/01\\\/alimerka-rdcongo.jpg\",\"contentUrl\":\"https:\\\/\\\/www.entreculturas.org\\\/wp-content\\\/uploads\\\/2019\\\/01\\\/alimerka-rdcongo.jpg\",\"width\":600,\"height\":450,\"caption\":\"alimerka-rdcongo\"},{\"@type\":\"BreadcrumbList\",\"@id\":\"https:\\\/\\\/www.entreculturas.org\\\/fr\\\/noticia\\\/fundacion-alimerka-apoya-un-ano-mas-proyectos-de-atencion-personas-refugiadas\\\/#breadcrumb\",\"itemListElement\":[{\"@type\":\"ListItem\",\"position\":1,\"name\":\"Home\",\"item\":\"https:\\\/\\\/www.entreculturas.org\\\/fr\\\/\"},{\"@type\":\"ListItem\",\"position\":2,\"name\":\"Noticias\",\"item\":\"https:\\\/\\\/www.entreculturas.org\\\/fr\\\/noticias\\\/\"},{\"@type\":\"ListItem\",\"position\":3,\"name\":\"Fundaci\u00f3n ALIMERKA apoya un a\u00f1o m\u00e1s proyectos de atenci\u00f3n a personas refugiadas\"}]},{\"@type\":\"WebSite\",\"@id\":\"https:\\\/\\\/www.entreculturas.org\\\/fr\\\/#website\",\"url\":\"https:\\\/\\\/www.entreculturas.org\\\/fr\\\/\",\"name\":\"Entreculturas\",\"description\":\"\",\"publisher\":{\"@id\":\"https:\\\/\\\/www.entreculturas.org\\\/fr\\\/#organization\"},\"alternateName\":\"Entreculturas\",\"potentialAction\":[{\"@type\":\"SearchAction\",\"target\":{\"@type\":\"EntryPoint\",\"urlTemplate\":\"https:\\\/\\\/www.entreculturas.org\\\/fr\\\/?s={search_term_string}\"},\"query-input\":{\"@type\":\"PropertyValueSpecification\",\"valueRequired\":true,\"valueName\":\"search_term_string\"}}],\"inLanguage\":\"fr-FR\"},{\"@type\":\"Organization\",\"@id\":\"https:\\\/\\\/www.entreculturas.org\\\/fr\\\/#organization\",\"name\":\"Entreculturas\",\"url\":\"https:\\\/\\\/www.entreculturas.org\\\/fr\\\/\",\"logo\":{\"@type\":\"ImageObject\",\"inLanguage\":\"fr-FR\",\"@id\":\"https:\\\/\\\/www.entreculturas.org\\\/fr\\\/#\\\/schema\\\/logo\\\/image\\\/\",\"url\":\"https:\\\/\\\/www.entreculturas.org\\\/wp-content\\\/uploads\\\/2025\\\/10\\\/ESP.svg\",\"contentUrl\":\"https:\\\/\\\/www.entreculturas.org\\\/wp-content\\\/uploads\\\/2025\\\/10\\\/ESP.svg\",\"caption\":\"Entreculturas\"},\"image\":{\"@id\":\"https:\\\/\\\/www.entreculturas.org\\\/fr\\\/#\\\/schema\\\/logo\\\/image\\\/\"},\"sameAs\":[\"https:\\\/\\\/www.facebook.com\\\/entreculturas\",\"https:\\\/\\\/x.com\\\/Entreculturas\",\"https:\\\/\\\/www.instagram.com\\\/entreculturas\\\/\",\"https:\\\/\\\/www.youtube.com\\\/user\\\/entreculturasvideo\",\"https:\\\/\\\/www.linkedin.com\\\/company\\\/fundacion-entreculturas-ngdo\\\/\",\"https:\\\/\\\/www.flickr.com\\\/photos\\\/98455522@N04\\\/albums\\\/\"]}]}<\/script>\n<!-- \/ Yoast SEO Premium plugin. -->","yoast_head_json":{"title":"Fundaci\u00f3n ALIMERKA apoya un a\u00f1o m\u00e1s proyectos de atenci\u00f3n a personas refugiadas - Entreculturas","robots":{"index":"index","follow":"follow","max-snippet":"max-snippet:-1","max-image-preview":"max-image-preview:large","max-video-preview":"max-video-preview:-1"},"canonical":"https:\/\/www.entreculturas.org\/fr\/noticia\/fundacion-alimerka-apoya-un-ano-mas-proyectos-de-atencion-personas-refugiadas\/","og_locale":"fr_FR","og_type":"article","og_title":"Fundaci\u00f3n ALIMERKA apoya un a\u00f1o m\u00e1s proyectos de atenci\u00f3n a personas refugiadas","og_description":"La empresa de supermercados Alimerka, a trav\u00e9s de la Fundaci\u00f3n que lleva su nombre, ha venido apoyando desde el a\u00f1o 2016 proyectos de Entreculturas destinados a apoyar a personas refugiadas. De este modo, gracias al apoyo de Fundaci\u00f3n Alimerka hemos contribuido a mejorar las infraestructuras educativas en el campo de refugiados de Tongogara (Zimbawe) y a desarrollar cursos de formaci\u00f3n profesional en el centro de refugiados urbanos de Kampala (Uganda). En 2018 la Fundaci\u00f3n renov\u00f3 su compromiso y, durante 2019, colaboraremos en un proyecto en RD Congo de cara a mejorar la salud e higiene femenina de adolescentes y mujeres refugiadas.","og_url":"https:\/\/www.entreculturas.org\/fr\/noticia\/fundacion-alimerka-apoya-un-ano-mas-proyectos-de-atencion-personas-refugiadas\/","og_site_name":"Entreculturas","article_publisher":"https:\/\/www.facebook.com\/entreculturas","article_modified_time":"2024-02-06T08:21:07+00:00","og_image":[{"width":600,"height":450,"url":"https:\/\/www.entreculturas.org\/wp-content\/uploads\/2019\/01\/alimerka-rdcongo.jpg","type":"image\/jpeg"}],"twitter_card":"summary_large_image","twitter_site":"@Entreculturas","schema":{"@context":"https:\/\/schema.org","@graph":[{"@type":"WebPage","@id":"https:\/\/www.entreculturas.org\/fr\/noticia\/fundacion-alimerka-apoya-un-ano-mas-proyectos-de-atencion-personas-refugiadas\/","url":"https:\/\/www.entreculturas.org\/fr\/noticia\/fundacion-alimerka-apoya-un-ano-mas-proyectos-de-atencion-personas-refugiadas\/","name":"Fundaci\u00f3n ALIMERKA apoya un a\u00f1o m\u00e1s proyectos de atenci\u00f3n a personas refugiadas - Entreculturas","isPartOf":{"@id":"https:\/\/www.entreculturas.org\/fr\/#website"},"primaryImageOfPage":{"@id":"https:\/\/www.entreculturas.org\/fr\/noticia\/fundacion-alimerka-apoya-un-ano-mas-proyectos-de-atencion-personas-refugiadas\/#primaryimage"},"image":{"@id":"https:\/\/www.entreculturas.org\/fr\/noticia\/fundacion-alimerka-apoya-un-ano-mas-proyectos-de-atencion-personas-refugiadas\/#primaryimage"},"thumbnailUrl":"https:\/\/www.entreculturas.org\/wp-content\/uploads\/2019\/01\/alimerka-rdcongo.jpg","datePublished":"2019-01-30T14:36:49+00:00","dateModified":"2024-02-06T08:21:07+00:00","breadcrumb":{"@id":"https:\/\/www.entreculturas.org\/fr\/noticia\/fundacion-alimerka-apoya-un-ano-mas-proyectos-de-atencion-personas-refugiadas\/#breadcrumb"},"inLanguage":"fr-FR","potentialAction":[{"@type":"ReadAction","target":["https:\/\/www.entreculturas.org\/fr\/noticia\/fundacion-alimerka-apoya-un-ano-mas-proyectos-de-atencion-personas-refugiadas\/"]}]},{"@type":"ImageObject","inLanguage":"fr-FR","@id":"https:\/\/www.entreculturas.org\/fr\/noticia\/fundacion-alimerka-apoya-un-ano-mas-proyectos-de-atencion-personas-refugiadas\/#primaryimage","url":"https:\/\/www.entreculturas.org\/wp-content\/uploads\/2019\/01\/alimerka-rdcongo.jpg","contentUrl":"https:\/\/www.entreculturas.org\/wp-content\/uploads\/2019\/01\/alimerka-rdcongo.jpg","width":600,"height":450,"caption":"alimerka-rdcongo"},{"@type":"BreadcrumbList","@id":"https:\/\/www.entreculturas.org\/fr\/noticia\/fundacion-alimerka-apoya-un-ano-mas-proyectos-de-atencion-personas-refugiadas\/#breadcrumb","itemListElement":[{"@type":"ListItem","position":1,"name":"Home","item":"https:\/\/www.entreculturas.org\/fr\/"},{"@type":"ListItem","position":2,"name":"Noticias","item":"https:\/\/www.entreculturas.org\/fr\/noticias\/"},{"@type":"ListItem","position":3,"name":"Fundaci\u00f3n ALIMERKA apoya un a\u00f1o m\u00e1s proyectos de atenci\u00f3n a personas refugiadas"}]},{"@type":"WebSite","@id":"https:\/\/www.entreculturas.org\/fr\/#website","url":"https:\/\/www.entreculturas.org\/fr\/","name":"Entreculturas","description":"","publisher":{"@id":"https:\/\/www.entreculturas.org\/fr\/#organization"},"alternateName":"Entreculturas","potentialAction":[{"@type":"SearchAction","target":{"@type":"EntryPoint","urlTemplate":"https:\/\/www.entreculturas.org\/fr\/?s={search_term_string}"},"query-input":{"@type":"PropertyValueSpecification","valueRequired":true,"valueName":"search_term_string"}}],"inLanguage":"fr-FR"},{"@type":"Organization","@id":"https:\/\/www.entreculturas.org\/fr\/#organization","name":"Entreculturas","url":"https:\/\/www.entreculturas.org\/fr\/","logo":{"@type":"ImageObject","inLanguage":"fr-FR","@id":"https:\/\/www.entreculturas.org\/fr\/#\/schema\/logo\/image\/","url":"https:\/\/www.entreculturas.org\/wp-content\/uploads\/2025\/10\/ESP.svg","contentUrl":"https:\/\/www.entreculturas.org\/wp-content\/uploads\/2025\/10\/ESP.svg","caption":"Entreculturas"},"image":{"@id":"https:\/\/www.entreculturas.org\/fr\/#\/schema\/logo\/image\/"},"sameAs":["https:\/\/www.facebook.com\/entreculturas","https:\/\/x.com\/Entreculturas","https:\/\/www.instagram.com\/entreculturas\/","https:\/\/www.youtube.com\/user\/entreculturasvideo","https:\/\/www.linkedin.com\/company\/fundacion-entreculturas-ngdo\/","https:\/\/www.flickr.com\/photos\/98455522@N04\/albums\/"]}]}},"_links":{"self":[{"href":"https:\/\/www.entreculturas.org\/fr\/wp-json\/wp\/v2\/noticia\/2690","targetHints":{"allow":["GET"]}}],"collection":[{"href":"https:\/\/www.entreculturas.org\/fr\/wp-json\/wp\/v2\/noticia"}],"about":[{"href":"https:\/\/www.entreculturas.org\/fr\/wp-json\/wp\/v2\/types\/noticia"}],"wp:featuredmedia":[{"embeddable":true,"href":"https:\/\/www.entreculturas.org\/fr\/wp-json\/wp\/v2\/media\/2691"}],"wp:attachment":[{"href":"https:\/\/www.entreculturas.org\/fr\/wp-json\/wp\/v2\/media?parent=2690"}],"wp:term":[{"taxonomy":"category","embeddable":true,"href":"https:\/\/www.entreculturas.org\/fr\/wp-json\/wp\/v2\/categories?post=2690"},{"taxonomy":"post_tag","embeddable":true,"href":"https:\/\/www.entreculturas.org\/fr\/wp-json\/wp\/v2\/tags?post=2690"},{"taxonomy":"country","embeddable":true,"href":"https:\/\/www.entreculturas.org\/fr\/wp-json\/wp\/v2\/country?post=2690"},{"taxonomy":"cause","embeddable":true,"href":"https:\/\/www.entreculturas.org\/fr\/wp-json\/wp\/v2\/cause?post=2690"}],"curies":[{"name":"wp","href":"https:\/\/api.w.org\/{rel}","templated":true}]}}