{"id":2652,"date":"2019-01-23T12:56:29","date_gmt":"2019-01-23T12:56:29","guid":{"rendered":"https:\/\/entreculturasi.wpenginepowered.com\/?noticias=sudan-del-sur-formacion-personal-educativo-para-mejorar-sus-competencias-en-ingles"},"modified":"2023-12-18T10:33:56","modified_gmt":"2023-12-18T09:33:56","slug":"sudan-del-sur-formacion-personal-educativo-para-mejorar-sus-competencias-en-ingles","status":"publish","type":"noticia","link":"https:\/\/www.entreculturas.org\/fr\/noticia\/sudan-del-sur-formacion-personal-educativo-para-mejorar-sus-competencias-en-ingles\/","title":{"rendered":"Sud\u00e1n del Sur, formaci\u00f3n a personal educativo para mejorar sus competencias en ingl\u00e9s"},"content":{"rendered":"<p>El Ayuntamiento de M\u00e1laga, mediante la concesi\u00f3n de subvenci\u00f3n para proyectos de Acci\u00f3n Humanitaria (Convocatoria 2017), ha financiado con 7.502,36 euros el \u201cPrograma de atenci\u00f3n de emergencia a personas vulnerables de las comunidades refugiada, desplazada y de acogida Atenci\u00f3n educativa para la poblaci\u00f3n refugiada y desplazada\u201d en Mab\u00e1n, estado del Alto Nilo, Sud\u00e1n del Sur.&nbsp;El proyecto ha sido implementado por el Servicio Jesuita para los Refugiados Sud\u00e1n del Sur, entidad socia de la Fundaci\u00f3n Entreculturas- Fe y Alegr\u00eda.&nbsp;<\/p>\n<p>El proyecto ha contribuido a que 799 profesionales del \u00e1mbito de la educaci\u00f3n, docentes y personal directivo, de las comunidades desplazada, refugiada y local hayan <strong>mejorado sus capacidades pedag\u00f3gicas de ingl\u00e9s.&nbsp;<\/strong><\/p>\n<p>Durante el periodo de ejecuci\u00f3n, se han realizado formaciones en cuatro niveles (A1, A2, B1 y&nbsp;B2) de acuerdo a lo establecido en el Marco Com\u00fan Europeo de Referencia (CERF por sus siglas en ingl\u00e9s) y aprobado por el gobierno sur sudan\u00e9s, por lo que al terminar el periodo formativo, han recibido&nbsp;un certificado reconocido por el Ministerio de Educaci\u00f3n de Sud\u00e1n del sur.<\/p>\n<p>La valoraci\u00f3n global sobre la ejecuci\u00f3n del proyecto es positiva. Desde que Sud\u00e1n del Sur proclamara su independencia en el a\u00f1o 2011, <strong>el ingl\u00e9s pas\u00f3 a ser lengua oficial en el pa\u00eds y en el sistema educativo<\/strong>, a pesar de que tan s\u00f3lo un peque\u00f1o porcentaje de la poblaci\u00f3n sur sudanesa puede manejarse en la misma. De ah\u00ed, la importancia central de las formaciones desarrolladas mediante este proyecto.&nbsp;<\/p>\n<p>Si bien es cierto que el proyecto tambi\u00e9n se ha enfrentado a muchos retos consecuentes del contexto de inseguridad reinante desde que en diciembre de 2013 estallara el conflicto armado que desangra al pa\u00eds m\u00e1s joven del mundo.&nbsp;Concretamente, en lo que respecta a este proyecto, el 23 de julio, estall\u00f3 una crisis en el estado de Upper Nile, al noreste del pa\u00eds y donde se ha implementado esta propuesta, que provoc\u00f3 la interrupci\u00f3n de las actividades desde finales de julio hasta octubre.&nbsp;<\/p>\n<p>Con esta intervenci\u00f3n, adem\u00e1s de dar continuidad y ampliar la l\u00ednea de trabajo con la poblaci\u00f3n beneficiaria, se han reforzado y concretado colaboraciones importantes con actores clave como las autoridades locales, sin las que el buen desarrollo de la ejecuci\u00f3n no habr\u00eda sido posible.&nbsp;<\/p>\n","protected":false},"excerpt":{"rendered":"<p>El Ayuntamiento de M\u00e1laga  ha financiado el \u201cPrograma de atenci\u00f3n de emergencia a personas vulnerables de las comunidades refugiada, desplazada y de acogida Atenci\u00f3n educativa para la poblaci\u00f3n refugiada y desplazada\u201d en Mab\u00e1n.<\/p>\n","protected":false},"featured_media":2651,"template":"single-noticia","meta":{"_acf_changed":false},"categories":[7],"tags":[10],"country":[136],"cause":[129],"class_list":["post-2652","noticia","type-noticia","status-publish","has-post-thumbnail","hentry","category-noticia","tag-migracion-y-refugio","country-sudan-del-sur","cause-migracion-y-refugio"],"acf":[],"yoast_head":"<!-- This site is optimized with the Yoast SEO Premium plugin v21.6 (Yoast SEO v27.5) - https:\/\/yoast.com\/product\/yoast-seo-premium-wordpress\/ -->\n<title>Sud\u00e1n del Sur, formaci\u00f3n a personal educativo para mejorar sus competencias en ingl\u00e9s - Entreculturas<\/title>\n<meta name=\"robots\" content=\"index, follow, max-snippet:-1, max-image-preview:large, max-video-preview:-1\" \/>\n<link rel=\"canonical\" href=\"https:\/\/www.entreculturas.org\/fr\/noticia\/sudan-del-sur-formacion-personal-educativo-para-mejorar-sus-competencias-en-ingles\/\" \/>\n<meta property=\"og:locale\" content=\"fr_FR\" \/>\n<meta property=\"og:type\" content=\"article\" \/>\n<meta property=\"og:title\" content=\"Sud\u00e1n del Sur, formaci\u00f3n a personal educativo para mejorar sus competencias en ingl\u00e9s\" \/>\n<meta property=\"og:description\" content=\"El Ayuntamiento de M\u00e1laga ha financiado el \u201cPrograma de atenci\u00f3n de emergencia a personas vulnerables de las comunidades refugiada, desplazada y de acogida Atenci\u00f3n educativa para la poblaci\u00f3n refugiada y desplazada\u201d en Mab\u00e1n.\" \/>\n<meta property=\"og:url\" content=\"https:\/\/www.entreculturas.org\/fr\/noticia\/sudan-del-sur-formacion-personal-educativo-para-mejorar-sus-competencias-en-ingles\/\" \/>\n<meta property=\"og:site_name\" content=\"Entreculturas\" \/>\n<meta property=\"article:publisher\" content=\"https:\/\/www.facebook.com\/entreculturas\" \/>\n<meta property=\"article:modified_time\" content=\"2023-12-18T09:33:56+00:00\" \/>\n<meta property=\"og:image\" content=\"https:\/\/www.entreculturas.org\/wp-content\/uploads\/2019\/01\/captura_de_pantalla_2019-01-23_a_las_13.49.07.png\" \/>\n\t<meta property=\"og:image:width\" content=\"557\" \/>\n\t<meta property=\"og:image:height\" content=\"623\" \/>\n\t<meta property=\"og:image:type\" content=\"image\/png\" \/>\n<meta name=\"twitter:card\" content=\"summary_large_image\" \/>\n<meta name=\"twitter:site\" content=\"@Entreculturas\" \/>\n<script type=\"application\/ld+json\" class=\"yoast-schema-graph\">{\"@context\":\"https:\\\/\\\/schema.org\",\"@graph\":[{\"@type\":\"WebPage\",\"@id\":\"https:\\\/\\\/www.entreculturas.org\\\/fr\\\/noticia\\\/sudan-del-sur-formacion-personal-educativo-para-mejorar-sus-competencias-en-ingles\\\/\",\"url\":\"https:\\\/\\\/www.entreculturas.org\\\/fr\\\/noticia\\\/sudan-del-sur-formacion-personal-educativo-para-mejorar-sus-competencias-en-ingles\\\/\",\"name\":\"Sud\u00e1n del Sur, formaci\u00f3n a personal educativo para mejorar sus competencias en ingl\u00e9s - Entreculturas\",\"isPartOf\":{\"@id\":\"https:\\\/\\\/www.entreculturas.org\\\/fr\\\/#website\"},\"primaryImageOfPage\":{\"@id\":\"https:\\\/\\\/www.entreculturas.org\\\/fr\\\/noticia\\\/sudan-del-sur-formacion-personal-educativo-para-mejorar-sus-competencias-en-ingles\\\/#primaryimage\"},\"image\":{\"@id\":\"https:\\\/\\\/www.entreculturas.org\\\/fr\\\/noticia\\\/sudan-del-sur-formacion-personal-educativo-para-mejorar-sus-competencias-en-ingles\\\/#primaryimage\"},\"thumbnailUrl\":\"https:\\\/\\\/www.entreculturas.org\\\/wp-content\\\/uploads\\\/2019\\\/01\\\/captura_de_pantalla_2019-01-23_a_las_13.49.07.png\",\"datePublished\":\"2019-01-23T12:56:29+00:00\",\"dateModified\":\"2023-12-18T09:33:56+00:00\",\"breadcrumb\":{\"@id\":\"https:\\\/\\\/www.entreculturas.org\\\/fr\\\/noticia\\\/sudan-del-sur-formacion-personal-educativo-para-mejorar-sus-competencias-en-ingles\\\/#breadcrumb\"},\"inLanguage\":\"fr-FR\",\"potentialAction\":[{\"@type\":\"ReadAction\",\"target\":[\"https:\\\/\\\/www.entreculturas.org\\\/fr\\\/noticia\\\/sudan-del-sur-formacion-personal-educativo-para-mejorar-sus-competencias-en-ingles\\\/\"]}]},{\"@type\":\"ImageObject\",\"inLanguage\":\"fr-FR\",\"@id\":\"https:\\\/\\\/www.entreculturas.org\\\/fr\\\/noticia\\\/sudan-del-sur-formacion-personal-educativo-para-mejorar-sus-competencias-en-ingles\\\/#primaryimage\",\"url\":\"https:\\\/\\\/www.entreculturas.org\\\/wp-content\\\/uploads\\\/2019\\\/01\\\/captura_de_pantalla_2019-01-23_a_las_13.49.07.png\",\"contentUrl\":\"https:\\\/\\\/www.entreculturas.org\\\/wp-content\\\/uploads\\\/2019\\\/01\\\/captura_de_pantalla_2019-01-23_a_las_13.49.07.png\",\"width\":557,\"height\":623},{\"@type\":\"BreadcrumbList\",\"@id\":\"https:\\\/\\\/www.entreculturas.org\\\/fr\\\/noticia\\\/sudan-del-sur-formacion-personal-educativo-para-mejorar-sus-competencias-en-ingles\\\/#breadcrumb\",\"itemListElement\":[{\"@type\":\"ListItem\",\"position\":1,\"name\":\"Home\",\"item\":\"https:\\\/\\\/www.entreculturas.org\\\/fr\\\/\"},{\"@type\":\"ListItem\",\"position\":2,\"name\":\"Noticias\",\"item\":\"https:\\\/\\\/www.entreculturas.org\\\/fr\\\/noticias\\\/\"},{\"@type\":\"ListItem\",\"position\":3,\"name\":\"Sud\u00e1n del Sur, formaci\u00f3n a personal educativo para mejorar sus competencias en ingl\u00e9s\"}]},{\"@type\":\"WebSite\",\"@id\":\"https:\\\/\\\/www.entreculturas.org\\\/fr\\\/#website\",\"url\":\"https:\\\/\\\/www.entreculturas.org\\\/fr\\\/\",\"name\":\"Entreculturas\",\"description\":\"\",\"publisher\":{\"@id\":\"https:\\\/\\\/www.entreculturas.org\\\/fr\\\/#organization\"},\"alternateName\":\"Entreculturas\",\"potentialAction\":[{\"@type\":\"SearchAction\",\"target\":{\"@type\":\"EntryPoint\",\"urlTemplate\":\"https:\\\/\\\/www.entreculturas.org\\\/fr\\\/?s={search_term_string}\"},\"query-input\":{\"@type\":\"PropertyValueSpecification\",\"valueRequired\":true,\"valueName\":\"search_term_string\"}}],\"inLanguage\":\"fr-FR\"},{\"@type\":\"Organization\",\"@id\":\"https:\\\/\\\/www.entreculturas.org\\\/fr\\\/#organization\",\"name\":\"Entreculturas\",\"url\":\"https:\\\/\\\/www.entreculturas.org\\\/fr\\\/\",\"logo\":{\"@type\":\"ImageObject\",\"inLanguage\":\"fr-FR\",\"@id\":\"https:\\\/\\\/www.entreculturas.org\\\/fr\\\/#\\\/schema\\\/logo\\\/image\\\/\",\"url\":\"https:\\\/\\\/www.entreculturas.org\\\/wp-content\\\/uploads\\\/2025\\\/10\\\/ESP.svg\",\"contentUrl\":\"https:\\\/\\\/www.entreculturas.org\\\/wp-content\\\/uploads\\\/2025\\\/10\\\/ESP.svg\",\"caption\":\"Entreculturas\"},\"image\":{\"@id\":\"https:\\\/\\\/www.entreculturas.org\\\/fr\\\/#\\\/schema\\\/logo\\\/image\\\/\"},\"sameAs\":[\"https:\\\/\\\/www.facebook.com\\\/entreculturas\",\"https:\\\/\\\/x.com\\\/Entreculturas\",\"https:\\\/\\\/www.instagram.com\\\/entreculturas\\\/\",\"https:\\\/\\\/www.youtube.com\\\/user\\\/entreculturasvideo\",\"https:\\\/\\\/www.linkedin.com\\\/company\\\/fundacion-entreculturas-ngdo\\\/\",\"https:\\\/\\\/www.flickr.com\\\/photos\\\/98455522@N04\\\/albums\\\/\"]}]}<\/script>\n<!-- \/ Yoast SEO Premium plugin. -->","yoast_head_json":{"title":"Sud\u00e1n del Sur, formaci\u00f3n a personal educativo para mejorar sus competencias en ingl\u00e9s - Entreculturas","robots":{"index":"index","follow":"follow","max-snippet":"max-snippet:-1","max-image-preview":"max-image-preview:large","max-video-preview":"max-video-preview:-1"},"canonical":"https:\/\/www.entreculturas.org\/fr\/noticia\/sudan-del-sur-formacion-personal-educativo-para-mejorar-sus-competencias-en-ingles\/","og_locale":"fr_FR","og_type":"article","og_title":"Sud\u00e1n del Sur, formaci\u00f3n a personal educativo para mejorar sus competencias en ingl\u00e9s","og_description":"El Ayuntamiento de M\u00e1laga ha financiado el \u201cPrograma de atenci\u00f3n de emergencia a personas vulnerables de las comunidades refugiada, desplazada y de acogida Atenci\u00f3n educativa para la poblaci\u00f3n refugiada y desplazada\u201d en Mab\u00e1n.","og_url":"https:\/\/www.entreculturas.org\/fr\/noticia\/sudan-del-sur-formacion-personal-educativo-para-mejorar-sus-competencias-en-ingles\/","og_site_name":"Entreculturas","article_publisher":"https:\/\/www.facebook.com\/entreculturas","article_modified_time":"2023-12-18T09:33:56+00:00","og_image":[{"width":557,"height":623,"url":"https:\/\/www.entreculturas.org\/wp-content\/uploads\/2019\/01\/captura_de_pantalla_2019-01-23_a_las_13.49.07.png","type":"image\/png"}],"twitter_card":"summary_large_image","twitter_site":"@Entreculturas","schema":{"@context":"https:\/\/schema.org","@graph":[{"@type":"WebPage","@id":"https:\/\/www.entreculturas.org\/fr\/noticia\/sudan-del-sur-formacion-personal-educativo-para-mejorar-sus-competencias-en-ingles\/","url":"https:\/\/www.entreculturas.org\/fr\/noticia\/sudan-del-sur-formacion-personal-educativo-para-mejorar-sus-competencias-en-ingles\/","name":"Sud\u00e1n del Sur, formaci\u00f3n a personal educativo para mejorar sus competencias en ingl\u00e9s - Entreculturas","isPartOf":{"@id":"https:\/\/www.entreculturas.org\/fr\/#website"},"primaryImageOfPage":{"@id":"https:\/\/www.entreculturas.org\/fr\/noticia\/sudan-del-sur-formacion-personal-educativo-para-mejorar-sus-competencias-en-ingles\/#primaryimage"},"image":{"@id":"https:\/\/www.entreculturas.org\/fr\/noticia\/sudan-del-sur-formacion-personal-educativo-para-mejorar-sus-competencias-en-ingles\/#primaryimage"},"thumbnailUrl":"https:\/\/www.entreculturas.org\/wp-content\/uploads\/2019\/01\/captura_de_pantalla_2019-01-23_a_las_13.49.07.png","datePublished":"2019-01-23T12:56:29+00:00","dateModified":"2023-12-18T09:33:56+00:00","breadcrumb":{"@id":"https:\/\/www.entreculturas.org\/fr\/noticia\/sudan-del-sur-formacion-personal-educativo-para-mejorar-sus-competencias-en-ingles\/#breadcrumb"},"inLanguage":"fr-FR","potentialAction":[{"@type":"ReadAction","target":["https:\/\/www.entreculturas.org\/fr\/noticia\/sudan-del-sur-formacion-personal-educativo-para-mejorar-sus-competencias-en-ingles\/"]}]},{"@type":"ImageObject","inLanguage":"fr-FR","@id":"https:\/\/www.entreculturas.org\/fr\/noticia\/sudan-del-sur-formacion-personal-educativo-para-mejorar-sus-competencias-en-ingles\/#primaryimage","url":"https:\/\/www.entreculturas.org\/wp-content\/uploads\/2019\/01\/captura_de_pantalla_2019-01-23_a_las_13.49.07.png","contentUrl":"https:\/\/www.entreculturas.org\/wp-content\/uploads\/2019\/01\/captura_de_pantalla_2019-01-23_a_las_13.49.07.png","width":557,"height":623},{"@type":"BreadcrumbList","@id":"https:\/\/www.entreculturas.org\/fr\/noticia\/sudan-del-sur-formacion-personal-educativo-para-mejorar-sus-competencias-en-ingles\/#breadcrumb","itemListElement":[{"@type":"ListItem","position":1,"name":"Home","item":"https:\/\/www.entreculturas.org\/fr\/"},{"@type":"ListItem","position":2,"name":"Noticias","item":"https:\/\/www.entreculturas.org\/fr\/noticias\/"},{"@type":"ListItem","position":3,"name":"Sud\u00e1n del Sur, formaci\u00f3n a personal educativo para mejorar sus competencias en ingl\u00e9s"}]},{"@type":"WebSite","@id":"https:\/\/www.entreculturas.org\/fr\/#website","url":"https:\/\/www.entreculturas.org\/fr\/","name":"Entreculturas","description":"","publisher":{"@id":"https:\/\/www.entreculturas.org\/fr\/#organization"},"alternateName":"Entreculturas","potentialAction":[{"@type":"SearchAction","target":{"@type":"EntryPoint","urlTemplate":"https:\/\/www.entreculturas.org\/fr\/?s={search_term_string}"},"query-input":{"@type":"PropertyValueSpecification","valueRequired":true,"valueName":"search_term_string"}}],"inLanguage":"fr-FR"},{"@type":"Organization","@id":"https:\/\/www.entreculturas.org\/fr\/#organization","name":"Entreculturas","url":"https:\/\/www.entreculturas.org\/fr\/","logo":{"@type":"ImageObject","inLanguage":"fr-FR","@id":"https:\/\/www.entreculturas.org\/fr\/#\/schema\/logo\/image\/","url":"https:\/\/www.entreculturas.org\/wp-content\/uploads\/2025\/10\/ESP.svg","contentUrl":"https:\/\/www.entreculturas.org\/wp-content\/uploads\/2025\/10\/ESP.svg","caption":"Entreculturas"},"image":{"@id":"https:\/\/www.entreculturas.org\/fr\/#\/schema\/logo\/image\/"},"sameAs":["https:\/\/www.facebook.com\/entreculturas","https:\/\/x.com\/Entreculturas","https:\/\/www.instagram.com\/entreculturas\/","https:\/\/www.youtube.com\/user\/entreculturasvideo","https:\/\/www.linkedin.com\/company\/fundacion-entreculturas-ngdo\/","https:\/\/www.flickr.com\/photos\/98455522@N04\/albums\/"]}]}},"_links":{"self":[{"href":"https:\/\/www.entreculturas.org\/fr\/wp-json\/wp\/v2\/noticia\/2652","targetHints":{"allow":["GET"]}}],"collection":[{"href":"https:\/\/www.entreculturas.org\/fr\/wp-json\/wp\/v2\/noticia"}],"about":[{"href":"https:\/\/www.entreculturas.org\/fr\/wp-json\/wp\/v2\/types\/noticia"}],"wp:featuredmedia":[{"embeddable":true,"href":"https:\/\/www.entreculturas.org\/fr\/wp-json\/wp\/v2\/media\/2651"}],"wp:attachment":[{"href":"https:\/\/www.entreculturas.org\/fr\/wp-json\/wp\/v2\/media?parent=2652"}],"wp:term":[{"taxonomy":"category","embeddable":true,"href":"https:\/\/www.entreculturas.org\/fr\/wp-json\/wp\/v2\/categories?post=2652"},{"taxonomy":"post_tag","embeddable":true,"href":"https:\/\/www.entreculturas.org\/fr\/wp-json\/wp\/v2\/tags?post=2652"},{"taxonomy":"country","embeddable":true,"href":"https:\/\/www.entreculturas.org\/fr\/wp-json\/wp\/v2\/country?post=2652"},{"taxonomy":"cause","embeddable":true,"href":"https:\/\/www.entreculturas.org\/fr\/wp-json\/wp\/v2\/cause?post=2652"}],"curies":[{"name":"wp","href":"https:\/\/api.w.org\/{rel}","templated":true}]}}