{"id":2579,"date":"2018-12-20T09:59:28","date_gmt":"2018-12-20T09:59:28","guid":{"rendered":"https:\/\/entreculturasi.wpenginepowered.com\/?noticias=sabias-que-una-misma-navidad-multitud-de-celebraciones-en-todo-el-mundo"},"modified":"2024-02-06T09:17:36","modified_gmt":"2024-02-06T08:17:36","slug":"sabias-que-una-misma-navidad-multitud-de-celebraciones-en-todo-el-mundo","status":"publish","type":"noticia","link":"https:\/\/www.entreculturas.org\/fr\/noticia\/sabias-que-una-misma-navidad-multitud-de-celebraciones-en-todo-el-mundo\/","title":{"rendered":"\u00bfSab\u00edas que&#8230;? Una misma Navidad, multitud de celebraciones en todo el mundo"},"content":{"rendered":"<p>La vida en s\u00ed es una fiesta que merece ser celebrada. Por m\u00e1s que los retos, la vertiginosidad, los cambios y transformaciones permanentes nos hagan pensar que no hay demasiado tiempo para dedicarnos a ello, lo cierto es que en momentos cumbres, hitos y en medio de grandes desaf\u00edos, el celebrar y festejar se convierte en una herramienta eficaz para la autoestima, la valoraci\u00f3n y la conjunci\u00f3n de almas que transitan juntas esta experiencia humana. De all\u00ed que celebrar constituye una de las principales columnas vertebrales del gozo, la conexi\u00f3n interna y con los dem\u00e1s, y de la din\u00e1mica de la plenitud existencial. El vocablo \u201ccelebrar\u201d tiene su origen en el lat\u00edn \u201ccelebrare\u201d, que significa \u201cacci\u00f3n de reunirse\u201d. En este sentido,<strong> la Navidad es una \u00e9poca del a\u00f1o cargada de tradiciones, celebraciones y buenos prop\u00f3sitos. <\/strong><\/p>\n<p>Pero\u2026 <strong>\u00bfSab\u00edas qu\u00e9 cada regi\u00f3n del mundo tiene sus propias costumbres y particularidades?<\/strong> Estas diferentes formas de celebrar y compartir generan una rica diversidad cultural que repercute en una vida intelectual, afectiva, moral y espiritual m\u00e1s enriquecedora. L<strong>a diversidad cultural ampl\u00eda las alternativas; alimenta diversas capacidades, valores humanos y cosmovisiones; y permite que la sabidur\u00eda del pasado nos prepare para el futuro.<\/strong> La diversidad cultural contribuye a impulsar el desarrollo sostenible de los individuos, comunidades y pa\u00edses (UNESCO).<\/p>\n<p>Te contamos algunas peculiaridades de los festejos navide\u00f1os en diferentes zonas del mundo para, de forma horizontal y respetuosa, acercarnos a diferentes culturas a lo largo y ancho del planeta y enriquecer nuestra mirada:<\/p>\n<p><strong>Venezuela<\/strong><br \/>\u00bfTe gusta la Navidad, pero crees que ser\u00eda mejor celebrarlo en patines? No importa, solo tienes que ir a Caracas en Venezuela. Cada Nochebuena, los habitantes de la ciudad van a la iglesia por la ma\u00f1ana. Hasta aqu\u00ed todo normal pero\u2026, por razones que solo ellos conocen, se desplazan en patines. Esta tradici\u00f3n es tan popular que las carreteras del centro de la ciudad est\u00e1n cerradas a los autom\u00f3viles para que la gente pueda ir a la iglesia de manera segura.<\/p>\n<p>&nbsp;<\/p>\n<p><img decoding=\"async\" alt=\"\" src=\"https:\/\/www.entreculturas.org\/wp-content\/uploads\/2018\/12\/noun_gift_2091659.png\" style=\"width: 100px;height: 100px;border-width: 0px;border-style: solid;margin: 10px;float: left\"><strong>Islandia<\/strong><br \/>En Islandia no se celebra la Navidad propiamente dicha, sino las fiestas de Yule. La f\u00e1bula m\u00e1s importante es la llegada de los J\u00f3lasveinar, conocidos como los amigos de la Navidad que son los que reparten regalos a los ni\u00f1os y ni\u00f1as. Son los Pap\u00e1 Noel de Islandia y, de hecho, se le parecen mucho en aspecto. Se le considera hijo de dos troles que viven en las monta\u00f1as, y son conocidos por sus travesuras, como dar portazos y robar leche.<\/p>\n<p>&nbsp;<\/p>\n<p><img decoding=\"async\" alt=\"\" src=\"https:\/\/www.entreculturas.org\/wp-content\/uploads\/2018\/12\/noun_pickles_697126.png\" style=\"width: 100px;height: 100px;border-width: 0px;border-style: solid;margin: 10px;float: left\"><strong>Alemania<\/strong><br \/>Una curiosa tradici\u00f3n alemana consiste en decorar el \u00e1rbol de Navidad con nada m\u00e1s y nada menos que \u00a1pepinillos! Padres y madres esconden un adorno de pepinillos en el \u00e1rbol y el primer ni\u00f1o o ni\u00f1a que lo encuentra recibe un regalo especial.<\/p>\n<p>&nbsp;<\/p>\n<p>&nbsp;<\/p>\n<p><img decoding=\"async\" alt=\"\" src=\"https:\/\/www.entreculturas.org\/wp-content\/uploads\/2018\/12\/noun_caterpillar_139788.png\" style=\"width: 100px;height: 100px;border-width: 0px;border-style: solid;margin: 10px;float: left\"><strong>Sud\u00e1frica<\/strong><br \/>Muchas personas en Sud\u00e1frica esperan con ansias que llegue la navidad para comer un plato de orugas fritas. Espec\u00edficamente, la oruga del mopane se sirve con especias o decoraciones comestibles que las hacen parecer un poco m\u00e1s festivas y un poco menos espeluznantes.<\/p>\n<p>&nbsp;<\/p>\n<p>&nbsp;<\/p>\n<p>&nbsp;<\/p>\n<p>Adem\u00e1s de estas que provienen de diferentes pa\u00edses, desde el equipo de REDEC te proponemos que celebres la Navidad instaurando&nbsp;alguna otra tradici\u00f3n como escribir&nbsp;una breve nota a alguien importante para ti, regalar una sonrisa a una persona en dificultades, escribir&nbsp;tus pensamientos positivos y colocarlos a la vista de todos en la familia, el trabajo, los amigos o reunir&nbsp;a las tres personas m\u00e1s queridas y hacerles saber lo importantes que son para ti.&nbsp;<\/p>\n<p><strong>\u00bfQu\u00e9 otras maneras de celebrar la Navidad conoces o pones en pr\u00e1ctica?<\/strong>&nbsp; Te deseamos una muy Feliz Navidad intercultural.<\/p>\n","protected":false},"excerpt":{"rendered":"<p>La vida en s\u00ed es una fiesta que merece ser celebrada. Por m\u00e1s que los retos, la vertiginosidad, los cambios y transformaciones permanentes nos hagan pensar que no hay demasiado tiempo para dedicarnos a ello, lo cierto es que en momentos cumbres, hitos y en medio de grandes desaf\u00edos, el celebrar y festejar se convierte en una herramienta eficaz para la autoestima, la valoraci\u00f3n y la conjunci\u00f3n de almas que transitan juntas esta experiencia humana. De all\u00ed que celebrar constituye una de las principales columnas vertebrales del gozo, la conexi\u00f3n interna y con los dem\u00e1s, y de la din\u00e1mica de la plenitud existencial. El vocablo \u201ccelebrar\u201d tiene su origen en el lat\u00edn \u201ccelebrare\u201d, que significa \u201cacci\u00f3n de reunirse\u201d. En este sentido, la Navidad es una \u00e9poca del a\u00f1o cargada de tradiciones, celebraciones y buenos prop\u00f3sitos. Pero\u2026 \u00bfSab\u00edas qu\u00e9 cada regi\u00f3n del mundo tiene sus propias costumbres y particularidades? Estas diferentes [&hellip;]<\/p>\n","protected":false},"featured_media":2575,"template":"single-noticia","meta":{"_acf_changed":false},"categories":[7],"tags":[8],"country":[],"cause":[132],"class_list":["post-2579","noticia","type-noticia","status-publish","has-post-thumbnail","hentry","category-noticia","tag-participacion-y-ciudadania-global","cause-participacion-y-ciudadania-global"],"acf":[],"yoast_head":"<!-- This site is optimized with the Yoast SEO Premium plugin v21.6 (Yoast SEO v27.5) - https:\/\/yoast.com\/product\/yoast-seo-premium-wordpress\/ -->\n<title>\u00bfSab\u00edas que...? Una misma Navidad, multitud de celebraciones en todo el mundo - Entreculturas<\/title>\n<meta name=\"robots\" content=\"index, follow, max-snippet:-1, max-image-preview:large, max-video-preview:-1\" \/>\n<link rel=\"canonical\" href=\"https:\/\/www.entreculturas.org\/fr\/noticia\/sabias-que-una-misma-navidad-multitud-de-celebraciones-en-todo-el-mundo\/\" \/>\n<meta property=\"og:locale\" content=\"fr_FR\" \/>\n<meta property=\"og:type\" content=\"article\" \/>\n<meta property=\"og:title\" content=\"\u00bfSab\u00edas que...? Una misma Navidad, multitud de celebraciones en todo el mundo\" \/>\n<meta property=\"og:description\" content=\"La vida en s\u00ed es una fiesta que merece ser celebrada. Por m\u00e1s que los retos, la vertiginosidad, los cambios y transformaciones permanentes nos hagan pensar que no hay demasiado tiempo para dedicarnos a ello, lo cierto es que en momentos cumbres, hitos y en medio de grandes desaf\u00edos, el celebrar y festejar se convierte en una herramienta eficaz para la autoestima, la valoraci\u00f3n y la conjunci\u00f3n de almas que transitan juntas esta experiencia humana. De all\u00ed que celebrar constituye una de las principales columnas vertebrales del gozo, la conexi\u00f3n interna y con los dem\u00e1s, y de la din\u00e1mica de la plenitud existencial. El vocablo \u201ccelebrar\u201d tiene su origen en el lat\u00edn \u201ccelebrare\u201d, que significa \u201cacci\u00f3n de reunirse\u201d. En este sentido, la Navidad es una \u00e9poca del a\u00f1o cargada de tradiciones, celebraciones y buenos prop\u00f3sitos. Pero\u2026 \u00bfSab\u00edas qu\u00e9 cada regi\u00f3n del mundo tiene sus propias costumbres y particularidades? Estas diferentes [&hellip;]\" \/>\n<meta property=\"og:url\" content=\"https:\/\/www.entreculturas.org\/fr\/noticia\/sabias-que-una-misma-navidad-multitud-de-celebraciones-en-todo-el-mundo\/\" \/>\n<meta property=\"og:site_name\" content=\"Entreculturas\" \/>\n<meta property=\"article:publisher\" content=\"https:\/\/www.facebook.com\/entreculturas\" \/>\n<meta property=\"article:modified_time\" content=\"2024-02-06T08:17:36+00:00\" \/>\n<meta property=\"og:image\" content=\"https:\/\/www.entreculturas.org\/wp-content\/uploads\/2018\/12\/noun_roller_skating_37152.png\" \/>\n\t<meta property=\"og:image:width\" content=\"700\" \/>\n\t<meta property=\"og:image:height\" content=\"700\" \/>\n\t<meta property=\"og:image:type\" content=\"image\/png\" \/>\n<meta name=\"twitter:card\" content=\"summary_large_image\" \/>\n<meta name=\"twitter:site\" content=\"@Entreculturas\" \/>\n<script type=\"application\/ld+json\" class=\"yoast-schema-graph\">{\"@context\":\"https:\\\/\\\/schema.org\",\"@graph\":[{\"@type\":\"WebPage\",\"@id\":\"https:\\\/\\\/www.entreculturas.org\\\/fr\\\/noticia\\\/sabias-que-una-misma-navidad-multitud-de-celebraciones-en-todo-el-mundo\\\/\",\"url\":\"https:\\\/\\\/www.entreculturas.org\\\/fr\\\/noticia\\\/sabias-que-una-misma-navidad-multitud-de-celebraciones-en-todo-el-mundo\\\/\",\"name\":\"\u00bfSab\u00edas que...? Una misma Navidad, multitud de celebraciones en todo el mundo - Entreculturas\",\"isPartOf\":{\"@id\":\"https:\\\/\\\/www.entreculturas.org\\\/fr\\\/#website\"},\"primaryImageOfPage\":{\"@id\":\"https:\\\/\\\/www.entreculturas.org\\\/fr\\\/noticia\\\/sabias-que-una-misma-navidad-multitud-de-celebraciones-en-todo-el-mundo\\\/#primaryimage\"},\"image\":{\"@id\":\"https:\\\/\\\/www.entreculturas.org\\\/fr\\\/noticia\\\/sabias-que-una-misma-navidad-multitud-de-celebraciones-en-todo-el-mundo\\\/#primaryimage\"},\"thumbnailUrl\":\"https:\\\/\\\/www.entreculturas.org\\\/wp-content\\\/uploads\\\/2018\\\/12\\\/noun_roller_skating_37152.png\",\"datePublished\":\"2018-12-20T09:59:28+00:00\",\"dateModified\":\"2024-02-06T08:17:36+00:00\",\"breadcrumb\":{\"@id\":\"https:\\\/\\\/www.entreculturas.org\\\/fr\\\/noticia\\\/sabias-que-una-misma-navidad-multitud-de-celebraciones-en-todo-el-mundo\\\/#breadcrumb\"},\"inLanguage\":\"fr-FR\",\"potentialAction\":[{\"@type\":\"ReadAction\",\"target\":[\"https:\\\/\\\/www.entreculturas.org\\\/fr\\\/noticia\\\/sabias-que-una-misma-navidad-multitud-de-celebraciones-en-todo-el-mundo\\\/\"]}]},{\"@type\":\"ImageObject\",\"inLanguage\":\"fr-FR\",\"@id\":\"https:\\\/\\\/www.entreculturas.org\\\/fr\\\/noticia\\\/sabias-que-una-misma-navidad-multitud-de-celebraciones-en-todo-el-mundo\\\/#primaryimage\",\"url\":\"https:\\\/\\\/www.entreculturas.org\\\/wp-content\\\/uploads\\\/2018\\\/12\\\/noun_roller_skating_37152.png\",\"contentUrl\":\"https:\\\/\\\/www.entreculturas.org\\\/wp-content\\\/uploads\\\/2018\\\/12\\\/noun_roller_skating_37152.png\",\"width\":700,\"height\":700},{\"@type\":\"BreadcrumbList\",\"@id\":\"https:\\\/\\\/www.entreculturas.org\\\/fr\\\/noticia\\\/sabias-que-una-misma-navidad-multitud-de-celebraciones-en-todo-el-mundo\\\/#breadcrumb\",\"itemListElement\":[{\"@type\":\"ListItem\",\"position\":1,\"name\":\"Home\",\"item\":\"https:\\\/\\\/www.entreculturas.org\\\/fr\\\/\"},{\"@type\":\"ListItem\",\"position\":2,\"name\":\"Noticias\",\"item\":\"https:\\\/\\\/www.entreculturas.org\\\/fr\\\/noticias\\\/\"},{\"@type\":\"ListItem\",\"position\":3,\"name\":\"\u00bfSab\u00edas que&#8230;? Una misma Navidad, multitud de celebraciones en todo el mundo\"}]},{\"@type\":\"WebSite\",\"@id\":\"https:\\\/\\\/www.entreculturas.org\\\/fr\\\/#website\",\"url\":\"https:\\\/\\\/www.entreculturas.org\\\/fr\\\/\",\"name\":\"Entreculturas\",\"description\":\"\",\"publisher\":{\"@id\":\"https:\\\/\\\/www.entreculturas.org\\\/fr\\\/#organization\"},\"alternateName\":\"Entreculturas\",\"potentialAction\":[{\"@type\":\"SearchAction\",\"target\":{\"@type\":\"EntryPoint\",\"urlTemplate\":\"https:\\\/\\\/www.entreculturas.org\\\/fr\\\/?s={search_term_string}\"},\"query-input\":{\"@type\":\"PropertyValueSpecification\",\"valueRequired\":true,\"valueName\":\"search_term_string\"}}],\"inLanguage\":\"fr-FR\"},{\"@type\":\"Organization\",\"@id\":\"https:\\\/\\\/www.entreculturas.org\\\/fr\\\/#organization\",\"name\":\"Entreculturas\",\"url\":\"https:\\\/\\\/www.entreculturas.org\\\/fr\\\/\",\"logo\":{\"@type\":\"ImageObject\",\"inLanguage\":\"fr-FR\",\"@id\":\"https:\\\/\\\/www.entreculturas.org\\\/fr\\\/#\\\/schema\\\/logo\\\/image\\\/\",\"url\":\"https:\\\/\\\/www.entreculturas.org\\\/wp-content\\\/uploads\\\/2025\\\/10\\\/ESP.svg\",\"contentUrl\":\"https:\\\/\\\/www.entreculturas.org\\\/wp-content\\\/uploads\\\/2025\\\/10\\\/ESP.svg\",\"caption\":\"Entreculturas\"},\"image\":{\"@id\":\"https:\\\/\\\/www.entreculturas.org\\\/fr\\\/#\\\/schema\\\/logo\\\/image\\\/\"},\"sameAs\":[\"https:\\\/\\\/www.facebook.com\\\/entreculturas\",\"https:\\\/\\\/x.com\\\/Entreculturas\",\"https:\\\/\\\/www.instagram.com\\\/entreculturas\\\/\",\"https:\\\/\\\/www.youtube.com\\\/user\\\/entreculturasvideo\",\"https:\\\/\\\/www.linkedin.com\\\/company\\\/fundacion-entreculturas-ngdo\\\/\",\"https:\\\/\\\/www.flickr.com\\\/photos\\\/98455522@N04\\\/albums\\\/\"]}]}<\/script>\n<!-- \/ Yoast SEO Premium plugin. -->","yoast_head_json":{"title":"\u00bfSab\u00edas que...? Una misma Navidad, multitud de celebraciones en todo el mundo - Entreculturas","robots":{"index":"index","follow":"follow","max-snippet":"max-snippet:-1","max-image-preview":"max-image-preview:large","max-video-preview":"max-video-preview:-1"},"canonical":"https:\/\/www.entreculturas.org\/fr\/noticia\/sabias-que-una-misma-navidad-multitud-de-celebraciones-en-todo-el-mundo\/","og_locale":"fr_FR","og_type":"article","og_title":"\u00bfSab\u00edas que...? Una misma Navidad, multitud de celebraciones en todo el mundo","og_description":"La vida en s\u00ed es una fiesta que merece ser celebrada. Por m\u00e1s que los retos, la vertiginosidad, los cambios y transformaciones permanentes nos hagan pensar que no hay demasiado tiempo para dedicarnos a ello, lo cierto es que en momentos cumbres, hitos y en medio de grandes desaf\u00edos, el celebrar y festejar se convierte en una herramienta eficaz para la autoestima, la valoraci\u00f3n y la conjunci\u00f3n de almas que transitan juntas esta experiencia humana. De all\u00ed que celebrar constituye una de las principales columnas vertebrales del gozo, la conexi\u00f3n interna y con los dem\u00e1s, y de la din\u00e1mica de la plenitud existencial. El vocablo \u201ccelebrar\u201d tiene su origen en el lat\u00edn \u201ccelebrare\u201d, que significa \u201cacci\u00f3n de reunirse\u201d. En este sentido, la Navidad es una \u00e9poca del a\u00f1o cargada de tradiciones, celebraciones y buenos prop\u00f3sitos. Pero\u2026 \u00bfSab\u00edas qu\u00e9 cada regi\u00f3n del mundo tiene sus propias costumbres y particularidades? Estas diferentes [&hellip;]","og_url":"https:\/\/www.entreculturas.org\/fr\/noticia\/sabias-que-una-misma-navidad-multitud-de-celebraciones-en-todo-el-mundo\/","og_site_name":"Entreculturas","article_publisher":"https:\/\/www.facebook.com\/entreculturas","article_modified_time":"2024-02-06T08:17:36+00:00","og_image":[{"width":700,"height":700,"url":"https:\/\/www.entreculturas.org\/wp-content\/uploads\/2018\/12\/noun_roller_skating_37152.png","type":"image\/png"}],"twitter_card":"summary_large_image","twitter_site":"@Entreculturas","schema":{"@context":"https:\/\/schema.org","@graph":[{"@type":"WebPage","@id":"https:\/\/www.entreculturas.org\/fr\/noticia\/sabias-que-una-misma-navidad-multitud-de-celebraciones-en-todo-el-mundo\/","url":"https:\/\/www.entreculturas.org\/fr\/noticia\/sabias-que-una-misma-navidad-multitud-de-celebraciones-en-todo-el-mundo\/","name":"\u00bfSab\u00edas que...? Una misma Navidad, multitud de celebraciones en todo el mundo - Entreculturas","isPartOf":{"@id":"https:\/\/www.entreculturas.org\/fr\/#website"},"primaryImageOfPage":{"@id":"https:\/\/www.entreculturas.org\/fr\/noticia\/sabias-que-una-misma-navidad-multitud-de-celebraciones-en-todo-el-mundo\/#primaryimage"},"image":{"@id":"https:\/\/www.entreculturas.org\/fr\/noticia\/sabias-que-una-misma-navidad-multitud-de-celebraciones-en-todo-el-mundo\/#primaryimage"},"thumbnailUrl":"https:\/\/www.entreculturas.org\/wp-content\/uploads\/2018\/12\/noun_roller_skating_37152.png","datePublished":"2018-12-20T09:59:28+00:00","dateModified":"2024-02-06T08:17:36+00:00","breadcrumb":{"@id":"https:\/\/www.entreculturas.org\/fr\/noticia\/sabias-que-una-misma-navidad-multitud-de-celebraciones-en-todo-el-mundo\/#breadcrumb"},"inLanguage":"fr-FR","potentialAction":[{"@type":"ReadAction","target":["https:\/\/www.entreculturas.org\/fr\/noticia\/sabias-que-una-misma-navidad-multitud-de-celebraciones-en-todo-el-mundo\/"]}]},{"@type":"ImageObject","inLanguage":"fr-FR","@id":"https:\/\/www.entreculturas.org\/fr\/noticia\/sabias-que-una-misma-navidad-multitud-de-celebraciones-en-todo-el-mundo\/#primaryimage","url":"https:\/\/www.entreculturas.org\/wp-content\/uploads\/2018\/12\/noun_roller_skating_37152.png","contentUrl":"https:\/\/www.entreculturas.org\/wp-content\/uploads\/2018\/12\/noun_roller_skating_37152.png","width":700,"height":700},{"@type":"BreadcrumbList","@id":"https:\/\/www.entreculturas.org\/fr\/noticia\/sabias-que-una-misma-navidad-multitud-de-celebraciones-en-todo-el-mundo\/#breadcrumb","itemListElement":[{"@type":"ListItem","position":1,"name":"Home","item":"https:\/\/www.entreculturas.org\/fr\/"},{"@type":"ListItem","position":2,"name":"Noticias","item":"https:\/\/www.entreculturas.org\/fr\/noticias\/"},{"@type":"ListItem","position":3,"name":"\u00bfSab\u00edas que&#8230;? Una misma Navidad, multitud de celebraciones en todo el mundo"}]},{"@type":"WebSite","@id":"https:\/\/www.entreculturas.org\/fr\/#website","url":"https:\/\/www.entreculturas.org\/fr\/","name":"Entreculturas","description":"","publisher":{"@id":"https:\/\/www.entreculturas.org\/fr\/#organization"},"alternateName":"Entreculturas","potentialAction":[{"@type":"SearchAction","target":{"@type":"EntryPoint","urlTemplate":"https:\/\/www.entreculturas.org\/fr\/?s={search_term_string}"},"query-input":{"@type":"PropertyValueSpecification","valueRequired":true,"valueName":"search_term_string"}}],"inLanguage":"fr-FR"},{"@type":"Organization","@id":"https:\/\/www.entreculturas.org\/fr\/#organization","name":"Entreculturas","url":"https:\/\/www.entreculturas.org\/fr\/","logo":{"@type":"ImageObject","inLanguage":"fr-FR","@id":"https:\/\/www.entreculturas.org\/fr\/#\/schema\/logo\/image\/","url":"https:\/\/www.entreculturas.org\/wp-content\/uploads\/2025\/10\/ESP.svg","contentUrl":"https:\/\/www.entreculturas.org\/wp-content\/uploads\/2025\/10\/ESP.svg","caption":"Entreculturas"},"image":{"@id":"https:\/\/www.entreculturas.org\/fr\/#\/schema\/logo\/image\/"},"sameAs":["https:\/\/www.facebook.com\/entreculturas","https:\/\/x.com\/Entreculturas","https:\/\/www.instagram.com\/entreculturas\/","https:\/\/www.youtube.com\/user\/entreculturasvideo","https:\/\/www.linkedin.com\/company\/fundacion-entreculturas-ngdo\/","https:\/\/www.flickr.com\/photos\/98455522@N04\/albums\/"]}]}},"_links":{"self":[{"href":"https:\/\/www.entreculturas.org\/fr\/wp-json\/wp\/v2\/noticia\/2579","targetHints":{"allow":["GET"]}}],"collection":[{"href":"https:\/\/www.entreculturas.org\/fr\/wp-json\/wp\/v2\/noticia"}],"about":[{"href":"https:\/\/www.entreculturas.org\/fr\/wp-json\/wp\/v2\/types\/noticia"}],"wp:featuredmedia":[{"embeddable":true,"href":"https:\/\/www.entreculturas.org\/fr\/wp-json\/wp\/v2\/media\/2575"}],"wp:attachment":[{"href":"https:\/\/www.entreculturas.org\/fr\/wp-json\/wp\/v2\/media?parent=2579"}],"wp:term":[{"taxonomy":"category","embeddable":true,"href":"https:\/\/www.entreculturas.org\/fr\/wp-json\/wp\/v2\/categories?post=2579"},{"taxonomy":"post_tag","embeddable":true,"href":"https:\/\/www.entreculturas.org\/fr\/wp-json\/wp\/v2\/tags?post=2579"},{"taxonomy":"country","embeddable":true,"href":"https:\/\/www.entreculturas.org\/fr\/wp-json\/wp\/v2\/country?post=2579"},{"taxonomy":"cause","embeddable":true,"href":"https:\/\/www.entreculturas.org\/fr\/wp-json\/wp\/v2\/cause?post=2579"}],"curies":[{"name":"wp","href":"https:\/\/api.w.org\/{rel}","templated":true}]}}