{"id":25760,"date":"2024-06-11T17:13:35","date_gmt":"2024-06-11T15:13:35","guid":{"rendered":"https:\/\/www.entreculturas.org\/?post_type=noticia&#038;p=25760"},"modified":"2024-06-12T10:33:13","modified_gmt":"2024-06-12T08:33:13","slug":"agua-limpia-escuela-oscar-romero-en-ecuador","status":"publish","type":"noticia","link":"https:\/\/www.entreculturas.org\/fr\/noticia\/agua-limpia-escuela-oscar-romero-en-ecuador\/","title":{"rendered":"Agua limpia para docentes y alumnado de la escuela de Fe y Alegr\u00eda \u00d3scar Romero, en Ecuador"},"content":{"rendered":"\n<p>Situado en la Provincia de Orellana, en la regi\u00f3n amaz\u00f3nica de Ecuador, el centro educativo \u00d3scar Romero era uno m\u00e1s de los afectados por el <strong>agua contaminada, una problem\u00e1tica que perjudica a unos 5 millones de habitantes del pa\u00eds<\/strong>. Alrededor del 20,7% del l\u00edquido vital que se consume en Ecuador est\u00e1 contaminado con heces fecales. As\u00ed lo refleja el primer estudio de Agua, Saneamiento e Higiene del Ecuador realizado por el Instituto Nacional de Estad\u00edstica y Censos (INEC).<\/p>\n\n\n\n<p><\/p>\n\n\n\n<figure class=\"wp-block-image aligncenter size-full\"><img decoding=\"async\" width=\"1000\" height=\"667\" src=\"https:\/\/www.entreculturas.org\/wp-content\/uploads\/2024\/06\/agua-potable-escuela-ecuador.jpg\" alt=\"\" class=\"wp-image-25762\" srcset=\"https:\/\/www.entreculturas.org\/wp-content\/uploads\/2024\/06\/agua-potable-escuela-ecuador.jpg 1000w, https:\/\/www.entreculturas.org\/wp-content\/uploads\/2024\/06\/agua-potable-escuela-ecuador-300x200.jpg 300w, https:\/\/www.entreculturas.org\/wp-content\/uploads\/2024\/06\/agua-potable-escuela-ecuador-768x512.jpg 768w\" sizes=\"(max-width: 1000px) 100vw, 1000px\" \/><\/figure>\n\n\n\n<p><\/p>\n\n\n\n<p>Esta alta contaminaci\u00f3n del agua en Ecuador se debe a <strong>varios factores<\/strong>: vertidos y derrames de la industria petrolera, falta de recursos para una correcta canalizaci\u00f3n de los desechos y desconocimiento sobre los m\u00e9todos de conservaci\u00f3n y uso adecuado del agua.<\/p>\n\n\n\n<p><\/p>\n\n\n\n<figure class=\"wp-block-image aligncenter size-full\"><img decoding=\"async\" width=\"1000\" height=\"455\" src=\"https:\/\/www.entreculturas.org\/wp-content\/uploads\/2024\/06\/bebedero-agua-potable-escuela-ecuador.jpg\" alt=\"\" class=\"wp-image-25766\" srcset=\"https:\/\/www.entreculturas.org\/wp-content\/uploads\/2024\/06\/bebedero-agua-potable-escuela-ecuador.jpg 1000w, https:\/\/www.entreculturas.org\/wp-content\/uploads\/2024\/06\/bebedero-agua-potable-escuela-ecuador-300x137.jpg 300w, https:\/\/www.entreculturas.org\/wp-content\/uploads\/2024\/06\/bebedero-agua-potable-escuela-ecuador-768x349.jpg 768w\" sizes=\"(max-width: 1000px) 100vw, 1000px\" \/><\/figure>\n\n\n\n<p><\/p>\n\n\n\n<p>Gracias al proyecto \u201cMejora del sistema de abastecimiento, almacenamiento y purificaci\u00f3n del agua\u201d, apoyado por el <strong>Ayuntamiento de Valladolid<\/strong>, cerca de 1.500 alumnos y alumnas y 60 docentes no solo han reducido los riesgos de salud a los que estaban expuestos por consumir agua sin tratar, sino que han adquirido conocimientos y buenos h\u00e1bitos para la gesti\u00f3n del agua. Adem\u00e1s, las cerca de 950 familias que integran la comunidad en la que se inserta el centro educativo tambi\u00e9n se ver\u00e1n beneficiadas por esta intervenci\u00f3n.<\/p>\n\n\n\n<p><\/p>\n\n\n\n<figure class=\"wp-block-image aligncenter size-full\"><img decoding=\"async\" width=\"1000\" height=\"483\" src=\"https:\/\/www.entreculturas.org\/wp-content\/uploads\/2024\/06\/sistema-potabilizacion-agua-ecuador.jpg\" alt=\"\" class=\"wp-image-25770\" srcset=\"https:\/\/www.entreculturas.org\/wp-content\/uploads\/2024\/06\/sistema-potabilizacion-agua-ecuador.jpg 1000w, https:\/\/www.entreculturas.org\/wp-content\/uploads\/2024\/06\/sistema-potabilizacion-agua-ecuador-300x145.jpg 300w, https:\/\/www.entreculturas.org\/wp-content\/uploads\/2024\/06\/sistema-potabilizacion-agua-ecuador-768x371.jpg 768w\" sizes=\"(max-width: 1000px) 100vw, 1000px\" \/><\/figure>\n\n\n\n<p><\/p>\n\n\n\n<p>El proyecto se ha desarrollado a lo largo de 1 a\u00f1o y ha implicado una inversi\u00f3n de 17.826,37\u20ac.<\/p>\n\n\n\n<p><\/p>\n\n\n\n<figure class=\"wp-block-image size-full\"><img decoding=\"async\" width=\"350\" height=\"102\" src=\"https:\/\/www.entreculturas.org\/wp-content\/uploads\/2024\/06\/logotipo-ayto-valladolid.jpg\" alt=\"\" class=\"wp-image-25774\" srcset=\"https:\/\/www.entreculturas.org\/wp-content\/uploads\/2024\/06\/logotipo-ayto-valladolid.jpg 350w, https:\/\/www.entreculturas.org\/wp-content\/uploads\/2024\/06\/logotipo-ayto-valladolid-300x87.jpg 300w\" sizes=\"(max-width: 350px) 100vw, 350px\" \/><\/figure>\n","protected":false},"excerpt":{"rendered":"<p>Situado en la Provincia de Orellana, en la regi\u00f3n amaz\u00f3nica de Ecuador, el centro educativo \u00d3scar Romero era uno m\u00e1s de los afectados por el agua contaminada, una problem\u00e1tica que perjudica a unos 5 millones de habitantes del pa\u00eds. Alrededor del 20,7% del l\u00edquido vital que se consume en Ecuador est\u00e1 contaminado con heces fecales. As\u00ed lo refleja el primer estudio de Agua, Saneamiento e Higiene del Ecuador realizado por el Instituto Nacional de Estad\u00edstica y Censos (INEC). Esta alta contaminaci\u00f3n del agua en Ecuador se debe a varios factores: vertidos y derrames de la industria petrolera, falta de recursos para una correcta canalizaci\u00f3n de los desechos y desconocimiento sobre los m\u00e9todos de conservaci\u00f3n y uso adecuado del agua. Gracias al proyecto \u201cMejora del sistema de abastecimiento, almacenamiento y purificaci\u00f3n del agua\u201d, apoyado por el Ayuntamiento de Valladolid, cerca de 1.500 alumnos y alumnas y 60 docentes no solo han [&hellip;]<\/p>\n","protected":false},"featured_media":25778,"template":"","meta":{"_acf_changed":false},"categories":[7],"tags":[256],"country":[119],"cause":[128,131],"class_list":["post-25760","noticia","type-noticia","status-publish","has-post-thumbnail","hentry","category-noticia","tag-justicia-socioambiental","country-ecuador","cause-educacion","cause-justicia-medioambiental"],"acf":[],"yoast_head":"<!-- This site is optimized with the Yoast SEO Premium plugin v21.6 (Yoast SEO v27.5) - https:\/\/yoast.com\/product\/yoast-seo-premium-wordpress\/ -->\n<title>Agua limpia para docentes y alumnado de la escuela de Fe y Alegr\u00eda \u00d3scar Romero, en Ecuador - Entreculturas<\/title>\n<meta name=\"description\" content=\"Los ni\u00f1os y ni\u00f1as del centro educativo \u00d3scar Romero, de Fe y Alegr\u00eda en Ecuador, ahora pueden disfrutar de agua limpia.\" \/>\n<meta name=\"robots\" content=\"index, follow, max-snippet:-1, max-image-preview:large, max-video-preview:-1\" \/>\n<link rel=\"canonical\" href=\"https:\/\/www.entreculturas.org\/fr\/noticia\/agua-limpia-escuela-oscar-romero-en-ecuador\/\" \/>\n<meta property=\"og:locale\" content=\"fr_FR\" \/>\n<meta property=\"og:type\" content=\"article\" \/>\n<meta property=\"og:title\" content=\"Agua limpia para docentes y alumnado de la escuela de Fe y Alegr\u00eda \u00d3scar Romero, en Ecuador\" \/>\n<meta property=\"og:description\" content=\"Los ni\u00f1os y ni\u00f1as del centro educativo \u00d3scar Romero, de Fe y Alegr\u00eda en Ecuador, ahora pueden disfrutar de agua limpia.\" \/>\n<meta property=\"og:url\" content=\"https:\/\/www.entreculturas.org\/fr\/noticia\/agua-limpia-escuela-oscar-romero-en-ecuador\/\" \/>\n<meta property=\"og:site_name\" content=\"Entreculturas\" \/>\n<meta property=\"article:publisher\" content=\"https:\/\/www.facebook.com\/entreculturas\" \/>\n<meta property=\"article:modified_time\" content=\"2024-06-12T08:33:13+00:00\" \/>\n<meta property=\"og:image\" content=\"https:\/\/www.entreculturas.org\/wp-content\/uploads\/2024\/06\/alumna-lavando-manos-agua-limpia-ecuador.jpg\" \/>\n\t<meta property=\"og:image:width\" content=\"1200\" \/>\n\t<meta property=\"og:image:height\" content=\"800\" \/>\n\t<meta property=\"og:image:type\" content=\"image\/jpeg\" \/>\n<meta name=\"twitter:card\" content=\"summary_large_image\" \/>\n<meta name=\"twitter:site\" content=\"@Entreculturas\" \/>\n<script type=\"application\/ld+json\" class=\"yoast-schema-graph\">{\"@context\":\"https:\\\/\\\/schema.org\",\"@graph\":[{\"@type\":\"WebPage\",\"@id\":\"https:\\\/\\\/www.entreculturas.org\\\/fr\\\/noticia\\\/agua-limpia-escuela-oscar-romero-en-ecuador\\\/\",\"url\":\"https:\\\/\\\/www.entreculturas.org\\\/fr\\\/noticia\\\/agua-limpia-escuela-oscar-romero-en-ecuador\\\/\",\"name\":\"Agua limpia para docentes y alumnado de la escuela de Fe y Alegr\u00eda \u00d3scar Romero, en Ecuador - Entreculturas\",\"isPartOf\":{\"@id\":\"https:\\\/\\\/www.entreculturas.org\\\/fr\\\/#website\"},\"primaryImageOfPage\":{\"@id\":\"https:\\\/\\\/www.entreculturas.org\\\/fr\\\/noticia\\\/agua-limpia-escuela-oscar-romero-en-ecuador\\\/#primaryimage\"},\"image\":{\"@id\":\"https:\\\/\\\/www.entreculturas.org\\\/fr\\\/noticia\\\/agua-limpia-escuela-oscar-romero-en-ecuador\\\/#primaryimage\"},\"thumbnailUrl\":\"https:\\\/\\\/www.entreculturas.org\\\/wp-content\\\/uploads\\\/2024\\\/06\\\/alumna-lavando-manos-agua-limpia-ecuador.jpg\",\"datePublished\":\"2024-06-11T15:13:35+00:00\",\"dateModified\":\"2024-06-12T08:33:13+00:00\",\"description\":\"Los ni\u00f1os y ni\u00f1as del centro educativo \u00d3scar Romero, de Fe y Alegr\u00eda en Ecuador, ahora pueden disfrutar de agua limpia.\",\"breadcrumb\":{\"@id\":\"https:\\\/\\\/www.entreculturas.org\\\/fr\\\/noticia\\\/agua-limpia-escuela-oscar-romero-en-ecuador\\\/#breadcrumb\"},\"inLanguage\":\"fr-FR\",\"potentialAction\":[{\"@type\":\"ReadAction\",\"target\":[\"https:\\\/\\\/www.entreculturas.org\\\/fr\\\/noticia\\\/agua-limpia-escuela-oscar-romero-en-ecuador\\\/\"]}]},{\"@type\":\"ImageObject\",\"inLanguage\":\"fr-FR\",\"@id\":\"https:\\\/\\\/www.entreculturas.org\\\/fr\\\/noticia\\\/agua-limpia-escuela-oscar-romero-en-ecuador\\\/#primaryimage\",\"url\":\"https:\\\/\\\/www.entreculturas.org\\\/wp-content\\\/uploads\\\/2024\\\/06\\\/alumna-lavando-manos-agua-limpia-ecuador.jpg\",\"contentUrl\":\"https:\\\/\\\/www.entreculturas.org\\\/wp-content\\\/uploads\\\/2024\\\/06\\\/alumna-lavando-manos-agua-limpia-ecuador.jpg\",\"width\":1200,\"height\":800,\"caption\":\"agua limpia\"},{\"@type\":\"BreadcrumbList\",\"@id\":\"https:\\\/\\\/www.entreculturas.org\\\/fr\\\/noticia\\\/agua-limpia-escuela-oscar-romero-en-ecuador\\\/#breadcrumb\",\"itemListElement\":[{\"@type\":\"ListItem\",\"position\":1,\"name\":\"Home\",\"item\":\"https:\\\/\\\/www.entreculturas.org\\\/fr\\\/\"},{\"@type\":\"ListItem\",\"position\":2,\"name\":\"Noticias\",\"item\":\"https:\\\/\\\/www.entreculturas.org\\\/fr\\\/noticias\\\/\"},{\"@type\":\"ListItem\",\"position\":3,\"name\":\"Agua limpia para docentes y alumnado de la escuela de Fe y Alegr\u00eda \u00d3scar Romero, en Ecuador\"}]},{\"@type\":\"WebSite\",\"@id\":\"https:\\\/\\\/www.entreculturas.org\\\/fr\\\/#website\",\"url\":\"https:\\\/\\\/www.entreculturas.org\\\/fr\\\/\",\"name\":\"Entreculturas\",\"description\":\"\",\"publisher\":{\"@id\":\"https:\\\/\\\/www.entreculturas.org\\\/fr\\\/#organization\"},\"alternateName\":\"Entreculturas\",\"potentialAction\":[{\"@type\":\"SearchAction\",\"target\":{\"@type\":\"EntryPoint\",\"urlTemplate\":\"https:\\\/\\\/www.entreculturas.org\\\/fr\\\/?s={search_term_string}\"},\"query-input\":{\"@type\":\"PropertyValueSpecification\",\"valueRequired\":true,\"valueName\":\"search_term_string\"}}],\"inLanguage\":\"fr-FR\"},{\"@type\":\"Organization\",\"@id\":\"https:\\\/\\\/www.entreculturas.org\\\/fr\\\/#organization\",\"name\":\"Entreculturas\",\"url\":\"https:\\\/\\\/www.entreculturas.org\\\/fr\\\/\",\"logo\":{\"@type\":\"ImageObject\",\"inLanguage\":\"fr-FR\",\"@id\":\"https:\\\/\\\/www.entreculturas.org\\\/fr\\\/#\\\/schema\\\/logo\\\/image\\\/\",\"url\":\"https:\\\/\\\/www.entreculturas.org\\\/wp-content\\\/uploads\\\/2025\\\/10\\\/ESP.svg\",\"contentUrl\":\"https:\\\/\\\/www.entreculturas.org\\\/wp-content\\\/uploads\\\/2025\\\/10\\\/ESP.svg\",\"caption\":\"Entreculturas\"},\"image\":{\"@id\":\"https:\\\/\\\/www.entreculturas.org\\\/fr\\\/#\\\/schema\\\/logo\\\/image\\\/\"},\"sameAs\":[\"https:\\\/\\\/www.facebook.com\\\/entreculturas\",\"https:\\\/\\\/x.com\\\/Entreculturas\",\"https:\\\/\\\/www.instagram.com\\\/entreculturas\\\/\",\"https:\\\/\\\/www.youtube.com\\\/user\\\/entreculturasvideo\",\"https:\\\/\\\/www.linkedin.com\\\/company\\\/fundacion-entreculturas-ngdo\\\/\",\"https:\\\/\\\/www.flickr.com\\\/photos\\\/98455522@N04\\\/albums\\\/\"]}]}<\/script>\n<!-- \/ Yoast SEO Premium plugin. -->","yoast_head_json":{"title":"Agua limpia para docentes y alumnado de la escuela de Fe y Alegr\u00eda \u00d3scar Romero, en Ecuador - Entreculturas","description":"Los ni\u00f1os y ni\u00f1as del centro educativo \u00d3scar Romero, de Fe y Alegr\u00eda en Ecuador, ahora pueden disfrutar de agua limpia.","robots":{"index":"index","follow":"follow","max-snippet":"max-snippet:-1","max-image-preview":"max-image-preview:large","max-video-preview":"max-video-preview:-1"},"canonical":"https:\/\/www.entreculturas.org\/fr\/noticia\/agua-limpia-escuela-oscar-romero-en-ecuador\/","og_locale":"fr_FR","og_type":"article","og_title":"Agua limpia para docentes y alumnado de la escuela de Fe y Alegr\u00eda \u00d3scar Romero, en Ecuador","og_description":"Los ni\u00f1os y ni\u00f1as del centro educativo \u00d3scar Romero, de Fe y Alegr\u00eda en Ecuador, ahora pueden disfrutar de agua limpia.","og_url":"https:\/\/www.entreculturas.org\/fr\/noticia\/agua-limpia-escuela-oscar-romero-en-ecuador\/","og_site_name":"Entreculturas","article_publisher":"https:\/\/www.facebook.com\/entreculturas","article_modified_time":"2024-06-12T08:33:13+00:00","og_image":[{"width":1200,"height":800,"url":"https:\/\/www.entreculturas.org\/wp-content\/uploads\/2024\/06\/alumna-lavando-manos-agua-limpia-ecuador.jpg","type":"image\/jpeg"}],"twitter_card":"summary_large_image","twitter_site":"@Entreculturas","schema":{"@context":"https:\/\/schema.org","@graph":[{"@type":"WebPage","@id":"https:\/\/www.entreculturas.org\/fr\/noticia\/agua-limpia-escuela-oscar-romero-en-ecuador\/","url":"https:\/\/www.entreculturas.org\/fr\/noticia\/agua-limpia-escuela-oscar-romero-en-ecuador\/","name":"Agua limpia para docentes y alumnado de la escuela de Fe y Alegr\u00eda \u00d3scar Romero, en Ecuador - Entreculturas","isPartOf":{"@id":"https:\/\/www.entreculturas.org\/fr\/#website"},"primaryImageOfPage":{"@id":"https:\/\/www.entreculturas.org\/fr\/noticia\/agua-limpia-escuela-oscar-romero-en-ecuador\/#primaryimage"},"image":{"@id":"https:\/\/www.entreculturas.org\/fr\/noticia\/agua-limpia-escuela-oscar-romero-en-ecuador\/#primaryimage"},"thumbnailUrl":"https:\/\/www.entreculturas.org\/wp-content\/uploads\/2024\/06\/alumna-lavando-manos-agua-limpia-ecuador.jpg","datePublished":"2024-06-11T15:13:35+00:00","dateModified":"2024-06-12T08:33:13+00:00","description":"Los ni\u00f1os y ni\u00f1as del centro educativo \u00d3scar Romero, de Fe y Alegr\u00eda en Ecuador, ahora pueden disfrutar de agua limpia.","breadcrumb":{"@id":"https:\/\/www.entreculturas.org\/fr\/noticia\/agua-limpia-escuela-oscar-romero-en-ecuador\/#breadcrumb"},"inLanguage":"fr-FR","potentialAction":[{"@type":"ReadAction","target":["https:\/\/www.entreculturas.org\/fr\/noticia\/agua-limpia-escuela-oscar-romero-en-ecuador\/"]}]},{"@type":"ImageObject","inLanguage":"fr-FR","@id":"https:\/\/www.entreculturas.org\/fr\/noticia\/agua-limpia-escuela-oscar-romero-en-ecuador\/#primaryimage","url":"https:\/\/www.entreculturas.org\/wp-content\/uploads\/2024\/06\/alumna-lavando-manos-agua-limpia-ecuador.jpg","contentUrl":"https:\/\/www.entreculturas.org\/wp-content\/uploads\/2024\/06\/alumna-lavando-manos-agua-limpia-ecuador.jpg","width":1200,"height":800,"caption":"agua limpia"},{"@type":"BreadcrumbList","@id":"https:\/\/www.entreculturas.org\/fr\/noticia\/agua-limpia-escuela-oscar-romero-en-ecuador\/#breadcrumb","itemListElement":[{"@type":"ListItem","position":1,"name":"Home","item":"https:\/\/www.entreculturas.org\/fr\/"},{"@type":"ListItem","position":2,"name":"Noticias","item":"https:\/\/www.entreculturas.org\/fr\/noticias\/"},{"@type":"ListItem","position":3,"name":"Agua limpia para docentes y alumnado de la escuela de Fe y Alegr\u00eda \u00d3scar Romero, en Ecuador"}]},{"@type":"WebSite","@id":"https:\/\/www.entreculturas.org\/fr\/#website","url":"https:\/\/www.entreculturas.org\/fr\/","name":"Entreculturas","description":"","publisher":{"@id":"https:\/\/www.entreculturas.org\/fr\/#organization"},"alternateName":"Entreculturas","potentialAction":[{"@type":"SearchAction","target":{"@type":"EntryPoint","urlTemplate":"https:\/\/www.entreculturas.org\/fr\/?s={search_term_string}"},"query-input":{"@type":"PropertyValueSpecification","valueRequired":true,"valueName":"search_term_string"}}],"inLanguage":"fr-FR"},{"@type":"Organization","@id":"https:\/\/www.entreculturas.org\/fr\/#organization","name":"Entreculturas","url":"https:\/\/www.entreculturas.org\/fr\/","logo":{"@type":"ImageObject","inLanguage":"fr-FR","@id":"https:\/\/www.entreculturas.org\/fr\/#\/schema\/logo\/image\/","url":"https:\/\/www.entreculturas.org\/wp-content\/uploads\/2025\/10\/ESP.svg","contentUrl":"https:\/\/www.entreculturas.org\/wp-content\/uploads\/2025\/10\/ESP.svg","caption":"Entreculturas"},"image":{"@id":"https:\/\/www.entreculturas.org\/fr\/#\/schema\/logo\/image\/"},"sameAs":["https:\/\/www.facebook.com\/entreculturas","https:\/\/x.com\/Entreculturas","https:\/\/www.instagram.com\/entreculturas\/","https:\/\/www.youtube.com\/user\/entreculturasvideo","https:\/\/www.linkedin.com\/company\/fundacion-entreculturas-ngdo\/","https:\/\/www.flickr.com\/photos\/98455522@N04\/albums\/"]}]}},"_links":{"self":[{"href":"https:\/\/www.entreculturas.org\/fr\/wp-json\/wp\/v2\/noticia\/25760","targetHints":{"allow":["GET"]}}],"collection":[{"href":"https:\/\/www.entreculturas.org\/fr\/wp-json\/wp\/v2\/noticia"}],"about":[{"href":"https:\/\/www.entreculturas.org\/fr\/wp-json\/wp\/v2\/types\/noticia"}],"wp:featuredmedia":[{"embeddable":true,"href":"https:\/\/www.entreculturas.org\/fr\/wp-json\/wp\/v2\/media\/25778"}],"wp:attachment":[{"href":"https:\/\/www.entreculturas.org\/fr\/wp-json\/wp\/v2\/media?parent=25760"}],"wp:term":[{"taxonomy":"category","embeddable":true,"href":"https:\/\/www.entreculturas.org\/fr\/wp-json\/wp\/v2\/categories?post=25760"},{"taxonomy":"post_tag","embeddable":true,"href":"https:\/\/www.entreculturas.org\/fr\/wp-json\/wp\/v2\/tags?post=25760"},{"taxonomy":"country","embeddable":true,"href":"https:\/\/www.entreculturas.org\/fr\/wp-json\/wp\/v2\/country?post=25760"},{"taxonomy":"cause","embeddable":true,"href":"https:\/\/www.entreculturas.org\/fr\/wp-json\/wp\/v2\/cause?post=25760"}],"curies":[{"name":"wp","href":"https:\/\/api.w.org\/{rel}","templated":true}]}}