{"id":2367,"date":"2018-11-27T14:46:18","date_gmt":"2018-11-27T14:46:18","guid":{"rendered":"https:\/\/entreculturasi.wpenginepowered.com\/?noticias=estrategia-de-infancia-de-la-cooperacion-espanola-hagamosla-realidad"},"modified":"2023-12-18T10:34:00","modified_gmt":"2023-12-18T09:34:00","slug":"estrategia-de-infancia-de-la-cooperacion-espanola-hagamosla-realidad","status":"publish","type":"noticia","link":"https:\/\/www.entreculturas.org\/fr\/noticia\/estrategia-de-infancia-de-la-cooperacion-espanola-hagamosla-realidad\/","title":{"rendered":"Estrategia de Infancia de la Cooperaci\u00f3n Espa\u00f1ola: hag\u00e1mosla realidad"},"content":{"rendered":"<p>La Sala Campoamor, del Congreso de los Diputados, ha sido testigo esta ma\u00f1ana del compromiso un\u00e1nime de todos los grupos parlamentarios de situar a la infancia en el centro de la cooperaci\u00f3n espa\u00f1ola. Lo han hecho frente a las ONG que integramos el Grupo Conjunto de Infancia y Cooperaci\u00f3n en un espacio de di\u00e1logo en el que las organizaciones hemos presentado una Proposici\u00f3n No de Ley (PNL) para reactivar la Estrategia de Infancia aprobada en 2014.<\/p>\n<p>\u00ab\u00a0Hacer realidad la Estrategia implica dos cosas: un trabajo en red intersectorial y una pol\u00edtica de cooperaci\u00f3n seria, p\u00fablica, de calidad y que contemple los recursos suficientes\u00a0\u00bb, ha afirmado&nbsp;<strong>Irene Ortega, Vocal de Incidencia Social de la Junta de Gobierno de la Coordinadora de ONGD de Espa\u00f1a<\/strong>&nbsp;y Coordinadora del \u00c1rea de Ciudadan\u00eda en Entreculturas.<\/p>\n<\/p>\n<p>En 2014 Espa\u00f1a reafirm\u00f3 su compromiso con la infancia mediante la aprobaci\u00f3n de la&nbsp;<strong>Estrategia de Infancia de la Cooperaci\u00f3n Espa\u00f1ola<\/strong>. Fue un avance indudable, pero este hito coincidi\u00f3 con el comienzo de una etapa de ca\u00edda presupuestaria que complic\u00f3 la adopci\u00f3n de medidas concretas para su implementaci\u00f3n.&nbsp;<\/p>\n<p>El&nbsp;<strong>V Plan Director de la Cooperaci\u00f3n Espa\u00f1ola 2018-2021<\/strong>&nbsp;ha dado algunos pasos en esta l\u00ednea y representa una ocasi\u00f3n \u00fanica para seguir fortaleciendo el nivel de prioridad que se le otorga a la infancia. Es el momento de dar un paso m\u00e1s para garantizar que la Estrategia de Infancia se vea reflejada en la pol\u00edtica de cooperaci\u00f3n que efect\u00faan las Administraciones P\u00fablicas Espa\u00f1olas y otros actores especializados.&nbsp;<\/p>\n<p>En este contexto, las organizaciones que conformamos el&nbsp;<strong>Grupo Conjunto de Infancia y Cooperaci\u00f3n*<\/strong>&nbsp;hemos visto pertinente promover un espacio de di\u00e1logo pol\u00edtico con los representantes de los grupos parlamentarios y de la Administraci\u00f3n del Estado competente, de cara a poner en marcha los mecanismos para implementar la Estrategia de Infancia.&nbsp;<\/p>\n<p>La jornada, titulada&nbsp;<strong>\u201cEstrategia de Infancia de la Cooperaci\u00f3n Espa\u00f1ola: hag\u00e1mosla realidad\u201d<\/strong>, ha contado con la participaci\u00f3n de los portavoces del PP, PSOE, Podemos, Ciudadanos y ERC en la Comisi\u00f3n de Cooperaci\u00f3n Internacional (Jos\u00e9 Mar\u00eda Chiquillo, Carlota Merch\u00e1n, Noelia Vera, Fernando Maura y Carolina Telechea, respectivamente), que han coincidido en la necesidad de aumentar los fondos destinados a la AOD y han reafirmado su compromiso para colocar a la infancia en el foco de las pol\u00edticas en este \u00e1mbito.<\/p>\n<p><img decoding=\"async\" alt=\"\" height=\"533\" src=\"https:\/\/www.entreculturas.org\/wp-content\/uploads\/2018\/11\/pnl-grupo-infancia-congreso-politicos.jpg\" width=\"800\"><\/p>\n<p>Tambi\u00e9n desde el Gobierno, el&nbsp;<strong>director general de Pol\u00edticas de Desarrollo Sostenible del Ministerio de Asuntos Exteriores,<\/strong>&nbsp;<strong>Gabriel Ferrero<\/strong>, ha mostrado su intenci\u00f3n de incorporar la perspectiva de los derechos de la infancia en todas sus pol\u00edticas, de manera transversal.<\/p>\n<p>Para cerrar el acto,&nbsp;<strong>Cristina Junquera Abaitua, Responsable de Incidencia y Estudios de UNICEF Comit\u00e9 Espa\u00f1ol,<\/strong>&nbsp;ha afirmado sentirse satisfecha con el di\u00e1logo mantenido y ha reiterado la predisposici\u00f3n de las organizaciones de la sociedad civil para hacer llegar la Estrategia de Infancia a buen puerto.<br \/>&nbsp;<\/p>\n<div style=\"background:#eee;border:1px solid #ccc;padding:5px 10px\">\n<p><strong>El Blog de El Pa\u00eds \u00ab\u00a03.500 millones\u00a0\u00bb se ha hecho eco de esta noticia. Puedes leerla <a href=\"https:\/\/elpais.com\/elpais\/2018\/11\/27\/3500_millones\/1543330060_818512.html\" target=\"_blank\" rel=\"noopener\">aqu\u00ed<\/a>.<\/strong><\/p>\n<\/div>\n<p>&nbsp;<\/p>\n<p>&nbsp;<\/p>\n<p><img decoding=\"async\" alt=\"\" height=\"439\" src=\"https:\/\/www.entreculturas.org\/wp-content\/uploads\/2018\/11\/grupoinfanciaycoop.png\" width=\"933\"><\/p>\n<p><span><strong>*<\/strong><\/span>&nbsp;<span style=\"font-size: 11px\">El Grupo Conjunto de Infancia y Cooperaci\u00f3n viene desarrollando acciones para promover que la infancia y sus derechos est\u00e9n en el coraz\u00f3n de la pol\u00edtica de Cooperaci\u00f3n Espa\u00f1ola desde 2012. Las organizaciones miembros del Grupo a d\u00eda de hoy son: Acci\u00f3n contra el Hambre, Asociaci\u00f3n PAIDEIA, Educo, Entreculturas, Plan Internacional, Proyecto Solidario, Save the Children, UNICEF Comit\u00e9 Espa\u00f1ol y World Vision, todas ellas miembros de la Coordinadora de ONGD y de la Plataforma de Organizaciones de Infancia.<\/span><\/p>\n","protected":false},"excerpt":{"rendered":"<p>La Sala Campoamor, del Congreso de los Diputados, ha sido testigo esta ma\u00f1ana del compromiso un\u00e1nime de todos los grupos parlamentarios de situar a la infancia en el centro de la cooperaci\u00f3n espa\u00f1ola. Lo han hecho frente a las ONG que integramos el Grupo Conjunto de Infancia y Cooperaci\u00f3n en un espacio de di\u00e1logo en el que las organizaciones hemos presentado una Proposici\u00f3n No de Ley (PNL) para reactivar la Estrategia de Infancia aprobada en 2014. \u00ab\u00a0Hacer realidad la Estrategia implica dos cosas: un trabajo en red intersectorial y una pol\u00edtica de cooperaci\u00f3n seria, p\u00fablica, de calidad y que contemple los recursos suficientes\u00a0\u00bb, ha afirmado&nbsp;Irene Ortega, Vocal de Incidencia Social de la Junta de Gobierno de la Coordinadora de ONGD de Espa\u00f1a&nbsp;y Coordinadora del \u00c1rea de Ciudadan\u00eda en Entreculturas. En 2014 Espa\u00f1a reafirm\u00f3 su compromiso con la infancia mediante la aprobaci\u00f3n de la&nbsp;Estrategia de Infancia de la Cooperaci\u00f3n Espa\u00f1ola. Fue [&hellip;]<\/p>\n","protected":false},"featured_media":2361,"template":"single-noticia","meta":{"_acf_changed":false},"categories":[7],"tags":[168],"country":[],"cause":[132],"class_list":["post-2367","noticia","type-noticia","status-publish","has-post-thumbnail","hentry","category-noticia","tag-estrategia-de-infancia-hagamoslarealidad","cause-participacion-y-ciudadania-global"],"acf":[],"yoast_head":"<!-- This site is optimized with the Yoast SEO Premium plugin v21.6 (Yoast SEO v27.5) - https:\/\/yoast.com\/product\/yoast-seo-premium-wordpress\/ -->\n<title>Estrategia de Infancia de la Cooperaci\u00f3n Espa\u00f1ola: hag\u00e1mosla realidad - Entreculturas<\/title>\n<meta name=\"robots\" content=\"index, follow, max-snippet:-1, max-image-preview:large, max-video-preview:-1\" \/>\n<link rel=\"canonical\" href=\"https:\/\/www.entreculturas.org\/fr\/noticia\/estrategia-de-infancia-de-la-cooperacion-espanola-hagamosla-realidad\/\" \/>\n<meta property=\"og:locale\" content=\"fr_FR\" \/>\n<meta property=\"og:type\" content=\"article\" \/>\n<meta property=\"og:title\" content=\"Estrategia de Infancia de la Cooperaci\u00f3n Espa\u00f1ola: hag\u00e1mosla realidad\" \/>\n<meta property=\"og:description\" content=\"La Sala Campoamor, del Congreso de los Diputados, ha sido testigo esta ma\u00f1ana del compromiso un\u00e1nime de todos los grupos parlamentarios de situar a la infancia en el centro de la cooperaci\u00f3n espa\u00f1ola. Lo han hecho frente a las ONG que integramos el Grupo Conjunto de Infancia y Cooperaci\u00f3n en un espacio de di\u00e1logo en el que las organizaciones hemos presentado una Proposici\u00f3n No de Ley (PNL) para reactivar la Estrategia de Infancia aprobada en 2014. \u00ab\u00a0Hacer realidad la Estrategia implica dos cosas: un trabajo en red intersectorial y una pol\u00edtica de cooperaci\u00f3n seria, p\u00fablica, de calidad y que contemple los recursos suficientes\u00a0\u00bb, ha afirmado&nbsp;Irene Ortega, Vocal de Incidencia Social de la Junta de Gobierno de la Coordinadora de ONGD de Espa\u00f1a&nbsp;y Coordinadora del \u00c1rea de Ciudadan\u00eda en Entreculturas. En 2014 Espa\u00f1a reafirm\u00f3 su compromiso con la infancia mediante la aprobaci\u00f3n de la&nbsp;Estrategia de Infancia de la Cooperaci\u00f3n Espa\u00f1ola. Fue [&hellip;]\" \/>\n<meta property=\"og:url\" content=\"https:\/\/www.entreculturas.org\/fr\/noticia\/estrategia-de-infancia-de-la-cooperacion-espanola-hagamosla-realidad\/\" \/>\n<meta property=\"og:site_name\" content=\"Entreculturas\" \/>\n<meta property=\"article:publisher\" content=\"https:\/\/www.facebook.com\/entreculturas\" \/>\n<meta property=\"article:modified_time\" content=\"2023-12-18T09:34:00+00:00\" \/>\n<meta property=\"og:image\" content=\"https:\/\/www.entreculturas.org\/wp-content\/uploads\/2018\/11\/pnl-grupo-infancia-congreso.jpg\" \/>\n\t<meta property=\"og:image:width\" content=\"800\" \/>\n\t<meta property=\"og:image:height\" content=\"539\" \/>\n\t<meta property=\"og:image:type\" content=\"image\/jpeg\" \/>\n<meta name=\"twitter:card\" content=\"summary_large_image\" \/>\n<meta name=\"twitter:site\" content=\"@Entreculturas\" \/>\n<script type=\"application\/ld+json\" class=\"yoast-schema-graph\">{\"@context\":\"https:\\\/\\\/schema.org\",\"@graph\":[{\"@type\":\"WebPage\",\"@id\":\"https:\\\/\\\/www.entreculturas.org\\\/fr\\\/noticia\\\/estrategia-de-infancia-de-la-cooperacion-espanola-hagamosla-realidad\\\/\",\"url\":\"https:\\\/\\\/www.entreculturas.org\\\/fr\\\/noticia\\\/estrategia-de-infancia-de-la-cooperacion-espanola-hagamosla-realidad\\\/\",\"name\":\"Estrategia de Infancia de la Cooperaci\u00f3n Espa\u00f1ola: hag\u00e1mosla realidad - Entreculturas\",\"isPartOf\":{\"@id\":\"https:\\\/\\\/www.entreculturas.org\\\/fr\\\/#website\"},\"primaryImageOfPage\":{\"@id\":\"https:\\\/\\\/www.entreculturas.org\\\/fr\\\/noticia\\\/estrategia-de-infancia-de-la-cooperacion-espanola-hagamosla-realidad\\\/#primaryimage\"},\"image\":{\"@id\":\"https:\\\/\\\/www.entreculturas.org\\\/fr\\\/noticia\\\/estrategia-de-infancia-de-la-cooperacion-espanola-hagamosla-realidad\\\/#primaryimage\"},\"thumbnailUrl\":\"https:\\\/\\\/www.entreculturas.org\\\/wp-content\\\/uploads\\\/2018\\\/11\\\/pnl-grupo-infancia-congreso.jpg\",\"datePublished\":\"2018-11-27T14:46:18+00:00\",\"dateModified\":\"2023-12-18T09:34:00+00:00\",\"breadcrumb\":{\"@id\":\"https:\\\/\\\/www.entreculturas.org\\\/fr\\\/noticia\\\/estrategia-de-infancia-de-la-cooperacion-espanola-hagamosla-realidad\\\/#breadcrumb\"},\"inLanguage\":\"fr-FR\",\"potentialAction\":[{\"@type\":\"ReadAction\",\"target\":[\"https:\\\/\\\/www.entreculturas.org\\\/fr\\\/noticia\\\/estrategia-de-infancia-de-la-cooperacion-espanola-hagamosla-realidad\\\/\"]}]},{\"@type\":\"ImageObject\",\"inLanguage\":\"fr-FR\",\"@id\":\"https:\\\/\\\/www.entreculturas.org\\\/fr\\\/noticia\\\/estrategia-de-infancia-de-la-cooperacion-espanola-hagamosla-realidad\\\/#primaryimage\",\"url\":\"https:\\\/\\\/www.entreculturas.org\\\/wp-content\\\/uploads\\\/2018\\\/11\\\/pnl-grupo-infancia-congreso.jpg\",\"contentUrl\":\"https:\\\/\\\/www.entreculturas.org\\\/wp-content\\\/uploads\\\/2018\\\/11\\\/pnl-grupo-infancia-congreso.jpg\",\"width\":800,\"height\":539},{\"@type\":\"BreadcrumbList\",\"@id\":\"https:\\\/\\\/www.entreculturas.org\\\/fr\\\/noticia\\\/estrategia-de-infancia-de-la-cooperacion-espanola-hagamosla-realidad\\\/#breadcrumb\",\"itemListElement\":[{\"@type\":\"ListItem\",\"position\":1,\"name\":\"Home\",\"item\":\"https:\\\/\\\/www.entreculturas.org\\\/fr\\\/\"},{\"@type\":\"ListItem\",\"position\":2,\"name\":\"Noticias\",\"item\":\"https:\\\/\\\/www.entreculturas.org\\\/fr\\\/noticias\\\/\"},{\"@type\":\"ListItem\",\"position\":3,\"name\":\"Estrategia de Infancia de la Cooperaci\u00f3n Espa\u00f1ola: hag\u00e1mosla realidad\"}]},{\"@type\":\"WebSite\",\"@id\":\"https:\\\/\\\/www.entreculturas.org\\\/fr\\\/#website\",\"url\":\"https:\\\/\\\/www.entreculturas.org\\\/fr\\\/\",\"name\":\"Entreculturas\",\"description\":\"\",\"publisher\":{\"@id\":\"https:\\\/\\\/www.entreculturas.org\\\/fr\\\/#organization\"},\"alternateName\":\"Entreculturas\",\"potentialAction\":[{\"@type\":\"SearchAction\",\"target\":{\"@type\":\"EntryPoint\",\"urlTemplate\":\"https:\\\/\\\/www.entreculturas.org\\\/fr\\\/?s={search_term_string}\"},\"query-input\":{\"@type\":\"PropertyValueSpecification\",\"valueRequired\":true,\"valueName\":\"search_term_string\"}}],\"inLanguage\":\"fr-FR\"},{\"@type\":\"Organization\",\"@id\":\"https:\\\/\\\/www.entreculturas.org\\\/fr\\\/#organization\",\"name\":\"Entreculturas\",\"url\":\"https:\\\/\\\/www.entreculturas.org\\\/fr\\\/\",\"logo\":{\"@type\":\"ImageObject\",\"inLanguage\":\"fr-FR\",\"@id\":\"https:\\\/\\\/www.entreculturas.org\\\/fr\\\/#\\\/schema\\\/logo\\\/image\\\/\",\"url\":\"https:\\\/\\\/www.entreculturas.org\\\/wp-content\\\/uploads\\\/2025\\\/10\\\/ESP.svg\",\"contentUrl\":\"https:\\\/\\\/www.entreculturas.org\\\/wp-content\\\/uploads\\\/2025\\\/10\\\/ESP.svg\",\"caption\":\"Entreculturas\"},\"image\":{\"@id\":\"https:\\\/\\\/www.entreculturas.org\\\/fr\\\/#\\\/schema\\\/logo\\\/image\\\/\"},\"sameAs\":[\"https:\\\/\\\/www.facebook.com\\\/entreculturas\",\"https:\\\/\\\/x.com\\\/Entreculturas\",\"https:\\\/\\\/www.instagram.com\\\/entreculturas\\\/\",\"https:\\\/\\\/www.youtube.com\\\/user\\\/entreculturasvideo\",\"https:\\\/\\\/www.linkedin.com\\\/company\\\/fundacion-entreculturas-ngdo\\\/\",\"https:\\\/\\\/www.flickr.com\\\/photos\\\/98455522@N04\\\/albums\\\/\"]}]}<\/script>\n<!-- \/ Yoast SEO Premium plugin. -->","yoast_head_json":{"title":"Estrategia de Infancia de la Cooperaci\u00f3n Espa\u00f1ola: hag\u00e1mosla realidad - Entreculturas","robots":{"index":"index","follow":"follow","max-snippet":"max-snippet:-1","max-image-preview":"max-image-preview:large","max-video-preview":"max-video-preview:-1"},"canonical":"https:\/\/www.entreculturas.org\/fr\/noticia\/estrategia-de-infancia-de-la-cooperacion-espanola-hagamosla-realidad\/","og_locale":"fr_FR","og_type":"article","og_title":"Estrategia de Infancia de la Cooperaci\u00f3n Espa\u00f1ola: hag\u00e1mosla realidad","og_description":"La Sala Campoamor, del Congreso de los Diputados, ha sido testigo esta ma\u00f1ana del compromiso un\u00e1nime de todos los grupos parlamentarios de situar a la infancia en el centro de la cooperaci\u00f3n espa\u00f1ola. Lo han hecho frente a las ONG que integramos el Grupo Conjunto de Infancia y Cooperaci\u00f3n en un espacio de di\u00e1logo en el que las organizaciones hemos presentado una Proposici\u00f3n No de Ley (PNL) para reactivar la Estrategia de Infancia aprobada en 2014. \u00ab\u00a0Hacer realidad la Estrategia implica dos cosas: un trabajo en red intersectorial y una pol\u00edtica de cooperaci\u00f3n seria, p\u00fablica, de calidad y que contemple los recursos suficientes\u00a0\u00bb, ha afirmado&nbsp;Irene Ortega, Vocal de Incidencia Social de la Junta de Gobierno de la Coordinadora de ONGD de Espa\u00f1a&nbsp;y Coordinadora del \u00c1rea de Ciudadan\u00eda en Entreculturas. En 2014 Espa\u00f1a reafirm\u00f3 su compromiso con la infancia mediante la aprobaci\u00f3n de la&nbsp;Estrategia de Infancia de la Cooperaci\u00f3n Espa\u00f1ola. Fue [&hellip;]","og_url":"https:\/\/www.entreculturas.org\/fr\/noticia\/estrategia-de-infancia-de-la-cooperacion-espanola-hagamosla-realidad\/","og_site_name":"Entreculturas","article_publisher":"https:\/\/www.facebook.com\/entreculturas","article_modified_time":"2023-12-18T09:34:00+00:00","og_image":[{"width":800,"height":539,"url":"https:\/\/www.entreculturas.org\/wp-content\/uploads\/2018\/11\/pnl-grupo-infancia-congreso.jpg","type":"image\/jpeg"}],"twitter_card":"summary_large_image","twitter_site":"@Entreculturas","schema":{"@context":"https:\/\/schema.org","@graph":[{"@type":"WebPage","@id":"https:\/\/www.entreculturas.org\/fr\/noticia\/estrategia-de-infancia-de-la-cooperacion-espanola-hagamosla-realidad\/","url":"https:\/\/www.entreculturas.org\/fr\/noticia\/estrategia-de-infancia-de-la-cooperacion-espanola-hagamosla-realidad\/","name":"Estrategia de Infancia de la Cooperaci\u00f3n Espa\u00f1ola: hag\u00e1mosla realidad - Entreculturas","isPartOf":{"@id":"https:\/\/www.entreculturas.org\/fr\/#website"},"primaryImageOfPage":{"@id":"https:\/\/www.entreculturas.org\/fr\/noticia\/estrategia-de-infancia-de-la-cooperacion-espanola-hagamosla-realidad\/#primaryimage"},"image":{"@id":"https:\/\/www.entreculturas.org\/fr\/noticia\/estrategia-de-infancia-de-la-cooperacion-espanola-hagamosla-realidad\/#primaryimage"},"thumbnailUrl":"https:\/\/www.entreculturas.org\/wp-content\/uploads\/2018\/11\/pnl-grupo-infancia-congreso.jpg","datePublished":"2018-11-27T14:46:18+00:00","dateModified":"2023-12-18T09:34:00+00:00","breadcrumb":{"@id":"https:\/\/www.entreculturas.org\/fr\/noticia\/estrategia-de-infancia-de-la-cooperacion-espanola-hagamosla-realidad\/#breadcrumb"},"inLanguage":"fr-FR","potentialAction":[{"@type":"ReadAction","target":["https:\/\/www.entreculturas.org\/fr\/noticia\/estrategia-de-infancia-de-la-cooperacion-espanola-hagamosla-realidad\/"]}]},{"@type":"ImageObject","inLanguage":"fr-FR","@id":"https:\/\/www.entreculturas.org\/fr\/noticia\/estrategia-de-infancia-de-la-cooperacion-espanola-hagamosla-realidad\/#primaryimage","url":"https:\/\/www.entreculturas.org\/wp-content\/uploads\/2018\/11\/pnl-grupo-infancia-congreso.jpg","contentUrl":"https:\/\/www.entreculturas.org\/wp-content\/uploads\/2018\/11\/pnl-grupo-infancia-congreso.jpg","width":800,"height":539},{"@type":"BreadcrumbList","@id":"https:\/\/www.entreculturas.org\/fr\/noticia\/estrategia-de-infancia-de-la-cooperacion-espanola-hagamosla-realidad\/#breadcrumb","itemListElement":[{"@type":"ListItem","position":1,"name":"Home","item":"https:\/\/www.entreculturas.org\/fr\/"},{"@type":"ListItem","position":2,"name":"Noticias","item":"https:\/\/www.entreculturas.org\/fr\/noticias\/"},{"@type":"ListItem","position":3,"name":"Estrategia de Infancia de la Cooperaci\u00f3n Espa\u00f1ola: hag\u00e1mosla realidad"}]},{"@type":"WebSite","@id":"https:\/\/www.entreculturas.org\/fr\/#website","url":"https:\/\/www.entreculturas.org\/fr\/","name":"Entreculturas","description":"","publisher":{"@id":"https:\/\/www.entreculturas.org\/fr\/#organization"},"alternateName":"Entreculturas","potentialAction":[{"@type":"SearchAction","target":{"@type":"EntryPoint","urlTemplate":"https:\/\/www.entreculturas.org\/fr\/?s={search_term_string}"},"query-input":{"@type":"PropertyValueSpecification","valueRequired":true,"valueName":"search_term_string"}}],"inLanguage":"fr-FR"},{"@type":"Organization","@id":"https:\/\/www.entreculturas.org\/fr\/#organization","name":"Entreculturas","url":"https:\/\/www.entreculturas.org\/fr\/","logo":{"@type":"ImageObject","inLanguage":"fr-FR","@id":"https:\/\/www.entreculturas.org\/fr\/#\/schema\/logo\/image\/","url":"https:\/\/www.entreculturas.org\/wp-content\/uploads\/2025\/10\/ESP.svg","contentUrl":"https:\/\/www.entreculturas.org\/wp-content\/uploads\/2025\/10\/ESP.svg","caption":"Entreculturas"},"image":{"@id":"https:\/\/www.entreculturas.org\/fr\/#\/schema\/logo\/image\/"},"sameAs":["https:\/\/www.facebook.com\/entreculturas","https:\/\/x.com\/Entreculturas","https:\/\/www.instagram.com\/entreculturas\/","https:\/\/www.youtube.com\/user\/entreculturasvideo","https:\/\/www.linkedin.com\/company\/fundacion-entreculturas-ngdo\/","https:\/\/www.flickr.com\/photos\/98455522@N04\/albums\/"]}]}},"_links":{"self":[{"href":"https:\/\/www.entreculturas.org\/fr\/wp-json\/wp\/v2\/noticia\/2367","targetHints":{"allow":["GET"]}}],"collection":[{"href":"https:\/\/www.entreculturas.org\/fr\/wp-json\/wp\/v2\/noticia"}],"about":[{"href":"https:\/\/www.entreculturas.org\/fr\/wp-json\/wp\/v2\/types\/noticia"}],"wp:featuredmedia":[{"embeddable":true,"href":"https:\/\/www.entreculturas.org\/fr\/wp-json\/wp\/v2\/media\/2361"}],"wp:attachment":[{"href":"https:\/\/www.entreculturas.org\/fr\/wp-json\/wp\/v2\/media?parent=2367"}],"wp:term":[{"taxonomy":"category","embeddable":true,"href":"https:\/\/www.entreculturas.org\/fr\/wp-json\/wp\/v2\/categories?post=2367"},{"taxonomy":"post_tag","embeddable":true,"href":"https:\/\/www.entreculturas.org\/fr\/wp-json\/wp\/v2\/tags?post=2367"},{"taxonomy":"country","embeddable":true,"href":"https:\/\/www.entreculturas.org\/fr\/wp-json\/wp\/v2\/country?post=2367"},{"taxonomy":"cause","embeddable":true,"href":"https:\/\/www.entreculturas.org\/fr\/wp-json\/wp\/v2\/cause?post=2367"}],"curies":[{"name":"wp","href":"https:\/\/api.w.org\/{rel}","templated":true}]}}