{"id":2358,"date":"2018-11-27T12:28:16","date_gmt":"2018-11-27T12:28:16","guid":{"rendered":"https:\/\/entreculturasi.wpenginepowered.com\/?noticias=la-plataforma-de-desplazamientos-y-migraciones-climaticas-presenta-en-conama-su-apelacion"},"modified":"2023-12-18T10:34:00","modified_gmt":"2023-12-18T09:34:00","slug":"la-plataforma-de-desplazamientos-y-migraciones-climaticas-presenta-en-conama-su-apelacion","status":"publish","type":"noticia","link":"https:\/\/www.entreculturas.org\/fr\/noticia\/la-plataforma-de-desplazamientos-y-migraciones-climaticas-presenta-en-conama-su-apelacion\/","title":{"rendered":"La Plataforma de Desplazamientos y Migraciones Clim\u00e1ticas presenta en CONAMA su apelaci\u00f3n a la sociedad para afrontar este reto"},"content":{"rendered":"<p>\u200b<strong>\u201cHacemos un llamamiento a la ciudadan\u00eda a interesarse y presionar a los gobiernos y administraciones para que tomen medidas frente al reto que nos plantean las migraciones clim\u00e1ticas\u201d<\/strong>. Esta es una de las recomendaciones que incluye el documento <strong>\u201cDesplazamientos y Migraciones Clim\u00e1ticas: un reto que debemos afrontar\u201d<\/strong> que ayer presentamos en <a href=\"https:\/\/www.conama2018.org\/web\/index.php\" target=\"_blank\" rel=\"noopener\">CONAMA<\/a> una plataforma de la que formamos&nbsp;parte junto con Ayuda en Acci\u00f3n y&nbsp;ECODES.&nbsp;&nbsp;Con este informe, elaborado por la investigadora Beatriz Felipe, las tres organizaciones sociales lanzamos al conjunto de la sociedad una <strong>llamada de atenci\u00f3n sobre un fen\u00f3meno que afecta ya a millones de personas en el mundo y que tendr\u00e1 tambi\u00e9n su impacto en nuestro pa\u00eds.<\/strong><\/p>\n<p>El documento de la <a href=\"https:\/\/migracionesclimaticas.org\/\" target=\"_blank\" rel=\"noopener\">Plataforma de Desplazamientos y Migraciones Clim\u00e1ticas<\/a>, que integran las tres entidades sociales, realiza, en primer lugar, una aproximaci\u00f3n a la relaci\u00f3n entre el cambio clim\u00e1tico y la movilidad humana, explica la definici\u00f3n de <strong>\u201cmigraci\u00f3n clim\u00e1tica\u201d<\/strong>, describe sus caracter\u00edsticas, analiza el porqu\u00e9 de las distintas cifras que se manejan, aborda el complicado asunto de la protecci\u00f3n jur\u00eddica, analiza las pol\u00edticas internacionales y, por \u00faltimo, se ocupa de la situaci\u00f3n en Espa\u00f1a en este \u00e1mbito.<\/p>\n<p>La segunda parte del documento recoge <strong>nueve recomendaciones <\/strong>que planteamos&nbsp;para \u201cafrontar este reto\u201d y <strong>que interpelan a los estados, a las empresas, a los medios de comunicaci\u00f3n y al conjunto de la ciudadan\u00eda.&nbsp;<\/strong><\/p>\n<p><strong>Beatriz Felipe<\/strong> env\u00edo un v\u00eddeo desde la Amazon\u00eda ecuatoriana, d\u00f3nde est\u00e1 realizando un trabajo de campo, en el que, en primer lugar, se\u00f1alaba que el informe contiene los avances m\u00e1s recientes en algunos de los temas que han generado debates candentes desde los \u00faltimos a\u00f1os como son las cifras, la denominaci\u00f3n o la protecci\u00f3n jur\u00eddica de estas personas.&nbsp;&nbsp;<\/p>\n<p>La autora destac\u00f3 que en este documento se han incluido testimonios de personas migrantes tanto en sus pa\u00edses de origen como de aquellas que han tenido que trasladarse a otros pa\u00edses, \u201ctestimonios que demuestran que <strong>se trata de una situaci\u00f3n real, grave y que afecta a las personas m\u00e1s vulnerables hoy en d\u00eda<\/strong> y si los impactos del cambio clim\u00e1tico siguen en aumento la situaci\u00f3n ir\u00e1 a peor\u201d y a\u00f1ad\u00eda que \u201clas&nbsp; migraciones clim\u00e1ticas afectan con mayor gravedad a quienes viven en el Sur global\u201d.<\/p>\n<p>Por su parte <strong>Susana Borr\u00e1s<\/strong>, <strong>profesora de la Universidad Rovira i Virgili de Tarragona<\/strong> y una de las principales expertas en derecho ambiental de nuestro pa\u00eds, record\u00f3 que \u201cm\u00e1s del 80% de las emisiones globales se atribuyen a los carbon majors, pero las regiones del Sur global son las que est\u00e1n sufriendo las peores consecuencias\u00a0\u00bb.&nbsp; \u00ab\u00a0Los mayores movimientos de poblaci\u00f3n -a\u00f1adi\u00f3- no se producen cruzando las fronteras internacionales sino dentro del mismo pa\u00eds y muchas personas no tienen la posibilidad de ser poblaci\u00f3n migratoria, hablamos de personas que carecen de los medios socioecon\u00f3micos para hacerlo, son poblaciones atrapadas o, como se las suele denominar, &lsquo;trapped populations&rsquo;.\u201d&nbsp;&nbsp;<\/p>\n<p>La investigadora record\u00f3 que, seg\u00fan la Oficina de Migraciones Internacionales, organismo vinculado a la ONU, \u00ab\u00a0<strong>el cambio clim\u00e1tico est\u00e1 provocando ya m\u00e1s movilidad humana que los conflictos b\u00e9lico<\/strong>s, empeora condiciones de vida de poblaciones, sobre todo de las m\u00e1s vulnerables, intensifica los efectos de los desastres naturales, puede provocar desterritorializaci\u00f3n y genera conflictos por recursos naturales.<\/p>\n<p>El informe se\u00f1ala que Espa\u00f1a no es ajena a los impactos del cambio clim\u00e1tico, ya que es el pa\u00eds europeo que m\u00e1s riesgo de desertificaci\u00f3n tiene y en unos a\u00f1os podr\u00edamos enfrentarnos a migraciones clim\u00e1ticas a causa de la degradaci\u00f3n ambiental.<\/p>\n<p>Borr\u00e1s denunci\u00f3 que \u00ab\u00a0no tenemos actualmente ning\u00fan instrumento internacional que aborde el fen\u00f3meno de las migraciones clim\u00e1ticas como instrumento jur\u00eddico.&nbsp; Existen diferentes avances en la agenda clim\u00e1tica: Agenda 2030, Acuerdos de Par\u00eds, Plataforma sobre Desplazamientos por Desastres, El Pacto Global y el Pacto Mundial para los Refugiados entre otros, pero el problema es que las agendas clim\u00e1ticas no est\u00e1n interconectadas. Estamos ante una realidad de pol\u00edticas que est\u00e1n dispersas y por eso llegamos a contradicciones\u201d y concluy\u00f3 su intervenci\u00f3n denunciando \u00ab\u00a0que las migraciones clim\u00e1ticas no est\u00e9n reconocidas en el derecho internacional no significa que no exista esta realidad\u00a0\u00bb.<\/p>\n<p><strong>Manuel Carmona, responsable de Pol\u00edticas de Adaptaci\u00f3n al Cambio Clim\u00e1tico de la Direcci\u00f3n General del Clima de la Comisi\u00f3n Europea<\/strong>, manifest\u00f3 que \u00ab\u00a0no podemos seguir ignorando las migraciones clim\u00e1ticas. Cuando vemos los datos de informes como el del Banco Mundial, que se\u00f1ala que las migraciones puede afectar en los pr\u00f3ximos a\u00f1os a 150 millones de personas, no podemos cerrar los ojos, y quien lo haga que se atenga a las consecuencias\u00a0\u00bb. Se\u00f1al\u00f3 tambi\u00e9n que \u201c<strong>se ha disparado el n\u00famero de estudios y evidencias sobre conexiones entre cambio clim\u00e1tico y migraciones<\/strong>, hecho que deber\u00eda generar mayor capacidad para actuar frente a las migraciones clim\u00e1ticas\u201d. Asimismo, anunci\u00f3 que la Comisi\u00f3n Europea ha propuesto un aumento del 5% en el presupuesto para hacer frente al cambio clim\u00e1tico.<\/p>\n<div>&nbsp;<\/div>\n<p><\/p>\n<p>Para presentar las recomendaciones que plantea la Plataforma intervinieron representantes de las tres entidades. <strong>Alberto Casado, director de Campa\u00f1as de Ayuda en Acci\u00f3n<\/strong>, se\u00f1al\u00f3 que \u201cno nos deben detener las denominaciones jur\u00eddicas del problema a la hora de dar respuesta a las migraciones clim\u00e1ticas\u00a0\u00bb y que \u201clos Pactos Mundiales de Refugio y Migraci\u00f3n son una oportunidad para reconocer los movimientos de poblaci\u00f3n inducidos por la degradaci\u00f3n ambiental y mejorar su situaci\u00f3n, por lo que los Estados deben adoptarlos e implementar las medidas estipuladas\u201d.&nbsp;<\/p>\n<p>Por su parte nuestra compa\u00f1era&nbsp;<strong>Irene Ortega<\/strong>, coordinadora del \u00c1rea de Ciudadan\u00eda, plante\u00f3 que \u201c<strong>el Norte global tiene que propiciar medidas de mitigaci\u00f3n <\/strong>y adaptaci\u00f3n al cambio clim\u00e1tico por cuesti\u00f3n de responsabilidad colectiva; las migraciones clim\u00e1ticas son responsabilidad de todos y m\u00e1s de los pa\u00edses \u00ab\u00a0avanzados\u00a0\u00bb, pues los pa\u00edses que menos han contribuido al cambio clim\u00e1tico son los que m\u00e1s est\u00e1n sufriendo las consecuencias\u201d.<\/p>\n<p>El documento tambi\u00e9n interpela a las grandes empresas record\u00f3 Ortega, \u201cdeben asumir su responsabilidad sobre todo aquellas relacionadas con el sector de la energ\u00eda, son responsables de gran proporci\u00f3n de las emisiones hist\u00f3ricas y presentes y la forma de asumir su responsabilidad en el calentamiento global es, entre otras, implementar formas de producci\u00f3n m\u00e1s limpias\u201d.<\/p>\n<p>A las recomendaciones para los estados y las empresas la representante de Ayuda en Acci\u00f3n a\u00f1adi\u00f3 un mensaje para la ciudadan\u00eda: \u201cel cambio de estilos de vida y modelos de consumo responsables nos permitir\u00e1n reducir nuestra huella clim\u00e1tica y las consecuencias que lleva asociadas, como son las migraciones clim\u00e1ticas\u201d.&nbsp;<\/p>\n<p>Por \u00faltimo<strong>, Cristina Monge, directora de Conversaciones de ECODES<\/strong>, comenz\u00f3 se\u00f1alando que \u201cdebemos seguir trabajando para consensuar una metodolog\u00eda que permita unificar los datos estad\u00edsticos y documentar esta tipolog\u00eda de movilidad humana. La falta de datos concretos no debe impedir el desarrollo de pol\u00edticas y medidas de protecci\u00f3n para quienes migran.\u201d Monge reclam\u00f3 que \u00ab\u00a0los medios de comunicaci\u00f3n que informan sobre migraciones clim\u00e1ticas deben informar de manera rigurosa y seria para hacer llegar el mensaje a la poblaci\u00f3n sin generar opiniones contrarias o contraproducentes\u00a0\u00bb. Concluy\u00f3 con un \u201cllamamiento a la ciudadan\u00eda a interesarse y presionar a los gobiernos y administraciones para que tomen medidas\u201d y anunciando que la Plataforma, con la fuerza de contar con tres visiones complementarias y la colaboraci\u00f3n del mundo acad\u00e9mico, dar\u00e1 continuidad a su trabajo en com\u00fan presentado este informe a los grupos pol\u00edticos, a responsables de distintas administraciones y a todo tipo de entidades.<\/p>\n","protected":false},"excerpt":{"rendered":"<p>Desde la Plataforma de Desplazamientos y Migraciones Clim\u00e1ticas (que integramos junto con Ayuda en Acci\u00f3n y ECODES) hemos presentado en el Congreso Nacional de Medio Ambiente (CONAMA) un documento en el que se apela a la sociedad, y especialmente a los poderes p\u00fablicos, a afrontar el reto de las migraciones clim\u00e1ticas.<\/p>\n","protected":false},"featured_media":2224,"template":"single-noticia","meta":{"_acf_changed":false},"categories":[7],"tags":[10],"country":[],"cause":[129],"class_list":["post-2358","noticia","type-noticia","status-publish","has-post-thumbnail","hentry","category-noticia","tag-migracion-y-refugio","cause-migracion-y-refugio"],"acf":[],"yoast_head":"<!-- This site is optimized with the Yoast SEO Premium plugin v21.6 (Yoast SEO v27.5) - https:\/\/yoast.com\/product\/yoast-seo-premium-wordpress\/ -->\n<title>La Plataforma de Desplazamientos y Migraciones Clim\u00e1ticas presenta en CONAMA su apelaci\u00f3n a la sociedad para afrontar este reto - Entreculturas<\/title>\n<meta name=\"robots\" content=\"index, follow, max-snippet:-1, max-image-preview:large, max-video-preview:-1\" \/>\n<link rel=\"canonical\" href=\"https:\/\/www.entreculturas.org\/fr\/noticia\/la-plataforma-de-desplazamientos-y-migraciones-climaticas-presenta-en-conama-su-apelacion\/\" \/>\n<meta property=\"og:locale\" content=\"fr_FR\" \/>\n<meta property=\"og:type\" content=\"article\" \/>\n<meta property=\"og:title\" content=\"La Plataforma de Desplazamientos y Migraciones Clim\u00e1ticas presenta en CONAMA su apelaci\u00f3n a la sociedad para afrontar este reto\" \/>\n<meta property=\"og:description\" content=\"Desde la Plataforma de Desplazamientos y Migraciones Clim\u00e1ticas (que integramos junto con Ayuda en Acci\u00f3n y ECODES) hemos presentado en el Congreso Nacional de Medio Ambiente (CONAMA) un documento en el que se apela a la sociedad, y especialmente a los poderes p\u00fablicos, a afrontar el reto de las migraciones clim\u00e1ticas.\" \/>\n<meta property=\"og:url\" content=\"https:\/\/www.entreculturas.org\/fr\/noticia\/la-plataforma-de-desplazamientos-y-migraciones-climaticas-presenta-en-conama-su-apelacion\/\" \/>\n<meta property=\"og:site_name\" content=\"Entreculturas\" \/>\n<meta property=\"article:publisher\" content=\"https:\/\/www.facebook.com\/entreculturas\" \/>\n<meta property=\"article:modified_time\" content=\"2023-12-18T09:34:00+00:00\" \/>\n<meta property=\"og:image\" content=\"https:\/\/www.entreculturas.org\/wp-content\/uploads\/2018\/10\/informe.jpg\" \/>\n\t<meta property=\"og:image:width\" content=\"413\" \/>\n\t<meta property=\"og:image:height\" content=\"595\" \/>\n\t<meta property=\"og:image:type\" content=\"image\/jpeg\" \/>\n<meta name=\"twitter:card\" content=\"summary_large_image\" \/>\n<meta name=\"twitter:site\" content=\"@Entreculturas\" \/>\n<script type=\"application\/ld+json\" class=\"yoast-schema-graph\">{\"@context\":\"https:\\\/\\\/schema.org\",\"@graph\":[{\"@type\":\"WebPage\",\"@id\":\"https:\\\/\\\/www.entreculturas.org\\\/fr\\\/noticia\\\/la-plataforma-de-desplazamientos-y-migraciones-climaticas-presenta-en-conama-su-apelacion\\\/\",\"url\":\"https:\\\/\\\/www.entreculturas.org\\\/fr\\\/noticia\\\/la-plataforma-de-desplazamientos-y-migraciones-climaticas-presenta-en-conama-su-apelacion\\\/\",\"name\":\"La Plataforma de Desplazamientos y Migraciones Clim\u00e1ticas presenta en CONAMA su apelaci\u00f3n a la sociedad para afrontar este reto - Entreculturas\",\"isPartOf\":{\"@id\":\"https:\\\/\\\/www.entreculturas.org\\\/fr\\\/#website\"},\"primaryImageOfPage\":{\"@id\":\"https:\\\/\\\/www.entreculturas.org\\\/fr\\\/noticia\\\/la-plataforma-de-desplazamientos-y-migraciones-climaticas-presenta-en-conama-su-apelacion\\\/#primaryimage\"},\"image\":{\"@id\":\"https:\\\/\\\/www.entreculturas.org\\\/fr\\\/noticia\\\/la-plataforma-de-desplazamientos-y-migraciones-climaticas-presenta-en-conama-su-apelacion\\\/#primaryimage\"},\"thumbnailUrl\":\"https:\\\/\\\/www.entreculturas.org\\\/wp-content\\\/uploads\\\/2018\\\/10\\\/informe.jpg\",\"datePublished\":\"2018-11-27T12:28:16+00:00\",\"dateModified\":\"2023-12-18T09:34:00+00:00\",\"breadcrumb\":{\"@id\":\"https:\\\/\\\/www.entreculturas.org\\\/fr\\\/noticia\\\/la-plataforma-de-desplazamientos-y-migraciones-climaticas-presenta-en-conama-su-apelacion\\\/#breadcrumb\"},\"inLanguage\":\"fr-FR\",\"potentialAction\":[{\"@type\":\"ReadAction\",\"target\":[\"https:\\\/\\\/www.entreculturas.org\\\/fr\\\/noticia\\\/la-plataforma-de-desplazamientos-y-migraciones-climaticas-presenta-en-conama-su-apelacion\\\/\"]}]},{\"@type\":\"ImageObject\",\"inLanguage\":\"fr-FR\",\"@id\":\"https:\\\/\\\/www.entreculturas.org\\\/fr\\\/noticia\\\/la-plataforma-de-desplazamientos-y-migraciones-climaticas-presenta-en-conama-su-apelacion\\\/#primaryimage\",\"url\":\"https:\\\/\\\/www.entreculturas.org\\\/wp-content\\\/uploads\\\/2018\\\/10\\\/informe.jpg\",\"contentUrl\":\"https:\\\/\\\/www.entreculturas.org\\\/wp-content\\\/uploads\\\/2018\\\/10\\\/informe.jpg\",\"width\":413,\"height\":595,\"caption\":\"informe\"},{\"@type\":\"BreadcrumbList\",\"@id\":\"https:\\\/\\\/www.entreculturas.org\\\/fr\\\/noticia\\\/la-plataforma-de-desplazamientos-y-migraciones-climaticas-presenta-en-conama-su-apelacion\\\/#breadcrumb\",\"itemListElement\":[{\"@type\":\"ListItem\",\"position\":1,\"name\":\"Home\",\"item\":\"https:\\\/\\\/www.entreculturas.org\\\/fr\\\/\"},{\"@type\":\"ListItem\",\"position\":2,\"name\":\"Noticias\",\"item\":\"https:\\\/\\\/www.entreculturas.org\\\/fr\\\/noticias\\\/\"},{\"@type\":\"ListItem\",\"position\":3,\"name\":\"La Plataforma de Desplazamientos y Migraciones Clim\u00e1ticas presenta en CONAMA su apelaci\u00f3n a la sociedad para afrontar este reto\"}]},{\"@type\":\"WebSite\",\"@id\":\"https:\\\/\\\/www.entreculturas.org\\\/fr\\\/#website\",\"url\":\"https:\\\/\\\/www.entreculturas.org\\\/fr\\\/\",\"name\":\"Entreculturas\",\"description\":\"\",\"publisher\":{\"@id\":\"https:\\\/\\\/www.entreculturas.org\\\/fr\\\/#organization\"},\"alternateName\":\"Entreculturas\",\"potentialAction\":[{\"@type\":\"SearchAction\",\"target\":{\"@type\":\"EntryPoint\",\"urlTemplate\":\"https:\\\/\\\/www.entreculturas.org\\\/fr\\\/?s={search_term_string}\"},\"query-input\":{\"@type\":\"PropertyValueSpecification\",\"valueRequired\":true,\"valueName\":\"search_term_string\"}}],\"inLanguage\":\"fr-FR\"},{\"@type\":\"Organization\",\"@id\":\"https:\\\/\\\/www.entreculturas.org\\\/fr\\\/#organization\",\"name\":\"Entreculturas\",\"url\":\"https:\\\/\\\/www.entreculturas.org\\\/fr\\\/\",\"logo\":{\"@type\":\"ImageObject\",\"inLanguage\":\"fr-FR\",\"@id\":\"https:\\\/\\\/www.entreculturas.org\\\/fr\\\/#\\\/schema\\\/logo\\\/image\\\/\",\"url\":\"https:\\\/\\\/www.entreculturas.org\\\/wp-content\\\/uploads\\\/2025\\\/10\\\/ESP.svg\",\"contentUrl\":\"https:\\\/\\\/www.entreculturas.org\\\/wp-content\\\/uploads\\\/2025\\\/10\\\/ESP.svg\",\"caption\":\"Entreculturas\"},\"image\":{\"@id\":\"https:\\\/\\\/www.entreculturas.org\\\/fr\\\/#\\\/schema\\\/logo\\\/image\\\/\"},\"sameAs\":[\"https:\\\/\\\/www.facebook.com\\\/entreculturas\",\"https:\\\/\\\/x.com\\\/Entreculturas\",\"https:\\\/\\\/www.instagram.com\\\/entreculturas\\\/\",\"https:\\\/\\\/www.youtube.com\\\/user\\\/entreculturasvideo\",\"https:\\\/\\\/www.linkedin.com\\\/company\\\/fundacion-entreculturas-ngdo\\\/\",\"https:\\\/\\\/www.flickr.com\\\/photos\\\/98455522@N04\\\/albums\\\/\"]}]}<\/script>\n<!-- \/ Yoast SEO Premium plugin. -->","yoast_head_json":{"title":"La Plataforma de Desplazamientos y Migraciones Clim\u00e1ticas presenta en CONAMA su apelaci\u00f3n a la sociedad para afrontar este reto - Entreculturas","robots":{"index":"index","follow":"follow","max-snippet":"max-snippet:-1","max-image-preview":"max-image-preview:large","max-video-preview":"max-video-preview:-1"},"canonical":"https:\/\/www.entreculturas.org\/fr\/noticia\/la-plataforma-de-desplazamientos-y-migraciones-climaticas-presenta-en-conama-su-apelacion\/","og_locale":"fr_FR","og_type":"article","og_title":"La Plataforma de Desplazamientos y Migraciones Clim\u00e1ticas presenta en CONAMA su apelaci\u00f3n a la sociedad para afrontar este reto","og_description":"Desde la Plataforma de Desplazamientos y Migraciones Clim\u00e1ticas (que integramos junto con Ayuda en Acci\u00f3n y ECODES) hemos presentado en el Congreso Nacional de Medio Ambiente (CONAMA) un documento en el que se apela a la sociedad, y especialmente a los poderes p\u00fablicos, a afrontar el reto de las migraciones clim\u00e1ticas.","og_url":"https:\/\/www.entreculturas.org\/fr\/noticia\/la-plataforma-de-desplazamientos-y-migraciones-climaticas-presenta-en-conama-su-apelacion\/","og_site_name":"Entreculturas","article_publisher":"https:\/\/www.facebook.com\/entreculturas","article_modified_time":"2023-12-18T09:34:00+00:00","og_image":[{"width":413,"height":595,"url":"https:\/\/www.entreculturas.org\/wp-content\/uploads\/2018\/10\/informe.jpg","type":"image\/jpeg"}],"twitter_card":"summary_large_image","twitter_site":"@Entreculturas","schema":{"@context":"https:\/\/schema.org","@graph":[{"@type":"WebPage","@id":"https:\/\/www.entreculturas.org\/fr\/noticia\/la-plataforma-de-desplazamientos-y-migraciones-climaticas-presenta-en-conama-su-apelacion\/","url":"https:\/\/www.entreculturas.org\/fr\/noticia\/la-plataforma-de-desplazamientos-y-migraciones-climaticas-presenta-en-conama-su-apelacion\/","name":"La Plataforma de Desplazamientos y Migraciones Clim\u00e1ticas presenta en CONAMA su apelaci\u00f3n a la sociedad para afrontar este reto - Entreculturas","isPartOf":{"@id":"https:\/\/www.entreculturas.org\/fr\/#website"},"primaryImageOfPage":{"@id":"https:\/\/www.entreculturas.org\/fr\/noticia\/la-plataforma-de-desplazamientos-y-migraciones-climaticas-presenta-en-conama-su-apelacion\/#primaryimage"},"image":{"@id":"https:\/\/www.entreculturas.org\/fr\/noticia\/la-plataforma-de-desplazamientos-y-migraciones-climaticas-presenta-en-conama-su-apelacion\/#primaryimage"},"thumbnailUrl":"https:\/\/www.entreculturas.org\/wp-content\/uploads\/2018\/10\/informe.jpg","datePublished":"2018-11-27T12:28:16+00:00","dateModified":"2023-12-18T09:34:00+00:00","breadcrumb":{"@id":"https:\/\/www.entreculturas.org\/fr\/noticia\/la-plataforma-de-desplazamientos-y-migraciones-climaticas-presenta-en-conama-su-apelacion\/#breadcrumb"},"inLanguage":"fr-FR","potentialAction":[{"@type":"ReadAction","target":["https:\/\/www.entreculturas.org\/fr\/noticia\/la-plataforma-de-desplazamientos-y-migraciones-climaticas-presenta-en-conama-su-apelacion\/"]}]},{"@type":"ImageObject","inLanguage":"fr-FR","@id":"https:\/\/www.entreculturas.org\/fr\/noticia\/la-plataforma-de-desplazamientos-y-migraciones-climaticas-presenta-en-conama-su-apelacion\/#primaryimage","url":"https:\/\/www.entreculturas.org\/wp-content\/uploads\/2018\/10\/informe.jpg","contentUrl":"https:\/\/www.entreculturas.org\/wp-content\/uploads\/2018\/10\/informe.jpg","width":413,"height":595,"caption":"informe"},{"@type":"BreadcrumbList","@id":"https:\/\/www.entreculturas.org\/fr\/noticia\/la-plataforma-de-desplazamientos-y-migraciones-climaticas-presenta-en-conama-su-apelacion\/#breadcrumb","itemListElement":[{"@type":"ListItem","position":1,"name":"Home","item":"https:\/\/www.entreculturas.org\/fr\/"},{"@type":"ListItem","position":2,"name":"Noticias","item":"https:\/\/www.entreculturas.org\/fr\/noticias\/"},{"@type":"ListItem","position":3,"name":"La Plataforma de Desplazamientos y Migraciones Clim\u00e1ticas presenta en CONAMA su apelaci\u00f3n a la sociedad para afrontar este reto"}]},{"@type":"WebSite","@id":"https:\/\/www.entreculturas.org\/fr\/#website","url":"https:\/\/www.entreculturas.org\/fr\/","name":"Entreculturas","description":"","publisher":{"@id":"https:\/\/www.entreculturas.org\/fr\/#organization"},"alternateName":"Entreculturas","potentialAction":[{"@type":"SearchAction","target":{"@type":"EntryPoint","urlTemplate":"https:\/\/www.entreculturas.org\/fr\/?s={search_term_string}"},"query-input":{"@type":"PropertyValueSpecification","valueRequired":true,"valueName":"search_term_string"}}],"inLanguage":"fr-FR"},{"@type":"Organization","@id":"https:\/\/www.entreculturas.org\/fr\/#organization","name":"Entreculturas","url":"https:\/\/www.entreculturas.org\/fr\/","logo":{"@type":"ImageObject","inLanguage":"fr-FR","@id":"https:\/\/www.entreculturas.org\/fr\/#\/schema\/logo\/image\/","url":"https:\/\/www.entreculturas.org\/wp-content\/uploads\/2025\/10\/ESP.svg","contentUrl":"https:\/\/www.entreculturas.org\/wp-content\/uploads\/2025\/10\/ESP.svg","caption":"Entreculturas"},"image":{"@id":"https:\/\/www.entreculturas.org\/fr\/#\/schema\/logo\/image\/"},"sameAs":["https:\/\/www.facebook.com\/entreculturas","https:\/\/x.com\/Entreculturas","https:\/\/www.instagram.com\/entreculturas\/","https:\/\/www.youtube.com\/user\/entreculturasvideo","https:\/\/www.linkedin.com\/company\/fundacion-entreculturas-ngdo\/","https:\/\/www.flickr.com\/photos\/98455522@N04\/albums\/"]}]}},"_links":{"self":[{"href":"https:\/\/www.entreculturas.org\/fr\/wp-json\/wp\/v2\/noticia\/2358","targetHints":{"allow":["GET"]}}],"collection":[{"href":"https:\/\/www.entreculturas.org\/fr\/wp-json\/wp\/v2\/noticia"}],"about":[{"href":"https:\/\/www.entreculturas.org\/fr\/wp-json\/wp\/v2\/types\/noticia"}],"wp:featuredmedia":[{"embeddable":true,"href":"https:\/\/www.entreculturas.org\/fr\/wp-json\/wp\/v2\/media\/2224"}],"wp:attachment":[{"href":"https:\/\/www.entreculturas.org\/fr\/wp-json\/wp\/v2\/media?parent=2358"}],"wp:term":[{"taxonomy":"category","embeddable":true,"href":"https:\/\/www.entreculturas.org\/fr\/wp-json\/wp\/v2\/categories?post=2358"},{"taxonomy":"post_tag","embeddable":true,"href":"https:\/\/www.entreculturas.org\/fr\/wp-json\/wp\/v2\/tags?post=2358"},{"taxonomy":"country","embeddable":true,"href":"https:\/\/www.entreculturas.org\/fr\/wp-json\/wp\/v2\/country?post=2358"},{"taxonomy":"cause","embeddable":true,"href":"https:\/\/www.entreculturas.org\/fr\/wp-json\/wp\/v2\/cause?post=2358"}],"curies":[{"name":"wp","href":"https:\/\/api.w.org\/{rel}","templated":true}]}}