{"id":2356,"date":"2018-11-23T12:49:31","date_gmt":"2018-11-23T12:49:31","guid":{"rendered":"https:\/\/entreculturasi.wpenginepowered.com\/?noticias=el-35-de-las-mujeres-de-todo-el-mundo-ha-sufrido-violencia-fisica-yo-sexual-en-algun"},"modified":"2023-12-18T10:34:00","modified_gmt":"2023-12-18T09:34:00","slug":"el-35-de-las-mujeres-de-todo-el-mundo-ha-sufrido-violencia-fisica-yo-sexual-en-algun","status":"publish","type":"noticia","link":"https:\/\/www.entreculturas.org\/fr\/noticia\/el-35-de-las-mujeres-de-todo-el-mundo-ha-sufrido-violencia-fisica-yo-sexual-en-algun\/","title":{"rendered":"El 35% de las mujeres de todo el mundo ha sufrido violencia f\u00edsica y\/o sexual en alg\u00fan momento de su vida"},"content":{"rendered":"<p>El 25 de noviembre se celebra el <strong>D\u00eda Internacional de la Eliminaci\u00f3n de la Violencia contra la Mujer<\/strong>, una violencia que va en aumento y que, en muchos casos, comienza en la infancia. La violencia contra la mujer supone la manifestaci\u00f3n m\u00e1s extrema de la<strong> desigualdad de g\u00e9nero<\/strong> y <strong>la m\u00e1s grave violaci\u00f3n de los derechos humanos <\/strong>de las mujeres que padece cualquier sociedad.&nbsp;<\/p>\n<p>Seg\u00fan Naciones Unidas, la violencia de g\u00e9nero <strong>es la principal causa de muerte entre las mujeres de entre 15 y 44 a\u00f1os en todo el mundo<\/strong>, por delante de la suma de las muertes provocadas por el c\u00e1ncer, la malaria, los accidentes de tr\u00e1fico y las guerras. El 35 % de las mujeres de todo el mundo ha sufrido violencia f\u00edsica y\/o sexual en alg\u00fan momento de su vida. <strong>M\u00e1s de 650 millones de mujeres y ni\u00f1as se casaron antes de cumplir los 18 a\u00f1os<\/strong>, sufriendo sus graves consecuencias como embarazos precoces, aislamiento social, la interrupci\u00f3n de la escolarizaci\u00f3n y el aumento del riesgo de sufrir violencia dom\u00e9stica. De las violencias que sufren las mujeres y ni\u00f1as, una de sus expresiones m\u00e1s graves es la mutilaci\u00f3n genital femenina. <strong>Al menos 200 millones de mujeres y ni\u00f1as que viven actualmente han sufrido la mutilaci\u00f3n genital femenina<\/strong>, la mayor\u00eda de ellas antes de cumplir los 5 a\u00f1os. Estas formas de violencia hacia las ni\u00f1as provocan en ellas graves secuelas psicol\u00f3gicas, f\u00edsicas y sociales que las marcan para siempre, y las aleja de la escuela, de su infancia y de sus oportunidades. Junto a esta realidad de discriminaci\u00f3n, las ni\u00f1as y mujeres son tambi\u00e9n v\u00edctimas de la desigualdad econ\u00f3mica y pol\u00edtica. Las mujeres producen el 70% de alimentos, pero tan s\u00f3lo poseen el 2% de la tierra cultivable. Su representaci\u00f3n pol\u00edtica en los parlamentos del mundo no llega al 20% y su vulnerabilidad se acrecienta exponencialmente en contextos de crisis. Estas formas de violencia basadas en el g\u00e9nero contra las ni\u00f1as y las mujeres, como muchas otras aqu\u00ed no mencionadas, constituyen una injusticia que, aunque toma diferentes formas, existe y se reproduce en todas las sociedades del siglo XXI.&nbsp;<\/p>\n<p><strong>En&nbsp;Entreculturas trabajamos en la denuncia de esta lacra, en su prevenci\u00f3n y en la atenci\u00f3n a v\u00edctimas de violencia sexual y de g\u00e9nero<\/strong> en pa\u00edses como Rep\u00fablica Democr\u00e1tica del Congo, donde m\u00e1s de 250.000 mujeres y ni\u00f1as han sido v\u00edctimas y supervivientes de violencia sexual desde que comenz\u00f3 el conflicto armado en 1996 o en Chad, uno de los peores pa\u00edses del mundo para ser mujer o ni\u00f1a, d\u00f3nde el 44% de mujeres sufrieron mutilaci\u00f3n genital siendo ni\u00f1as, provocando en ellas graves da\u00f1os psicol\u00f3gicos, problemas en el embarazo y en el parto, disfunciones sexuales e infecciones cr\u00f3nicas.<\/p>\n<p>Sifa Kaite, es Coordinadora de Protecci\u00f3n a la Infancia de Servicio Jesuita a Refugiados en Chad. Su trabajo est\u00e1 vinculado con las diversas formas de violencia que enfrentan las ni\u00f1as refugiadas en los campos y que ella afirma que \u201cson innumerables\u201d destacando \u201cla mutilaci\u00f3n genital femenina (MGF), el matrimonio forzado, el matrimonio precoz, las tareas del hogar, el abandono escolar&nbsp; y la violencia sexual\u201d. Todas estas pr\u00e1cticas da\u00f1inas suponen una vulneraci\u00f3n de los derechos humanos de las ni\u00f1as muy grave, truncando su autoestima y desarrollo y obstaculizando su continuidad educativa. \u201cLa violencia contra las ni\u00f1as les impide disfrutar y ejercer sus derechos humanos: el derecho a la educaci\u00f3n, el derecho al juego, el derecho a la salud, o derecho a la expresi\u00f3n de opini\u00f3n, entre otros\u201d. <a href=\"https:\/\/www.youtube.com\/watch?v=lHo4lOLltJs\" target=\"_blank\" rel=\"noopener\">Ver el v\u00eddeo de Sifa.<\/a><\/p>\n<p>En Entreculturas sabemos que las ni\u00f1as libres de violencia hoy son mujeres con derechos en el futuro. Por eso, junto al Servicio Jesuita a Refugiados combatimos esta realidad a trav\u00e9s del <strong>Programa La Luz de las Ni\u00f1as<\/strong> que realiza la prevenci\u00f3n y respuesta desde 2012 en 15 pa\u00edses abriendo oportunidades para que la luz de las ni\u00f1as brille. Desde la creaci\u00f3n del Programa La Luz de las Ni\u00f1as <strong>hemmos&nbsp;atendido a 32.747 ni\u00f1as en 15 pa\u00edses<\/strong> (R.D. Congo, Rep\u00fablica Centroafricana, Sud\u00e1n del Sur, Chad, Kenia, Guatemala, Nicaragua, Hait\u00ed, El Salvador, Honduras, Per\u00fa, Bolivia, Camer\u00fan, Angola, Sud\u00e1n).<\/p>\n<p>Actualmente, en 2018, est\u00e1n participando en el Programa 12.700 ni\u00f1as de 11 pa\u00edses (R.D. Congo, Rep\u00fablica Centroafricana, Sud\u00e1n del Sur, Chad, Kenia, Guatemala, Nicaragua, Hait\u00ed, El Salvador, Honduras, Per\u00fa). En tres l\u00edneas de acci\u00f3n: fomentando su acceso y la permanencia escolar, previniendo, detectando, atendiendo y denunciando la violencia contra las ni\u00f1as y ofreciendo rehabilitaci\u00f3n psicol\u00f3gica y social a las ni\u00f1as v\u00edctimas de violencia, mejorando su autoestima y realizando actividades de formaci\u00f3n e integraci\u00f3n.<\/p>\n<p>En nuestro trabajo en Chad por ejemplo hay \u201cMaestros en escuelas que hacen prevenci\u00f3n continuamente, incidencia, charlas educativas, sensibilizaci\u00f3n, creaci\u00f3n de un club de ni\u00f1as para la difusi\u00f3n de informaci\u00f3n sobre menstruaciones, VIH SIDA, prevenci\u00f3n del embarazo precoz o la distribuci\u00f3n de kits de higiene\u201d seg\u00fan nos explica Sifa. \u201cA las ni\u00f1as les preocupa saber si lo que est\u00e1n experimentando ellas est\u00e1 sucediendo en otra parte. Quieren estar tranquilas. Saber que no son las \u00fanicas que viven estos retos\u201d, explica Sifa.&nbsp;<\/p>\n<p>En la Agenda internacional de Desarrollo Sostenible, la educaci\u00f3n y la igualdad de g\u00e9nero constituyen preocupaciones b\u00e1sicas. <strong>La igualdad de g\u00e9nero est\u00e1 \u00edntimamente ligada al derecho a la educaci\u00f3n<\/strong> para todos y todas; requiere un enfoque que garantice no s\u00f3lo que las ni\u00f1as, ni\u00f1os, mujeres y hombres obtengan acceso a la ense\u00f1anza, sino la \u201cde-construcci\u00f3n\u201d de roles hist\u00f3ricos culturales atribuidos a hombres y mujeres, de tal manera que las ni\u00f1as y mujeres se empoderen y puedan participar en la toma de decisiones en el seno de la familia, la escuela y la comunidad, en la misma calidad que hace un hombre, desde la libertad.<\/p>\n<p><strong>La violencia que viven mujeres y ni\u00f1as tiene su origen en las desventajas que experimentan durante su periodo de formaci\u00f3n y despu\u00e9s de \u00e9l<\/strong>. Pero hay que tener presente que tambi\u00e9n sufren la violencia ni\u00f1os y hombres, que deben responder a un rol social impuesto y que les impide relacionarse con libertad o disfrutar de actitudes tradicionalmente asociadas al g\u00e9nero femenino. La construcci\u00f3n de nuevos modelos de masculinidad desde un enfoque de coeducaci\u00f3n beneficiar\u00e1 a ni\u00f1as y a ni\u00f1os, a hombres y a mujeres. La igualdad de g\u00e9nero precisa de un modelo educativo donde hombres y mujeres aprendamos a relacionarnos de otra manera: donde el poder sea compartido tal y como recoge nuestro informe \u201cNi\u00f1as Libres de Violencia: derecho a la educaci\u00f3n, garant\u00eda de igualdad\u201d.<\/p>\n<p>Por esto, <strong>la Agenda 2030 ha impulsado una nueva era para la igualdad de g\u00e9nero con la introducci\u00f3n del principio de \u201cno dejar atr\u00e1s a nadie\u201d <\/strong>y con la creencia de que los logros del desarrollo tienen que ser compartidos por todos y todas. Desde Entreculturas creemos que para conseguirlo hay que afrontar desaf\u00edos complejos y transversales; hay que romper las barreras que provocan que las personas se queden atr\u00e1s, poner en marcha pol\u00edticas s\u00f3lidas y eficaces, garantizar la distribuci\u00f3n adecuada de los recursos, recolectar datos y elaborar sistemas de evaluaci\u00f3n, as\u00ed como fomentar iniciativas que conciencien y sensibilicen a mujeres y hombres sobre g\u00e9nero; y los Estados deben mostrar su compromiso de eliminaci\u00f3n de la violencia contra la mujer aumentando dr\u00e1sticamente los gastos nacionales en todas las \u00e1reas afectadas, incluido el apoyo a los movimientos de mujeres y las organizaciones de la sociedad civil.<\/p>\n<p>Recursos para un mundo libre de violencia para las mujeres:&nbsp;<\/p>\n<ul>\n<li><a href=\"https:\/\/www.youtube.com\/watch?v=lHo4lOLltJs\" target=\"_blank\" rel=\"noopener\">V\u00eddeo testimonio Sifa Kite.<\/a><\/li>\n<li><a href=\"https:\/\/www.entreculturas.org\/es\/publicaciones\/informe-rojo-ninas-libres-de-violencia-derecho-la-educacion-garantia-de-igualdad\" target=\"_blank\" rel=\"noopener\">Informe \u00ab\u00a0Ni\u00f1as libre de violencia: derecho a la educaci\u00f3n, garant\u00eda de igualdad\u00a0\u00bb.<\/a><\/li>\n<li><a href=\"https:\/\/laluzdelasninas.org\" target=\"_blank\" rel=\"noopener\">Campa\u00f1a La Luz de las Ni\u00f1as.<\/a><\/li>\n<li><a href=\"https:\/\/www.laluzdelasninas.org\/app\/uploads\/2018\/10\/UNIDAD-DIDACTICA-DIA-INTERNACIONAL-DE-LA-NINA.pdf\" target=\"_blank\" rel=\"noopener\">Unidad did\u00e1ctica: Ni sombra de violencia en las ni\u00f1as.<\/a><\/li>\n<\/ul>\n","protected":false},"excerpt":{"rendered":"<p>El 25 de noviembre se celebra el D\u00eda Internacional de la Eliminaci\u00f3n de la Violencia contra la Mujer, una violencia que va en aumento y que, en muchos casos, comienza en la infancia. La violencia contra la mujer supone la manifestaci\u00f3n m\u00e1s extrema de la desigualdad de g\u00e9nero y la m\u00e1s grave violaci\u00f3n de los derechos humanos de las mujeres que padece cualquier sociedad. <\/p>\n","protected":false},"featured_media":2355,"template":"single-noticia","meta":{"_acf_changed":false},"categories":[7],"tags":[293],"country":[],"cause":[130],"class_list":["post-2356","noticia","type-noticia","status-publish","has-post-thumbnail","hentry","category-noticia","tag-genero","cause-genero"],"acf":[],"yoast_head":"<!-- This site is optimized with the Yoast SEO Premium plugin v21.6 (Yoast SEO v27.5) - https:\/\/yoast.com\/product\/yoast-seo-premium-wordpress\/ -->\n<title>El 35% de las mujeres de todo el mundo ha sufrido violencia f\u00edsica y\/o sexual en alg\u00fan momento de su vida - Entreculturas<\/title>\n<meta name=\"robots\" content=\"index, follow, max-snippet:-1, max-image-preview:large, max-video-preview:-1\" \/>\n<link rel=\"canonical\" href=\"https:\/\/www.entreculturas.org\/fr\/noticia\/el-35-de-las-mujeres-de-todo-el-mundo-ha-sufrido-violencia-fisica-yo-sexual-en-algun\/\" \/>\n<meta property=\"og:locale\" content=\"fr_FR\" \/>\n<meta property=\"og:type\" content=\"article\" \/>\n<meta property=\"og:title\" content=\"El 35% de las mujeres de todo el mundo ha sufrido violencia f\u00edsica y\/o sexual en alg\u00fan momento de su vida\" \/>\n<meta property=\"og:description\" content=\"El 25 de noviembre se celebra el D\u00eda Internacional de la Eliminaci\u00f3n de la Violencia contra la Mujer, una violencia que va en aumento y que, en muchos casos, comienza en la infancia. La violencia contra la mujer supone la manifestaci\u00f3n m\u00e1s extrema de la desigualdad de g\u00e9nero y la m\u00e1s grave violaci\u00f3n de los derechos humanos de las mujeres que padece cualquier sociedad.\" \/>\n<meta property=\"og:url\" content=\"https:\/\/www.entreculturas.org\/fr\/noticia\/el-35-de-las-mujeres-de-todo-el-mundo-ha-sufrido-violencia-fisica-yo-sexual-en-algun\/\" \/>\n<meta property=\"og:site_name\" content=\"Entreculturas\" \/>\n<meta property=\"article:publisher\" content=\"https:\/\/www.facebook.com\/entreculturas\" \/>\n<meta property=\"article:modified_time\" content=\"2023-12-18T09:34:00+00:00\" \/>\n<meta property=\"og:image\" content=\"https:\/\/www.entreculturas.org\/wp-content\/uploads\/2018\/11\/25n-foto.jpg\" \/>\n\t<meta property=\"og:image:width\" content=\"1000\" \/>\n\t<meta property=\"og:image:height\" content=\"1000\" \/>\n\t<meta property=\"og:image:type\" content=\"image\/jpeg\" \/>\n<meta name=\"twitter:card\" content=\"summary_large_image\" \/>\n<meta name=\"twitter:site\" content=\"@Entreculturas\" \/>\n<script type=\"application\/ld+json\" class=\"yoast-schema-graph\">{\"@context\":\"https:\\\/\\\/schema.org\",\"@graph\":[{\"@type\":\"WebPage\",\"@id\":\"https:\\\/\\\/www.entreculturas.org\\\/fr\\\/noticia\\\/el-35-de-las-mujeres-de-todo-el-mundo-ha-sufrido-violencia-fisica-yo-sexual-en-algun\\\/\",\"url\":\"https:\\\/\\\/www.entreculturas.org\\\/fr\\\/noticia\\\/el-35-de-las-mujeres-de-todo-el-mundo-ha-sufrido-violencia-fisica-yo-sexual-en-algun\\\/\",\"name\":\"El 35% de las mujeres de todo el mundo ha sufrido violencia f\u00edsica y\\\/o sexual en alg\u00fan momento de su vida - Entreculturas\",\"isPartOf\":{\"@id\":\"https:\\\/\\\/www.entreculturas.org\\\/fr\\\/#website\"},\"primaryImageOfPage\":{\"@id\":\"https:\\\/\\\/www.entreculturas.org\\\/fr\\\/noticia\\\/el-35-de-las-mujeres-de-todo-el-mundo-ha-sufrido-violencia-fisica-yo-sexual-en-algun\\\/#primaryimage\"},\"image\":{\"@id\":\"https:\\\/\\\/www.entreculturas.org\\\/fr\\\/noticia\\\/el-35-de-las-mujeres-de-todo-el-mundo-ha-sufrido-violencia-fisica-yo-sexual-en-algun\\\/#primaryimage\"},\"thumbnailUrl\":\"https:\\\/\\\/www.entreculturas.org\\\/wp-content\\\/uploads\\\/2018\\\/11\\\/25n-foto.jpg\",\"datePublished\":\"2018-11-23T12:49:31+00:00\",\"dateModified\":\"2023-12-18T09:34:00+00:00\",\"breadcrumb\":{\"@id\":\"https:\\\/\\\/www.entreculturas.org\\\/fr\\\/noticia\\\/el-35-de-las-mujeres-de-todo-el-mundo-ha-sufrido-violencia-fisica-yo-sexual-en-algun\\\/#breadcrumb\"},\"inLanguage\":\"fr-FR\",\"potentialAction\":[{\"@type\":\"ReadAction\",\"target\":[\"https:\\\/\\\/www.entreculturas.org\\\/fr\\\/noticia\\\/el-35-de-las-mujeres-de-todo-el-mundo-ha-sufrido-violencia-fisica-yo-sexual-en-algun\\\/\"]}]},{\"@type\":\"ImageObject\",\"inLanguage\":\"fr-FR\",\"@id\":\"https:\\\/\\\/www.entreculturas.org\\\/fr\\\/noticia\\\/el-35-de-las-mujeres-de-todo-el-mundo-ha-sufrido-violencia-fisica-yo-sexual-en-algun\\\/#primaryimage\",\"url\":\"https:\\\/\\\/www.entreculturas.org\\\/wp-content\\\/uploads\\\/2018\\\/11\\\/25n-foto.jpg\",\"contentUrl\":\"https:\\\/\\\/www.entreculturas.org\\\/wp-content\\\/uploads\\\/2018\\\/11\\\/25n-foto.jpg\",\"width\":1000,\"height\":1000},{\"@type\":\"BreadcrumbList\",\"@id\":\"https:\\\/\\\/www.entreculturas.org\\\/fr\\\/noticia\\\/el-35-de-las-mujeres-de-todo-el-mundo-ha-sufrido-violencia-fisica-yo-sexual-en-algun\\\/#breadcrumb\",\"itemListElement\":[{\"@type\":\"ListItem\",\"position\":1,\"name\":\"Home\",\"item\":\"https:\\\/\\\/www.entreculturas.org\\\/fr\\\/\"},{\"@type\":\"ListItem\",\"position\":2,\"name\":\"Noticias\",\"item\":\"https:\\\/\\\/www.entreculturas.org\\\/fr\\\/noticias\\\/\"},{\"@type\":\"ListItem\",\"position\":3,\"name\":\"El 35% de las mujeres de todo el mundo ha sufrido violencia f\u00edsica y\\\/o sexual en alg\u00fan momento de su vida\"}]},{\"@type\":\"WebSite\",\"@id\":\"https:\\\/\\\/www.entreculturas.org\\\/fr\\\/#website\",\"url\":\"https:\\\/\\\/www.entreculturas.org\\\/fr\\\/\",\"name\":\"Entreculturas\",\"description\":\"\",\"publisher\":{\"@id\":\"https:\\\/\\\/www.entreculturas.org\\\/fr\\\/#organization\"},\"alternateName\":\"Entreculturas\",\"potentialAction\":[{\"@type\":\"SearchAction\",\"target\":{\"@type\":\"EntryPoint\",\"urlTemplate\":\"https:\\\/\\\/www.entreculturas.org\\\/fr\\\/?s={search_term_string}\"},\"query-input\":{\"@type\":\"PropertyValueSpecification\",\"valueRequired\":true,\"valueName\":\"search_term_string\"}}],\"inLanguage\":\"fr-FR\"},{\"@type\":\"Organization\",\"@id\":\"https:\\\/\\\/www.entreculturas.org\\\/fr\\\/#organization\",\"name\":\"Entreculturas\",\"url\":\"https:\\\/\\\/www.entreculturas.org\\\/fr\\\/\",\"logo\":{\"@type\":\"ImageObject\",\"inLanguage\":\"fr-FR\",\"@id\":\"https:\\\/\\\/www.entreculturas.org\\\/fr\\\/#\\\/schema\\\/logo\\\/image\\\/\",\"url\":\"https:\\\/\\\/www.entreculturas.org\\\/wp-content\\\/uploads\\\/2025\\\/10\\\/ESP.svg\",\"contentUrl\":\"https:\\\/\\\/www.entreculturas.org\\\/wp-content\\\/uploads\\\/2025\\\/10\\\/ESP.svg\",\"caption\":\"Entreculturas\"},\"image\":{\"@id\":\"https:\\\/\\\/www.entreculturas.org\\\/fr\\\/#\\\/schema\\\/logo\\\/image\\\/\"},\"sameAs\":[\"https:\\\/\\\/www.facebook.com\\\/entreculturas\",\"https:\\\/\\\/x.com\\\/Entreculturas\",\"https:\\\/\\\/www.instagram.com\\\/entreculturas\\\/\",\"https:\\\/\\\/www.youtube.com\\\/user\\\/entreculturasvideo\",\"https:\\\/\\\/www.linkedin.com\\\/company\\\/fundacion-entreculturas-ngdo\\\/\",\"https:\\\/\\\/www.flickr.com\\\/photos\\\/98455522@N04\\\/albums\\\/\"]}]}<\/script>\n<!-- \/ Yoast SEO Premium plugin. -->","yoast_head_json":{"title":"El 35% de las mujeres de todo el mundo ha sufrido violencia f\u00edsica y\/o sexual en alg\u00fan momento de su vida - Entreculturas","robots":{"index":"index","follow":"follow","max-snippet":"max-snippet:-1","max-image-preview":"max-image-preview:large","max-video-preview":"max-video-preview:-1"},"canonical":"https:\/\/www.entreculturas.org\/fr\/noticia\/el-35-de-las-mujeres-de-todo-el-mundo-ha-sufrido-violencia-fisica-yo-sexual-en-algun\/","og_locale":"fr_FR","og_type":"article","og_title":"El 35% de las mujeres de todo el mundo ha sufrido violencia f\u00edsica y\/o sexual en alg\u00fan momento de su vida","og_description":"El 25 de noviembre se celebra el D\u00eda Internacional de la Eliminaci\u00f3n de la Violencia contra la Mujer, una violencia que va en aumento y que, en muchos casos, comienza en la infancia. La violencia contra la mujer supone la manifestaci\u00f3n m\u00e1s extrema de la desigualdad de g\u00e9nero y la m\u00e1s grave violaci\u00f3n de los derechos humanos de las mujeres que padece cualquier sociedad.","og_url":"https:\/\/www.entreculturas.org\/fr\/noticia\/el-35-de-las-mujeres-de-todo-el-mundo-ha-sufrido-violencia-fisica-yo-sexual-en-algun\/","og_site_name":"Entreculturas","article_publisher":"https:\/\/www.facebook.com\/entreculturas","article_modified_time":"2023-12-18T09:34:00+00:00","og_image":[{"width":1000,"height":1000,"url":"https:\/\/www.entreculturas.org\/wp-content\/uploads\/2018\/11\/25n-foto.jpg","type":"image\/jpeg"}],"twitter_card":"summary_large_image","twitter_site":"@Entreculturas","schema":{"@context":"https:\/\/schema.org","@graph":[{"@type":"WebPage","@id":"https:\/\/www.entreculturas.org\/fr\/noticia\/el-35-de-las-mujeres-de-todo-el-mundo-ha-sufrido-violencia-fisica-yo-sexual-en-algun\/","url":"https:\/\/www.entreculturas.org\/fr\/noticia\/el-35-de-las-mujeres-de-todo-el-mundo-ha-sufrido-violencia-fisica-yo-sexual-en-algun\/","name":"El 35% de las mujeres de todo el mundo ha sufrido violencia f\u00edsica y\/o sexual en alg\u00fan momento de su vida - Entreculturas","isPartOf":{"@id":"https:\/\/www.entreculturas.org\/fr\/#website"},"primaryImageOfPage":{"@id":"https:\/\/www.entreculturas.org\/fr\/noticia\/el-35-de-las-mujeres-de-todo-el-mundo-ha-sufrido-violencia-fisica-yo-sexual-en-algun\/#primaryimage"},"image":{"@id":"https:\/\/www.entreculturas.org\/fr\/noticia\/el-35-de-las-mujeres-de-todo-el-mundo-ha-sufrido-violencia-fisica-yo-sexual-en-algun\/#primaryimage"},"thumbnailUrl":"https:\/\/www.entreculturas.org\/wp-content\/uploads\/2018\/11\/25n-foto.jpg","datePublished":"2018-11-23T12:49:31+00:00","dateModified":"2023-12-18T09:34:00+00:00","breadcrumb":{"@id":"https:\/\/www.entreculturas.org\/fr\/noticia\/el-35-de-las-mujeres-de-todo-el-mundo-ha-sufrido-violencia-fisica-yo-sexual-en-algun\/#breadcrumb"},"inLanguage":"fr-FR","potentialAction":[{"@type":"ReadAction","target":["https:\/\/www.entreculturas.org\/fr\/noticia\/el-35-de-las-mujeres-de-todo-el-mundo-ha-sufrido-violencia-fisica-yo-sexual-en-algun\/"]}]},{"@type":"ImageObject","inLanguage":"fr-FR","@id":"https:\/\/www.entreculturas.org\/fr\/noticia\/el-35-de-las-mujeres-de-todo-el-mundo-ha-sufrido-violencia-fisica-yo-sexual-en-algun\/#primaryimage","url":"https:\/\/www.entreculturas.org\/wp-content\/uploads\/2018\/11\/25n-foto.jpg","contentUrl":"https:\/\/www.entreculturas.org\/wp-content\/uploads\/2018\/11\/25n-foto.jpg","width":1000,"height":1000},{"@type":"BreadcrumbList","@id":"https:\/\/www.entreculturas.org\/fr\/noticia\/el-35-de-las-mujeres-de-todo-el-mundo-ha-sufrido-violencia-fisica-yo-sexual-en-algun\/#breadcrumb","itemListElement":[{"@type":"ListItem","position":1,"name":"Home","item":"https:\/\/www.entreculturas.org\/fr\/"},{"@type":"ListItem","position":2,"name":"Noticias","item":"https:\/\/www.entreculturas.org\/fr\/noticias\/"},{"@type":"ListItem","position":3,"name":"El 35% de las mujeres de todo el mundo ha sufrido violencia f\u00edsica y\/o sexual en alg\u00fan momento de su vida"}]},{"@type":"WebSite","@id":"https:\/\/www.entreculturas.org\/fr\/#website","url":"https:\/\/www.entreculturas.org\/fr\/","name":"Entreculturas","description":"","publisher":{"@id":"https:\/\/www.entreculturas.org\/fr\/#organization"},"alternateName":"Entreculturas","potentialAction":[{"@type":"SearchAction","target":{"@type":"EntryPoint","urlTemplate":"https:\/\/www.entreculturas.org\/fr\/?s={search_term_string}"},"query-input":{"@type":"PropertyValueSpecification","valueRequired":true,"valueName":"search_term_string"}}],"inLanguage":"fr-FR"},{"@type":"Organization","@id":"https:\/\/www.entreculturas.org\/fr\/#organization","name":"Entreculturas","url":"https:\/\/www.entreculturas.org\/fr\/","logo":{"@type":"ImageObject","inLanguage":"fr-FR","@id":"https:\/\/www.entreculturas.org\/fr\/#\/schema\/logo\/image\/","url":"https:\/\/www.entreculturas.org\/wp-content\/uploads\/2025\/10\/ESP.svg","contentUrl":"https:\/\/www.entreculturas.org\/wp-content\/uploads\/2025\/10\/ESP.svg","caption":"Entreculturas"},"image":{"@id":"https:\/\/www.entreculturas.org\/fr\/#\/schema\/logo\/image\/"},"sameAs":["https:\/\/www.facebook.com\/entreculturas","https:\/\/x.com\/Entreculturas","https:\/\/www.instagram.com\/entreculturas\/","https:\/\/www.youtube.com\/user\/entreculturasvideo","https:\/\/www.linkedin.com\/company\/fundacion-entreculturas-ngdo\/","https:\/\/www.flickr.com\/photos\/98455522@N04\/albums\/"]}]}},"_links":{"self":[{"href":"https:\/\/www.entreculturas.org\/fr\/wp-json\/wp\/v2\/noticia\/2356","targetHints":{"allow":["GET"]}}],"collection":[{"href":"https:\/\/www.entreculturas.org\/fr\/wp-json\/wp\/v2\/noticia"}],"about":[{"href":"https:\/\/www.entreculturas.org\/fr\/wp-json\/wp\/v2\/types\/noticia"}],"wp:featuredmedia":[{"embeddable":true,"href":"https:\/\/www.entreculturas.org\/fr\/wp-json\/wp\/v2\/media\/2355"}],"wp:attachment":[{"href":"https:\/\/www.entreculturas.org\/fr\/wp-json\/wp\/v2\/media?parent=2356"}],"wp:term":[{"taxonomy":"category","embeddable":true,"href":"https:\/\/www.entreculturas.org\/fr\/wp-json\/wp\/v2\/categories?post=2356"},{"taxonomy":"post_tag","embeddable":true,"href":"https:\/\/www.entreculturas.org\/fr\/wp-json\/wp\/v2\/tags?post=2356"},{"taxonomy":"country","embeddable":true,"href":"https:\/\/www.entreculturas.org\/fr\/wp-json\/wp\/v2\/country?post=2356"},{"taxonomy":"cause","embeddable":true,"href":"https:\/\/www.entreculturas.org\/fr\/wp-json\/wp\/v2\/cause?post=2356"}],"curies":[{"name":"wp","href":"https:\/\/api.w.org\/{rel}","templated":true}]}}