{"id":2263,"date":"2018-10-16T09:05:55","date_gmt":"2018-10-16T09:05:55","guid":{"rendered":"https:\/\/entreculturasi.wpenginepowered.com\/?noticias=semana-contra-la-pobreza-2018"},"modified":"2023-12-18T10:34:03","modified_gmt":"2023-12-18T09:34:03","slug":"semana-contra-la-pobreza-2018","status":"publish","type":"noticia","link":"https:\/\/www.entreculturas.org\/fr\/noticia\/semana-contra-la-pobreza-2018\/","title":{"rendered":"Semana contra la Pobreza 2018"},"content":{"rendered":"<p>El mi\u00e9rcoles 17 de octubre se celebra el <strong>D\u00eda Internacional contra la Pobreza y la Exclusi\u00f3n Social<\/strong>. Con motivo de esta fecha diferentes organizaciones y plataformas han organizado a lo largo de la presente semana distintas actividades y actos en diferentes ciudades para denunciar la pobreza&nbsp; y situar a las personas y sus derechos en el centro.&nbsp;<\/p>\n<p>Como ciudadan\u00eda corresponsable no podemos pasar por alto el hecho de que la pobreza y las crecientes desigualdades son cada vez m\u00e1s agudas, cr\u00f3nicas y \u201cglocales\u201d. Es necesario visibilizar la situaci\u00f3n y atacar las causas que las generan, tanto dentro como fuera del Estado espa\u00f1ol.&nbsp;&nbsp;<\/p>\n<p>La Semana Contra la Pobreza tiene como objetivo <strong>visibilizar la desigual realidad a trav\u00e9s de diferentes recursos y formatos; fomentar una conciencia colectiva en pro de una sociedad m\u00e1s justa y equitativa;&nbsp; y aumentar la presi\u00f3n p\u00fablica para lograr acabar con la desigualdad obscena.<\/strong><\/p>\n<p><strong>Desde Entreculturas nos sumamos a la Semana Contra la Pobreza en los diferentes territorios a trav\u00e9s de la participaci\u00f3n de nuestras delegaciones. \u00a1Busca tu ciudad y \u00daNETE a las actividades propuestas!<\/strong><\/p>\n<p>Adem\u00e1s, compartimos una <a href=\"https:\/\/www.redec.es\/en\/publicaciones\/unidad-didactica-dia-internacional-de-la-pobreza-2018\" target=\"_blank\" rel=\"noopener\">propuesta did\u00e1ctica<\/a> para poder trabajar esta tem\u00e1tica en el aula a trav\u00e9s del an\u00e1lisis de liderazgos y de procesos de toma de decisiones y as\u00ed aprender c\u00f3mo estas repercuten en la construcci\u00f3n de sociedades igualitarias.&nbsp;<\/p>\n<p><span style=\"font-size:14px\"><strong><span style=\"color:#ff0101\">AGENDA SEMANA CONTRA LA POBREZA&nbsp;<\/span><\/strong><\/span><\/p>\n<p><strong>MADRID<\/strong><br \/>Martes 16 de octubre. Presentaci\u00f3n del Informe sobre el Estado de la Pobreza.<br \/>10.00 horas. Presentaci\u00f3n del VIII Informe sobre el Estado de la Pobreza en la Sala Manuel Gim\u00e9nez Abad del Senado de Espa\u00f1a (Acceso a p\u00fablico en general por Plaza de la Marina Espa\u00f1ola. Prensa por C\/Bail\u00e9n 3).<br \/>Mi\u00e9rcoles 17 de octubre. Concentraci\u00f3n \u201cMenos pobreza, m\u00e1s igualdad ya\u201d.<br \/>18.00-19.30 horas. Concentraci\u00f3n en la Plaza Juan Goytisolo, Explanada del Museo Reina Sof\u00eda.<\/p>\n<p><strong>PALENCIA<\/strong><br \/>Mi\u00e9rcoles 17 de octubre. Concentraci\u00f3n.<br \/>13:00 horas (pendiente de confirmaci\u00f3n). Concentraci\u00f3n en la Plaza Mayor, -escaleras de entrada al Ayuntamiento de Palencia- y lectura del manifiesto.<\/p>\n<p><strong>\u00c1VILA<\/strong><br \/>Mi\u00e9rcoles 17 de octubre. Actividad musical y lectura de Manifiesto Pobreza Cero.<br \/>17.30 horas. En la Plaza Santa Teresa: Lectura del manifiesto, actividad musical y actividad infantil.<br \/>Jueves 18 de octubre. Cine Forum.<br \/>Proyecci\u00f3n de la pel\u00edcula \u201cBuscando el Azul\u00a0\u00bb.<\/p>\n<p><strong>SORIA<\/strong><br \/>Mi\u00e9rcoles 17 de octubre. Concentraci\u00f3n.<br \/>17.00 horas, en la Plaza Mayor: Concentraci\u00f3n, batucada y lectura de manifiesto.<br \/>Viernes 19 de octubre. Cine Forum \u201cBuscando el Azul\u201d.<br \/>18 horas, en el Sal\u00f3n de actos Cruz Roja: Proyecci\u00f3n pel\u00edcula \u00ab\u00a0Buscando el Azul\u00a0\u00bb.<\/p>\n<p><strong>VALLADOLID<\/strong><br \/>Mi\u00e9rcoles 17 de octubre. Cine Foro.<br \/>18.30 horas, en el Aula Mergelina, Facultad de Derecho: Proyecci\u00f3n pel\u00edcula \u00ab\u00a0Diamantes de Sangre\u00a0\u00bb.<br \/>S\u00e1bado 20 de octubre. Concentraci\u00f3n.<br \/>&nbsp;12.30 horas, en la Plaza Fuente Dorada: Lectura del manifiesto y actuaci\u00f3n musical.<\/p>\n<p><strong>BURGOS<\/strong><br \/>Martes 16 de octubre. Conferencia sobre desigualdad.<br \/>19.00 horas, en el Teatro Principal de Burgos: Conferencia sobre desigualdad.<br \/>Jueves 18 de octubre. Ciclo de cine.<br \/>20.00 horas, en los cines Van Golem: Proyecci\u00f3n de la pel\u00edcula \u00ab\u00a0Diamantes de Sangre\u00a0\u00bb.<\/p>\n<p><strong>LE\u00d3N<\/strong><br \/>Mi\u00e9rcoles 17 de octubre. Concentraci\u00f3n.<br \/>19:30h, en la Plaza de Botines: Percusi\u00f3n africana, concentraci\u00f3n, lectura manifiesto y minuto de silencio.<\/p>\n<p><strong>SEGOVIA<\/strong><br \/>Mi\u00e9rcoles 17 de octubre. Cine F\u00f3rum.<br \/>Sala de la Fundaci\u00f3n Caja Segovia: Proyecci\u00f3n pel\u00edcula \u00ab\u00a0Buscando el Azul\u00a0\u00bb.<br \/>S\u00e1bado 20 de octubre. Jornada Pobreza Cero.<br \/>18.30 horas, en la Plaza Mayor: Jornada Pobreza Cero: Lectura del manifiesto, diversos talleres, expresiones de solidaridad, cena de traje.<\/p>\n<p><strong>SANTANDER<\/strong><br \/>La Alianza C\u00e1ntabra Contra la Pobreza conmemora&nbsp; el D\u00eda Mundial Contra la Pobreza en la plaza de Ayuntamiento de Santander, organizando una serie de actividades a las que est\u00e1n invitadas todas las vecinas y vecinos de Santander y Cantabria.<br \/>&#8211; Espacios de debate.<br \/>&#8211; Conciertos en directo.<br \/>&#8211; Feria de Asociaciones<br \/>&#8211; \u00c1rea Infantil: juegos participativos, cuentacuentos\u2026<br \/>&#8211; Degustaci\u00f3n y venta de productos de comercio justo\u2026<\/p>\n<p><strong>CASTELL\u00d3N<\/strong><br \/>Viernes 19 de octubre. Performance y Concentraci\u00f3n contra la Pobreza<br \/>12:30 horas, en la Plaza Santa Clara de Castell\u00f3: Performance \u201cEl Casino de los Derechos\u201d.<br \/>13 horas, Concentraci\u00f3n y lectura de manifiesto.<\/p>\n<p><strong>ALICANTE<\/strong><br \/>Mi\u00e9rcoles 17 de octubre. Charla \u00ab\u00a0Crisis humanitaria en el Mediterr\u00e1neo. \u00bfQue estamos haciendo para evitar muertes? \u00a1M\u00e1s hechos y menos promesas. Derechos Ya!\u00a0\u00bb<br \/>9.00 horas, en el Club Diario informaci\u00f3n (Avda. Doctor Rico 17) Alicante.<br \/>S\u00e1bado 20 de octubre. Concentraci\u00f3n contra la pobreza \u201cM\u00e1s Hechos y Menos Promesas. Derechos ya\u00a0\u00bb&nbsp;<br \/>17.00 horas, en la Plaza del Ayuntamiento de Alicante.<\/p>\n<p><strong>VALENCIA<\/strong><br \/>Jueves 18 de octubre. Vigilia y Eucarist\u00eda contra la pobreza.<br \/>19:30horas, en la Iglesia de San Lorenzo de Valencia (pl. de San Lorenzo, 1): Vigilia y Eucaristia contra la pobreza.<br \/>Viernes 19 de octubre. Concentraci\u00f3n \u201cM\u00e1s Hechos y Menos Prometidas, Derechos ya\u201d&nbsp; en Almassera.<br \/>18.00-20.00 horas, en la Plaza Mayor.<br \/>Viernes 19 de octubre. Cine Forum.<br \/>20 horas, en el Sal\u00f3n de la Parroquia Maria Auxiliadora: Cine Forum \u201cTambi\u00e9n la Lluvia\u201d.<br \/>Viernes 19 de octubre. Concentraci\u00f3n contra la Pobreza.<br \/>19.30h, en la Plaza Felix Rodriguez de la Fuente de Canet d&rsquo;en Berenguer: Lectura de manifiesto y gesto simb\u00f3lico contra la pobreza.&nbsp;<br \/>20.15h, en la parroquia San Pedro Ap\u00f3stol de Canet d&rsquo;en Berenguer: Vigilia d\u00b4oraci\u00f3n.<br \/>S\u00e1bado 20 de octubre. Manifestaci\u00f3n \u201cPobresa Zero. M\u00e9s fets i menys promeses. Drets ja!\u201d<\/p>\n<p><strong>ELCHE<\/strong><br \/>Viernes 19 de octubre. Actividades culturales.<br \/>19.00 horas, en el paseo de la estaci\u00f3n y en el parque deportivo:&nbsp; Carrera \u201cTu indiferencia alimenta al monstruo\u201d. Actividad por parejas en la que a trav\u00e9s de diversas pruebas se lucha contra la pobreza mientras vas conociendo las causas principales que la alimentan y como cada persona es responsable de que esta siga aumentando.<br \/>Durante la tarde habr\u00e1 otras actividades culturales bajo el lema: `Pobreza Zero: M\u00e9s fets y menys promeses\u00b4.<\/p>\n<p><strong>DONOSTI<\/strong><br \/>Mi\u00e9rcoles 17 de octubre. Presentaci\u00f3n Plataforma Pobreza Cero.<br \/>19.00-21.00 horas en la Plaza Foruen, 1.<br \/>Viernes 19 de octubre. Teatro.<br \/>19.00-20.00 h. Teatro sobre cambio clim\u00e1tico, con la colaboraci\u00f3n de TROKOLO TEATRO.<\/p>\n<p><strong>PAMPLONA<\/strong><br \/>Exposici\u00f3n fotogr\u00e1fica.<br \/>Desde el 10 al 19 de Octubre en Geltoki (antigua estaci\u00f3n de autobuses de Pamplona) estar\u00e1 disponible una Exposici\u00f3n para visibilizar las causas de la pobreza y ver qu\u00e9 podemos hacer cada persona para revertir esta situaci\u00f3n.&nbsp;<br \/>17 de octubre. Concentraci\u00f3n.<br \/>A las 19:00 horas, en la Plaza del Ayuntamiento: Concentraci\u00f3n D\u00eda Internacional de la Erradicaci\u00f3n de la Pobreza bajo el lema \u201cM\u00faevete contra la desigualdad obscena\u201d.<\/p>\n<p><strong>LAS PALMAS<\/strong><br \/>Martes 16 de octubre. Charla \u00ab\u00a0otro mundo es necesario, juntxs es posible\u00a0\u00bb<br \/>18.00\u2013 22.00 horas, en el Caf\u00e9 d&rsquo;Espacio (Calle Cebri\u00e1n, 54): Charla \u00ab\u00a0otro mundo es necesario, juntxs es posible\u00a0\u00bb.<br \/>Mi\u00e9rcoles 17 de octubre. Manifestaci\u00f3n Pobreza Cero<br \/>19.30-21.30 horas. Manifestaci\u00f3n desde la Plaza Hurtado de Mendoza -por la calle Triana- hasta Parque San Telmo.<br \/>Jueves 18 de octubre. Concentraci\u00f3n<br \/>20.00 h, en parque San Telmo: Concentraci\u00f3n, lectura de Manifiesto y actuaci\u00f3n musical.<br \/>Viernes 19 de octubre. Encuentro\/Coloquio \u00ab\u00a0Trabajando juntos, eliminando desigualdades\u00a0\u00bb<br \/>Sala de grados de humanidades de la ULPGC.&nbsp;<\/p>\n","protected":false},"excerpt":{"rendered":"<p>El mi\u00e9rcoles 17 de octubre se celebra el D\u00eda Internacional contra la Pobreza y la Exclusi\u00f3n Social. Con motivo de esta fecha diferentes organizaciones y plataformas han organizado a lo largo de la presente semana distintas actividades y actos en diferentes ciudades para denunciar la pobreza&nbsp; y situar a las personas y sus derechos en el centro.&nbsp; Como ciudadan\u00eda corresponsable no podemos pasar por alto el hecho de que la pobreza y las crecientes desigualdades son cada vez m\u00e1s agudas, cr\u00f3nicas y \u201cglocales\u201d. Es necesario visibilizar la situaci\u00f3n y atacar las causas que las generan, tanto dentro como fuera del Estado espa\u00f1ol.&nbsp;&nbsp; La Semana Contra la Pobreza tiene como objetivo visibilizar la desigual realidad a trav\u00e9s de diferentes recursos y formatos; fomentar una conciencia colectiva en pro de una sociedad m\u00e1s justa y equitativa;&nbsp; y aumentar la presi\u00f3n p\u00fablica para lograr acabar con la desigualdad obscena. Desde Entreculturas nos sumamos [&hellip;]<\/p>\n","protected":false},"featured_media":2260,"template":"single-noticia","meta":{"_acf_changed":false},"categories":[7],"tags":[185],"country":[120],"cause":[132],"class_list":["post-2263","noticia","type-noticia","status-publish","has-post-thumbnail","hentry","category-noticia","tag-entreculturas","country-espana","cause-participacion-y-ciudadania-global"],"acf":[],"yoast_head":"<!-- This site is optimized with the Yoast SEO Premium plugin v21.6 (Yoast SEO v27.5) - https:\/\/yoast.com\/product\/yoast-seo-premium-wordpress\/ -->\n<title>Semana contra la Pobreza 2018 - Entreculturas<\/title>\n<meta name=\"robots\" content=\"index, follow, max-snippet:-1, max-image-preview:large, max-video-preview:-1\" \/>\n<link rel=\"canonical\" href=\"https:\/\/www.entreculturas.org\/fr\/noticia\/semana-contra-la-pobreza-2018\/\" \/>\n<meta property=\"og:locale\" content=\"fr_FR\" \/>\n<meta property=\"og:type\" content=\"article\" \/>\n<meta property=\"og:title\" content=\"Semana contra la Pobreza 2018\" \/>\n<meta property=\"og:description\" content=\"El mi\u00e9rcoles 17 de octubre se celebra el D\u00eda Internacional contra la Pobreza y la Exclusi\u00f3n Social. Con motivo de esta fecha diferentes organizaciones y plataformas han organizado a lo largo de la presente semana distintas actividades y actos en diferentes ciudades para denunciar la pobreza&nbsp; y situar a las personas y sus derechos en el centro.&nbsp; Como ciudadan\u00eda corresponsable no podemos pasar por alto el hecho de que la pobreza y las crecientes desigualdades son cada vez m\u00e1s agudas, cr\u00f3nicas y \u201cglocales\u201d. Es necesario visibilizar la situaci\u00f3n y atacar las causas que las generan, tanto dentro como fuera del Estado espa\u00f1ol.&nbsp;&nbsp; La Semana Contra la Pobreza tiene como objetivo visibilizar la desigual realidad a trav\u00e9s de diferentes recursos y formatos; fomentar una conciencia colectiva en pro de una sociedad m\u00e1s justa y equitativa;&nbsp; y aumentar la presi\u00f3n p\u00fablica para lograr acabar con la desigualdad obscena. Desde Entreculturas nos sumamos [&hellip;]\" \/>\n<meta property=\"og:url\" content=\"https:\/\/www.entreculturas.org\/fr\/noticia\/semana-contra-la-pobreza-2018\/\" \/>\n<meta property=\"og:site_name\" content=\"Entreculturas\" \/>\n<meta property=\"article:publisher\" content=\"https:\/\/www.facebook.com\/entreculturas\" \/>\n<meta property=\"article:modified_time\" content=\"2023-12-18T09:34:03+00:00\" \/>\n<meta property=\"og:image\" content=\"https:\/\/www.entreculturas.org\/wp-content\/uploads\/2018\/10\/semana-pobreza.png\" \/>\n\t<meta property=\"og:image:width\" content=\"590\" \/>\n\t<meta property=\"og:image:height\" content=\"426\" \/>\n\t<meta property=\"og:image:type\" content=\"image\/png\" \/>\n<meta name=\"twitter:card\" content=\"summary_large_image\" \/>\n<meta name=\"twitter:site\" content=\"@Entreculturas\" \/>\n<script type=\"application\/ld+json\" class=\"yoast-schema-graph\">{\"@context\":\"https:\\\/\\\/schema.org\",\"@graph\":[{\"@type\":\"WebPage\",\"@id\":\"https:\\\/\\\/www.entreculturas.org\\\/fr\\\/noticia\\\/semana-contra-la-pobreza-2018\\\/\",\"url\":\"https:\\\/\\\/www.entreculturas.org\\\/fr\\\/noticia\\\/semana-contra-la-pobreza-2018\\\/\",\"name\":\"Semana contra la Pobreza 2018 - Entreculturas\",\"isPartOf\":{\"@id\":\"https:\\\/\\\/www.entreculturas.org\\\/fr\\\/#website\"},\"primaryImageOfPage\":{\"@id\":\"https:\\\/\\\/www.entreculturas.org\\\/fr\\\/noticia\\\/semana-contra-la-pobreza-2018\\\/#primaryimage\"},\"image\":{\"@id\":\"https:\\\/\\\/www.entreculturas.org\\\/fr\\\/noticia\\\/semana-contra-la-pobreza-2018\\\/#primaryimage\"},\"thumbnailUrl\":\"https:\\\/\\\/www.entreculturas.org\\\/wp-content\\\/uploads\\\/2018\\\/10\\\/semana-pobreza.png\",\"datePublished\":\"2018-10-16T09:05:55+00:00\",\"dateModified\":\"2023-12-18T09:34:03+00:00\",\"breadcrumb\":{\"@id\":\"https:\\\/\\\/www.entreculturas.org\\\/fr\\\/noticia\\\/semana-contra-la-pobreza-2018\\\/#breadcrumb\"},\"inLanguage\":\"fr-FR\",\"potentialAction\":[{\"@type\":\"ReadAction\",\"target\":[\"https:\\\/\\\/www.entreculturas.org\\\/fr\\\/noticia\\\/semana-contra-la-pobreza-2018\\\/\"]}]},{\"@type\":\"ImageObject\",\"inLanguage\":\"fr-FR\",\"@id\":\"https:\\\/\\\/www.entreculturas.org\\\/fr\\\/noticia\\\/semana-contra-la-pobreza-2018\\\/#primaryimage\",\"url\":\"https:\\\/\\\/www.entreculturas.org\\\/wp-content\\\/uploads\\\/2018\\\/10\\\/semana-pobreza.png\",\"contentUrl\":\"https:\\\/\\\/www.entreculturas.org\\\/wp-content\\\/uploads\\\/2018\\\/10\\\/semana-pobreza.png\",\"width\":590,\"height\":426},{\"@type\":\"BreadcrumbList\",\"@id\":\"https:\\\/\\\/www.entreculturas.org\\\/fr\\\/noticia\\\/semana-contra-la-pobreza-2018\\\/#breadcrumb\",\"itemListElement\":[{\"@type\":\"ListItem\",\"position\":1,\"name\":\"Home\",\"item\":\"https:\\\/\\\/www.entreculturas.org\\\/fr\\\/\"},{\"@type\":\"ListItem\",\"position\":2,\"name\":\"Noticias\",\"item\":\"https:\\\/\\\/www.entreculturas.org\\\/fr\\\/noticias\\\/\"},{\"@type\":\"ListItem\",\"position\":3,\"name\":\"Semana contra la Pobreza 2018\"}]},{\"@type\":\"WebSite\",\"@id\":\"https:\\\/\\\/www.entreculturas.org\\\/fr\\\/#website\",\"url\":\"https:\\\/\\\/www.entreculturas.org\\\/fr\\\/\",\"name\":\"Entreculturas\",\"description\":\"\",\"publisher\":{\"@id\":\"https:\\\/\\\/www.entreculturas.org\\\/fr\\\/#organization\"},\"alternateName\":\"Entreculturas\",\"potentialAction\":[{\"@type\":\"SearchAction\",\"target\":{\"@type\":\"EntryPoint\",\"urlTemplate\":\"https:\\\/\\\/www.entreculturas.org\\\/fr\\\/?s={search_term_string}\"},\"query-input\":{\"@type\":\"PropertyValueSpecification\",\"valueRequired\":true,\"valueName\":\"search_term_string\"}}],\"inLanguage\":\"fr-FR\"},{\"@type\":\"Organization\",\"@id\":\"https:\\\/\\\/www.entreculturas.org\\\/fr\\\/#organization\",\"name\":\"Entreculturas\",\"url\":\"https:\\\/\\\/www.entreculturas.org\\\/fr\\\/\",\"logo\":{\"@type\":\"ImageObject\",\"inLanguage\":\"fr-FR\",\"@id\":\"https:\\\/\\\/www.entreculturas.org\\\/fr\\\/#\\\/schema\\\/logo\\\/image\\\/\",\"url\":\"https:\\\/\\\/www.entreculturas.org\\\/wp-content\\\/uploads\\\/2025\\\/10\\\/ESP.svg\",\"contentUrl\":\"https:\\\/\\\/www.entreculturas.org\\\/wp-content\\\/uploads\\\/2025\\\/10\\\/ESP.svg\",\"caption\":\"Entreculturas\"},\"image\":{\"@id\":\"https:\\\/\\\/www.entreculturas.org\\\/fr\\\/#\\\/schema\\\/logo\\\/image\\\/\"},\"sameAs\":[\"https:\\\/\\\/www.facebook.com\\\/entreculturas\",\"https:\\\/\\\/x.com\\\/Entreculturas\",\"https:\\\/\\\/www.instagram.com\\\/entreculturas\\\/\",\"https:\\\/\\\/www.youtube.com\\\/user\\\/entreculturasvideo\",\"https:\\\/\\\/www.linkedin.com\\\/company\\\/fundacion-entreculturas-ngdo\\\/\",\"https:\\\/\\\/www.flickr.com\\\/photos\\\/98455522@N04\\\/albums\\\/\"]}]}<\/script>\n<!-- \/ Yoast SEO Premium plugin. -->","yoast_head_json":{"title":"Semana contra la Pobreza 2018 - Entreculturas","robots":{"index":"index","follow":"follow","max-snippet":"max-snippet:-1","max-image-preview":"max-image-preview:large","max-video-preview":"max-video-preview:-1"},"canonical":"https:\/\/www.entreculturas.org\/fr\/noticia\/semana-contra-la-pobreza-2018\/","og_locale":"fr_FR","og_type":"article","og_title":"Semana contra la Pobreza 2018","og_description":"El mi\u00e9rcoles 17 de octubre se celebra el D\u00eda Internacional contra la Pobreza y la Exclusi\u00f3n Social. Con motivo de esta fecha diferentes organizaciones y plataformas han organizado a lo largo de la presente semana distintas actividades y actos en diferentes ciudades para denunciar la pobreza&nbsp; y situar a las personas y sus derechos en el centro.&nbsp; Como ciudadan\u00eda corresponsable no podemos pasar por alto el hecho de que la pobreza y las crecientes desigualdades son cada vez m\u00e1s agudas, cr\u00f3nicas y \u201cglocales\u201d. Es necesario visibilizar la situaci\u00f3n y atacar las causas que las generan, tanto dentro como fuera del Estado espa\u00f1ol.&nbsp;&nbsp; La Semana Contra la Pobreza tiene como objetivo visibilizar la desigual realidad a trav\u00e9s de diferentes recursos y formatos; fomentar una conciencia colectiva en pro de una sociedad m\u00e1s justa y equitativa;&nbsp; y aumentar la presi\u00f3n p\u00fablica para lograr acabar con la desigualdad obscena. Desde Entreculturas nos sumamos [&hellip;]","og_url":"https:\/\/www.entreculturas.org\/fr\/noticia\/semana-contra-la-pobreza-2018\/","og_site_name":"Entreculturas","article_publisher":"https:\/\/www.facebook.com\/entreculturas","article_modified_time":"2023-12-18T09:34:03+00:00","og_image":[{"width":590,"height":426,"url":"https:\/\/www.entreculturas.org\/wp-content\/uploads\/2018\/10\/semana-pobreza.png","type":"image\/png"}],"twitter_card":"summary_large_image","twitter_site":"@Entreculturas","schema":{"@context":"https:\/\/schema.org","@graph":[{"@type":"WebPage","@id":"https:\/\/www.entreculturas.org\/fr\/noticia\/semana-contra-la-pobreza-2018\/","url":"https:\/\/www.entreculturas.org\/fr\/noticia\/semana-contra-la-pobreza-2018\/","name":"Semana contra la Pobreza 2018 - Entreculturas","isPartOf":{"@id":"https:\/\/www.entreculturas.org\/fr\/#website"},"primaryImageOfPage":{"@id":"https:\/\/www.entreculturas.org\/fr\/noticia\/semana-contra-la-pobreza-2018\/#primaryimage"},"image":{"@id":"https:\/\/www.entreculturas.org\/fr\/noticia\/semana-contra-la-pobreza-2018\/#primaryimage"},"thumbnailUrl":"https:\/\/www.entreculturas.org\/wp-content\/uploads\/2018\/10\/semana-pobreza.png","datePublished":"2018-10-16T09:05:55+00:00","dateModified":"2023-12-18T09:34:03+00:00","breadcrumb":{"@id":"https:\/\/www.entreculturas.org\/fr\/noticia\/semana-contra-la-pobreza-2018\/#breadcrumb"},"inLanguage":"fr-FR","potentialAction":[{"@type":"ReadAction","target":["https:\/\/www.entreculturas.org\/fr\/noticia\/semana-contra-la-pobreza-2018\/"]}]},{"@type":"ImageObject","inLanguage":"fr-FR","@id":"https:\/\/www.entreculturas.org\/fr\/noticia\/semana-contra-la-pobreza-2018\/#primaryimage","url":"https:\/\/www.entreculturas.org\/wp-content\/uploads\/2018\/10\/semana-pobreza.png","contentUrl":"https:\/\/www.entreculturas.org\/wp-content\/uploads\/2018\/10\/semana-pobreza.png","width":590,"height":426},{"@type":"BreadcrumbList","@id":"https:\/\/www.entreculturas.org\/fr\/noticia\/semana-contra-la-pobreza-2018\/#breadcrumb","itemListElement":[{"@type":"ListItem","position":1,"name":"Home","item":"https:\/\/www.entreculturas.org\/fr\/"},{"@type":"ListItem","position":2,"name":"Noticias","item":"https:\/\/www.entreculturas.org\/fr\/noticias\/"},{"@type":"ListItem","position":3,"name":"Semana contra la Pobreza 2018"}]},{"@type":"WebSite","@id":"https:\/\/www.entreculturas.org\/fr\/#website","url":"https:\/\/www.entreculturas.org\/fr\/","name":"Entreculturas","description":"","publisher":{"@id":"https:\/\/www.entreculturas.org\/fr\/#organization"},"alternateName":"Entreculturas","potentialAction":[{"@type":"SearchAction","target":{"@type":"EntryPoint","urlTemplate":"https:\/\/www.entreculturas.org\/fr\/?s={search_term_string}"},"query-input":{"@type":"PropertyValueSpecification","valueRequired":true,"valueName":"search_term_string"}}],"inLanguage":"fr-FR"},{"@type":"Organization","@id":"https:\/\/www.entreculturas.org\/fr\/#organization","name":"Entreculturas","url":"https:\/\/www.entreculturas.org\/fr\/","logo":{"@type":"ImageObject","inLanguage":"fr-FR","@id":"https:\/\/www.entreculturas.org\/fr\/#\/schema\/logo\/image\/","url":"https:\/\/www.entreculturas.org\/wp-content\/uploads\/2025\/10\/ESP.svg","contentUrl":"https:\/\/www.entreculturas.org\/wp-content\/uploads\/2025\/10\/ESP.svg","caption":"Entreculturas"},"image":{"@id":"https:\/\/www.entreculturas.org\/fr\/#\/schema\/logo\/image\/"},"sameAs":["https:\/\/www.facebook.com\/entreculturas","https:\/\/x.com\/Entreculturas","https:\/\/www.instagram.com\/entreculturas\/","https:\/\/www.youtube.com\/user\/entreculturasvideo","https:\/\/www.linkedin.com\/company\/fundacion-entreculturas-ngdo\/","https:\/\/www.flickr.com\/photos\/98455522@N04\/albums\/"]}]}},"_links":{"self":[{"href":"https:\/\/www.entreculturas.org\/fr\/wp-json\/wp\/v2\/noticia\/2263","targetHints":{"allow":["GET"]}}],"collection":[{"href":"https:\/\/www.entreculturas.org\/fr\/wp-json\/wp\/v2\/noticia"}],"about":[{"href":"https:\/\/www.entreculturas.org\/fr\/wp-json\/wp\/v2\/types\/noticia"}],"wp:featuredmedia":[{"embeddable":true,"href":"https:\/\/www.entreculturas.org\/fr\/wp-json\/wp\/v2\/media\/2260"}],"wp:attachment":[{"href":"https:\/\/www.entreculturas.org\/fr\/wp-json\/wp\/v2\/media?parent=2263"}],"wp:term":[{"taxonomy":"category","embeddable":true,"href":"https:\/\/www.entreculturas.org\/fr\/wp-json\/wp\/v2\/categories?post=2263"},{"taxonomy":"post_tag","embeddable":true,"href":"https:\/\/www.entreculturas.org\/fr\/wp-json\/wp\/v2\/tags?post=2263"},{"taxonomy":"country","embeddable":true,"href":"https:\/\/www.entreculturas.org\/fr\/wp-json\/wp\/v2\/country?post=2263"},{"taxonomy":"cause","embeddable":true,"href":"https:\/\/www.entreculturas.org\/fr\/wp-json\/wp\/v2\/cause?post=2263"}],"curies":[{"name":"wp","href":"https:\/\/api.w.org\/{rel}","templated":true}]}}