{"id":22525,"date":"2024-03-18T13:05:22","date_gmt":"2024-03-18T12:05:22","guid":{"rendered":"https:\/\/www.entreculturas.org\/?post_type=noticia&#038;p=22525"},"modified":"2024-03-18T13:19:29","modified_gmt":"2024-03-18T12:19:29","slug":"entreculturas-rechaza-la-reforma-del-codigo-de-fronteras-schengen","status":"publish","type":"noticia","link":"https:\/\/www.entreculturas.org\/fr\/noticia\/entreculturas-rechaza-la-reforma-del-codigo-de-fronteras-schengen\/","title":{"rendered":"Entreculturas y otras 85 organizaciones contra la reforma del C\u00f3digo de fronteras Schengen"},"content":{"rendered":"\n<p>Desde Entreculturas, junto a otras 85 organizaciones de la sociedad civil, expresamos nuestra profunda preocupaci\u00f3n ante la pr\u00f3xima votaci\u00f3n en la Comisi\u00f3n de Libertades Civiles, Justicia y Asuntos de Interior de la Uni\u00f3n Europea (LIBE) sobre la reforma del C\u00f3digo de Fronteras Schengen. Nos preocupa enormemente el impacto que esta reforma podr\u00eda tener en los derechos fundamentales de los colectivos de personas migrantes y racializadas.<\/p>\n\n\n\n<h3 class=\"wp-block-heading\" id=\"h-que-es-la-reforma-del-codigo-de-fronteras-schengen\">\u00bfQu\u00e9 es la reforma del C\u00f3digo de fronteras Schengen?<\/h3>\n\n\n\n<div style=\"height:15px\" aria-hidden=\"true\" class=\"wp-block-spacer\"><\/div>\n\n\n\n<p>Aunque las organizaciones de la sociedad civil han advertido repetidamente sobre los posibles efectos adversos, la Uni\u00f3n Europea ha alcanzado un consenso sobre esta reforma, cuyas implicaciones podr\u00edan ser graves para los grupos de migrantes y personas racializadas. Este acuerdo corre el riesgo de agravar las dificultades de aquellos que ya se encuentran en situaciones vulnerables, contribuyendo as\u00ed a mantener un sistema de injusticia arraigado<\/p>\n\n\n\n<h3 class=\"wp-block-heading\" id=\"h-razones-de-preocupacion\">Razones de preocupaci\u00f3n <\/h3>\n\n\n\n<div style=\"height:15px\" aria-hidden=\"true\" class=\"wp-block-spacer\"><\/div>\n\n\n\n<ul class=\"wp-block-list\">\n<li><strong>Elaboraci\u00f3n de Perfiles Raciales:<\/strong> Nos preocupa especialmente que la propuesta de reforma generalice los controles policiales basados en la elaboraci\u00f3n de perfiles raciales, lo cual viola la legislaci\u00f3n europea e internacional contra la discriminaci\u00f3n.<\/li>\n\n\n\n<li><strong>Retrocesos Internos:<\/strong> La supresi\u00f3n de salvaguardias en el art\u00edculo 23 bis podr\u00eda permitir \u00ab\u00a0traslados\u00a0\u00bb inmediatos de personas detenidas en zonas fronterizas, sin excepciones para menores no acompa\u00f1ados o personas en vulnerabilidad.<\/li>\n\n\n\n<li><strong>Instrumentalizaci\u00f3n y Tecnolog\u00edas de Vigilancia:<\/strong> Adem\u00e1s, la reforma permite excepciones ilimitadas al acervo comunitario en materia de asilo y derechos fundamentales, y aumenta el uso de tecnolog\u00edas de vigilancia y control en las fronteras.<\/li>\n<\/ul>\n\n\n\n<h3 class=\"wp-block-heading\" id=\"h-un-llamado-a-la-accion-ante-la-reforma-del-codigo-de-fronteras-schengen\">Un llamado a la acci\u00f3n ante la reforma del C\u00f3digo de fronteras Schengen<\/h3>\n\n\n\n<div style=\"height:15px\" aria-hidden=\"true\" class=\"wp-block-spacer\"><\/div>\n\n\n\n<p>Hacemos un llamado urgente a los eurodiputados y eurodiputadas de la Comisi\u00f3n LIBE para que se opongan a esta reforma y env\u00eden un mensaje claro contra cualquier legislaci\u00f3n que viole los derechos fundamentales. La votaci\u00f3n incluir\u00e1 enmiendas preocupantes que, en conjunto, crear\u00e1n un sistema de \u00ab\u00a0gesti\u00f3n de la migraci\u00f3n\u00a0\u00bb en las fronteras Schengen que podr\u00eda reducir el espacio c\u00edvico y aumentar la criminalizaci\u00f3n del movimiento y la solidaridad. En Entreculturas, continuaremos defendiendo los derechos humanos y luchando por un mundo m\u00e1s justo y solidario para todos y todas.<\/p>\n\n\n\n<div style=\"height:15px\" aria-hidden=\"true\" class=\"wp-block-spacer\"><\/div>\n\n\n\n<p><a href=\"https:\/\/www.entreculturas.org\/wp-content\/uploads\/2024\/03\/contra-la-reforma-de-fronteras-schengen.pdf\" target=\"_blank\" rel=\"noreferrer noopener\">Esta es la carta que dirigimos a eurodiputados y eurodiputadas.<\/a><\/p>\n","protected":false},"excerpt":{"rendered":"<p>Desde Entreculturas, junto a otras 85 organizaciones de la sociedad civil, expresamos nuestra profunda preocupaci\u00f3n ante la pr\u00f3xima votaci\u00f3n en la Comisi\u00f3n de Libertades Civiles, Justicia y Asuntos de Interior de la Uni\u00f3n Europea (LIBE) sobre la reforma del C\u00f3digo de Fronteras Schengen. Nos preocupa enormemente el impacto que esta reforma podr\u00eda tener en los derechos fundamentales de los colectivos de personas migrantes y racializadas. \u00bfQu\u00e9 es la reforma del C\u00f3digo de fronteras Schengen? Aunque las organizaciones de la sociedad civil han advertido repetidamente sobre los posibles efectos adversos, la Uni\u00f3n Europea ha alcanzado un consenso sobre esta reforma, cuyas implicaciones podr\u00edan ser graves para los grupos de migrantes y personas racializadas. Este acuerdo corre el riesgo de agravar las dificultades de aquellos que ya se encuentran en situaciones vulnerables, contribuyendo as\u00ed a mantener un sistema de injusticia arraigado Razones de preocupaci\u00f3n Un llamado a la acci\u00f3n ante la reforma [&hellip;]<\/p>\n","protected":false},"featured_media":22527,"template":"","meta":{"_acf_changed":false},"categories":[7],"tags":[10],"country":[],"cause":[129],"class_list":["post-22525","noticia","type-noticia","status-publish","has-post-thumbnail","hentry","category-noticia","tag-migracion-y-refugio","cause-migracion-y-refugio"],"acf":[],"yoast_head":"<!-- This site is optimized with the Yoast SEO Premium plugin v21.6 (Yoast SEO v27.5) - https:\/\/yoast.com\/product\/yoast-seo-premium-wordpress\/ -->\n<title>Entreculturas contra la reforma del C\u00f3digo de fronteras Schengen<\/title>\n<meta name=\"description\" content=\"Alzamos nuestra voz ante la reforma del C\u00f3digo de Fronteras Schengen, cuyas repercusiones podr\u00edan ser devastadoras para las migrantes.\" \/>\n<meta name=\"robots\" content=\"index, follow, max-snippet:-1, max-image-preview:large, max-video-preview:-1\" \/>\n<link rel=\"canonical\" href=\"https:\/\/www.entreculturas.org\/fr\/noticia\/entreculturas-rechaza-la-reforma-del-codigo-de-fronteras-schengen\/\" \/>\n<meta property=\"og:locale\" content=\"fr_FR\" \/>\n<meta property=\"og:type\" content=\"article\" \/>\n<meta property=\"og:title\" content=\"Entreculturas y otras 85 organizaciones contra la reforma del C\u00f3digo de fronteras Schengen\" \/>\n<meta property=\"og:description\" content=\"Alzamos nuestra voz ante la reforma del C\u00f3digo de Fronteras Schengen, cuyas repercusiones podr\u00edan ser devastadoras para las migrantes.\" \/>\n<meta property=\"og:url\" content=\"https:\/\/www.entreculturas.org\/fr\/noticia\/entreculturas-rechaza-la-reforma-del-codigo-de-fronteras-schengen\/\" \/>\n<meta property=\"og:site_name\" content=\"Entreculturas\" \/>\n<meta property=\"article:publisher\" content=\"https:\/\/www.facebook.com\/entreculturas\" \/>\n<meta property=\"article:modified_time\" content=\"2024-03-18T12:19:29+00:00\" \/>\n<meta property=\"og:image\" content=\"https:\/\/www.entreculturas.org\/wp-content\/uploads\/2024\/03\/814135.jpg\" \/>\n\t<meta property=\"og:image:width\" content=\"933\" \/>\n\t<meta property=\"og:image:height\" content=\"622\" \/>\n\t<meta property=\"og:image:type\" content=\"image\/jpeg\" \/>\n<meta name=\"twitter:card\" content=\"summary_large_image\" \/>\n<meta name=\"twitter:site\" content=\"@Entreculturas\" \/>\n<script type=\"application\/ld+json\" class=\"yoast-schema-graph\">{\"@context\":\"https:\\\/\\\/schema.org\",\"@graph\":[{\"@type\":\"WebPage\",\"@id\":\"https:\\\/\\\/www.entreculturas.org\\\/fr\\\/noticia\\\/entreculturas-rechaza-la-reforma-del-codigo-de-fronteras-schengen\\\/\",\"url\":\"https:\\\/\\\/www.entreculturas.org\\\/fr\\\/noticia\\\/entreculturas-rechaza-la-reforma-del-codigo-de-fronteras-schengen\\\/\",\"name\":\"Entreculturas contra la reforma del C\u00f3digo de fronteras Schengen\",\"isPartOf\":{\"@id\":\"https:\\\/\\\/www.entreculturas.org\\\/fr\\\/#website\"},\"primaryImageOfPage\":{\"@id\":\"https:\\\/\\\/www.entreculturas.org\\\/fr\\\/noticia\\\/entreculturas-rechaza-la-reforma-del-codigo-de-fronteras-schengen\\\/#primaryimage\"},\"image\":{\"@id\":\"https:\\\/\\\/www.entreculturas.org\\\/fr\\\/noticia\\\/entreculturas-rechaza-la-reforma-del-codigo-de-fronteras-schengen\\\/#primaryimage\"},\"thumbnailUrl\":\"https:\\\/\\\/www.entreculturas.org\\\/wp-content\\\/uploads\\\/2024\\\/03\\\/814135.jpg\",\"datePublished\":\"2024-03-18T12:05:22+00:00\",\"dateModified\":\"2024-03-18T12:19:29+00:00\",\"description\":\"Alzamos nuestra voz ante la reforma del C\u00f3digo de Fronteras Schengen, cuyas repercusiones podr\u00edan ser devastadoras para las migrantes.\",\"breadcrumb\":{\"@id\":\"https:\\\/\\\/www.entreculturas.org\\\/fr\\\/noticia\\\/entreculturas-rechaza-la-reforma-del-codigo-de-fronteras-schengen\\\/#breadcrumb\"},\"inLanguage\":\"fr-FR\",\"potentialAction\":[{\"@type\":\"ReadAction\",\"target\":[\"https:\\\/\\\/www.entreculturas.org\\\/fr\\\/noticia\\\/entreculturas-rechaza-la-reforma-del-codigo-de-fronteras-schengen\\\/\"]}]},{\"@type\":\"ImageObject\",\"inLanguage\":\"fr-FR\",\"@id\":\"https:\\\/\\\/www.entreculturas.org\\\/fr\\\/noticia\\\/entreculturas-rechaza-la-reforma-del-codigo-de-fronteras-schengen\\\/#primaryimage\",\"url\":\"https:\\\/\\\/www.entreculturas.org\\\/wp-content\\\/uploads\\\/2024\\\/03\\\/814135.jpg\",\"contentUrl\":\"https:\\\/\\\/www.entreculturas.org\\\/wp-content\\\/uploads\\\/2024\\\/03\\\/814135.jpg\",\"width\":933,\"height\":622,\"caption\":\"migrant health issues\"},{\"@type\":\"BreadcrumbList\",\"@id\":\"https:\\\/\\\/www.entreculturas.org\\\/fr\\\/noticia\\\/entreculturas-rechaza-la-reforma-del-codigo-de-fronteras-schengen\\\/#breadcrumb\",\"itemListElement\":[{\"@type\":\"ListItem\",\"position\":1,\"name\":\"Home\",\"item\":\"https:\\\/\\\/www.entreculturas.org\\\/fr\\\/\"},{\"@type\":\"ListItem\",\"position\":2,\"name\":\"Noticias\",\"item\":\"https:\\\/\\\/www.entreculturas.org\\\/fr\\\/noticias\\\/\"},{\"@type\":\"ListItem\",\"position\":3,\"name\":\"Entreculturas y otras 85 organizaciones contra la reforma del C\u00f3digo de fronteras Schengen\"}]},{\"@type\":\"WebSite\",\"@id\":\"https:\\\/\\\/www.entreculturas.org\\\/fr\\\/#website\",\"url\":\"https:\\\/\\\/www.entreculturas.org\\\/fr\\\/\",\"name\":\"Entreculturas\",\"description\":\"\",\"publisher\":{\"@id\":\"https:\\\/\\\/www.entreculturas.org\\\/fr\\\/#organization\"},\"alternateName\":\"Entreculturas\",\"potentialAction\":[{\"@type\":\"SearchAction\",\"target\":{\"@type\":\"EntryPoint\",\"urlTemplate\":\"https:\\\/\\\/www.entreculturas.org\\\/fr\\\/?s={search_term_string}\"},\"query-input\":{\"@type\":\"PropertyValueSpecification\",\"valueRequired\":true,\"valueName\":\"search_term_string\"}}],\"inLanguage\":\"fr-FR\"},{\"@type\":\"Organization\",\"@id\":\"https:\\\/\\\/www.entreculturas.org\\\/fr\\\/#organization\",\"name\":\"Entreculturas\",\"url\":\"https:\\\/\\\/www.entreculturas.org\\\/fr\\\/\",\"logo\":{\"@type\":\"ImageObject\",\"inLanguage\":\"fr-FR\",\"@id\":\"https:\\\/\\\/www.entreculturas.org\\\/fr\\\/#\\\/schema\\\/logo\\\/image\\\/\",\"url\":\"https:\\\/\\\/www.entreculturas.org\\\/wp-content\\\/uploads\\\/2025\\\/10\\\/ESP.svg\",\"contentUrl\":\"https:\\\/\\\/www.entreculturas.org\\\/wp-content\\\/uploads\\\/2025\\\/10\\\/ESP.svg\",\"caption\":\"Entreculturas\"},\"image\":{\"@id\":\"https:\\\/\\\/www.entreculturas.org\\\/fr\\\/#\\\/schema\\\/logo\\\/image\\\/\"},\"sameAs\":[\"https:\\\/\\\/www.facebook.com\\\/entreculturas\",\"https:\\\/\\\/x.com\\\/Entreculturas\",\"https:\\\/\\\/www.instagram.com\\\/entreculturas\\\/\",\"https:\\\/\\\/www.youtube.com\\\/user\\\/entreculturasvideo\",\"https:\\\/\\\/www.linkedin.com\\\/company\\\/fundacion-entreculturas-ngdo\\\/\",\"https:\\\/\\\/www.flickr.com\\\/photos\\\/98455522@N04\\\/albums\\\/\"]}]}<\/script>\n<!-- \/ Yoast SEO Premium plugin. -->","yoast_head_json":{"title":"Entreculturas contra la reforma del C\u00f3digo de fronteras Schengen","description":"Alzamos nuestra voz ante la reforma del C\u00f3digo de Fronteras Schengen, cuyas repercusiones podr\u00edan ser devastadoras para las migrantes.","robots":{"index":"index","follow":"follow","max-snippet":"max-snippet:-1","max-image-preview":"max-image-preview:large","max-video-preview":"max-video-preview:-1"},"canonical":"https:\/\/www.entreculturas.org\/fr\/noticia\/entreculturas-rechaza-la-reforma-del-codigo-de-fronteras-schengen\/","og_locale":"fr_FR","og_type":"article","og_title":"Entreculturas y otras 85 organizaciones contra la reforma del C\u00f3digo de fronteras Schengen","og_description":"Alzamos nuestra voz ante la reforma del C\u00f3digo de Fronteras Schengen, cuyas repercusiones podr\u00edan ser devastadoras para las migrantes.","og_url":"https:\/\/www.entreculturas.org\/fr\/noticia\/entreculturas-rechaza-la-reforma-del-codigo-de-fronteras-schengen\/","og_site_name":"Entreculturas","article_publisher":"https:\/\/www.facebook.com\/entreculturas","article_modified_time":"2024-03-18T12:19:29+00:00","og_image":[{"width":933,"height":622,"url":"https:\/\/www.entreculturas.org\/wp-content\/uploads\/2024\/03\/814135.jpg","type":"image\/jpeg"}],"twitter_card":"summary_large_image","twitter_site":"@Entreculturas","schema":{"@context":"https:\/\/schema.org","@graph":[{"@type":"WebPage","@id":"https:\/\/www.entreculturas.org\/fr\/noticia\/entreculturas-rechaza-la-reforma-del-codigo-de-fronteras-schengen\/","url":"https:\/\/www.entreculturas.org\/fr\/noticia\/entreculturas-rechaza-la-reforma-del-codigo-de-fronteras-schengen\/","name":"Entreculturas contra la reforma del C\u00f3digo de fronteras Schengen","isPartOf":{"@id":"https:\/\/www.entreculturas.org\/fr\/#website"},"primaryImageOfPage":{"@id":"https:\/\/www.entreculturas.org\/fr\/noticia\/entreculturas-rechaza-la-reforma-del-codigo-de-fronteras-schengen\/#primaryimage"},"image":{"@id":"https:\/\/www.entreculturas.org\/fr\/noticia\/entreculturas-rechaza-la-reforma-del-codigo-de-fronteras-schengen\/#primaryimage"},"thumbnailUrl":"https:\/\/www.entreculturas.org\/wp-content\/uploads\/2024\/03\/814135.jpg","datePublished":"2024-03-18T12:05:22+00:00","dateModified":"2024-03-18T12:19:29+00:00","description":"Alzamos nuestra voz ante la reforma del C\u00f3digo de Fronteras Schengen, cuyas repercusiones podr\u00edan ser devastadoras para las migrantes.","breadcrumb":{"@id":"https:\/\/www.entreculturas.org\/fr\/noticia\/entreculturas-rechaza-la-reforma-del-codigo-de-fronteras-schengen\/#breadcrumb"},"inLanguage":"fr-FR","potentialAction":[{"@type":"ReadAction","target":["https:\/\/www.entreculturas.org\/fr\/noticia\/entreculturas-rechaza-la-reforma-del-codigo-de-fronteras-schengen\/"]}]},{"@type":"ImageObject","inLanguage":"fr-FR","@id":"https:\/\/www.entreculturas.org\/fr\/noticia\/entreculturas-rechaza-la-reforma-del-codigo-de-fronteras-schengen\/#primaryimage","url":"https:\/\/www.entreculturas.org\/wp-content\/uploads\/2024\/03\/814135.jpg","contentUrl":"https:\/\/www.entreculturas.org\/wp-content\/uploads\/2024\/03\/814135.jpg","width":933,"height":622,"caption":"migrant health issues"},{"@type":"BreadcrumbList","@id":"https:\/\/www.entreculturas.org\/fr\/noticia\/entreculturas-rechaza-la-reforma-del-codigo-de-fronteras-schengen\/#breadcrumb","itemListElement":[{"@type":"ListItem","position":1,"name":"Home","item":"https:\/\/www.entreculturas.org\/fr\/"},{"@type":"ListItem","position":2,"name":"Noticias","item":"https:\/\/www.entreculturas.org\/fr\/noticias\/"},{"@type":"ListItem","position":3,"name":"Entreculturas y otras 85 organizaciones contra la reforma del C\u00f3digo de fronteras Schengen"}]},{"@type":"WebSite","@id":"https:\/\/www.entreculturas.org\/fr\/#website","url":"https:\/\/www.entreculturas.org\/fr\/","name":"Entreculturas","description":"","publisher":{"@id":"https:\/\/www.entreculturas.org\/fr\/#organization"},"alternateName":"Entreculturas","potentialAction":[{"@type":"SearchAction","target":{"@type":"EntryPoint","urlTemplate":"https:\/\/www.entreculturas.org\/fr\/?s={search_term_string}"},"query-input":{"@type":"PropertyValueSpecification","valueRequired":true,"valueName":"search_term_string"}}],"inLanguage":"fr-FR"},{"@type":"Organization","@id":"https:\/\/www.entreculturas.org\/fr\/#organization","name":"Entreculturas","url":"https:\/\/www.entreculturas.org\/fr\/","logo":{"@type":"ImageObject","inLanguage":"fr-FR","@id":"https:\/\/www.entreculturas.org\/fr\/#\/schema\/logo\/image\/","url":"https:\/\/www.entreculturas.org\/wp-content\/uploads\/2025\/10\/ESP.svg","contentUrl":"https:\/\/www.entreculturas.org\/wp-content\/uploads\/2025\/10\/ESP.svg","caption":"Entreculturas"},"image":{"@id":"https:\/\/www.entreculturas.org\/fr\/#\/schema\/logo\/image\/"},"sameAs":["https:\/\/www.facebook.com\/entreculturas","https:\/\/x.com\/Entreculturas","https:\/\/www.instagram.com\/entreculturas\/","https:\/\/www.youtube.com\/user\/entreculturasvideo","https:\/\/www.linkedin.com\/company\/fundacion-entreculturas-ngdo\/","https:\/\/www.flickr.com\/photos\/98455522@N04\/albums\/"]}]}},"_links":{"self":[{"href":"https:\/\/www.entreculturas.org\/fr\/wp-json\/wp\/v2\/noticia\/22525","targetHints":{"allow":["GET"]}}],"collection":[{"href":"https:\/\/www.entreculturas.org\/fr\/wp-json\/wp\/v2\/noticia"}],"about":[{"href":"https:\/\/www.entreculturas.org\/fr\/wp-json\/wp\/v2\/types\/noticia"}],"wp:featuredmedia":[{"embeddable":true,"href":"https:\/\/www.entreculturas.org\/fr\/wp-json\/wp\/v2\/media\/22527"}],"wp:attachment":[{"href":"https:\/\/www.entreculturas.org\/fr\/wp-json\/wp\/v2\/media?parent=22525"}],"wp:term":[{"taxonomy":"category","embeddable":true,"href":"https:\/\/www.entreculturas.org\/fr\/wp-json\/wp\/v2\/categories?post=22525"},{"taxonomy":"post_tag","embeddable":true,"href":"https:\/\/www.entreculturas.org\/fr\/wp-json\/wp\/v2\/tags?post=22525"},{"taxonomy":"country","embeddable":true,"href":"https:\/\/www.entreculturas.org\/fr\/wp-json\/wp\/v2\/country?post=22525"},{"taxonomy":"cause","embeddable":true,"href":"https:\/\/www.entreculturas.org\/fr\/wp-json\/wp\/v2\/cause?post=22525"}],"curies":[{"name":"wp","href":"https:\/\/api.w.org\/{rel}","templated":true}]}}