{"id":2204,"date":"2018-09-25T08:54:25","date_gmt":"2018-09-25T08:54:25","guid":{"rendered":"https:\/\/entreculturasi.wpenginepowered.com\/?noticias=entreculturas-177-proyectos-en-37-paises-y-196246-personas-atendidas"},"modified":"2023-12-18T10:34:04","modified_gmt":"2023-12-18T09:34:04","slug":"entreculturas-177-proyectos-en-37-paises-y-196246-personas-atendidas","status":"publish","type":"noticia","link":"https:\/\/www.entreculturas.org\/fr\/noticia\/entreculturas-177-proyectos-en-37-paises-y-196246-personas-atendidas\/","title":{"rendered":"Entreculturas, 177 proyectos en 37 pa\u00edses y  196.246 personas atendidas"},"content":{"rendered":"<p>Bajo el lema \u201cNo lo hacemos por los N\u00fameros\u201d, hemos publicado los resultados de las actividades llevadas a cabo en 2017 y recogidas en el documento<a href=\"https:\/\/www.entreculturas.org\/es\/publicaciones\/informe-anual-entreculturas-2017\" target=\"_blank\" rel=\"noopener\"> \u201cMemoria 2017: La Educaci\u00f3n abre el Mundo\u201d.<\/a><\/p>\n<p><strong>Durante 2017 hemos estado presente en 37 pa\u00edses (18 de Am\u00e9rica Latina, 14 de \u00c1frica, 4 de Asia y 1 de Europa) d\u00f3nde a trav\u00e9s de 177 proyectos de cooperaci\u00f3n y de ayuda humanitaria ha atendido a 196.246 personas<\/strong>. Un trabajo que pivot\u00f3 sobre tres cuestiones fundamentales:&nbsp;el derecho a la educaci\u00f3n, el cuidado del medio ambiente y la acogida de personas refugiadas.&nbsp; <strong>Seg\u00fan nuestro Vicepresidente Ejecutivo de Entreculturas, Daniel Villanueva, \u201cEstas cifras demuestran que en Entreculturas no renunciamos a transformar a gran escala<\/strong>. Que, junto a otras personas, organizaciones y movimientos con los que trabajamos, no renunciamos a creer en un bienestar que puede y debe llegar a todos y todas\u201d.<br \/>&nbsp;<\/p>\n<\/p>\n<p>Ante el crecimiento generalizado de la conflictividad, la desigualdad y la privaci\u00f3n de derechos, <strong>desde Entreculturas apostamos por la educaci\u00f3n como v\u00eda para lograr un mundo justo y sostenible<\/strong> impulsando proyectos de cooperaci\u00f3n al desarrollo en los pa\u00edses m\u00e1s desfavorecidos, trabajando propuestas educativas, acciones de sensibilizaci\u00f3n e incidencia pol\u00edtica, fomentando el encuentro y ofreciendo programas de voluntariado local e internacional como un proceso de transformaci\u00f3n de las personas que, asom\u00e1ndose a otras realidades, se convierten en agentes de cambio social.<\/p>\n<p>En Entreculturas ya<strong> contamos con 28 delegaciones en Espa\u00f1a y&nbsp;una base social de m\u00e1s de 20.100 personas que avalan y legitiman nuestra&nbsp;labor<\/strong>. Durante 2017, los ingresos han ascendido a&nbsp;un total de 19.300.776 euros. Este volumen de recursos generados ha superado el previsto en el presupuesto, el cual contemplaba un total de ingresos de 15.043.372 euros.<\/p>\n<p>En cuanto a la procedencia de los fondos, los ingresos p\u00fablicos que provienen de la Administraci\u00f3n Estatal han aumentado ligeramente, mientras que los fondos p\u00fablicos que provienen de la Administraci\u00f3n auton\u00f3mica y local se han visto incrementados en un 50%. En cuanto a los ingresos privados, se han incrementado en un 29% con respecto al ejercicio 2016, debido principalmente a los legados y herencias recibidas durante el ejercicio 2017. De los 19.300.776 euros, <strong>el 79.6 % se destin\u00f3 a proyectos de cooperaci\u00f3n<\/strong>. Por otro lado, con el objetivo de incidir en las causas que originan la desigualdad mundial, hemos&nbsp;dedicado durante este a\u00f1o 1.936.303 euros a actividades de sensibilizaci\u00f3n e incidencia p\u00fablica, lo que ha supuesto un 10% del total. Por \u00faltimo, los fondos dedicados a gastos de gesti\u00f3n, 2.029.951 euros, han supuesto un 10,4% respecto al total, cifra que garantiza una gesti\u00f3n eficaz y austera.<\/p>\n<p>&nbsp;<\/p>\n<p><img decoding=\"async\" alt=\"\" height=\"533\" src=\"https:\/\/www.entreculturas.org\/wp-content\/uploads\/2018\/09\/memoria-chad.jpg\" width=\"800\"><\/p>\n<p>La defensa de las personas refugiadas y migrantes marc\u00f3 nuestra agenda pol\u00edtica en un a\u00f1o en que se cumpl\u00eda el primer aniversario del Acuerdo UE-Turqu\u00eda. Desde la campa\u00f1a Hospitalidad.es, que promuevemos junto al Sector Social de la Compa\u00f1\u00eda de Jes\u00fas, hicimos entrega en la Secretar\u00eda General de Inmigraci\u00f3n y Emigraci\u00f3n de 30.131 firmas recogidas en apoyo a la iniciativa #YoSoyTierraDeAcogida.<\/p>\n<p>En Entreculturas nos gusta poner voz y rostro a los problemas de nuestro planeta para apelar a la empat\u00eda y despertar el compromiso. Nombres propios como el de Marie Claudia, protagonista de la campa\u00f1a \u201cVidas que construyen futuro\u201d, el de Mireille Twayigira, invitada especial para la campa\u00f1a \u201cLa educaci\u00f3n abre el mundo\u201d o Elisa Orba\u00f1anos, Hombeline Bahati y Santiago Manuin en el contexto de la campa\u00f1a \u201cEscuelas en peligro de extinci\u00f3n\u201d, ayudaron a esta causa. El proceso de paz en Colombia, la crisis pol\u00edtica y social de Honduras y Venezuela fueron tambi\u00e9n motivo de convocatoria especial para los medios de comunicaci\u00f3n comprometidos por los derechos humanos.&nbsp; En la l\u00ednea de la reivindicaci\u00f3n de una educaci\u00f3n de calidad para todos y todas, desde Entreculturas presentamos&nbsp;\u201cLa Ayuda en Educaci\u00f3n a Examen\u201d, un informe que analiza los retos que afronta en la actualidad la cooperaci\u00f3n espa\u00f1ola en materia de educaci\u00f3n. Tuvimos&nbsp;la oportunidad de dialogar con responsables de Cooperaci\u00f3n Internacional tanto en el Congreso como en el Senado para aportar nuestra&nbsp;visi\u00f3n sobre la definici\u00f3n, la elaboraci\u00f3n y la coordinaci\u00f3n de la Estrategia Espa\u00f1ola para alcanzar los ODS.<\/p>\n<p>A lo largo de 2017 desde <strong>hemos trabajado junto a 327 docentes y m\u00e1s de 4.000 j\u00f3venes en un total de 838 centros educativos de toda Espa\u00f1a<\/strong>. En el marco del tercer a\u00f1o de la propuesta \u201cUn mundo en tus manos\u201d, hemos&nbsp;seguido ofreciendo ideas y recursos did\u00e1cticos para generar espacios de participaci\u00f3n infantil y juvenil orientados a aprender a vivir y transformar nuestra realidad. Dimos vida al proyecto \u201cMiradas que Migran\u201d, y continuamos con el programa EntrEscuelas con un total de 16 participantes espa\u00f1oles (7 jovenes, 4 docentes y 5 representantes del equipo de Entreculturas) que viajaron a Kenia, Argentina, Nicaragua y Rep\u00fablica Dominicana para conocer en persona a sus compa\u00f1eros y compa\u00f1eras de programa y continuar trabajando en los proyectos compartidos. Otro hecho destacado de <strong>2017 fue el nacimiento de la Red Generaci\u00f3n 21.<\/strong><\/p>\n<p>En febrero arranc\u00f3 la VI edici\u00f3n de la carrera solidaria<strong> \u201cCorre por una Causa\u201d que, en sus 10 localizaciones, logr\u00f3 reunir a m\u00e1s de 14.000 participantes<\/strong>. En el \u00faltimo a\u00f1o hemos continuado&nbsp;cultivando la relaci\u00f3n con las m\u00e1s de 200 empresas con las que colaboramos&nbsp;en la actualidad y, gracias a las cuales, podemos&nbsp;dar continuidad a muchas de las acciones de cooperaci\u00f3n al desarrollo. En este sentido, en 2017 dio comienzo el programa trienal \u201cEducar Personas, Generar Oportunidades II\u201d, apoyado por Inditex, beneficiando en este primer a\u00f1o a m\u00e1s de 54.000 personas en 9 pa\u00edses de Am\u00e9rica Latina, en Sud\u00e1frica y en L\u00edbano. En 2017, m\u00e1s de 5.500 personas se han beneficiado de forma directa del programa. Y durante 2017 tambi\u00e9n hemos&nbsp;seguido desarrollando el programa de Formaci\u00f3n para el Trabajo junto a Accenture, una iniciativa que cuenta con una aportaci\u00f3n de 3,8 millones de d\u00f3lares por parte de la entidad y que se est\u00e1 llevando a cabo en 21 pa\u00edses. Por otra parte, la convocatoria \u201cWork 4 Progress\u201d de La CAIXA, orientada a proponer una intervenci\u00f3n de desarrollo donde el diagn\u00f3stico colectivo, la cocreaci\u00f3n y el prototipado sean las etapas estrella del proceso, supuso un gran desaf\u00edo ante el que est\u00e1n respondiendo con una propuesta a 2 a\u00f1os en Per\u00fa, en dos zonas ind\u00edgenas (Amazon\u00eda y Cuzco), enfocada a promover la inserci\u00f3n laboral de mujeres j\u00f3venes, fundamentalmente. Adem\u00e1s, en marzo firmamos un convenio de colaboraci\u00f3n con la Fundaci\u00f3n Profuturo para el desarrollo de dos proyectos piloto de educaci\u00f3n digital en Guatemala y Colombia, encaminados a proveer acceso a una educaci\u00f3n universal y de calidad a ni\u00f1os, ni\u00f1as y j\u00f3venes de entornos vulnerables y, cuatro meses m\u00e1s tarde, en julio de 2017, firmamos un segundo convenio para un nuevo proyecto piloto en L\u00edbano, con 125 estudiantes de 6 a 17 a\u00f1os de poblaci\u00f3n refugiada siria.&nbsp;<\/p>\n<p>En lo relativo a la Responsabilidad Social Corporativa (RSC), fue destacado en este a\u00f1o la aprobaci\u00f3n del Plan Nacional de Empresas y Derechos Humanos y nuestra suma a la petici\u00f3n de un Tratado Internacional Vinculante sobre Empresas y Derechos Humanos. Otro canal desde el que Entreculturas hemos&nbsp;promovido la transformaci\u00f3n personal y social ha seguido siendo el voluntariado. <strong>En Entreculturas contamos&nbsp;en Espa\u00f1a con una red de 750 personas voluntarias comprometidas con el derecho a la educaci\u00f3n en sus 28 delegaciones<\/strong>. En 2017 participaron 34 personas en la formaci\u00f3n del Programa VOLPA y otras 22 estuvieron en terreno en un total de 12 pa\u00edses. Asimismo, 11 personas que hab\u00edan participado en la formaci\u00f3n de Experiencia Sur hicieron las maletas para poner rumbo a sus destinos como voluntarios de corta duraci\u00f3n.<\/p>\n<p><img decoding=\"async\" alt=\"\" height=\"800\" src=\"https:\/\/www.entreculturas.org\/wp-content\/uploads\/2018\/09\/memoria-foto-jovenes.jpg\" width=\"800\"><\/p>\n","protected":false},"excerpt":{"rendered":"<p>Bajo el lema \u201cNo lo hacemos por los N\u00fameros\u201d, hemos publicado los resultados de las actividades llevadas a cabo en 2017 y recogidas en el documento \u201cMemoria 2017: La Educaci\u00f3n abre el Mundo\u201d. Durante 2017 hemos estado presente en 37 pa\u00edses (18 de Am\u00e9rica Latina, 14 de \u00c1frica, 4 de Asia y 1 de Europa) d\u00f3nde a trav\u00e9s de 177 proyectos de cooperaci\u00f3n y de ayuda humanitaria ha atendido a 196.246 personas. Un trabajo que pivot\u00f3 sobre tres cuestiones fundamentales:&nbsp;el derecho a la educaci\u00f3n, el cuidado del medio ambiente y la acogida de personas refugiadas.&nbsp; Seg\u00fan nuestro Vicepresidente Ejecutivo de Entreculturas, Daniel Villanueva, \u201cEstas cifras demuestran que en Entreculturas no renunciamos a transformar a gran escala. Que, junto a otras personas, organizaciones y movimientos con los que trabajamos, no renunciamos a creer en un bienestar que puede y debe llegar a todos y todas\u201d.&nbsp; Ante el crecimiento generalizado de la [&hellip;]<\/p>\n","protected":false},"featured_media":2206,"template":"single-noticia","meta":{"_acf_changed":false},"categories":[7],"tags":[185],"country":[120],"cause":[128,130,131,129,132],"class_list":["post-2204","noticia","type-noticia","status-publish","has-post-thumbnail","hentry","category-noticia","tag-entreculturas","country-espana","cause-educacion","cause-genero","cause-justicia-medioambiental","cause-migracion-y-refugio","cause-participacion-y-ciudadania-global"],"acf":[],"yoast_head":"<!-- This site is optimized with the Yoast SEO Premium plugin v21.6 (Yoast SEO v27.5) - https:\/\/yoast.com\/product\/yoast-seo-premium-wordpress\/ -->\n<title>Entreculturas, 177 proyectos en 37 pa\u00edses y 196.246 personas atendidas - Entreculturas<\/title>\n<meta name=\"robots\" content=\"index, follow, max-snippet:-1, max-image-preview:large, max-video-preview:-1\" \/>\n<link rel=\"canonical\" href=\"https:\/\/www.entreculturas.org\/fr\/noticia\/entreculturas-177-proyectos-en-37-paises-y-196246-personas-atendidas\/\" \/>\n<meta property=\"og:locale\" content=\"fr_FR\" \/>\n<meta property=\"og:type\" content=\"article\" \/>\n<meta property=\"og:title\" content=\"Entreculturas, 177 proyectos en 37 pa\u00edses y 196.246 personas atendidas\" \/>\n<meta property=\"og:description\" content=\"Bajo el lema \u201cNo lo hacemos por los N\u00fameros\u201d, hemos publicado los resultados de las actividades llevadas a cabo en 2017 y recogidas en el documento \u201cMemoria 2017: La Educaci\u00f3n abre el Mundo\u201d. Durante 2017 hemos estado presente en 37 pa\u00edses (18 de Am\u00e9rica Latina, 14 de \u00c1frica, 4 de Asia y 1 de Europa) d\u00f3nde a trav\u00e9s de 177 proyectos de cooperaci\u00f3n y de ayuda humanitaria ha atendido a 196.246 personas. Un trabajo que pivot\u00f3 sobre tres cuestiones fundamentales:&nbsp;el derecho a la educaci\u00f3n, el cuidado del medio ambiente y la acogida de personas refugiadas.&nbsp; Seg\u00fan nuestro Vicepresidente Ejecutivo de Entreculturas, Daniel Villanueva, \u201cEstas cifras demuestran que en Entreculturas no renunciamos a transformar a gran escala. Que, junto a otras personas, organizaciones y movimientos con los que trabajamos, no renunciamos a creer en un bienestar que puede y debe llegar a todos y todas\u201d.&nbsp; Ante el crecimiento generalizado de la [&hellip;]\" \/>\n<meta property=\"og:url\" content=\"https:\/\/www.entreculturas.org\/fr\/noticia\/entreculturas-177-proyectos-en-37-paises-y-196246-personas-atendidas\/\" \/>\n<meta property=\"og:site_name\" content=\"Entreculturas\" \/>\n<meta property=\"article:publisher\" content=\"https:\/\/www.facebook.com\/entreculturas\" \/>\n<meta property=\"article:modified_time\" content=\"2023-12-18T09:34:04+00:00\" \/>\n<meta property=\"og:image\" content=\"https:\/\/www.entreculturas.org\/wp-content\/uploads\/2018\/09\/memoria_portada.jpg\" \/>\n\t<meta property=\"og:image:width\" content=\"1118\" \/>\n\t<meta property=\"og:image:height\" content=\"787\" \/>\n\t<meta property=\"og:image:type\" content=\"image\/jpeg\" \/>\n<meta name=\"twitter:card\" content=\"summary_large_image\" \/>\n<meta name=\"twitter:site\" content=\"@Entreculturas\" \/>\n<script type=\"application\/ld+json\" class=\"yoast-schema-graph\">{\"@context\":\"https:\\\/\\\/schema.org\",\"@graph\":[{\"@type\":\"WebPage\",\"@id\":\"https:\\\/\\\/www.entreculturas.org\\\/fr\\\/noticia\\\/entreculturas-177-proyectos-en-37-paises-y-196246-personas-atendidas\\\/\",\"url\":\"https:\\\/\\\/www.entreculturas.org\\\/fr\\\/noticia\\\/entreculturas-177-proyectos-en-37-paises-y-196246-personas-atendidas\\\/\",\"name\":\"Entreculturas, 177 proyectos en 37 pa\u00edses y 196.246 personas atendidas - Entreculturas\",\"isPartOf\":{\"@id\":\"https:\\\/\\\/www.entreculturas.org\\\/fr\\\/#website\"},\"primaryImageOfPage\":{\"@id\":\"https:\\\/\\\/www.entreculturas.org\\\/fr\\\/noticia\\\/entreculturas-177-proyectos-en-37-paises-y-196246-personas-atendidas\\\/#primaryimage\"},\"image\":{\"@id\":\"https:\\\/\\\/www.entreculturas.org\\\/fr\\\/noticia\\\/entreculturas-177-proyectos-en-37-paises-y-196246-personas-atendidas\\\/#primaryimage\"},\"thumbnailUrl\":\"https:\\\/\\\/www.entreculturas.org\\\/wp-content\\\/uploads\\\/2018\\\/09\\\/memoria_portada.jpg\",\"datePublished\":\"2018-09-25T08:54:25+00:00\",\"dateModified\":\"2023-12-18T09:34:04+00:00\",\"breadcrumb\":{\"@id\":\"https:\\\/\\\/www.entreculturas.org\\\/fr\\\/noticia\\\/entreculturas-177-proyectos-en-37-paises-y-196246-personas-atendidas\\\/#breadcrumb\"},\"inLanguage\":\"fr-FR\",\"potentialAction\":[{\"@type\":\"ReadAction\",\"target\":[\"https:\\\/\\\/www.entreculturas.org\\\/fr\\\/noticia\\\/entreculturas-177-proyectos-en-37-paises-y-196246-personas-atendidas\\\/\"]}]},{\"@type\":\"ImageObject\",\"inLanguage\":\"fr-FR\",\"@id\":\"https:\\\/\\\/www.entreculturas.org\\\/fr\\\/noticia\\\/entreculturas-177-proyectos-en-37-paises-y-196246-personas-atendidas\\\/#primaryimage\",\"url\":\"https:\\\/\\\/www.entreculturas.org\\\/wp-content\\\/uploads\\\/2018\\\/09\\\/memoria_portada.jpg\",\"contentUrl\":\"https:\\\/\\\/www.entreculturas.org\\\/wp-content\\\/uploads\\\/2018\\\/09\\\/memoria_portada.jpg\",\"width\":1118,\"height\":787,\"caption\":\"memoria_portada\"},{\"@type\":\"BreadcrumbList\",\"@id\":\"https:\\\/\\\/www.entreculturas.org\\\/fr\\\/noticia\\\/entreculturas-177-proyectos-en-37-paises-y-196246-personas-atendidas\\\/#breadcrumb\",\"itemListElement\":[{\"@type\":\"ListItem\",\"position\":1,\"name\":\"Home\",\"item\":\"https:\\\/\\\/www.entreculturas.org\\\/fr\\\/\"},{\"@type\":\"ListItem\",\"position\":2,\"name\":\"Noticias\",\"item\":\"https:\\\/\\\/www.entreculturas.org\\\/fr\\\/noticias\\\/\"},{\"@type\":\"ListItem\",\"position\":3,\"name\":\"Entreculturas, 177 proyectos en 37 pa\u00edses y 196.246 personas atendidas\"}]},{\"@type\":\"WebSite\",\"@id\":\"https:\\\/\\\/www.entreculturas.org\\\/fr\\\/#website\",\"url\":\"https:\\\/\\\/www.entreculturas.org\\\/fr\\\/\",\"name\":\"Entreculturas\",\"description\":\"\",\"publisher\":{\"@id\":\"https:\\\/\\\/www.entreculturas.org\\\/fr\\\/#organization\"},\"alternateName\":\"Entreculturas\",\"potentialAction\":[{\"@type\":\"SearchAction\",\"target\":{\"@type\":\"EntryPoint\",\"urlTemplate\":\"https:\\\/\\\/www.entreculturas.org\\\/fr\\\/?s={search_term_string}\"},\"query-input\":{\"@type\":\"PropertyValueSpecification\",\"valueRequired\":true,\"valueName\":\"search_term_string\"}}],\"inLanguage\":\"fr-FR\"},{\"@type\":\"Organization\",\"@id\":\"https:\\\/\\\/www.entreculturas.org\\\/fr\\\/#organization\",\"name\":\"Entreculturas\",\"url\":\"https:\\\/\\\/www.entreculturas.org\\\/fr\\\/\",\"logo\":{\"@type\":\"ImageObject\",\"inLanguage\":\"fr-FR\",\"@id\":\"https:\\\/\\\/www.entreculturas.org\\\/fr\\\/#\\\/schema\\\/logo\\\/image\\\/\",\"url\":\"https:\\\/\\\/www.entreculturas.org\\\/wp-content\\\/uploads\\\/2025\\\/10\\\/ESP.svg\",\"contentUrl\":\"https:\\\/\\\/www.entreculturas.org\\\/wp-content\\\/uploads\\\/2025\\\/10\\\/ESP.svg\",\"caption\":\"Entreculturas\"},\"image\":{\"@id\":\"https:\\\/\\\/www.entreculturas.org\\\/fr\\\/#\\\/schema\\\/logo\\\/image\\\/\"},\"sameAs\":[\"https:\\\/\\\/www.facebook.com\\\/entreculturas\",\"https:\\\/\\\/x.com\\\/Entreculturas\",\"https:\\\/\\\/www.instagram.com\\\/entreculturas\\\/\",\"https:\\\/\\\/www.youtube.com\\\/user\\\/entreculturasvideo\",\"https:\\\/\\\/www.linkedin.com\\\/company\\\/fundacion-entreculturas-ngdo\\\/\",\"https:\\\/\\\/www.flickr.com\\\/photos\\\/98455522@N04\\\/albums\\\/\"]}]}<\/script>\n<!-- \/ Yoast SEO Premium plugin. -->","yoast_head_json":{"title":"Entreculturas, 177 proyectos en 37 pa\u00edses y 196.246 personas atendidas - Entreculturas","robots":{"index":"index","follow":"follow","max-snippet":"max-snippet:-1","max-image-preview":"max-image-preview:large","max-video-preview":"max-video-preview:-1"},"canonical":"https:\/\/www.entreculturas.org\/fr\/noticia\/entreculturas-177-proyectos-en-37-paises-y-196246-personas-atendidas\/","og_locale":"fr_FR","og_type":"article","og_title":"Entreculturas, 177 proyectos en 37 pa\u00edses y 196.246 personas atendidas","og_description":"Bajo el lema \u201cNo lo hacemos por los N\u00fameros\u201d, hemos publicado los resultados de las actividades llevadas a cabo en 2017 y recogidas en el documento \u201cMemoria 2017: La Educaci\u00f3n abre el Mundo\u201d. Durante 2017 hemos estado presente en 37 pa\u00edses (18 de Am\u00e9rica Latina, 14 de \u00c1frica, 4 de Asia y 1 de Europa) d\u00f3nde a trav\u00e9s de 177 proyectos de cooperaci\u00f3n y de ayuda humanitaria ha atendido a 196.246 personas. Un trabajo que pivot\u00f3 sobre tres cuestiones fundamentales:&nbsp;el derecho a la educaci\u00f3n, el cuidado del medio ambiente y la acogida de personas refugiadas.&nbsp; Seg\u00fan nuestro Vicepresidente Ejecutivo de Entreculturas, Daniel Villanueva, \u201cEstas cifras demuestran que en Entreculturas no renunciamos a transformar a gran escala. Que, junto a otras personas, organizaciones y movimientos con los que trabajamos, no renunciamos a creer en un bienestar que puede y debe llegar a todos y todas\u201d.&nbsp; Ante el crecimiento generalizado de la [&hellip;]","og_url":"https:\/\/www.entreculturas.org\/fr\/noticia\/entreculturas-177-proyectos-en-37-paises-y-196246-personas-atendidas\/","og_site_name":"Entreculturas","article_publisher":"https:\/\/www.facebook.com\/entreculturas","article_modified_time":"2023-12-18T09:34:04+00:00","og_image":[{"width":1118,"height":787,"url":"https:\/\/www.entreculturas.org\/wp-content\/uploads\/2018\/09\/memoria_portada.jpg","type":"image\/jpeg"}],"twitter_card":"summary_large_image","twitter_site":"@Entreculturas","schema":{"@context":"https:\/\/schema.org","@graph":[{"@type":"WebPage","@id":"https:\/\/www.entreculturas.org\/fr\/noticia\/entreculturas-177-proyectos-en-37-paises-y-196246-personas-atendidas\/","url":"https:\/\/www.entreculturas.org\/fr\/noticia\/entreculturas-177-proyectos-en-37-paises-y-196246-personas-atendidas\/","name":"Entreculturas, 177 proyectos en 37 pa\u00edses y 196.246 personas atendidas - Entreculturas","isPartOf":{"@id":"https:\/\/www.entreculturas.org\/fr\/#website"},"primaryImageOfPage":{"@id":"https:\/\/www.entreculturas.org\/fr\/noticia\/entreculturas-177-proyectos-en-37-paises-y-196246-personas-atendidas\/#primaryimage"},"image":{"@id":"https:\/\/www.entreculturas.org\/fr\/noticia\/entreculturas-177-proyectos-en-37-paises-y-196246-personas-atendidas\/#primaryimage"},"thumbnailUrl":"https:\/\/www.entreculturas.org\/wp-content\/uploads\/2018\/09\/memoria_portada.jpg","datePublished":"2018-09-25T08:54:25+00:00","dateModified":"2023-12-18T09:34:04+00:00","breadcrumb":{"@id":"https:\/\/www.entreculturas.org\/fr\/noticia\/entreculturas-177-proyectos-en-37-paises-y-196246-personas-atendidas\/#breadcrumb"},"inLanguage":"fr-FR","potentialAction":[{"@type":"ReadAction","target":["https:\/\/www.entreculturas.org\/fr\/noticia\/entreculturas-177-proyectos-en-37-paises-y-196246-personas-atendidas\/"]}]},{"@type":"ImageObject","inLanguage":"fr-FR","@id":"https:\/\/www.entreculturas.org\/fr\/noticia\/entreculturas-177-proyectos-en-37-paises-y-196246-personas-atendidas\/#primaryimage","url":"https:\/\/www.entreculturas.org\/wp-content\/uploads\/2018\/09\/memoria_portada.jpg","contentUrl":"https:\/\/www.entreculturas.org\/wp-content\/uploads\/2018\/09\/memoria_portada.jpg","width":1118,"height":787,"caption":"memoria_portada"},{"@type":"BreadcrumbList","@id":"https:\/\/www.entreculturas.org\/fr\/noticia\/entreculturas-177-proyectos-en-37-paises-y-196246-personas-atendidas\/#breadcrumb","itemListElement":[{"@type":"ListItem","position":1,"name":"Home","item":"https:\/\/www.entreculturas.org\/fr\/"},{"@type":"ListItem","position":2,"name":"Noticias","item":"https:\/\/www.entreculturas.org\/fr\/noticias\/"},{"@type":"ListItem","position":3,"name":"Entreculturas, 177 proyectos en 37 pa\u00edses y 196.246 personas atendidas"}]},{"@type":"WebSite","@id":"https:\/\/www.entreculturas.org\/fr\/#website","url":"https:\/\/www.entreculturas.org\/fr\/","name":"Entreculturas","description":"","publisher":{"@id":"https:\/\/www.entreculturas.org\/fr\/#organization"},"alternateName":"Entreculturas","potentialAction":[{"@type":"SearchAction","target":{"@type":"EntryPoint","urlTemplate":"https:\/\/www.entreculturas.org\/fr\/?s={search_term_string}"},"query-input":{"@type":"PropertyValueSpecification","valueRequired":true,"valueName":"search_term_string"}}],"inLanguage":"fr-FR"},{"@type":"Organization","@id":"https:\/\/www.entreculturas.org\/fr\/#organization","name":"Entreculturas","url":"https:\/\/www.entreculturas.org\/fr\/","logo":{"@type":"ImageObject","inLanguage":"fr-FR","@id":"https:\/\/www.entreculturas.org\/fr\/#\/schema\/logo\/image\/","url":"https:\/\/www.entreculturas.org\/wp-content\/uploads\/2025\/10\/ESP.svg","contentUrl":"https:\/\/www.entreculturas.org\/wp-content\/uploads\/2025\/10\/ESP.svg","caption":"Entreculturas"},"image":{"@id":"https:\/\/www.entreculturas.org\/fr\/#\/schema\/logo\/image\/"},"sameAs":["https:\/\/www.facebook.com\/entreculturas","https:\/\/x.com\/Entreculturas","https:\/\/www.instagram.com\/entreculturas\/","https:\/\/www.youtube.com\/user\/entreculturasvideo","https:\/\/www.linkedin.com\/company\/fundacion-entreculturas-ngdo\/","https:\/\/www.flickr.com\/photos\/98455522@N04\/albums\/"]}]}},"_links":{"self":[{"href":"https:\/\/www.entreculturas.org\/fr\/wp-json\/wp\/v2\/noticia\/2204","targetHints":{"allow":["GET"]}}],"collection":[{"href":"https:\/\/www.entreculturas.org\/fr\/wp-json\/wp\/v2\/noticia"}],"about":[{"href":"https:\/\/www.entreculturas.org\/fr\/wp-json\/wp\/v2\/types\/noticia"}],"wp:featuredmedia":[{"embeddable":true,"href":"https:\/\/www.entreculturas.org\/fr\/wp-json\/wp\/v2\/media\/2206"}],"wp:attachment":[{"href":"https:\/\/www.entreculturas.org\/fr\/wp-json\/wp\/v2\/media?parent=2204"}],"wp:term":[{"taxonomy":"category","embeddable":true,"href":"https:\/\/www.entreculturas.org\/fr\/wp-json\/wp\/v2\/categories?post=2204"},{"taxonomy":"post_tag","embeddable":true,"href":"https:\/\/www.entreculturas.org\/fr\/wp-json\/wp\/v2\/tags?post=2204"},{"taxonomy":"country","embeddable":true,"href":"https:\/\/www.entreculturas.org\/fr\/wp-json\/wp\/v2\/country?post=2204"},{"taxonomy":"cause","embeddable":true,"href":"https:\/\/www.entreculturas.org\/fr\/wp-json\/wp\/v2\/cause?post=2204"}],"curies":[{"name":"wp","href":"https:\/\/api.w.org\/{rel}","templated":true}]}}