{"id":11589,"date":"2024-01-22T12:19:09","date_gmt":"2024-01-22T11:19:09","guid":{"rendered":"https:\/\/www.entreculturas.org\/?post_type=noticia&#038;p=11589"},"modified":"2024-01-22T12:51:26","modified_gmt":"2024-01-22T11:51:26","slug":"mary-grace-la-educacion-cambia-la-vida-de-la-infancia-refugiada","status":"publish","type":"noticia","link":"https:\/\/www.entreculturas.org\/fr\/noticia\/mary-grace-la-educacion-cambia-la-vida-de-la-infancia-refugiada\/","title":{"rendered":"Mary Grace: la educaci\u00f3n cambia la vida de la infancia refugiada"},"content":{"rendered":"\n<p><\/p>\n\n\n\n<p>Mary Grace es <strong>profesora<\/strong> en una escuela secundaria del norte de <strong><a href=\"https:\/\/www.entreculturas.org\/noticia\/escuelas-en-crisis-voces-de-uganda-y-colombia-se-hacen-escuchar\/\">Uganda<\/a><\/strong>, en Adjumani. En un entorno donde m\u00e1s de la mitad de los y las estudiantes son adolescentes refugiados, ella est\u00e1 consciente de que se ha convertido en un modelo a seguir y que para muchos de estos j\u00f3venes la <a href=\"https:\/\/www.entreculturas.org\/noticia\/una-educacion-de-calidad-para-todas-las-personas-la-asignatura-pendiente-en-el-continente\/\">educaci\u00f3n <\/a>representa la \u00fanica puerta hacia un futuro mejor. Por ello, Mary Grace asume su labor con dedicaci\u00f3n y responsabilidad.<\/p>\n\n\n\n<p><\/p>\n\n\n\n<p>La dedicaci\u00f3n de Mary Grace a su profesi\u00f3n se inspira en el <strong>legado de sus padres, tambi\u00e9n maestros, quienes desde su infancia le inculcaron el amor por ense\u00f1ar, dar y escuchar.<\/strong><\/p>\n\n\n\n<p><\/p>\n\n\n\n<p><strong>\u00bfPor qu\u00e9 decidiste ser profesora? \u00bfTe gusta tu trabajo?<\/strong><\/p>\n\n\n\n<p><\/p>\n\n\n\n<p>Estoy convencida de que la ense\u00f1anza es mi vocaci\u00f3n.&nbsp;Me inspiraron las religiosas que ense\u00f1aban y siguen ense\u00f1ando. Cuando ense\u00f1an, hacen tan buen trabajo que van m\u00e1s all\u00e1 del trabajo en el aula, es decir, colaboran tambi\u00e9n despu\u00e9s de las clases. Se sientan con los alumnos y alumnas, los aconsejan, los escuchan muy atentamente y los consuelan, especialmente a los que tienen problemas.<\/p>\n\n\n\n<p><\/p>\n\n\n\n<p>Esto me llam\u00f3 la atenci\u00f3n para ser tambi\u00e9n profesora de ense\u00f1anza y hacer lo mismo. Tuve dificultades en el proceso, e interrupciones que me afectaron, pero <strong>mantuve mi sue\u00f1o de ser maestra y prosegu\u00ed mi educaci\u00f3n para poder ser capaz de ayudar a j\u00f3venes<\/strong>. Adem\u00e1s, mi af\u00e1n por la ense\u00f1anza proviene de mis padres, que eran a la vez profesores y administradores en la escuela, as\u00ed que actuaron como modelos para m\u00ed. Me hicieron amar la ense\u00f1anza.<\/p>\n\n\n\n<blockquote class=\"wp-block-quote is-layout-flow wp-block-quote-is-layout-flow\">\n<p>Independientemente de la condici\u00f3n de uno, la educaci\u00f3n es un derecho humano y por lo tanto debe darse fuera y dentro de la escuela. Escuchar aumenta el potencial de los alumnos. Sus habilidades y talentos salen a la luz gracias a la educaci\u00f3n.<strong> Aumenta su autoestima y les prepara para futuras responsabilidades<\/strong>. As\u00ed que estas son algunas de las cosas que hago por el resto del alumnado y la comunidad de acogida.<\/p>\n<\/blockquote>\n\n\n\n<p><\/p>\n\n\n\n<p><strong>Como acabas de decir, ayudas a j\u00f3venes a tener una buena educaci\u00f3n, los escuchas y apoyas. \u00bfPodr\u00edas contar una historia real de alguno de ellos?<\/strong><\/p>\n\n\n\n<p><\/p>\n\n\n\n<p>Tengo una historia corta sobre una chica joven llamada Bloods.&nbsp;Junto con su madre, se march\u00f3 a Uganda. La madre la ayud\u00f3 a ella y a sus hermanos a ir a la escuela durante alg\u00fan tiempo. Cuando aprob\u00f3 la primaria, pas\u00f3 a secundaria, pero con muchas dificultades. No ten\u00eda los gastos de escolaridad ni los requisitos escolares, pero estaba decidida a estar en la escuela entre las dem\u00e1s chicas.<\/p>\n\n\n\n<p><\/p>\n\n\n\n<p>Mientras estaba en clase deb\u00eda sentirse muy sola, por lo que me interes\u00e9 y me acerqu\u00e9 a ella. Empec\u00e9 a interactuar con ella, y me cont\u00f3 sus dificultades. Yo la animaba a estar en la escuela, a no dejarla.&nbsp;Animamos a Bloods a solicitar una beca. Cuando lo hizo, fue una de las becadas.<strong> Su vida cambi\u00f3 enormemente.<\/strong> Se convirti\u00f3 en una ni\u00f1a brillante y despierta en la escuela. Estaba todo el tiempo en clase, muy contenta y entusiasmada. En los deportes tambi\u00e9n destacaba. As\u00ed que yo tambi\u00e9n la entren\u00e9 y se convirti\u00f3 en una de las mejores jugadores regionales.<\/p>\n\n\n\n<p><\/p>\n\n\n\n<p>Cuando termin\u00f3 el nivel secundario, el nivel inferior, pas\u00f3 a un nivel superior debido a su buen rendimiento, y segu\u00ed apoy\u00e1ndola. Finalmente, cuando se matricul\u00f3 en sexto curso, destac\u00f3 y fue a la universidad con una beca del Estado.&nbsp;<\/p>\n\n\n\n<p><\/p>\n\n\n\n<p>Ahora, mientras hablo, estoy muy orgullosa de ella. Es profesional contable. Y esa es su historia. Esta es una de las experiencias positivas que tenemos.&nbsp;<\/p>\n\n\n\n<p><\/p>\n\n\n\n<p><strong>\u00bfPodr\u00edas explicarnos alguno de los retos que enfrent\u00e1is en esta profesi\u00f3n?<\/strong><\/p>\n\n\n\n<p><\/p>\n\n\n\n<p>En cuanto al aspecto negativo, vemos que algunos padres optan por el matrimonio debido a la falta de dinero para pagar la escuela y a la falta de requisitos. As\u00ed que muchas j\u00f3venes huyen al darse cuenta de que se les obliga a casarse.&nbsp;Este aspecto negativo lo experimentamos sobre todo por parte de los padres.<\/p>\n\n\n\n<p><\/p>\n\n\n\n<blockquote class=\"wp-block-quote is-layout-flow wp-block-quote-is-layout-flow\">\n<p>Ahora es necesario aumentar y mejorar la calidad de la educaci\u00f3n de las ni\u00f1as en el distrito conjunto y tambi\u00e9n en la comunidad de acogida.<\/p>\n<\/blockquote>\n\n\n\n<p><\/p>\n\n\n\n<p><strong>\u00bfC\u00f3mo hac\u00e9is para mejorar la calidad de la educaci\u00f3n de las ni\u00f1as?<\/strong><\/p>\n\n\n\n<p><\/p>\n\n\n\n<p>Aumentando la infraestructura escolar para que podamos mantener a estas chicas dentro de la escuela. Las mantenemos all\u00ed hasta que terminen un buen nivel, para que salgan como personas con potencial, dispuestas a servir al pa\u00eds y al mundo.<\/p>\n\n\n\n<blockquote class=\"wp-block-quote is-style-default is-layout-flow wp-block-quote-is-layout-flow\">\n<p>Tambi\u00e9n tenemos que seguir concienciando a los padres y madres sobre la importancia de la educaci\u00f3n y hablar con ellos para que permitan que permanezcan en la escuela.<\/p>\n<\/blockquote>\n\n\n\n<p><strong>\u00bfQu\u00e9 otros aspectos son importantes de ense\u00f1ar dentro de la escuela?<\/strong><\/p>\n\n\n\n<p><\/p>\n\n\n\n<p>Contar con un entorno propicio para el aprendizaje, un ambiente tranquilo y libre de interrupciones. <strong>Y tambi\u00e9n es importante ofrecer apoyo en <a href=\"https:\/\/www.youtube.com\/watch?v=vg4BtBAgW88\">higiene menstrual <\/a>para las alumnas. <\/strong>Personalmente, participo ayudando a prepararles compresas. Son compresas reutilizables para que puedan permanecer en la escuela, y no huir de las clases durante su periodo menstrual.<\/p>\n\n\n\n<p><\/p>\n\n\n\n<p>Tambi\u00e9n les damos clases extraescolares. Yo misma he apoyado las clases extra que damos a los estudiantes durante las vacaciones.Mientras se pueda apoyar la educaci\u00f3n de los ni\u00f1os en la escuela, hay que hacerlo.<\/p>\n\n\n\n<p><\/p>\n\n\n\n<blockquote class=\"wp-block-quote is-layout-flow wp-block-quote-is-layout-flow\">\n<p>Y que el derecho a una educaci\u00f3n de calidad y a la paz de los ni\u00f1os y ni\u00f1as se convierta en una realidad, en un verdadero sue\u00f1o.&nbsp;<\/p>\n<\/blockquote>\n\n\n\n<figure class=\"wp-block-embed aligncenter is-type-video is-provider-youtube wp-block-embed-youtube wp-embed-aspect-16-9 wp-has-aspect-ratio\" style=\"margin-top:0;margin-bottom:0\"><div class=\"wp-block-embed__wrapper\">\n<iframe loading=\"lazy\" title=\"Mary Grace: la educaci\u00f3n cambia la vida de la infancia refugiada\" width=\"500\" height=\"281\" src=\"https:\/\/www.youtube.com\/embed\/pwDEsNFwbvU?feature=oembed\" frameborder=\"0\" allow=\"accelerometer; autoplay; clipboard-write; encrypted-media; gyroscope; picture-in-picture; web-share\" referrerpolicy=\"strict-origin-when-cross-origin\" allowfullscreen><\/iframe>\n<\/div><\/figure>\n","protected":false},"excerpt":{"rendered":"<p>Mary Grace es profesora en una escuela secundaria del norte de Uganda, en Adjumani. En un entorno donde m\u00e1s de la mitad de los y las estudiantes son adolescentes refugiados, ella est\u00e1 consciente de que se ha convertido en un modelo a seguir y que para muchos de estos j\u00f3venes la educaci\u00f3n representa la \u00fanica puerta hacia un futuro mejor. Por ello, Mary Grace asume su labor con dedicaci\u00f3n y responsabilidad. La dedicaci\u00f3n de Mary Grace a su profesi\u00f3n se inspira en el legado de sus padres, tambi\u00e9n maestros, quienes desde su infancia le inculcaron el amor por ense\u00f1ar, dar y escuchar. \u00bfPor qu\u00e9 decidiste ser profesora? \u00bfTe gusta tu trabajo? Estoy convencida de que la ense\u00f1anza es mi vocaci\u00f3n.&nbsp;Me inspiraron las religiosas que ense\u00f1aban y siguen ense\u00f1ando. Cuando ense\u00f1an, hacen tan buen trabajo que van m\u00e1s all\u00e1 del trabajo en el aula, es decir, colaboran tambi\u00e9n despu\u00e9s de las [&hellip;]<\/p>\n","protected":false},"featured_media":11591,"template":"","meta":{"_acf_changed":false},"categories":[7],"tags":[10],"country":[],"cause":[128],"class_list":["post-11589","noticia","type-noticia","status-publish","has-post-thumbnail","hentry","category-noticia","tag-migracion-y-refugio","cause-educacion"],"acf":[],"yoast_head":"<!-- This site is optimized with the Yoast SEO Premium plugin v21.6 (Yoast SEO v27.5) - https:\/\/yoast.com\/product\/yoast-seo-premium-wordpress\/ -->\n<title>Mary Grace: la educaci\u00f3n cambia la vida de la infancia refugiada - Entreculturas<\/title>\n<meta name=\"robots\" content=\"index, follow, max-snippet:-1, max-image-preview:large, max-video-preview:-1\" \/>\n<link rel=\"canonical\" href=\"https:\/\/www.entreculturas.org\/fr\/noticia\/mary-grace-la-educacion-cambia-la-vida-de-la-infancia-refugiada\/\" \/>\n<meta property=\"og:locale\" content=\"fr_FR\" \/>\n<meta property=\"og:type\" content=\"article\" \/>\n<meta property=\"og:title\" content=\"Mary Grace: la educaci\u00f3n cambia la vida de la infancia refugiada\" \/>\n<meta property=\"og:description\" content=\"Mary Grace es profesora en una escuela secundaria del norte de Uganda, en Adjumani. En un entorno donde m\u00e1s de la mitad de los y las estudiantes son adolescentes refugiados, ella est\u00e1 consciente de que se ha convertido en un modelo a seguir y que para muchos de estos j\u00f3venes la educaci\u00f3n representa la \u00fanica puerta hacia un futuro mejor. Por ello, Mary Grace asume su labor con dedicaci\u00f3n y responsabilidad. La dedicaci\u00f3n de Mary Grace a su profesi\u00f3n se inspira en el legado de sus padres, tambi\u00e9n maestros, quienes desde su infancia le inculcaron el amor por ense\u00f1ar, dar y escuchar. \u00bfPor qu\u00e9 decidiste ser profesora? \u00bfTe gusta tu trabajo? Estoy convencida de que la ense\u00f1anza es mi vocaci\u00f3n.&nbsp;Me inspiraron las religiosas que ense\u00f1aban y siguen ense\u00f1ando. Cuando ense\u00f1an, hacen tan buen trabajo que van m\u00e1s all\u00e1 del trabajo en el aula, es decir, colaboran tambi\u00e9n despu\u00e9s de las [&hellip;]\" \/>\n<meta property=\"og:url\" content=\"https:\/\/www.entreculturas.org\/fr\/noticia\/mary-grace-la-educacion-cambia-la-vida-de-la-infancia-refugiada\/\" \/>\n<meta property=\"og:site_name\" content=\"Entreculturas\" \/>\n<meta property=\"article:publisher\" content=\"https:\/\/www.facebook.com\/entreculturas\" \/>\n<meta property=\"article:modified_time\" content=\"2024-01-22T11:51:26+00:00\" \/>\n<meta property=\"og:image\" content=\"https:\/\/www.entreculturas.org\/wp-content\/uploads\/2024\/01\/DSC03065-e1705922788281.jpg\" \/>\n\t<meta property=\"og:image:width\" content=\"1874\" \/>\n\t<meta property=\"og:image:height\" content=\"831\" \/>\n\t<meta property=\"og:image:type\" content=\"image\/jpeg\" \/>\n<meta name=\"twitter:card\" content=\"summary_large_image\" \/>\n<meta name=\"twitter:site\" content=\"@Entreculturas\" \/>\n<script type=\"application\/ld+json\" class=\"yoast-schema-graph\">{\"@context\":\"https:\\\/\\\/schema.org\",\"@graph\":[{\"@type\":\"WebPage\",\"@id\":\"https:\\\/\\\/www.entreculturas.org\\\/fr\\\/noticia\\\/mary-grace-la-educacion-cambia-la-vida-de-la-infancia-refugiada\\\/\",\"url\":\"https:\\\/\\\/www.entreculturas.org\\\/fr\\\/noticia\\\/mary-grace-la-educacion-cambia-la-vida-de-la-infancia-refugiada\\\/\",\"name\":\"Mary Grace: la educaci\u00f3n cambia la vida de la infancia refugiada - Entreculturas\",\"isPartOf\":{\"@id\":\"https:\\\/\\\/www.entreculturas.org\\\/fr\\\/#website\"},\"primaryImageOfPage\":{\"@id\":\"https:\\\/\\\/www.entreculturas.org\\\/fr\\\/noticia\\\/mary-grace-la-educacion-cambia-la-vida-de-la-infancia-refugiada\\\/#primaryimage\"},\"image\":{\"@id\":\"https:\\\/\\\/www.entreculturas.org\\\/fr\\\/noticia\\\/mary-grace-la-educacion-cambia-la-vida-de-la-infancia-refugiada\\\/#primaryimage\"},\"thumbnailUrl\":\"https:\\\/\\\/www.entreculturas.org\\\/wp-content\\\/uploads\\\/2024\\\/01\\\/DSC03065-e1705922788281.jpg\",\"datePublished\":\"2024-01-22T11:19:09+00:00\",\"dateModified\":\"2024-01-22T11:51:26+00:00\",\"breadcrumb\":{\"@id\":\"https:\\\/\\\/www.entreculturas.org\\\/fr\\\/noticia\\\/mary-grace-la-educacion-cambia-la-vida-de-la-infancia-refugiada\\\/#breadcrumb\"},\"inLanguage\":\"fr-FR\",\"potentialAction\":[{\"@type\":\"ReadAction\",\"target\":[\"https:\\\/\\\/www.entreculturas.org\\\/fr\\\/noticia\\\/mary-grace-la-educacion-cambia-la-vida-de-la-infancia-refugiada\\\/\"]}]},{\"@type\":\"ImageObject\",\"inLanguage\":\"fr-FR\",\"@id\":\"https:\\\/\\\/www.entreculturas.org\\\/fr\\\/noticia\\\/mary-grace-la-educacion-cambia-la-vida-de-la-infancia-refugiada\\\/#primaryimage\",\"url\":\"https:\\\/\\\/www.entreculturas.org\\\/wp-content\\\/uploads\\\/2024\\\/01\\\/DSC03065-e1705922788281.jpg\",\"contentUrl\":\"https:\\\/\\\/www.entreculturas.org\\\/wp-content\\\/uploads\\\/2024\\\/01\\\/DSC03065-e1705922788281.jpg\",\"width\":1874,\"height\":831},{\"@type\":\"BreadcrumbList\",\"@id\":\"https:\\\/\\\/www.entreculturas.org\\\/fr\\\/noticia\\\/mary-grace-la-educacion-cambia-la-vida-de-la-infancia-refugiada\\\/#breadcrumb\",\"itemListElement\":[{\"@type\":\"ListItem\",\"position\":1,\"name\":\"Home\",\"item\":\"https:\\\/\\\/www.entreculturas.org\\\/fr\\\/\"},{\"@type\":\"ListItem\",\"position\":2,\"name\":\"Noticias\",\"item\":\"https:\\\/\\\/www.entreculturas.org\\\/fr\\\/noticias\\\/\"},{\"@type\":\"ListItem\",\"position\":3,\"name\":\"Mary Grace: la educaci\u00f3n cambia la vida de la infancia refugiada\"}]},{\"@type\":\"WebSite\",\"@id\":\"https:\\\/\\\/www.entreculturas.org\\\/fr\\\/#website\",\"url\":\"https:\\\/\\\/www.entreculturas.org\\\/fr\\\/\",\"name\":\"Entreculturas\",\"description\":\"\",\"publisher\":{\"@id\":\"https:\\\/\\\/www.entreculturas.org\\\/fr\\\/#organization\"},\"alternateName\":\"Entreculturas\",\"potentialAction\":[{\"@type\":\"SearchAction\",\"target\":{\"@type\":\"EntryPoint\",\"urlTemplate\":\"https:\\\/\\\/www.entreculturas.org\\\/fr\\\/?s={search_term_string}\"},\"query-input\":{\"@type\":\"PropertyValueSpecification\",\"valueRequired\":true,\"valueName\":\"search_term_string\"}}],\"inLanguage\":\"fr-FR\"},{\"@type\":\"Organization\",\"@id\":\"https:\\\/\\\/www.entreculturas.org\\\/fr\\\/#organization\",\"name\":\"Entreculturas\",\"url\":\"https:\\\/\\\/www.entreculturas.org\\\/fr\\\/\",\"logo\":{\"@type\":\"ImageObject\",\"inLanguage\":\"fr-FR\",\"@id\":\"https:\\\/\\\/www.entreculturas.org\\\/fr\\\/#\\\/schema\\\/logo\\\/image\\\/\",\"url\":\"https:\\\/\\\/www.entreculturas.org\\\/wp-content\\\/uploads\\\/2025\\\/10\\\/ESP.svg\",\"contentUrl\":\"https:\\\/\\\/www.entreculturas.org\\\/wp-content\\\/uploads\\\/2025\\\/10\\\/ESP.svg\",\"caption\":\"Entreculturas\"},\"image\":{\"@id\":\"https:\\\/\\\/www.entreculturas.org\\\/fr\\\/#\\\/schema\\\/logo\\\/image\\\/\"},\"sameAs\":[\"https:\\\/\\\/www.facebook.com\\\/entreculturas\",\"https:\\\/\\\/x.com\\\/Entreculturas\",\"https:\\\/\\\/www.instagram.com\\\/entreculturas\\\/\",\"https:\\\/\\\/www.youtube.com\\\/user\\\/entreculturasvideo\",\"https:\\\/\\\/www.linkedin.com\\\/company\\\/fundacion-entreculturas-ngdo\\\/\",\"https:\\\/\\\/www.flickr.com\\\/photos\\\/98455522@N04\\\/albums\\\/\"]}]}<\/script>\n<!-- \/ Yoast SEO Premium plugin. -->","yoast_head_json":{"title":"Mary Grace: la educaci\u00f3n cambia la vida de la infancia refugiada - Entreculturas","robots":{"index":"index","follow":"follow","max-snippet":"max-snippet:-1","max-image-preview":"max-image-preview:large","max-video-preview":"max-video-preview:-1"},"canonical":"https:\/\/www.entreculturas.org\/fr\/noticia\/mary-grace-la-educacion-cambia-la-vida-de-la-infancia-refugiada\/","og_locale":"fr_FR","og_type":"article","og_title":"Mary Grace: la educaci\u00f3n cambia la vida de la infancia refugiada","og_description":"Mary Grace es profesora en una escuela secundaria del norte de Uganda, en Adjumani. En un entorno donde m\u00e1s de la mitad de los y las estudiantes son adolescentes refugiados, ella est\u00e1 consciente de que se ha convertido en un modelo a seguir y que para muchos de estos j\u00f3venes la educaci\u00f3n representa la \u00fanica puerta hacia un futuro mejor. Por ello, Mary Grace asume su labor con dedicaci\u00f3n y responsabilidad. La dedicaci\u00f3n de Mary Grace a su profesi\u00f3n se inspira en el legado de sus padres, tambi\u00e9n maestros, quienes desde su infancia le inculcaron el amor por ense\u00f1ar, dar y escuchar. \u00bfPor qu\u00e9 decidiste ser profesora? \u00bfTe gusta tu trabajo? Estoy convencida de que la ense\u00f1anza es mi vocaci\u00f3n.&nbsp;Me inspiraron las religiosas que ense\u00f1aban y siguen ense\u00f1ando. Cuando ense\u00f1an, hacen tan buen trabajo que van m\u00e1s all\u00e1 del trabajo en el aula, es decir, colaboran tambi\u00e9n despu\u00e9s de las [&hellip;]","og_url":"https:\/\/www.entreculturas.org\/fr\/noticia\/mary-grace-la-educacion-cambia-la-vida-de-la-infancia-refugiada\/","og_site_name":"Entreculturas","article_publisher":"https:\/\/www.facebook.com\/entreculturas","article_modified_time":"2024-01-22T11:51:26+00:00","og_image":[{"width":1874,"height":831,"url":"https:\/\/www.entreculturas.org\/wp-content\/uploads\/2024\/01\/DSC03065-e1705922788281.jpg","type":"image\/jpeg"}],"twitter_card":"summary_large_image","twitter_site":"@Entreculturas","schema":{"@context":"https:\/\/schema.org","@graph":[{"@type":"WebPage","@id":"https:\/\/www.entreculturas.org\/fr\/noticia\/mary-grace-la-educacion-cambia-la-vida-de-la-infancia-refugiada\/","url":"https:\/\/www.entreculturas.org\/fr\/noticia\/mary-grace-la-educacion-cambia-la-vida-de-la-infancia-refugiada\/","name":"Mary Grace: la educaci\u00f3n cambia la vida de la infancia refugiada - Entreculturas","isPartOf":{"@id":"https:\/\/www.entreculturas.org\/fr\/#website"},"primaryImageOfPage":{"@id":"https:\/\/www.entreculturas.org\/fr\/noticia\/mary-grace-la-educacion-cambia-la-vida-de-la-infancia-refugiada\/#primaryimage"},"image":{"@id":"https:\/\/www.entreculturas.org\/fr\/noticia\/mary-grace-la-educacion-cambia-la-vida-de-la-infancia-refugiada\/#primaryimage"},"thumbnailUrl":"https:\/\/www.entreculturas.org\/wp-content\/uploads\/2024\/01\/DSC03065-e1705922788281.jpg","datePublished":"2024-01-22T11:19:09+00:00","dateModified":"2024-01-22T11:51:26+00:00","breadcrumb":{"@id":"https:\/\/www.entreculturas.org\/fr\/noticia\/mary-grace-la-educacion-cambia-la-vida-de-la-infancia-refugiada\/#breadcrumb"},"inLanguage":"fr-FR","potentialAction":[{"@type":"ReadAction","target":["https:\/\/www.entreculturas.org\/fr\/noticia\/mary-grace-la-educacion-cambia-la-vida-de-la-infancia-refugiada\/"]}]},{"@type":"ImageObject","inLanguage":"fr-FR","@id":"https:\/\/www.entreculturas.org\/fr\/noticia\/mary-grace-la-educacion-cambia-la-vida-de-la-infancia-refugiada\/#primaryimage","url":"https:\/\/www.entreculturas.org\/wp-content\/uploads\/2024\/01\/DSC03065-e1705922788281.jpg","contentUrl":"https:\/\/www.entreculturas.org\/wp-content\/uploads\/2024\/01\/DSC03065-e1705922788281.jpg","width":1874,"height":831},{"@type":"BreadcrumbList","@id":"https:\/\/www.entreculturas.org\/fr\/noticia\/mary-grace-la-educacion-cambia-la-vida-de-la-infancia-refugiada\/#breadcrumb","itemListElement":[{"@type":"ListItem","position":1,"name":"Home","item":"https:\/\/www.entreculturas.org\/fr\/"},{"@type":"ListItem","position":2,"name":"Noticias","item":"https:\/\/www.entreculturas.org\/fr\/noticias\/"},{"@type":"ListItem","position":3,"name":"Mary Grace: la educaci\u00f3n cambia la vida de la infancia refugiada"}]},{"@type":"WebSite","@id":"https:\/\/www.entreculturas.org\/fr\/#website","url":"https:\/\/www.entreculturas.org\/fr\/","name":"Entreculturas","description":"","publisher":{"@id":"https:\/\/www.entreculturas.org\/fr\/#organization"},"alternateName":"Entreculturas","potentialAction":[{"@type":"SearchAction","target":{"@type":"EntryPoint","urlTemplate":"https:\/\/www.entreculturas.org\/fr\/?s={search_term_string}"},"query-input":{"@type":"PropertyValueSpecification","valueRequired":true,"valueName":"search_term_string"}}],"inLanguage":"fr-FR"},{"@type":"Organization","@id":"https:\/\/www.entreculturas.org\/fr\/#organization","name":"Entreculturas","url":"https:\/\/www.entreculturas.org\/fr\/","logo":{"@type":"ImageObject","inLanguage":"fr-FR","@id":"https:\/\/www.entreculturas.org\/fr\/#\/schema\/logo\/image\/","url":"https:\/\/www.entreculturas.org\/wp-content\/uploads\/2025\/10\/ESP.svg","contentUrl":"https:\/\/www.entreculturas.org\/wp-content\/uploads\/2025\/10\/ESP.svg","caption":"Entreculturas"},"image":{"@id":"https:\/\/www.entreculturas.org\/fr\/#\/schema\/logo\/image\/"},"sameAs":["https:\/\/www.facebook.com\/entreculturas","https:\/\/x.com\/Entreculturas","https:\/\/www.instagram.com\/entreculturas\/","https:\/\/www.youtube.com\/user\/entreculturasvideo","https:\/\/www.linkedin.com\/company\/fundacion-entreculturas-ngdo\/","https:\/\/www.flickr.com\/photos\/98455522@N04\/albums\/"]}]}},"_links":{"self":[{"href":"https:\/\/www.entreculturas.org\/fr\/wp-json\/wp\/v2\/noticia\/11589","targetHints":{"allow":["GET"]}}],"collection":[{"href":"https:\/\/www.entreculturas.org\/fr\/wp-json\/wp\/v2\/noticia"}],"about":[{"href":"https:\/\/www.entreculturas.org\/fr\/wp-json\/wp\/v2\/types\/noticia"}],"wp:featuredmedia":[{"embeddable":true,"href":"https:\/\/www.entreculturas.org\/fr\/wp-json\/wp\/v2\/media\/11591"}],"wp:attachment":[{"href":"https:\/\/www.entreculturas.org\/fr\/wp-json\/wp\/v2\/media?parent=11589"}],"wp:term":[{"taxonomy":"category","embeddable":true,"href":"https:\/\/www.entreculturas.org\/fr\/wp-json\/wp\/v2\/categories?post=11589"},{"taxonomy":"post_tag","embeddable":true,"href":"https:\/\/www.entreculturas.org\/fr\/wp-json\/wp\/v2\/tags?post=11589"},{"taxonomy":"country","embeddable":true,"href":"https:\/\/www.entreculturas.org\/fr\/wp-json\/wp\/v2\/country?post=11589"},{"taxonomy":"cause","embeddable":true,"href":"https:\/\/www.entreculturas.org\/fr\/wp-json\/wp\/v2\/cause?post=11589"}],"curies":[{"name":"wp","href":"https:\/\/api.w.org\/{rel}","templated":true}]}}