{"id":10876,"date":"2023-12-27T09:11:17","date_gmt":"2023-12-27T08:11:17","guid":{"rendered":"https:\/\/www.entreculturas.org\/?post_type=noticia&#038;p=10876"},"modified":"2023-12-27T09:12:02","modified_gmt":"2023-12-27T08:12:02","slug":"colaboracion-con-guell-lamadrid-fundas-de-ordenador-solidarias","status":"publish","type":"noticia","link":"https:\/\/www.entreculturas.org\/fr\/noticia\/colaboracion-con-guell-lamadrid-fundas-de-ordenador-solidarias\/","title":{"rendered":"Colaboraci\u00f3n con G\u00fcell Lamadrid: fundas de ordenador solidarias"},"content":{"rendered":"\n<ul class=\"wp-block-list\">\n<li><strong>G\u00fcell LaMadrid<\/strong>, una empresa de <strong>dise\u00f1o y producci\u00f3n<\/strong> de telas de alta calidad y dise\u00f1o, lanza su colecci\u00f3n de <a href=\"https:\/\/guell-lamadrid.grupolamadrid.com\/blog-lost-in-fabrics\/es\/funda-de-ordenador-portatil-sostenible-y-funcional\/\"><strong>fundas de ordenador<\/strong><\/a><strong> port\u00e1til sostenibles y solidarias.\u00a0<\/strong><br><\/li>\n<\/ul>\n\n\n\n<ul class=\"wp-block-list\">\n<li>El<strong> 100% de los beneficios obtenidos con sus ventas ser\u00e1n donados a Entreculturas,<\/strong> con el fin de promover la misi\u00f3n de la fundaci\u00f3n: la <strong>educaci\u00f3n como medio para el cambio<\/strong> <strong>y la justicia social<\/strong>.\u00a0<br><br><\/li>\n<\/ul>\n\n\n\n<p>G\u00fcell Lamadrid nace en 1973 y se ha convertido en un <strong>editor textil referente<\/strong> en el mercado de alta decoraci\u00f3n europeo con sus propuestas de dise\u00f1os de gran calidad. El compromiso social forma parte de sus valores y, por ello, una de sus prioridades es impulsar acciones que supongan un impacto social, creando as\u00ed oportunidades de mejora a personas en riesgo de exclusi\u00f3n y ayudando a aquellos colectivos necesitados.&nbsp;<\/p>\n\n\n\n<p><\/p>\n\n\n\n<figure class=\"wp-block-image aligncenter size-large is-resized\"><img decoding=\"async\" width=\"1024\" height=\"683\" src=\"https:\/\/www.entreculturas.org\/wp-content\/uploads\/2023\/12\/POI_011-2048x1365-1-1024x683.jpg\" alt=\"\" class=\"wp-image-10879\" style=\"width:547px;height:auto\" srcset=\"https:\/\/www.entreculturas.org\/wp-content\/uploads\/2023\/12\/POI_011-2048x1365-1-1024x683.jpg 1024w, https:\/\/www.entreculturas.org\/wp-content\/uploads\/2023\/12\/POI_011-2048x1365-1-300x200.jpg 300w, https:\/\/www.entreculturas.org\/wp-content\/uploads\/2023\/12\/POI_011-2048x1365-1-768x512.jpg 768w, https:\/\/www.entreculturas.org\/wp-content\/uploads\/2023\/12\/POI_011-2048x1365-1-1536x1024.jpg 1536w, https:\/\/www.entreculturas.org\/wp-content\/uploads\/2023\/12\/POI_011-2048x1365-1.jpg 2048w\" sizes=\"(max-width: 1024px) 100vw, 1024px\" \/><\/figure>\n\n\n\n<p><\/p>\n\n\n\n<p>Las fundas dise\u00f1adas espec\u00edficamente para esta iniciativa solidaria han sido confeccionadas con cuatro tejidos descatalogados, lo que las hace sostenibles.&nbsp;<\/p>\n\n\n\n<p><strong>Una propuesta para regalar estas navidades con un gran valor solidario. Si quieres saber c\u00f3mo comprar estas fundas, entra en el siguiente <\/strong><a href=\"https:\/\/lamadridvalues.com\/producto\/funda-portatil-gl-03\/\"><strong>enlace<\/strong><\/a><strong>.&nbsp;<\/strong><\/p>\n","protected":false},"excerpt":{"rendered":"<p>G\u00fcell Lamadrid nace en 1973 y se ha convertido en un editor textil referente en el mercado de alta decoraci\u00f3n europeo con sus propuestas de dise\u00f1os de gran calidad. El compromiso social forma parte de sus valores y, por ello, una de sus prioridades es impulsar acciones que supongan un impacto social, creando as\u00ed oportunidades de mejora a personas en riesgo de exclusi\u00f3n y ayudando a aquellos colectivos necesitados.&nbsp; Las fundas dise\u00f1adas espec\u00edficamente para esta iniciativa solidaria han sido confeccionadas con cuatro tejidos descatalogados, lo que las hace sostenibles.&nbsp; Una propuesta para regalar estas navidades con un gran valor solidario. Si quieres saber c\u00f3mo comprar estas fundas, entra en el siguiente enlace.&nbsp;<\/p>\n","protected":false},"featured_media":10878,"template":"","meta":{"_acf_changed":false},"categories":[7],"tags":[196],"country":[120],"cause":[132],"class_list":["post-10876","noticia","type-noticia","status-publish","has-post-thumbnail","hentry","category-noticia","tag-rsc","country-espana","cause-participacion-y-ciudadania-global"],"acf":[],"yoast_head":"<!-- This site is optimized with the Yoast SEO Premium plugin v21.6 (Yoast SEO v27.5) - https:\/\/yoast.com\/product\/yoast-seo-premium-wordpress\/ -->\n<title>Colaboraci\u00f3n con G\u00fcell Lamadrid: fundas de ordenador solidarias - Entreculturas<\/title>\n<meta name=\"robots\" content=\"index, follow, max-snippet:-1, max-image-preview:large, max-video-preview:-1\" \/>\n<link rel=\"canonical\" href=\"https:\/\/www.entreculturas.org\/fr\/noticia\/colaboracion-con-guell-lamadrid-fundas-de-ordenador-solidarias\/\" \/>\n<meta property=\"og:locale\" content=\"fr_FR\" \/>\n<meta property=\"og:type\" content=\"article\" \/>\n<meta property=\"og:title\" content=\"Colaboraci\u00f3n con G\u00fcell Lamadrid: fundas de ordenador solidarias\" \/>\n<meta property=\"og:description\" content=\"G\u00fcell Lamadrid nace en 1973 y se ha convertido en un editor textil referente en el mercado de alta decoraci\u00f3n europeo con sus propuestas de dise\u00f1os de gran calidad. El compromiso social forma parte de sus valores y, por ello, una de sus prioridades es impulsar acciones que supongan un impacto social, creando as\u00ed oportunidades de mejora a personas en riesgo de exclusi\u00f3n y ayudando a aquellos colectivos necesitados.&nbsp; Las fundas dise\u00f1adas espec\u00edficamente para esta iniciativa solidaria han sido confeccionadas con cuatro tejidos descatalogados, lo que las hace sostenibles.&nbsp; Una propuesta para regalar estas navidades con un gran valor solidario. Si quieres saber c\u00f3mo comprar estas fundas, entra en el siguiente enlace.&nbsp;\" \/>\n<meta property=\"og:url\" content=\"https:\/\/www.entreculturas.org\/fr\/noticia\/colaboracion-con-guell-lamadrid-fundas-de-ordenador-solidarias\/\" \/>\n<meta property=\"og:site_name\" content=\"Entreculturas\" \/>\n<meta property=\"article:publisher\" content=\"https:\/\/www.facebook.com\/entreculturas\" \/>\n<meta property=\"article:modified_time\" content=\"2023-12-27T08:12:02+00:00\" \/>\n<meta property=\"og:image\" content=\"https:\/\/www.entreculturas.org\/wp-content\/uploads\/2023\/12\/LBN_2023_Baalbek_DarAlHanan-26.jpg\" \/>\n\t<meta property=\"og:image:width\" content=\"2048\" \/>\n\t<meta property=\"og:image:height\" content=\"1365\" \/>\n\t<meta property=\"og:image:type\" content=\"image\/jpeg\" \/>\n<meta name=\"twitter:card\" content=\"summary_large_image\" \/>\n<meta name=\"twitter:site\" content=\"@Entreculturas\" \/>\n<script type=\"application\/ld+json\" class=\"yoast-schema-graph\">{\"@context\":\"https:\\\/\\\/schema.org\",\"@graph\":[{\"@type\":\"WebPage\",\"@id\":\"https:\\\/\\\/www.entreculturas.org\\\/fr\\\/noticia\\\/colaboracion-con-guell-lamadrid-fundas-de-ordenador-solidarias\\\/\",\"url\":\"https:\\\/\\\/www.entreculturas.org\\\/fr\\\/noticia\\\/colaboracion-con-guell-lamadrid-fundas-de-ordenador-solidarias\\\/\",\"name\":\"Colaboraci\u00f3n con G\u00fcell Lamadrid: fundas de ordenador solidarias - Entreculturas\",\"isPartOf\":{\"@id\":\"https:\\\/\\\/www.entreculturas.org\\\/fr\\\/#website\"},\"primaryImageOfPage\":{\"@id\":\"https:\\\/\\\/www.entreculturas.org\\\/fr\\\/noticia\\\/colaboracion-con-guell-lamadrid-fundas-de-ordenador-solidarias\\\/#primaryimage\"},\"image\":{\"@id\":\"https:\\\/\\\/www.entreculturas.org\\\/fr\\\/noticia\\\/colaboracion-con-guell-lamadrid-fundas-de-ordenador-solidarias\\\/#primaryimage\"},\"thumbnailUrl\":\"https:\\\/\\\/www.entreculturas.org\\\/wp-content\\\/uploads\\\/2023\\\/12\\\/LBN_2023_Baalbek_DarAlHanan-26.jpg\",\"datePublished\":\"2023-12-27T08:11:17+00:00\",\"dateModified\":\"2023-12-27T08:12:02+00:00\",\"breadcrumb\":{\"@id\":\"https:\\\/\\\/www.entreculturas.org\\\/fr\\\/noticia\\\/colaboracion-con-guell-lamadrid-fundas-de-ordenador-solidarias\\\/#breadcrumb\"},\"inLanguage\":\"fr-FR\",\"potentialAction\":[{\"@type\":\"ReadAction\",\"target\":[\"https:\\\/\\\/www.entreculturas.org\\\/fr\\\/noticia\\\/colaboracion-con-guell-lamadrid-fundas-de-ordenador-solidarias\\\/\"]}]},{\"@type\":\"ImageObject\",\"inLanguage\":\"fr-FR\",\"@id\":\"https:\\\/\\\/www.entreculturas.org\\\/fr\\\/noticia\\\/colaboracion-con-guell-lamadrid-fundas-de-ordenador-solidarias\\\/#primaryimage\",\"url\":\"https:\\\/\\\/www.entreculturas.org\\\/wp-content\\\/uploads\\\/2023\\\/12\\\/LBN_2023_Baalbek_DarAlHanan-26.jpg\",\"contentUrl\":\"https:\\\/\\\/www.entreculturas.org\\\/wp-content\\\/uploads\\\/2023\\\/12\\\/LBN_2023_Baalbek_DarAlHanan-26.jpg\",\"width\":2048,\"height\":1365},{\"@type\":\"BreadcrumbList\",\"@id\":\"https:\\\/\\\/www.entreculturas.org\\\/fr\\\/noticia\\\/colaboracion-con-guell-lamadrid-fundas-de-ordenador-solidarias\\\/#breadcrumb\",\"itemListElement\":[{\"@type\":\"ListItem\",\"position\":1,\"name\":\"Home\",\"item\":\"https:\\\/\\\/www.entreculturas.org\\\/fr\\\/\"},{\"@type\":\"ListItem\",\"position\":2,\"name\":\"Noticias\",\"item\":\"https:\\\/\\\/www.entreculturas.org\\\/fr\\\/noticias\\\/\"},{\"@type\":\"ListItem\",\"position\":3,\"name\":\"Colaboraci\u00f3n con G\u00fcell Lamadrid: fundas de ordenador solidarias\"}]},{\"@type\":\"WebSite\",\"@id\":\"https:\\\/\\\/www.entreculturas.org\\\/fr\\\/#website\",\"url\":\"https:\\\/\\\/www.entreculturas.org\\\/fr\\\/\",\"name\":\"Entreculturas\",\"description\":\"\",\"publisher\":{\"@id\":\"https:\\\/\\\/www.entreculturas.org\\\/fr\\\/#organization\"},\"alternateName\":\"Entreculturas\",\"potentialAction\":[{\"@type\":\"SearchAction\",\"target\":{\"@type\":\"EntryPoint\",\"urlTemplate\":\"https:\\\/\\\/www.entreculturas.org\\\/fr\\\/?s={search_term_string}\"},\"query-input\":{\"@type\":\"PropertyValueSpecification\",\"valueRequired\":true,\"valueName\":\"search_term_string\"}}],\"inLanguage\":\"fr-FR\"},{\"@type\":\"Organization\",\"@id\":\"https:\\\/\\\/www.entreculturas.org\\\/fr\\\/#organization\",\"name\":\"Entreculturas\",\"url\":\"https:\\\/\\\/www.entreculturas.org\\\/fr\\\/\",\"logo\":{\"@type\":\"ImageObject\",\"inLanguage\":\"fr-FR\",\"@id\":\"https:\\\/\\\/www.entreculturas.org\\\/fr\\\/#\\\/schema\\\/logo\\\/image\\\/\",\"url\":\"https:\\\/\\\/www.entreculturas.org\\\/wp-content\\\/uploads\\\/2025\\\/10\\\/ESP.svg\",\"contentUrl\":\"https:\\\/\\\/www.entreculturas.org\\\/wp-content\\\/uploads\\\/2025\\\/10\\\/ESP.svg\",\"caption\":\"Entreculturas\"},\"image\":{\"@id\":\"https:\\\/\\\/www.entreculturas.org\\\/fr\\\/#\\\/schema\\\/logo\\\/image\\\/\"},\"sameAs\":[\"https:\\\/\\\/www.facebook.com\\\/entreculturas\",\"https:\\\/\\\/x.com\\\/Entreculturas\",\"https:\\\/\\\/www.instagram.com\\\/entreculturas\\\/\",\"https:\\\/\\\/www.youtube.com\\\/user\\\/entreculturasvideo\",\"https:\\\/\\\/www.linkedin.com\\\/company\\\/fundacion-entreculturas-ngdo\\\/\",\"https:\\\/\\\/www.flickr.com\\\/photos\\\/98455522@N04\\\/albums\\\/\"]}]}<\/script>\n<!-- \/ Yoast SEO Premium plugin. -->","yoast_head_json":{"title":"Colaboraci\u00f3n con G\u00fcell Lamadrid: fundas de ordenador solidarias - Entreculturas","robots":{"index":"index","follow":"follow","max-snippet":"max-snippet:-1","max-image-preview":"max-image-preview:large","max-video-preview":"max-video-preview:-1"},"canonical":"https:\/\/www.entreculturas.org\/fr\/noticia\/colaboracion-con-guell-lamadrid-fundas-de-ordenador-solidarias\/","og_locale":"fr_FR","og_type":"article","og_title":"Colaboraci\u00f3n con G\u00fcell Lamadrid: fundas de ordenador solidarias","og_description":"G\u00fcell Lamadrid nace en 1973 y se ha convertido en un editor textil referente en el mercado de alta decoraci\u00f3n europeo con sus propuestas de dise\u00f1os de gran calidad. El compromiso social forma parte de sus valores y, por ello, una de sus prioridades es impulsar acciones que supongan un impacto social, creando as\u00ed oportunidades de mejora a personas en riesgo de exclusi\u00f3n y ayudando a aquellos colectivos necesitados.&nbsp; Las fundas dise\u00f1adas espec\u00edficamente para esta iniciativa solidaria han sido confeccionadas con cuatro tejidos descatalogados, lo que las hace sostenibles.&nbsp; Una propuesta para regalar estas navidades con un gran valor solidario. Si quieres saber c\u00f3mo comprar estas fundas, entra en el siguiente enlace.&nbsp;","og_url":"https:\/\/www.entreculturas.org\/fr\/noticia\/colaboracion-con-guell-lamadrid-fundas-de-ordenador-solidarias\/","og_site_name":"Entreculturas","article_publisher":"https:\/\/www.facebook.com\/entreculturas","article_modified_time":"2023-12-27T08:12:02+00:00","og_image":[{"width":2048,"height":1365,"url":"https:\/\/www.entreculturas.org\/wp-content\/uploads\/2023\/12\/LBN_2023_Baalbek_DarAlHanan-26.jpg","type":"image\/jpeg"}],"twitter_card":"summary_large_image","twitter_site":"@Entreculturas","schema":{"@context":"https:\/\/schema.org","@graph":[{"@type":"WebPage","@id":"https:\/\/www.entreculturas.org\/fr\/noticia\/colaboracion-con-guell-lamadrid-fundas-de-ordenador-solidarias\/","url":"https:\/\/www.entreculturas.org\/fr\/noticia\/colaboracion-con-guell-lamadrid-fundas-de-ordenador-solidarias\/","name":"Colaboraci\u00f3n con G\u00fcell Lamadrid: fundas de ordenador solidarias - Entreculturas","isPartOf":{"@id":"https:\/\/www.entreculturas.org\/fr\/#website"},"primaryImageOfPage":{"@id":"https:\/\/www.entreculturas.org\/fr\/noticia\/colaboracion-con-guell-lamadrid-fundas-de-ordenador-solidarias\/#primaryimage"},"image":{"@id":"https:\/\/www.entreculturas.org\/fr\/noticia\/colaboracion-con-guell-lamadrid-fundas-de-ordenador-solidarias\/#primaryimage"},"thumbnailUrl":"https:\/\/www.entreculturas.org\/wp-content\/uploads\/2023\/12\/LBN_2023_Baalbek_DarAlHanan-26.jpg","datePublished":"2023-12-27T08:11:17+00:00","dateModified":"2023-12-27T08:12:02+00:00","breadcrumb":{"@id":"https:\/\/www.entreculturas.org\/fr\/noticia\/colaboracion-con-guell-lamadrid-fundas-de-ordenador-solidarias\/#breadcrumb"},"inLanguage":"fr-FR","potentialAction":[{"@type":"ReadAction","target":["https:\/\/www.entreculturas.org\/fr\/noticia\/colaboracion-con-guell-lamadrid-fundas-de-ordenador-solidarias\/"]}]},{"@type":"ImageObject","inLanguage":"fr-FR","@id":"https:\/\/www.entreculturas.org\/fr\/noticia\/colaboracion-con-guell-lamadrid-fundas-de-ordenador-solidarias\/#primaryimage","url":"https:\/\/www.entreculturas.org\/wp-content\/uploads\/2023\/12\/LBN_2023_Baalbek_DarAlHanan-26.jpg","contentUrl":"https:\/\/www.entreculturas.org\/wp-content\/uploads\/2023\/12\/LBN_2023_Baalbek_DarAlHanan-26.jpg","width":2048,"height":1365},{"@type":"BreadcrumbList","@id":"https:\/\/www.entreculturas.org\/fr\/noticia\/colaboracion-con-guell-lamadrid-fundas-de-ordenador-solidarias\/#breadcrumb","itemListElement":[{"@type":"ListItem","position":1,"name":"Home","item":"https:\/\/www.entreculturas.org\/fr\/"},{"@type":"ListItem","position":2,"name":"Noticias","item":"https:\/\/www.entreculturas.org\/fr\/noticias\/"},{"@type":"ListItem","position":3,"name":"Colaboraci\u00f3n con G\u00fcell Lamadrid: fundas de ordenador solidarias"}]},{"@type":"WebSite","@id":"https:\/\/www.entreculturas.org\/fr\/#website","url":"https:\/\/www.entreculturas.org\/fr\/","name":"Entreculturas","description":"","publisher":{"@id":"https:\/\/www.entreculturas.org\/fr\/#organization"},"alternateName":"Entreculturas","potentialAction":[{"@type":"SearchAction","target":{"@type":"EntryPoint","urlTemplate":"https:\/\/www.entreculturas.org\/fr\/?s={search_term_string}"},"query-input":{"@type":"PropertyValueSpecification","valueRequired":true,"valueName":"search_term_string"}}],"inLanguage":"fr-FR"},{"@type":"Organization","@id":"https:\/\/www.entreculturas.org\/fr\/#organization","name":"Entreculturas","url":"https:\/\/www.entreculturas.org\/fr\/","logo":{"@type":"ImageObject","inLanguage":"fr-FR","@id":"https:\/\/www.entreculturas.org\/fr\/#\/schema\/logo\/image\/","url":"https:\/\/www.entreculturas.org\/wp-content\/uploads\/2025\/10\/ESP.svg","contentUrl":"https:\/\/www.entreculturas.org\/wp-content\/uploads\/2025\/10\/ESP.svg","caption":"Entreculturas"},"image":{"@id":"https:\/\/www.entreculturas.org\/fr\/#\/schema\/logo\/image\/"},"sameAs":["https:\/\/www.facebook.com\/entreculturas","https:\/\/x.com\/Entreculturas","https:\/\/www.instagram.com\/entreculturas\/","https:\/\/www.youtube.com\/user\/entreculturasvideo","https:\/\/www.linkedin.com\/company\/fundacion-entreculturas-ngdo\/","https:\/\/www.flickr.com\/photos\/98455522@N04\/albums\/"]}]}},"_links":{"self":[{"href":"https:\/\/www.entreculturas.org\/fr\/wp-json\/wp\/v2\/noticia\/10876","targetHints":{"allow":["GET"]}}],"collection":[{"href":"https:\/\/www.entreculturas.org\/fr\/wp-json\/wp\/v2\/noticia"}],"about":[{"href":"https:\/\/www.entreculturas.org\/fr\/wp-json\/wp\/v2\/types\/noticia"}],"wp:featuredmedia":[{"embeddable":true,"href":"https:\/\/www.entreculturas.org\/fr\/wp-json\/wp\/v2\/media\/10878"}],"wp:attachment":[{"href":"https:\/\/www.entreculturas.org\/fr\/wp-json\/wp\/v2\/media?parent=10876"}],"wp:term":[{"taxonomy":"category","embeddable":true,"href":"https:\/\/www.entreculturas.org\/fr\/wp-json\/wp\/v2\/categories?post=10876"},{"taxonomy":"post_tag","embeddable":true,"href":"https:\/\/www.entreculturas.org\/fr\/wp-json\/wp\/v2\/tags?post=10876"},{"taxonomy":"country","embeddable":true,"href":"https:\/\/www.entreculturas.org\/fr\/wp-json\/wp\/v2\/country?post=10876"},{"taxonomy":"cause","embeddable":true,"href":"https:\/\/www.entreculturas.org\/fr\/wp-json\/wp\/v2\/cause?post=10876"}],"curies":[{"name":"wp","href":"https:\/\/api.w.org\/{rel}","templated":true}]}}