{"id":10487,"date":"2023-12-18T12:33:39","date_gmt":"2023-12-18T11:33:39","guid":{"rendered":"https:\/\/www.entreculturas.org\/?post_type=noticia&#038;p=10487"},"modified":"2023-12-19T15:41:35","modified_gmt":"2023-12-19T14:41:35","slug":"entreculturas-y-alboan-alertan-sobre-las-duras-violencias-que-sufren-las-mujeres-migrantes","status":"publish","type":"noticia","link":"https:\/\/www.entreculturas.org\/fr\/noticia\/entreculturas-y-alboan-alertan-sobre-las-duras-violencias-que-sufren-las-mujeres-migrantes\/","title":{"rendered":"ENTRECULTURAS Y ALBOAN ALERTAN SOBRE LAS DURAS VIOLENCIAS QUE SUFREN LAS MUJERES MIGRANTES"},"content":{"rendered":"\n<ul class=\"wp-block-list\">\n<li><strong>En el marco de la campa\u00f1a \u2018Mujeres en Marcha\u2019, las ONG Entreculturas y Alboan presentaron el informe \u201cInvisibilizadas. Mujeres migrantes en el cruce de fronteras\u201d en un conversatorio organizado con motivo del D\u00eda Internacional de las Personas Migrantes.<\/strong><\/li>\n<\/ul>\n\n\n\n<ul class=\"wp-block-list\">\n<li><strong>En el espacio se profundiz\u00f3 en c\u00f3mo el g\u00e9nero influye negativamente en las experiencias migratorias de las mujeres al aumentar su exposici\u00f3n a la violencia y la vulneraci\u00f3n de derechos.<\/strong><\/li>\n<\/ul>\n\n\n\n<p><\/p>\n\n\n\n<p>Con motivo del <strong><strong>D\u00eda Internacional de las<\/strong><\/strong> <strong>Personas Migrantes<\/strong>, que se conmemora hoy, 18 de diciembre, las ONG Entreculturas y Alboan hemos presentado la nueva <a href=\"https:\/\/invisibilizadas.mujeresenmarcha.org\/\" target=\"_blank\" rel=\"noreferrer noopener\">versi\u00f3n digital<\/a> interactiva de su \u00faltimo <a href=\"https:\/\/www.mujeresenmarcha.org\/wp-content\/uploads\/2023\/11\/0.-INFOME-VF-MeM-Invisibilizadas-nov23.pdf\" target=\"_blank\" rel=\"noreferrer noopener\">informe<\/a>, \u201cInvisibilizadas. Mujeres migrantes en el cruce de fronteras\u201d, lanzado en el marco de nuestra campa\u00f1a conjunta, \u2018<a href=\"https:\/\/www.mujeresenmarcha.org\/\" target=\"_blank\" rel=\"noreferrer noopener\">Mujeres en marcha<\/a>\u2019.<\/p>\n\n\n\n<p><\/p>\n\n\n\n<p>La publicaci\u00f3n, en la cual tambi\u00e9n han participado el Servicio Jesuita a Migrantes de Espa\u00f1a (SJM), la Fundaci\u00f3n Ignacio Ellacur\u00eda y Loiola Etxea, se basa en <strong>la realidad de las mujeres en los contextos migratorios de Centroam\u00e9rica y la Frontera Sur espa\u00f1ola<\/strong> para visibilizar la vulneraci\u00f3n de derechos fundamentales y la perpetuaci\u00f3n de violencias a las que se enfrentan. Una investigaci\u00f3n que se ha centrado en todas las fases del proceso migratorio: el origen, el tr\u00e1nsito, las fronteras y los pa\u00edses de destinos.<\/p>\n\n\n\n<p><\/p>\n\n\n\n<p>\u201cLas mujeres migrantes son personas dignas, valiosas y con mucho que decir si el sistema migratorio actual no les colocara como v\u00edctimas\u201d. Con estas palabras <strong>Clara Esteban, T\u00e9cnica de Incidencia Pol\u00edtica de Entreculturas<\/strong> y moderadora del espacio donde se present\u00f3 el informe, denunci\u00f3 la falta de protecci\u00f3n que sufren las mujeres migrantes. \u201cEs necesario un cambio de rumbo porque las actuales pol\u00edticas migratorias empujan a las mujeres a tomar rutas mortales y se tiene que hablar sobre ello\u201d. La nueva versi\u00f3n digital del informe, que cuenta con el apoyo de la Uni\u00f3n Europea y La Coordinadora de ONG, busca \u201cvisibilizar de una forma interactiva y accesible para el p\u00fablico todo el contenido de la investigaci\u00f3n para llegar a m\u00e1s personas y sensibilizar sobre esta realidad\u201d.&nbsp;<\/p>\n\n\n\n<p><\/p>\n\n\n\n<p><strong>Sara Diego, co-autora del informe y T\u00e9cnica de Incidencia Pol\u00edtica de Alboan<\/strong>, se\u00f1al\u00f3 que \u201cfrente a la invisibilizaci\u00f3n de los derechos de las mujeres migrantes, ponemos en el centro del debate sus historias, sus demandas y sue\u00f1os, a la vez que denunciamos los muros visibles e invisibles, f\u00edsicos y simb\u00f3licos que marcan sus experiencias migratorias\u201d. Sara afirm\u00f3 que en el informe tambi\u00e9n \u201cse pone encima de la mesa la responsabilidad que tienen las pol\u00edticas migratorias de EE.UU., de Europa y de Espa\u00f1a en la perpetuaci\u00f3n de las violencias que experimentan que anualmente terminan con las vidas de miles de mujeres\u201d. Por \u00faltimo, Sara recalc\u00f3 que una de las principales conclusiones de la investigaci\u00f3n es que \u201clas violencias basadas en g\u00e9nero contra las mujeres son una caracter\u00edstica compartida por todos los contextos migratorios\u201d.<\/p>\n\n\n\n<div class=\"wp-block-columns is-layout-flex wp-container-core-columns-is-layout-28f84493 wp-block-columns-is-layout-flex\">\n<div class=\"wp-block-column is-layout-flow wp-block-column-is-layout-flow\" style=\"flex-basis:100%\">\n<div class=\"wp-block-cb-carousel\" data-slick=\"{&quot;slidesToShow&quot;:3,&quot;slidesToScroll&quot;:1,&quot;speed&quot;:300,&quot;arrows&quot;:true,&quot;dots&quot;:true,&quot;autoplay&quot;:false,&quot;autoplaySpeed&quot;:3000,&quot;infinite&quot;:false,&quot;responsive&quot;:[{&quot;breakpoint&quot;:769,&quot;settings&quot;:{&quot;slidesToShow&quot;:1,&quot;slidesToScroll&quot;:1}}]}\">\n<div class=\"wp-block-cb-slide\">\n<figure data-wp-context=\"{&quot;imageId&quot;:&quot;69f309bf386a0&quot;}\" data-wp-interactive=\"core\/image\" data-wp-key=\"69f309bf386a0\" class=\"wp-block-image size-large is-resized wp-lightbox-container\"><img decoding=\"async\" width=\"1024\" height=\"683\" data-wp-class--hide=\"state.isContentHidden\" data-wp-class--show=\"state.isContentVisible\" data-wp-init=\"callbacks.setButtonStyles\" data-wp-on--click=\"actions.showLightbox\" data-wp-on--load=\"callbacks.setButtonStyles\" data-wp-on-window--resize=\"callbacks.setButtonStyles\" src=\"https:\/\/www.entreculturas.org\/wp-content\/uploads\/2023\/12\/IMG-20231218-WA0049-1024x683.jpg\" alt=\"\" class=\"wp-image-10494\" style=\"width:829px;height:auto\" srcset=\"https:\/\/www.entreculturas.org\/wp-content\/uploads\/2023\/12\/IMG-20231218-WA0049-1024x683.jpg 1024w, https:\/\/www.entreculturas.org\/wp-content\/uploads\/2023\/12\/IMG-20231218-WA0049-300x200.jpg 300w, https:\/\/www.entreculturas.org\/wp-content\/uploads\/2023\/12\/IMG-20231218-WA0049-768x512.jpg 768w, https:\/\/www.entreculturas.org\/wp-content\/uploads\/2023\/12\/IMG-20231218-WA0049-1536x1024.jpg 1536w, https:\/\/www.entreculturas.org\/wp-content\/uploads\/2023\/12\/IMG-20231218-WA0049-2048x1366.jpg 2048w\" sizes=\"(max-width: 1024px) 100vw, 1024px\" \/><button\n\t\t\tclass=\"lightbox-trigger\"\n\t\t\ttype=\"button\"\n\t\t\taria-haspopup=\"dialog\"\n\t\t\taria-label=\"Agrandir\"\n\t\t\tdata-wp-init=\"callbacks.initTriggerButton\"\n\t\t\tdata-wp-on--click=\"actions.showLightbox\"\n\t\t\tdata-wp-style--right=\"state.imageButtonRight\"\n\t\t\tdata-wp-style--top=\"state.imageButtonTop\"\n\t\t>\n\t\t\t<svg xmlns=\"http:\/\/www.w3.org\/2000\/svg\" width=\"12\" height=\"12\" fill=\"none\" viewBox=\"0 0 12 12\">\n\t\t\t\t<path fill=\"#fff\" d=\"M2 0a2 2 0 0 0-2 2v2h1.5V2a.5.5 0 0 1 .5-.5h2V0H2Zm2 10.5H2a.5.5 0 0 1-.5-.5V8H0v2a2 2 0 0 0 2 2h2v-1.5ZM8 12v-1.5h2a.5.5 0 0 0 .5-.5V8H12v2a2 2 0 0 1-2 2H8Zm2-12a2 2 0 0 1 2 2v2h-1.5V2a.5.5 0 0 0-.5-.5H8V0h2Z\" \/>\n\t\t\t<\/svg>\n\t\t<\/button><\/figure>\n<\/div>\n\n\n\n<div class=\"wp-block-cb-slide\">\n<figure data-wp-context=\"{&quot;imageId&quot;:&quot;69f309bf3925f&quot;}\" data-wp-interactive=\"core\/image\" data-wp-key=\"69f309bf3925f\" class=\"wp-block-image aligncenter size-large is-resized wp-lightbox-container\"><img decoding=\"async\" width=\"1024\" height=\"683\" data-wp-class--hide=\"state.isContentHidden\" data-wp-class--show=\"state.isContentVisible\" data-wp-init=\"callbacks.setButtonStyles\" data-wp-on--click=\"actions.showLightbox\" data-wp-on--load=\"callbacks.setButtonStyles\" data-wp-on-window--resize=\"callbacks.setButtonStyles\" src=\"https:\/\/www.entreculturas.org\/wp-content\/uploads\/2023\/12\/IMG-20231218-WA0027-1024x683.jpg\" alt=\"\" class=\"wp-image-10495\" style=\"width:826px;height:auto\" srcset=\"https:\/\/www.entreculturas.org\/wp-content\/uploads\/2023\/12\/IMG-20231218-WA0027-1024x683.jpg 1024w, https:\/\/www.entreculturas.org\/wp-content\/uploads\/2023\/12\/IMG-20231218-WA0027-300x200.jpg 300w, https:\/\/www.entreculturas.org\/wp-content\/uploads\/2023\/12\/IMG-20231218-WA0027-768x512.jpg 768w, https:\/\/www.entreculturas.org\/wp-content\/uploads\/2023\/12\/IMG-20231218-WA0027-1536x1024.jpg 1536w, https:\/\/www.entreculturas.org\/wp-content\/uploads\/2023\/12\/IMG-20231218-WA0027-2048x1366.jpg 2048w\" sizes=\"(max-width: 1024px) 100vw, 1024px\" \/><button\n\t\t\tclass=\"lightbox-trigger\"\n\t\t\ttype=\"button\"\n\t\t\taria-haspopup=\"dialog\"\n\t\t\taria-label=\"Agrandir\"\n\t\t\tdata-wp-init=\"callbacks.initTriggerButton\"\n\t\t\tdata-wp-on--click=\"actions.showLightbox\"\n\t\t\tdata-wp-style--right=\"state.imageButtonRight\"\n\t\t\tdata-wp-style--top=\"state.imageButtonTop\"\n\t\t>\n\t\t\t<svg xmlns=\"http:\/\/www.w3.org\/2000\/svg\" width=\"12\" height=\"12\" fill=\"none\" viewBox=\"0 0 12 12\">\n\t\t\t\t<path fill=\"#fff\" d=\"M2 0a2 2 0 0 0-2 2v2h1.5V2a.5.5 0 0 1 .5-.5h2V0H2Zm2 10.5H2a.5.5 0 0 1-.5-.5V8H0v2a2 2 0 0 0 2 2h2v-1.5ZM8 12v-1.5h2a.5.5 0 0 0 .5-.5V8H12v2a2 2 0 0 1-2 2H8Zm2-12a2 2 0 0 1 2 2v2h-1.5V2a.5.5 0 0 0-.5-.5H8V0h2Z\" \/>\n\t\t\t<\/svg>\n\t\t<\/button><\/figure>\n<\/div>\n\n\n\n<div class=\"wp-block-cb-slide\">\n<figure data-wp-context=\"{&quot;imageId&quot;:&quot;69f309bf39e08&quot;}\" data-wp-interactive=\"core\/image\" data-wp-key=\"69f309bf39e08\" class=\"wp-block-image size-large is-resized wp-lightbox-container\"><img decoding=\"async\" width=\"1024\" height=\"683\" data-wp-class--hide=\"state.isContentHidden\" data-wp-class--show=\"state.isContentVisible\" data-wp-init=\"callbacks.setButtonStyles\" data-wp-on--click=\"actions.showLightbox\" data-wp-on--load=\"callbacks.setButtonStyles\" data-wp-on-window--resize=\"callbacks.setButtonStyles\" src=\"https:\/\/www.entreculturas.org\/wp-content\/uploads\/2023\/12\/IMG-20231218-WA0005-1024x683.jpg\" alt=\"\" class=\"wp-image-10492\" style=\"width:820px;height:auto\" srcset=\"https:\/\/www.entreculturas.org\/wp-content\/uploads\/2023\/12\/IMG-20231218-WA0005-1024x683.jpg 1024w, https:\/\/www.entreculturas.org\/wp-content\/uploads\/2023\/12\/IMG-20231218-WA0005-300x200.jpg 300w, https:\/\/www.entreculturas.org\/wp-content\/uploads\/2023\/12\/IMG-20231218-WA0005-768x512.jpg 768w, https:\/\/www.entreculturas.org\/wp-content\/uploads\/2023\/12\/IMG-20231218-WA0005-1536x1024.jpg 1536w, https:\/\/www.entreculturas.org\/wp-content\/uploads\/2023\/12\/IMG-20231218-WA0005-2048x1366.jpg 2048w\" sizes=\"(max-width: 1024px) 100vw, 1024px\" \/><button\n\t\t\tclass=\"lightbox-trigger\"\n\t\t\ttype=\"button\"\n\t\t\taria-haspopup=\"dialog\"\n\t\t\taria-label=\"Agrandir\"\n\t\t\tdata-wp-init=\"callbacks.initTriggerButton\"\n\t\t\tdata-wp-on--click=\"actions.showLightbox\"\n\t\t\tdata-wp-style--right=\"state.imageButtonRight\"\n\t\t\tdata-wp-style--top=\"state.imageButtonTop\"\n\t\t>\n\t\t\t<svg xmlns=\"http:\/\/www.w3.org\/2000\/svg\" width=\"12\" height=\"12\" fill=\"none\" viewBox=\"0 0 12 12\">\n\t\t\t\t<path fill=\"#fff\" d=\"M2 0a2 2 0 0 0-2 2v2h1.5V2a.5.5 0 0 1 .5-.5h2V0H2Zm2 10.5H2a.5.5 0 0 1-.5-.5V8H0v2a2 2 0 0 0 2 2h2v-1.5ZM8 12v-1.5h2a.5.5 0 0 0 .5-.5V8H12v2a2 2 0 0 1-2 2H8Zm2-12a2 2 0 0 1 2 2v2h-1.5V2a.5.5 0 0 0-.5-.5H8V0h2Z\" \/>\n\t\t\t<\/svg>\n\t\t<\/button><\/figure>\n<\/div>\n\n\n\n<div class=\"wp-block-cb-slide\">\n<figure data-wp-context=\"{&quot;imageId&quot;:&quot;69f309bf3a812&quot;}\" data-wp-interactive=\"core\/image\" data-wp-key=\"69f309bf3a812\" class=\"wp-block-image size-large is-resized wp-lightbox-container\"><img decoding=\"async\" width=\"1024\" height=\"683\" data-wp-class--hide=\"state.isContentHidden\" data-wp-class--show=\"state.isContentVisible\" data-wp-init=\"callbacks.setButtonStyles\" data-wp-on--click=\"actions.showLightbox\" data-wp-on--load=\"callbacks.setButtonStyles\" data-wp-on-window--resize=\"callbacks.setButtonStyles\" src=\"https:\/\/www.entreculturas.org\/wp-content\/uploads\/2023\/12\/IMG-20231218-WA0021-1024x683.jpg\" alt=\"\" class=\"wp-image-10499\" style=\"width:808px;height:auto\" srcset=\"https:\/\/www.entreculturas.org\/wp-content\/uploads\/2023\/12\/IMG-20231218-WA0021-1024x683.jpg 1024w, https:\/\/www.entreculturas.org\/wp-content\/uploads\/2023\/12\/IMG-20231218-WA0021-300x200.jpg 300w, https:\/\/www.entreculturas.org\/wp-content\/uploads\/2023\/12\/IMG-20231218-WA0021-768x512.jpg 768w, https:\/\/www.entreculturas.org\/wp-content\/uploads\/2023\/12\/IMG-20231218-WA0021-1536x1024.jpg 1536w, https:\/\/www.entreculturas.org\/wp-content\/uploads\/2023\/12\/IMG-20231218-WA0021-2048x1366.jpg 2048w\" sizes=\"(max-width: 1024px) 100vw, 1024px\" \/><button\n\t\t\tclass=\"lightbox-trigger\"\n\t\t\ttype=\"button\"\n\t\t\taria-haspopup=\"dialog\"\n\t\t\taria-label=\"Agrandir\"\n\t\t\tdata-wp-init=\"callbacks.initTriggerButton\"\n\t\t\tdata-wp-on--click=\"actions.showLightbox\"\n\t\t\tdata-wp-style--right=\"state.imageButtonRight\"\n\t\t\tdata-wp-style--top=\"state.imageButtonTop\"\n\t\t>\n\t\t\t<svg xmlns=\"http:\/\/www.w3.org\/2000\/svg\" width=\"12\" height=\"12\" fill=\"none\" viewBox=\"0 0 12 12\">\n\t\t\t\t<path fill=\"#fff\" d=\"M2 0a2 2 0 0 0-2 2v2h1.5V2a.5.5 0 0 1 .5-.5h2V0H2Zm2 10.5H2a.5.5 0 0 1-.5-.5V8H0v2a2 2 0 0 0 2 2h2v-1.5ZM8 12v-1.5h2a.5.5 0 0 0 .5-.5V8H12v2a2 2 0 0 1-2 2H8Zm2-12a2 2 0 0 1 2 2v2h-1.5V2a.5.5 0 0 0-.5-.5H8V0h2Z\" \/>\n\t\t\t<\/svg>\n\t\t<\/button><\/figure>\n<\/div>\n\n\n\n<div class=\"wp-block-cb-slide\">\n<figure data-wp-context=\"{&quot;imageId&quot;:&quot;69f309bf3b1ce&quot;}\" data-wp-interactive=\"core\/image\" data-wp-key=\"69f309bf3b1ce\" class=\"wp-block-image size-large is-resized wp-lightbox-container\"><img decoding=\"async\" width=\"1024\" height=\"683\" data-wp-class--hide=\"state.isContentHidden\" data-wp-class--show=\"state.isContentVisible\" data-wp-init=\"callbacks.setButtonStyles\" data-wp-on--click=\"actions.showLightbox\" data-wp-on--load=\"callbacks.setButtonStyles\" data-wp-on-window--resize=\"callbacks.setButtonStyles\" src=\"https:\/\/www.entreculturas.org\/wp-content\/uploads\/2023\/12\/IMG-20231218-WA0019-1024x683.jpg\" alt=\"mujer con micr\u00f3fono\" class=\"wp-image-10491\" style=\"width:808px;height:auto\" srcset=\"https:\/\/www.entreculturas.org\/wp-content\/uploads\/2023\/12\/IMG-20231218-WA0019-1024x683.jpg 1024w, https:\/\/www.entreculturas.org\/wp-content\/uploads\/2023\/12\/IMG-20231218-WA0019-300x200.jpg 300w, https:\/\/www.entreculturas.org\/wp-content\/uploads\/2023\/12\/IMG-20231218-WA0019-768x512.jpg 768w, https:\/\/www.entreculturas.org\/wp-content\/uploads\/2023\/12\/IMG-20231218-WA0019-1536x1024.jpg 1536w, https:\/\/www.entreculturas.org\/wp-content\/uploads\/2023\/12\/IMG-20231218-WA0019-2048x1366.jpg 2048w\" sizes=\"(max-width: 1024px) 100vw, 1024px\" \/><button\n\t\t\tclass=\"lightbox-trigger\"\n\t\t\ttype=\"button\"\n\t\t\taria-haspopup=\"dialog\"\n\t\t\taria-label=\"Agrandir\"\n\t\t\tdata-wp-init=\"callbacks.initTriggerButton\"\n\t\t\tdata-wp-on--click=\"actions.showLightbox\"\n\t\t\tdata-wp-style--right=\"state.imageButtonRight\"\n\t\t\tdata-wp-style--top=\"state.imageButtonTop\"\n\t\t>\n\t\t\t<svg xmlns=\"http:\/\/www.w3.org\/2000\/svg\" width=\"12\" height=\"12\" fill=\"none\" viewBox=\"0 0 12 12\">\n\t\t\t\t<path fill=\"#fff\" d=\"M2 0a2 2 0 0 0-2 2v2h1.5V2a.5.5 0 0 1 .5-.5h2V0H2Zm2 10.5H2a.5.5 0 0 1-.5-.5V8H0v2a2 2 0 0 0 2 2h2v-1.5ZM8 12v-1.5h2a.5.5 0 0 0 .5-.5V8H12v2a2 2 0 0 1-2 2H8Zm2-12a2 2 0 0 1 2 2v2h-1.5V2a.5.5 0 0 0-.5-.5H8V0h2Z\" \/>\n\t\t\t<\/svg>\n\t\t<\/button><\/figure>\n<\/div>\n<\/div>\n<\/div>\n<\/div>\n\n\n\n<p>Por su parte,<strong> Nicole Ndongala, Directora General Asociaci\u00f3n Karibu<\/strong>, ha reflexionado sobre el t\u00edtulo del informe: \u201c\u00bfInvisibilizadas? Porque la sociedad nos quiere invisibilizar. Las mujeres migradas no somos invisibles, somos mujeres resilientes con experiencia y fortalezas que hemos pasado de ser v\u00edctimas a ser mujeres en acci\u00f3n\u201d. Adem\u00e1s, Nicole se\u00f1al\u00f3 c\u00f3mo en Espa\u00f1a \u201cexiste una discriminaci\u00f3n y un racismo que viene desde arriba que es sintem\u00e1tico e institucional\u201d, afirmando tambi\u00e9n que \u201cno hay un dise\u00f1o de integraci\u00f3n digno y que se debe redise\u00f1ar el trabajo con las mujeres migrantes para dejar de infantilizarnos, porque lo \u00fanico que queremos es participar en la sociedad\u201d.&nbsp;<\/p>\n\n\n\n<p><strong>Angie Torres, activista por los derechos humanos en el Servicio Jesuita a Refugiados Latinoam\u00e9rica y refugiada colombiana en Ecuador, <\/strong>quiso dar \u00e9nfasis a la necesidad de que existan pol\u00edticas migratorias con perspectiva de g\u00e9nero: \u201cEstas pol\u00edticas contribuir\u00edan a reducir los riesgos que vivimos en cada etapa migratoria y a ampliar las formas de protecci\u00f3n al tener presente nuestra condici\u00f3n de mujeres, lo que generar\u00eda condiciones de recepci\u00f3n y acogida m\u00e1s pertinentes con programas de integraci\u00f3n, redes de apoyo y ayuda humanitaria adaptados a nuestras circunstancias\u201d. A su vez, Angie cont\u00f3 c\u00f3mo \u201csu vocaci\u00f3n de servicio\u201d y su experiencia como mujer refugiada hacen que quiera \u201capoyar la construcci\u00f3n de cambios sociales que consigan modelos de integraci\u00f3n y de convivencia m\u00e1s justos y equitativos para todas las personas\u201d.<\/p>\n\n\n\n<figure class=\"wp-block-image aligncenter size-large is-resized\"><img decoding=\"async\" width=\"1024\" height=\"683\" src=\"https:\/\/www.entreculturas.org\/wp-content\/uploads\/2023\/12\/IMG-20231218-WA0023-1024x683.jpg\" alt=\"\" class=\"wp-image-10493\" style=\"width:792px;height:auto\" srcset=\"https:\/\/www.entreculturas.org\/wp-content\/uploads\/2023\/12\/IMG-20231218-WA0023-1024x683.jpg 1024w, https:\/\/www.entreculturas.org\/wp-content\/uploads\/2023\/12\/IMG-20231218-WA0023-300x200.jpg 300w, https:\/\/www.entreculturas.org\/wp-content\/uploads\/2023\/12\/IMG-20231218-WA0023-768x512.jpg 768w, https:\/\/www.entreculturas.org\/wp-content\/uploads\/2023\/12\/IMG-20231218-WA0023-1536x1024.jpg 1536w, https:\/\/www.entreculturas.org\/wp-content\/uploads\/2023\/12\/IMG-20231218-WA0023-2048x1366.jpg 2048w\" sizes=\"(max-width: 1024px) 100vw, 1024px\" \/><\/figure>\n\n\n\n<p><\/p>\n\n\n\n<p><strong>Jara Henar, experta en migraciones de Alianza por la Solidaridad <\/strong>e integrante del grupo de seguimiento del Pacto Europeo de Migraci\u00f3n y Asilo, explic\u00f3 c\u00f3mo \u201clas pol\u00edticas migratorias europeas invisibilizan a las mujeres migrantes, las tratan como v\u00edctimas, las criminalizan o las infantilizan al incluirlas junto a la infancia. Adem\u00e1s trata a la mujer migrante como una mujer \u00fanica y no c\u00f3mo las millones de mujeres migrantes que hay con sus diferencias y similitudes\u201d. Sobre el inminente nuevo Pacto Europeo de Migraci\u00f3n y Asilo, advierte de que \u201chay un retroceso general de derechos, incluyendo adem\u00e1s conceptos muy vagos como\u00a0\u00bbcrisis\u00a0\u00bb o \u00ab\u00a0fuerza mayor\u00a0\u00bb que van a permitir a cada Estado miembro no aplicar la legislaci\u00f3n existente.\u201d<\/p>\n\n\n\n<p>Por \u00faltimo, Clara Esteban ha tomado la palabra para terminar el conversatorio presentando las principales <strong>reivindicaciones y recomendaciones del informe \u2018Invisibilizadas<\/strong>\u2019 entre las que destaca la necesidad de acabar con los estereotipos que se\u00f1alan a la mujer migrante como una v\u00edctima. Un cambio para lo que es esencial que \u201cel Norte Global dejen de hacer pol\u00edticas parche y aborde las causas estructurales de la migraci\u00f3n, reconociendo as\u00ed la responsabilidad que tiene en las situaciones que empujan a las mujeres a dejar sus pa\u00edses de origen\u201d.\u00a0<\/p>\n\n\n\n<p><\/p>\n\n\n\n<p style=\"font-size:1.4rem\"><strong>Mira el convesatorio completo<\/strong><\/p>\n\n\n\n<p><\/p>\n\n\n\n<figure class=\"wp-block-embed is-type-video is-provider-youtube wp-block-embed-youtube wp-embed-aspect-4-3 wp-has-aspect-ratio\"><div class=\"wp-block-embed__wrapper\">\n<iframe loading=\"lazy\" title=\"CONVERSATORIO: Desaf\u00edos y respuestas para la protecci\u00f3n de los derechos de las mujeres que migran\" width=\"500\" height=\"281\" src=\"https:\/\/www.youtube.com\/embed\/Uz9hKWfSYqw?feature=oembed\" frameborder=\"0\" allow=\"accelerometer; autoplay; clipboard-write; encrypted-media; gyroscope; picture-in-picture; web-share\" referrerpolicy=\"strict-origin-when-cross-origin\" allowfullscreen><\/iframe>\n<\/div><\/figure>\n","protected":false},"excerpt":{"rendered":"<p>Con motivo del D\u00eda Internacional de las Personas Migrantes, que se conmemora hoy, 18 de diciembre, las ONG Entreculturas y Alboan hemos presentado la nueva versi\u00f3n digital interactiva de su \u00faltimo informe, \u201cInvisibilizadas. Mujeres migrantes en el cruce de fronteras\u201d, lanzado en el marco de nuestra campa\u00f1a conjunta, \u2018Mujeres en marcha\u2019.<\/p>\n","protected":false},"featured_media":10490,"template":"","meta":{"_acf_changed":false},"categories":[7],"tags":[10],"country":[],"cause":[129],"class_list":["post-10487","noticia","type-noticia","status-publish","has-post-thumbnail","hentry","category-noticia","tag-migracion-y-refugio","cause-migracion-y-refugio"],"acf":[],"yoast_head":"<!-- This site is optimized with the Yoast SEO Premium plugin v21.6 (Yoast SEO v27.5) - https:\/\/yoast.com\/product\/yoast-seo-premium-wordpress\/ -->\n<title>ENTRECULTURAS Y ALBOAN ALERTAN SOBRE LAS DURAS VIOLENCIAS QUE SUFREN LAS MUJERES MIGRANTES - Entreculturas<\/title>\n<meta name=\"robots\" content=\"index, follow, max-snippet:-1, max-image-preview:large, max-video-preview:-1\" \/>\n<link rel=\"canonical\" href=\"https:\/\/www.entreculturas.org\/fr\/noticia\/entreculturas-y-alboan-alertan-sobre-las-duras-violencias-que-sufren-las-mujeres-migrantes\/\" \/>\n<meta property=\"og:locale\" content=\"fr_FR\" \/>\n<meta property=\"og:type\" content=\"article\" \/>\n<meta property=\"og:title\" content=\"ENTRECULTURAS Y ALBOAN ALERTAN SOBRE LAS DURAS VIOLENCIAS QUE SUFREN LAS MUJERES MIGRANTES\" \/>\n<meta property=\"og:description\" content=\"Con motivo del D\u00eda Internacional de las Personas Migrantes, que se conmemora hoy, 18 de diciembre, las ONG Entreculturas y Alboan hemos presentado la nueva versi\u00f3n digital interactiva de su \u00faltimo informe, \u201cInvisibilizadas. Mujeres migrantes en el cruce de fronteras\u201d, lanzado en el marco de nuestra campa\u00f1a conjunta, \u2018Mujeres en marcha\u2019.\" \/>\n<meta property=\"og:url\" content=\"https:\/\/www.entreculturas.org\/fr\/noticia\/entreculturas-y-alboan-alertan-sobre-las-duras-violencias-que-sufren-las-mujeres-migrantes\/\" \/>\n<meta property=\"og:site_name\" content=\"Entreculturas\" \/>\n<meta property=\"article:publisher\" content=\"https:\/\/www.facebook.com\/entreculturas\" \/>\n<meta property=\"article:modified_time\" content=\"2023-12-19T14:41:35+00:00\" \/>\n<meta property=\"og:image\" content=\"https:\/\/www.entreculturas.org\/wp-content\/uploads\/2023\/12\/IMG-20231218-WA0007-scaled.jpg\" \/>\n\t<meta property=\"og:image:width\" content=\"2560\" \/>\n\t<meta property=\"og:image:height\" content=\"1707\" \/>\n\t<meta property=\"og:image:type\" content=\"image\/jpeg\" \/>\n<meta name=\"twitter:card\" content=\"summary_large_image\" \/>\n<meta name=\"twitter:site\" content=\"@Entreculturas\" \/>\n<script type=\"application\/ld+json\" class=\"yoast-schema-graph\">{\"@context\":\"https:\\\/\\\/schema.org\",\"@graph\":[{\"@type\":\"WebPage\",\"@id\":\"https:\\\/\\\/www.entreculturas.org\\\/fr\\\/noticia\\\/entreculturas-y-alboan-alertan-sobre-las-duras-violencias-que-sufren-las-mujeres-migrantes\\\/\",\"url\":\"https:\\\/\\\/www.entreculturas.org\\\/fr\\\/noticia\\\/entreculturas-y-alboan-alertan-sobre-las-duras-violencias-que-sufren-las-mujeres-migrantes\\\/\",\"name\":\"ENTRECULTURAS Y ALBOAN ALERTAN SOBRE LAS DURAS VIOLENCIAS QUE SUFREN LAS MUJERES MIGRANTES - Entreculturas\",\"isPartOf\":{\"@id\":\"https:\\\/\\\/www.entreculturas.org\\\/fr\\\/#website\"},\"primaryImageOfPage\":{\"@id\":\"https:\\\/\\\/www.entreculturas.org\\\/fr\\\/noticia\\\/entreculturas-y-alboan-alertan-sobre-las-duras-violencias-que-sufren-las-mujeres-migrantes\\\/#primaryimage\"},\"image\":{\"@id\":\"https:\\\/\\\/www.entreculturas.org\\\/fr\\\/noticia\\\/entreculturas-y-alboan-alertan-sobre-las-duras-violencias-que-sufren-las-mujeres-migrantes\\\/#primaryimage\"},\"thumbnailUrl\":\"https:\\\/\\\/www.entreculturas.org\\\/wp-content\\\/uploads\\\/2023\\\/12\\\/IMG-20231218-WA0007-scaled.jpg\",\"datePublished\":\"2023-12-18T11:33:39+00:00\",\"dateModified\":\"2023-12-19T14:41:35+00:00\",\"breadcrumb\":{\"@id\":\"https:\\\/\\\/www.entreculturas.org\\\/fr\\\/noticia\\\/entreculturas-y-alboan-alertan-sobre-las-duras-violencias-que-sufren-las-mujeres-migrantes\\\/#breadcrumb\"},\"inLanguage\":\"fr-FR\",\"potentialAction\":[{\"@type\":\"ReadAction\",\"target\":[\"https:\\\/\\\/www.entreculturas.org\\\/fr\\\/noticia\\\/entreculturas-y-alboan-alertan-sobre-las-duras-violencias-que-sufren-las-mujeres-migrantes\\\/\"]}]},{\"@type\":\"ImageObject\",\"inLanguage\":\"fr-FR\",\"@id\":\"https:\\\/\\\/www.entreculturas.org\\\/fr\\\/noticia\\\/entreculturas-y-alboan-alertan-sobre-las-duras-violencias-que-sufren-las-mujeres-migrantes\\\/#primaryimage\",\"url\":\"https:\\\/\\\/www.entreculturas.org\\\/wp-content\\\/uploads\\\/2023\\\/12\\\/IMG-20231218-WA0007-scaled.jpg\",\"contentUrl\":\"https:\\\/\\\/www.entreculturas.org\\\/wp-content\\\/uploads\\\/2023\\\/12\\\/IMG-20231218-WA0007-scaled.jpg\",\"width\":2560,\"height\":1707},{\"@type\":\"BreadcrumbList\",\"@id\":\"https:\\\/\\\/www.entreculturas.org\\\/fr\\\/noticia\\\/entreculturas-y-alboan-alertan-sobre-las-duras-violencias-que-sufren-las-mujeres-migrantes\\\/#breadcrumb\",\"itemListElement\":[{\"@type\":\"ListItem\",\"position\":1,\"name\":\"Home\",\"item\":\"https:\\\/\\\/www.entreculturas.org\\\/fr\\\/\"},{\"@type\":\"ListItem\",\"position\":2,\"name\":\"Noticias\",\"item\":\"https:\\\/\\\/www.entreculturas.org\\\/fr\\\/noticias\\\/\"},{\"@type\":\"ListItem\",\"position\":3,\"name\":\"ENTRECULTURAS Y ALBOAN ALERTAN SOBRE LAS DURAS VIOLENCIAS QUE SUFREN LAS MUJERES MIGRANTES\"}]},{\"@type\":\"WebSite\",\"@id\":\"https:\\\/\\\/www.entreculturas.org\\\/fr\\\/#website\",\"url\":\"https:\\\/\\\/www.entreculturas.org\\\/fr\\\/\",\"name\":\"Entreculturas\",\"description\":\"\",\"publisher\":{\"@id\":\"https:\\\/\\\/www.entreculturas.org\\\/fr\\\/#organization\"},\"alternateName\":\"Entreculturas\",\"potentialAction\":[{\"@type\":\"SearchAction\",\"target\":{\"@type\":\"EntryPoint\",\"urlTemplate\":\"https:\\\/\\\/www.entreculturas.org\\\/fr\\\/?s={search_term_string}\"},\"query-input\":{\"@type\":\"PropertyValueSpecification\",\"valueRequired\":true,\"valueName\":\"search_term_string\"}}],\"inLanguage\":\"fr-FR\"},{\"@type\":\"Organization\",\"@id\":\"https:\\\/\\\/www.entreculturas.org\\\/fr\\\/#organization\",\"name\":\"Entreculturas\",\"url\":\"https:\\\/\\\/www.entreculturas.org\\\/fr\\\/\",\"logo\":{\"@type\":\"ImageObject\",\"inLanguage\":\"fr-FR\",\"@id\":\"https:\\\/\\\/www.entreculturas.org\\\/fr\\\/#\\\/schema\\\/logo\\\/image\\\/\",\"url\":\"https:\\\/\\\/www.entreculturas.org\\\/wp-content\\\/uploads\\\/2025\\\/10\\\/ESP.svg\",\"contentUrl\":\"https:\\\/\\\/www.entreculturas.org\\\/wp-content\\\/uploads\\\/2025\\\/10\\\/ESP.svg\",\"caption\":\"Entreculturas\"},\"image\":{\"@id\":\"https:\\\/\\\/www.entreculturas.org\\\/fr\\\/#\\\/schema\\\/logo\\\/image\\\/\"},\"sameAs\":[\"https:\\\/\\\/www.facebook.com\\\/entreculturas\",\"https:\\\/\\\/x.com\\\/Entreculturas\",\"https:\\\/\\\/www.instagram.com\\\/entreculturas\\\/\",\"https:\\\/\\\/www.youtube.com\\\/user\\\/entreculturasvideo\",\"https:\\\/\\\/www.linkedin.com\\\/company\\\/fundacion-entreculturas-ngdo\\\/\",\"https:\\\/\\\/www.flickr.com\\\/photos\\\/98455522@N04\\\/albums\\\/\"]}]}<\/script>\n<!-- \/ Yoast SEO Premium plugin. -->","yoast_head_json":{"title":"ENTRECULTURAS Y ALBOAN ALERTAN SOBRE LAS DURAS VIOLENCIAS QUE SUFREN LAS MUJERES MIGRANTES - Entreculturas","robots":{"index":"index","follow":"follow","max-snippet":"max-snippet:-1","max-image-preview":"max-image-preview:large","max-video-preview":"max-video-preview:-1"},"canonical":"https:\/\/www.entreculturas.org\/fr\/noticia\/entreculturas-y-alboan-alertan-sobre-las-duras-violencias-que-sufren-las-mujeres-migrantes\/","og_locale":"fr_FR","og_type":"article","og_title":"ENTRECULTURAS Y ALBOAN ALERTAN SOBRE LAS DURAS VIOLENCIAS QUE SUFREN LAS MUJERES MIGRANTES","og_description":"Con motivo del D\u00eda Internacional de las Personas Migrantes, que se conmemora hoy, 18 de diciembre, las ONG Entreculturas y Alboan hemos presentado la nueva versi\u00f3n digital interactiva de su \u00faltimo informe, \u201cInvisibilizadas. Mujeres migrantes en el cruce de fronteras\u201d, lanzado en el marco de nuestra campa\u00f1a conjunta, \u2018Mujeres en marcha\u2019.","og_url":"https:\/\/www.entreculturas.org\/fr\/noticia\/entreculturas-y-alboan-alertan-sobre-las-duras-violencias-que-sufren-las-mujeres-migrantes\/","og_site_name":"Entreculturas","article_publisher":"https:\/\/www.facebook.com\/entreculturas","article_modified_time":"2023-12-19T14:41:35+00:00","og_image":[{"width":2560,"height":1707,"url":"https:\/\/www.entreculturas.org\/wp-content\/uploads\/2023\/12\/IMG-20231218-WA0007-scaled.jpg","type":"image\/jpeg"}],"twitter_card":"summary_large_image","twitter_site":"@Entreculturas","schema":{"@context":"https:\/\/schema.org","@graph":[{"@type":"WebPage","@id":"https:\/\/www.entreculturas.org\/fr\/noticia\/entreculturas-y-alboan-alertan-sobre-las-duras-violencias-que-sufren-las-mujeres-migrantes\/","url":"https:\/\/www.entreculturas.org\/fr\/noticia\/entreculturas-y-alboan-alertan-sobre-las-duras-violencias-que-sufren-las-mujeres-migrantes\/","name":"ENTRECULTURAS Y ALBOAN ALERTAN SOBRE LAS DURAS VIOLENCIAS QUE SUFREN LAS MUJERES MIGRANTES - Entreculturas","isPartOf":{"@id":"https:\/\/www.entreculturas.org\/fr\/#website"},"primaryImageOfPage":{"@id":"https:\/\/www.entreculturas.org\/fr\/noticia\/entreculturas-y-alboan-alertan-sobre-las-duras-violencias-que-sufren-las-mujeres-migrantes\/#primaryimage"},"image":{"@id":"https:\/\/www.entreculturas.org\/fr\/noticia\/entreculturas-y-alboan-alertan-sobre-las-duras-violencias-que-sufren-las-mujeres-migrantes\/#primaryimage"},"thumbnailUrl":"https:\/\/www.entreculturas.org\/wp-content\/uploads\/2023\/12\/IMG-20231218-WA0007-scaled.jpg","datePublished":"2023-12-18T11:33:39+00:00","dateModified":"2023-12-19T14:41:35+00:00","breadcrumb":{"@id":"https:\/\/www.entreculturas.org\/fr\/noticia\/entreculturas-y-alboan-alertan-sobre-las-duras-violencias-que-sufren-las-mujeres-migrantes\/#breadcrumb"},"inLanguage":"fr-FR","potentialAction":[{"@type":"ReadAction","target":["https:\/\/www.entreculturas.org\/fr\/noticia\/entreculturas-y-alboan-alertan-sobre-las-duras-violencias-que-sufren-las-mujeres-migrantes\/"]}]},{"@type":"ImageObject","inLanguage":"fr-FR","@id":"https:\/\/www.entreculturas.org\/fr\/noticia\/entreculturas-y-alboan-alertan-sobre-las-duras-violencias-que-sufren-las-mujeres-migrantes\/#primaryimage","url":"https:\/\/www.entreculturas.org\/wp-content\/uploads\/2023\/12\/IMG-20231218-WA0007-scaled.jpg","contentUrl":"https:\/\/www.entreculturas.org\/wp-content\/uploads\/2023\/12\/IMG-20231218-WA0007-scaled.jpg","width":2560,"height":1707},{"@type":"BreadcrumbList","@id":"https:\/\/www.entreculturas.org\/fr\/noticia\/entreculturas-y-alboan-alertan-sobre-las-duras-violencias-que-sufren-las-mujeres-migrantes\/#breadcrumb","itemListElement":[{"@type":"ListItem","position":1,"name":"Home","item":"https:\/\/www.entreculturas.org\/fr\/"},{"@type":"ListItem","position":2,"name":"Noticias","item":"https:\/\/www.entreculturas.org\/fr\/noticias\/"},{"@type":"ListItem","position":3,"name":"ENTRECULTURAS Y ALBOAN ALERTAN SOBRE LAS DURAS VIOLENCIAS QUE SUFREN LAS MUJERES MIGRANTES"}]},{"@type":"WebSite","@id":"https:\/\/www.entreculturas.org\/fr\/#website","url":"https:\/\/www.entreculturas.org\/fr\/","name":"Entreculturas","description":"","publisher":{"@id":"https:\/\/www.entreculturas.org\/fr\/#organization"},"alternateName":"Entreculturas","potentialAction":[{"@type":"SearchAction","target":{"@type":"EntryPoint","urlTemplate":"https:\/\/www.entreculturas.org\/fr\/?s={search_term_string}"},"query-input":{"@type":"PropertyValueSpecification","valueRequired":true,"valueName":"search_term_string"}}],"inLanguage":"fr-FR"},{"@type":"Organization","@id":"https:\/\/www.entreculturas.org\/fr\/#organization","name":"Entreculturas","url":"https:\/\/www.entreculturas.org\/fr\/","logo":{"@type":"ImageObject","inLanguage":"fr-FR","@id":"https:\/\/www.entreculturas.org\/fr\/#\/schema\/logo\/image\/","url":"https:\/\/www.entreculturas.org\/wp-content\/uploads\/2025\/10\/ESP.svg","contentUrl":"https:\/\/www.entreculturas.org\/wp-content\/uploads\/2025\/10\/ESP.svg","caption":"Entreculturas"},"image":{"@id":"https:\/\/www.entreculturas.org\/fr\/#\/schema\/logo\/image\/"},"sameAs":["https:\/\/www.facebook.com\/entreculturas","https:\/\/x.com\/Entreculturas","https:\/\/www.instagram.com\/entreculturas\/","https:\/\/www.youtube.com\/user\/entreculturasvideo","https:\/\/www.linkedin.com\/company\/fundacion-entreculturas-ngdo\/","https:\/\/www.flickr.com\/photos\/98455522@N04\/albums\/"]}]}},"_links":{"self":[{"href":"https:\/\/www.entreculturas.org\/fr\/wp-json\/wp\/v2\/noticia\/10487","targetHints":{"allow":["GET"]}}],"collection":[{"href":"https:\/\/www.entreculturas.org\/fr\/wp-json\/wp\/v2\/noticia"}],"about":[{"href":"https:\/\/www.entreculturas.org\/fr\/wp-json\/wp\/v2\/types\/noticia"}],"wp:featuredmedia":[{"embeddable":true,"href":"https:\/\/www.entreculturas.org\/fr\/wp-json\/wp\/v2\/media\/10490"}],"wp:attachment":[{"href":"https:\/\/www.entreculturas.org\/fr\/wp-json\/wp\/v2\/media?parent=10487"}],"wp:term":[{"taxonomy":"category","embeddable":true,"href":"https:\/\/www.entreculturas.org\/fr\/wp-json\/wp\/v2\/categories?post=10487"},{"taxonomy":"post_tag","embeddable":true,"href":"https:\/\/www.entreculturas.org\/fr\/wp-json\/wp\/v2\/tags?post=10487"},{"taxonomy":"country","embeddable":true,"href":"https:\/\/www.entreculturas.org\/fr\/wp-json\/wp\/v2\/country?post=10487"},{"taxonomy":"cause","embeddable":true,"href":"https:\/\/www.entreculturas.org\/fr\/wp-json\/wp\/v2\/cause?post=10487"}],"curies":[{"name":"wp","href":"https:\/\/api.w.org\/{rel}","templated":true}]}}