{"id":10400,"date":"2023-12-13T12:55:00","date_gmt":"2023-12-13T11:55:00","guid":{"rendered":"https:\/\/www.entreculturas.org\/?post_type=publicacion&#038;p=10400"},"modified":"2024-09-19T14:11:00","modified_gmt":"2024-09-19T12:11:00","slug":"teresa-martinez-campana-soy-acogida-voluntaria-pueblos-unidosteresa-martinez","status":"publish","type":"noticia","link":"https:\/\/www.entreculturas.org\/fr\/noticia\/teresa-martinez-campana-soy-acogida-voluntaria-pueblos-unidosteresa-martinez\/","title":{"rendered":"Teresa Mart\u00ednez\u00a0&#8211; Campa\u00f1a Soy Acogida &#8211; Voluntaria Pueblos Unidos"},"content":{"rendered":"\n<p>Como voluntaria de acompa\u00f1amiento de los Centros de Internamiento de Extranjeros (CIE) comenzamos en el a\u00f1o 2010, y desde ese tiempo, todas las semanas visito el CIE de Aluche. Como lo dice el lema de Pueblos Unidos, nuestra misi\u00f3n es acompa\u00f1ar, servir y defender. Y eso es lo que intentamos. A veces sentimos mucha frustraci\u00f3n, mucha impotencia por lo que estamos viendo que est\u00e1 sucediendo ah\u00ed dentro del CIE.<\/p>\n\n\n\n<p><\/p>\n\n\n\n<p>A veces, las personas internadas nos dan las gracias por estas visitas, pues por un lado las acompa\u00f1as, subimos a charlar y nos ponemos en contacto con la familia; nos cuentan lo que es estar encerradas y qu\u00e9 es lo que pasa all\u00ed, y si se puede ayudar de alguna forma est\u00e1 el equipo de jur\u00eddico de Pueblos Unidos y el Servicio Jesuita a Migrantes.<\/p>\n\n\n\n<p><\/p>\n\n\n\n<p>A la vez, tambi\u00e9n tenemos como una cierta esperanza, porque se ve que algo va mejorando, aunque muy lentamente, pero al menos es una forma de que el mundo vea lo que est\u00e1 pasando, como hacemos ya desde hace 13 a\u00f1os presentando los informes CIE, producto de las visitas que estamos haciendo: en ellos mostramos la realidad que se est\u00e1 viviendo.<\/p>\n\n\n\n<p><\/p>\n\n\n\n<p>Hay veces que siento rabia, que saldr\u00eda gritando y diciendo \u201cesto es injusto, esto no se puede consentir\u201d. Pero, como dec\u00eda antes, hay como unas semillitas de esperanza. Eso es lo que nos motiva a veces entre nosotros. Los voluntarios y voluntarias hemos dicho que esto merece la pena, pero yo cada vez me voy convenciendo m\u00e1s de que s\u00ed: que merece la pena. Merece la pena porque acompa\u00f1as a estas personas que tienen mucha soledad, que est\u00e1n ah\u00ed sufriendo y las acompa\u00f1as.\u00a0<\/p>\n\n\n\n<p><\/p>\n\n\n\n<p class=\"has-large-font-size\"><strong>Soy Acogida<\/strong><\/p>\n\n\n\n<p><\/p>\n\n\n\n<p>Desde\u00a0<strong>Pueblos Unidos<\/strong>\u00a0y\u00a0<strong>Entreculturas, ONGs jesuitas de acci\u00f3n social en Madrid,<\/strong>\u00a0queremos promover una cultura de acogida, hospitalidad, justicia social, inclusi\u00f3n y solidaridad en los barrios de Madrid, a trav\u00e9s de la campa\u00f1a\u00a0<strong><a href=\"https:\/\/www.soyacogida.org\/\">SOY ACOGIDA<\/a>.<\/strong><\/p>\n","protected":false},"excerpt":{"rendered":"<p>Como voluntaria de acompa\u00f1amiento de los Centros de Internamiento de Extranjeros (CIE) comenzamos en el a\u00f1o 2010, y desde ese tiempo, todas las semanas visito el CIE de Aluche. Como lo dice el lema de Pueblos Unidos, nuestra misi\u00f3n es acompa\u00f1ar, servir y defender. Y eso es lo que intentamos. A veces sentimos mucha frustraci\u00f3n, mucha impotencia por lo que estamos viendo que est\u00e1 sucediendo ah\u00ed dentro del CIE. A veces, las personas internadas nos dan las gracias por estas visitas, pues por un lado las acompa\u00f1as, subimos a charlar y nos ponemos en contacto con la familia; nos cuentan lo que es estar encerradas y qu\u00e9 es lo que pasa all\u00ed, y si se puede ayudar de alguna forma est\u00e1 el equipo de jur\u00eddico de Pueblos Unidos y el Servicio Jesuita a Migrantes. A la vez, tambi\u00e9n tenemos como una cierta esperanza, porque se ve que algo va mejorando, [&hellip;]<\/p>\n","protected":false},"featured_media":11581,"template":"single-noticia","meta":{"_acf_changed":false},"categories":[7],"tags":[191],"country":[],"cause":[132],"class_list":["post-10400","noticia","type-noticia","status-publish","has-post-thumbnail","hentry","category-noticia","tag-voluntariado","cause-participacion-y-ciudadania-global"],"acf":[],"yoast_head":"<!-- This site is optimized with the Yoast SEO Premium plugin v21.6 (Yoast SEO v27.5) - https:\/\/yoast.com\/product\/yoast-seo-premium-wordpress\/ -->\n<title>Teresa Mart\u00ednez\u00a0- Campa\u00f1a Soy Acogida - Voluntaria Pueblos Unidos - Entreculturas<\/title>\n<meta name=\"robots\" content=\"index, follow, max-snippet:-1, max-image-preview:large, max-video-preview:-1\" \/>\n<link rel=\"canonical\" href=\"https:\/\/www.entreculturas.org\/fr\/noticia\/teresa-martinez-campana-soy-acogida-voluntaria-pueblos-unidosteresa-martinez\/\" \/>\n<meta property=\"og:locale\" content=\"fr_FR\" \/>\n<meta property=\"og:type\" content=\"article\" \/>\n<meta property=\"og:title\" content=\"Teresa Mart\u00ednez\u00a0- Campa\u00f1a Soy Acogida - Voluntaria Pueblos Unidos\" \/>\n<meta property=\"og:description\" content=\"Como voluntaria de acompa\u00f1amiento de los Centros de Internamiento de Extranjeros (CIE) comenzamos en el a\u00f1o 2010, y desde ese tiempo, todas las semanas visito el CIE de Aluche. Como lo dice el lema de Pueblos Unidos, nuestra misi\u00f3n es acompa\u00f1ar, servir y defender. Y eso es lo que intentamos. A veces sentimos mucha frustraci\u00f3n, mucha impotencia por lo que estamos viendo que est\u00e1 sucediendo ah\u00ed dentro del CIE. A veces, las personas internadas nos dan las gracias por estas visitas, pues por un lado las acompa\u00f1as, subimos a charlar y nos ponemos en contacto con la familia; nos cuentan lo que es estar encerradas y qu\u00e9 es lo que pasa all\u00ed, y si se puede ayudar de alguna forma est\u00e1 el equipo de jur\u00eddico de Pueblos Unidos y el Servicio Jesuita a Migrantes. A la vez, tambi\u00e9n tenemos como una cierta esperanza, porque se ve que algo va mejorando, [&hellip;]\" \/>\n<meta property=\"og:url\" content=\"https:\/\/www.entreculturas.org\/fr\/noticia\/teresa-martinez-campana-soy-acogida-voluntaria-pueblos-unidosteresa-martinez\/\" \/>\n<meta property=\"og:site_name\" content=\"Entreculturas\" \/>\n<meta property=\"article:publisher\" content=\"https:\/\/www.facebook.com\/entreculturas\" \/>\n<meta property=\"article:modified_time\" content=\"2024-09-19T12:11:00+00:00\" \/>\n<meta property=\"og:image\" content=\"https:\/\/www.entreculturas.org\/wp-content\/uploads\/2023\/12\/teresa_somos-e1726747841326.jpg\" \/>\n\t<meta property=\"og:image:width\" content=\"1008\" \/>\n\t<meta property=\"og:image:height\" content=\"616\" \/>\n\t<meta property=\"og:image:type\" content=\"image\/jpeg\" \/>\n<meta name=\"twitter:card\" content=\"summary_large_image\" \/>\n<meta name=\"twitter:site\" content=\"@Entreculturas\" \/>\n<script type=\"application\/ld+json\" class=\"yoast-schema-graph\">{\"@context\":\"https:\\\/\\\/schema.org\",\"@graph\":[{\"@type\":\"WebPage\",\"@id\":\"https:\\\/\\\/www.entreculturas.org\\\/fr\\\/noticia\\\/teresa-martinez-campana-soy-acogida-voluntaria-pueblos-unidosteresa-martinez\\\/\",\"url\":\"https:\\\/\\\/www.entreculturas.org\\\/fr\\\/noticia\\\/teresa-martinez-campana-soy-acogida-voluntaria-pueblos-unidosteresa-martinez\\\/\",\"name\":\"Teresa Mart\u00ednez\u00a0- Campa\u00f1a Soy Acogida - Voluntaria Pueblos Unidos - Entreculturas\",\"isPartOf\":{\"@id\":\"https:\\\/\\\/www.entreculturas.org\\\/fr\\\/#website\"},\"primaryImageOfPage\":{\"@id\":\"https:\\\/\\\/www.entreculturas.org\\\/fr\\\/noticia\\\/teresa-martinez-campana-soy-acogida-voluntaria-pueblos-unidosteresa-martinez\\\/#primaryimage\"},\"image\":{\"@id\":\"https:\\\/\\\/www.entreculturas.org\\\/fr\\\/noticia\\\/teresa-martinez-campana-soy-acogida-voluntaria-pueblos-unidosteresa-martinez\\\/#primaryimage\"},\"thumbnailUrl\":\"https:\\\/\\\/www.entreculturas.org\\\/wp-content\\\/uploads\\\/2023\\\/12\\\/teresa_somos-e1726747841326.jpg\",\"datePublished\":\"2023-12-13T11:55:00+00:00\",\"dateModified\":\"2024-09-19T12:11:00+00:00\",\"breadcrumb\":{\"@id\":\"https:\\\/\\\/www.entreculturas.org\\\/fr\\\/noticia\\\/teresa-martinez-campana-soy-acogida-voluntaria-pueblos-unidosteresa-martinez\\\/#breadcrumb\"},\"inLanguage\":\"fr-FR\",\"potentialAction\":[{\"@type\":\"ReadAction\",\"target\":[\"https:\\\/\\\/www.entreculturas.org\\\/fr\\\/noticia\\\/teresa-martinez-campana-soy-acogida-voluntaria-pueblos-unidosteresa-martinez\\\/\"]}]},{\"@type\":\"ImageObject\",\"inLanguage\":\"fr-FR\",\"@id\":\"https:\\\/\\\/www.entreculturas.org\\\/fr\\\/noticia\\\/teresa-martinez-campana-soy-acogida-voluntaria-pueblos-unidosteresa-martinez\\\/#primaryimage\",\"url\":\"https:\\\/\\\/www.entreculturas.org\\\/wp-content\\\/uploads\\\/2023\\\/12\\\/teresa_somos-e1726747841326.jpg\",\"contentUrl\":\"https:\\\/\\\/www.entreculturas.org\\\/wp-content\\\/uploads\\\/2023\\\/12\\\/teresa_somos-e1726747841326.jpg\",\"width\":1008,\"height\":616,\"caption\":\"mujer de tercera edad\"},{\"@type\":\"BreadcrumbList\",\"@id\":\"https:\\\/\\\/www.entreculturas.org\\\/fr\\\/noticia\\\/teresa-martinez-campana-soy-acogida-voluntaria-pueblos-unidosteresa-martinez\\\/#breadcrumb\",\"itemListElement\":[{\"@type\":\"ListItem\",\"position\":1,\"name\":\"Home\",\"item\":\"https:\\\/\\\/www.entreculturas.org\\\/fr\\\/\"},{\"@type\":\"ListItem\",\"position\":2,\"name\":\"Noticias\",\"item\":\"https:\\\/\\\/www.entreculturas.org\\\/fr\\\/noticias\\\/\"},{\"@type\":\"ListItem\",\"position\":3,\"name\":\"Teresa Mart\u00ednez\u00a0&#8211; Campa\u00f1a Soy Acogida &#8211; Voluntaria Pueblos Unidos\"}]},{\"@type\":\"WebSite\",\"@id\":\"https:\\\/\\\/www.entreculturas.org\\\/fr\\\/#website\",\"url\":\"https:\\\/\\\/www.entreculturas.org\\\/fr\\\/\",\"name\":\"Entreculturas\",\"description\":\"\",\"publisher\":{\"@id\":\"https:\\\/\\\/www.entreculturas.org\\\/fr\\\/#organization\"},\"alternateName\":\"Entreculturas\",\"potentialAction\":[{\"@type\":\"SearchAction\",\"target\":{\"@type\":\"EntryPoint\",\"urlTemplate\":\"https:\\\/\\\/www.entreculturas.org\\\/fr\\\/?s={search_term_string}\"},\"query-input\":{\"@type\":\"PropertyValueSpecification\",\"valueRequired\":true,\"valueName\":\"search_term_string\"}}],\"inLanguage\":\"fr-FR\"},{\"@type\":\"Organization\",\"@id\":\"https:\\\/\\\/www.entreculturas.org\\\/fr\\\/#organization\",\"name\":\"Entreculturas\",\"url\":\"https:\\\/\\\/www.entreculturas.org\\\/fr\\\/\",\"logo\":{\"@type\":\"ImageObject\",\"inLanguage\":\"fr-FR\",\"@id\":\"https:\\\/\\\/www.entreculturas.org\\\/fr\\\/#\\\/schema\\\/logo\\\/image\\\/\",\"url\":\"https:\\\/\\\/www.entreculturas.org\\\/wp-content\\\/uploads\\\/2025\\\/10\\\/ESP.svg\",\"contentUrl\":\"https:\\\/\\\/www.entreculturas.org\\\/wp-content\\\/uploads\\\/2025\\\/10\\\/ESP.svg\",\"caption\":\"Entreculturas\"},\"image\":{\"@id\":\"https:\\\/\\\/www.entreculturas.org\\\/fr\\\/#\\\/schema\\\/logo\\\/image\\\/\"},\"sameAs\":[\"https:\\\/\\\/www.facebook.com\\\/entreculturas\",\"https:\\\/\\\/x.com\\\/Entreculturas\",\"https:\\\/\\\/www.instagram.com\\\/entreculturas\\\/\",\"https:\\\/\\\/www.youtube.com\\\/user\\\/entreculturasvideo\",\"https:\\\/\\\/www.linkedin.com\\\/company\\\/fundacion-entreculturas-ngdo\\\/\",\"https:\\\/\\\/www.flickr.com\\\/photos\\\/98455522@N04\\\/albums\\\/\"]}]}<\/script>\n<!-- \/ Yoast SEO Premium plugin. -->","yoast_head_json":{"title":"Teresa Mart\u00ednez\u00a0- Campa\u00f1a Soy Acogida - Voluntaria Pueblos Unidos - Entreculturas","robots":{"index":"index","follow":"follow","max-snippet":"max-snippet:-1","max-image-preview":"max-image-preview:large","max-video-preview":"max-video-preview:-1"},"canonical":"https:\/\/www.entreculturas.org\/fr\/noticia\/teresa-martinez-campana-soy-acogida-voluntaria-pueblos-unidosteresa-martinez\/","og_locale":"fr_FR","og_type":"article","og_title":"Teresa Mart\u00ednez\u00a0- Campa\u00f1a Soy Acogida - Voluntaria Pueblos Unidos","og_description":"Como voluntaria de acompa\u00f1amiento de los Centros de Internamiento de Extranjeros (CIE) comenzamos en el a\u00f1o 2010, y desde ese tiempo, todas las semanas visito el CIE de Aluche. Como lo dice el lema de Pueblos Unidos, nuestra misi\u00f3n es acompa\u00f1ar, servir y defender. Y eso es lo que intentamos. A veces sentimos mucha frustraci\u00f3n, mucha impotencia por lo que estamos viendo que est\u00e1 sucediendo ah\u00ed dentro del CIE. A veces, las personas internadas nos dan las gracias por estas visitas, pues por un lado las acompa\u00f1as, subimos a charlar y nos ponemos en contacto con la familia; nos cuentan lo que es estar encerradas y qu\u00e9 es lo que pasa all\u00ed, y si se puede ayudar de alguna forma est\u00e1 el equipo de jur\u00eddico de Pueblos Unidos y el Servicio Jesuita a Migrantes. A la vez, tambi\u00e9n tenemos como una cierta esperanza, porque se ve que algo va mejorando, [&hellip;]","og_url":"https:\/\/www.entreculturas.org\/fr\/noticia\/teresa-martinez-campana-soy-acogida-voluntaria-pueblos-unidosteresa-martinez\/","og_site_name":"Entreculturas","article_publisher":"https:\/\/www.facebook.com\/entreculturas","article_modified_time":"2024-09-19T12:11:00+00:00","og_image":[{"width":1008,"height":616,"url":"https:\/\/www.entreculturas.org\/wp-content\/uploads\/2023\/12\/teresa_somos-e1726747841326.jpg","type":"image\/jpeg"}],"twitter_card":"summary_large_image","twitter_site":"@Entreculturas","schema":{"@context":"https:\/\/schema.org","@graph":[{"@type":"WebPage","@id":"https:\/\/www.entreculturas.org\/fr\/noticia\/teresa-martinez-campana-soy-acogida-voluntaria-pueblos-unidosteresa-martinez\/","url":"https:\/\/www.entreculturas.org\/fr\/noticia\/teresa-martinez-campana-soy-acogida-voluntaria-pueblos-unidosteresa-martinez\/","name":"Teresa Mart\u00ednez\u00a0- Campa\u00f1a Soy Acogida - Voluntaria Pueblos Unidos - Entreculturas","isPartOf":{"@id":"https:\/\/www.entreculturas.org\/fr\/#website"},"primaryImageOfPage":{"@id":"https:\/\/www.entreculturas.org\/fr\/noticia\/teresa-martinez-campana-soy-acogida-voluntaria-pueblos-unidosteresa-martinez\/#primaryimage"},"image":{"@id":"https:\/\/www.entreculturas.org\/fr\/noticia\/teresa-martinez-campana-soy-acogida-voluntaria-pueblos-unidosteresa-martinez\/#primaryimage"},"thumbnailUrl":"https:\/\/www.entreculturas.org\/wp-content\/uploads\/2023\/12\/teresa_somos-e1726747841326.jpg","datePublished":"2023-12-13T11:55:00+00:00","dateModified":"2024-09-19T12:11:00+00:00","breadcrumb":{"@id":"https:\/\/www.entreculturas.org\/fr\/noticia\/teresa-martinez-campana-soy-acogida-voluntaria-pueblos-unidosteresa-martinez\/#breadcrumb"},"inLanguage":"fr-FR","potentialAction":[{"@type":"ReadAction","target":["https:\/\/www.entreculturas.org\/fr\/noticia\/teresa-martinez-campana-soy-acogida-voluntaria-pueblos-unidosteresa-martinez\/"]}]},{"@type":"ImageObject","inLanguage":"fr-FR","@id":"https:\/\/www.entreculturas.org\/fr\/noticia\/teresa-martinez-campana-soy-acogida-voluntaria-pueblos-unidosteresa-martinez\/#primaryimage","url":"https:\/\/www.entreculturas.org\/wp-content\/uploads\/2023\/12\/teresa_somos-e1726747841326.jpg","contentUrl":"https:\/\/www.entreculturas.org\/wp-content\/uploads\/2023\/12\/teresa_somos-e1726747841326.jpg","width":1008,"height":616,"caption":"mujer de tercera edad"},{"@type":"BreadcrumbList","@id":"https:\/\/www.entreculturas.org\/fr\/noticia\/teresa-martinez-campana-soy-acogida-voluntaria-pueblos-unidosteresa-martinez\/#breadcrumb","itemListElement":[{"@type":"ListItem","position":1,"name":"Home","item":"https:\/\/www.entreculturas.org\/fr\/"},{"@type":"ListItem","position":2,"name":"Noticias","item":"https:\/\/www.entreculturas.org\/fr\/noticias\/"},{"@type":"ListItem","position":3,"name":"Teresa Mart\u00ednez\u00a0&#8211; Campa\u00f1a Soy Acogida &#8211; Voluntaria Pueblos Unidos"}]},{"@type":"WebSite","@id":"https:\/\/www.entreculturas.org\/fr\/#website","url":"https:\/\/www.entreculturas.org\/fr\/","name":"Entreculturas","description":"","publisher":{"@id":"https:\/\/www.entreculturas.org\/fr\/#organization"},"alternateName":"Entreculturas","potentialAction":[{"@type":"SearchAction","target":{"@type":"EntryPoint","urlTemplate":"https:\/\/www.entreculturas.org\/fr\/?s={search_term_string}"},"query-input":{"@type":"PropertyValueSpecification","valueRequired":true,"valueName":"search_term_string"}}],"inLanguage":"fr-FR"},{"@type":"Organization","@id":"https:\/\/www.entreculturas.org\/fr\/#organization","name":"Entreculturas","url":"https:\/\/www.entreculturas.org\/fr\/","logo":{"@type":"ImageObject","inLanguage":"fr-FR","@id":"https:\/\/www.entreculturas.org\/fr\/#\/schema\/logo\/image\/","url":"https:\/\/www.entreculturas.org\/wp-content\/uploads\/2025\/10\/ESP.svg","contentUrl":"https:\/\/www.entreculturas.org\/wp-content\/uploads\/2025\/10\/ESP.svg","caption":"Entreculturas"},"image":{"@id":"https:\/\/www.entreculturas.org\/fr\/#\/schema\/logo\/image\/"},"sameAs":["https:\/\/www.facebook.com\/entreculturas","https:\/\/x.com\/Entreculturas","https:\/\/www.instagram.com\/entreculturas\/","https:\/\/www.youtube.com\/user\/entreculturasvideo","https:\/\/www.linkedin.com\/company\/fundacion-entreculturas-ngdo\/","https:\/\/www.flickr.com\/photos\/98455522@N04\/albums\/"]}]}},"_links":{"self":[{"href":"https:\/\/www.entreculturas.org\/fr\/wp-json\/wp\/v2\/noticia\/10400","targetHints":{"allow":["GET"]}}],"collection":[{"href":"https:\/\/www.entreculturas.org\/fr\/wp-json\/wp\/v2\/noticia"}],"about":[{"href":"https:\/\/www.entreculturas.org\/fr\/wp-json\/wp\/v2\/types\/noticia"}],"wp:featuredmedia":[{"embeddable":true,"href":"https:\/\/www.entreculturas.org\/fr\/wp-json\/wp\/v2\/media\/11581"}],"wp:attachment":[{"href":"https:\/\/www.entreculturas.org\/fr\/wp-json\/wp\/v2\/media?parent=10400"}],"wp:term":[{"taxonomy":"category","embeddable":true,"href":"https:\/\/www.entreculturas.org\/fr\/wp-json\/wp\/v2\/categories?post=10400"},{"taxonomy":"post_tag","embeddable":true,"href":"https:\/\/www.entreculturas.org\/fr\/wp-json\/wp\/v2\/tags?post=10400"},{"taxonomy":"country","embeddable":true,"href":"https:\/\/www.entreculturas.org\/fr\/wp-json\/wp\/v2\/country?post=10400"},{"taxonomy":"cause","embeddable":true,"href":"https:\/\/www.entreculturas.org\/fr\/wp-json\/wp\/v2\/cause?post=10400"}],"curies":[{"name":"wp","href":"https:\/\/api.w.org\/{rel}","templated":true}]}}