{"id":9698,"date":"2022-10-26T10:20:08","date_gmt":"2022-10-26T08:20:08","guid":{"rendered":"https:\/\/www.entreculturas.org\/publicacion\/teresa-martin-y-gonzalo-pineda-voluntarios-de-la\/"},"modified":"2024-09-17T13:24:03","modified_gmt":"2024-09-17T11:24:03","slug":"teresa-martin-y-gonzalo-pineda-voluntarios-de-la","status":"publish","type":"noticia","link":"https:\/\/www.entreculturas.org\/en\/noticia\/teresa-martin-y-gonzalo-pineda-voluntarios-de-la\/","title":{"rendered":"Teresa Mart\u00edn y Gonzalo Pineda &#8211; Voluntarios de la Delegaci\u00f3n de Salamanca"},"content":{"rendered":"<p><strong>Una lectura f\u00edlmica de los ODS: el guion de nuestro futuro<\/strong><\/p>\n<p><strong>Teresa y Gonzalo, \u00bfC\u00f3mo decid\u00eds haceros voluntarios de Entreculturas?<\/strong><br \/>Nuestra preocupaci\u00f3n por la falta de equidistancia social, en lo concerniente a derechos y oportunidades, nos condujo a convertirnos en voluntarios de Entreculturas. Desde la delegaci\u00f3n de Salamanca advertimos en la educaci\u00f3n el aut\u00e9ntico germen de cambio, identificando la escuela como los cimientos sobre los que construir nuevos tejidos sociales, de sencilla permeabilidad.&nbsp;<\/p>\n<p><strong>El SGD Film es un proyecto liderado por Entreculturas y financiado por la Uni\u00f3n Europea que trabaja los ODS a trav\u00e9s de recursos audiovisuales y en el que vosotros est\u00e1is participando. \u00bfc\u00f3mo se ha gestado este proyecto?&nbsp;<\/strong><br \/>Vivimos en un planeta que ve agotados sus recursos, bajo la tutela de una moral colectiva desgastada, por ello, nuestra generaci\u00f3n asume un cambio de paradigma que nos insta a reaccionar. Esta realidad engarza con las propuestas, de r\u00e9gimen pol\u00edtico, para el futuro global, alojadas en los Objetivos de Desarrollo Sostenible. Humanizar las propuestas legislativas atiende a una de nuestras principales inquietudes como actores c\u00edvicos. Entre los principales ejes de actuaci\u00f3n de la Agenda 2030, destacan las tareas de divulgaci\u00f3n de los mencionados ODS, a lo que se a\u00f1ade como requisito exponer las acciones y resultados parciales. Con la voluntad de abordar esta tarea, la UE ha reaccionado desde su programa de proyectos Erasmus +, aceptando una propuesta versada sobre alfabetizaci\u00f3n medi\u00e1tica en materia de promoci\u00f3n, y explicaci\u00f3n pedag\u00f3gica, de los ODS. Seis entidades iberoamericanas, de Colombia, Uruguay, Paraguay y Espa\u00f1a, han protagonizado este proyecto, donde el cortometraje se ha convertido en el formato seleccionado para condensar todas las pretensiones sociales de los socios. Nuestras propuestas cinematogr\u00e1ficas ver\u00e1n la luz en un festival celebrado en Salamanca, el pr\u00f3ximo mes de noviembre.<\/p>\n<p><strong>\u00bfQue aprendizajes destacar\u00edas dentro del proyecto?<\/strong><br \/>La formaci\u00f3n recibida, en materia de alfabetizaci\u00f3n medi\u00e1tica y audiovisual, nos provee de herramientas para abordar est\u00edmulos digitales que inauguran nuevas brechas en nuestro modelo social. El cine ofrece un lenguaje com\u00fan, encapsulado en una narrativa propia, que construye una alianza entre la imagen y las emociones. Su din\u00e1mica gesta un proceso democratizador, en el que el ciudadano debe rechazar toda actitud pasiva. Ofrecer nociones sobre lenguaje audiovisual apela a la protecci\u00f3n del individuo. De esta forma, nuestra capacidad cognitiva se ve reforzada, trabajando una lectura que estriba en la reflexi\u00f3n. Esta metodolog\u00eda nos ha permitido desplegar un sistema divulgativo responsable y coherente con los Objetivos de Desarrollo Sostenible.<\/p>\n<p><strong>Durante el mes de Septiembre, las organizaciones que forman parte del proyecto os hab\u00e9is reunido en Uruguay, para poder compartir y avanzar en las propuestas de los cortometrajes. \u00bfCon que os qued\u00e1is de este encuentro?<\/strong><br \/>La colaboraci\u00f3n entre los socios iberoamericanos ha inspirado sinergias, no contempladas en su dise\u00f1o, que responden al \u00e1mbito personal. La multiculturalidad ha logrado transgredir el mero contraste socioecon\u00f3mico, tejiendo relaciones entre iguales. Esto ha permitido a los participantes compartir su testimonio de vida en un espacio seguro, ilustrando as\u00ed el contexto al que pertenece cada entidad. El proyecto ha esquivado toda generalizaci\u00f3n, as\u00ed mismo, nos hemos esforzado por no incurrir en t\u00f3picos desde nuestra mirada occidental.<br \/>Todo ello nos ha mostrado capaces de hacer una lectura cinematogr\u00e1fica de la realidad, aprendiendo a \u201cleer\u201d un cine guionizado por la vida humana.<\/p>\n","protected":false},"excerpt":{"rendered":"<p>Una lectura f\u00edlmica de los ODS: el guion de nuestro futuro Teresa y Gonzalo, \u00bfC\u00f3mo decid\u00eds haceros voluntarios de Entreculturas?Nuestra preocupaci\u00f3n por la falta de equidistancia social, en lo concerniente a derechos y oportunidades, nos condujo a convertirnos en voluntarios de Entreculturas. Desde la delegaci\u00f3n de Salamanca advertimos en la educaci\u00f3n el aut\u00e9ntico germen de cambio, identificando la escuela como los cimientos sobre los que construir nuevos tejidos sociales, de sencilla permeabilidad.&nbsp; El SGD Film es un proyecto liderado por Entreculturas y financiado por la Uni\u00f3n Europea que trabaja los ODS a trav\u00e9s de recursos audiovisuales y en el que vosotros est\u00e1is participando. \u00bfc\u00f3mo se ha gestado este proyecto?&nbsp;Vivimos en un planeta que ve agotados sus recursos, bajo la tutela de una moral colectiva desgastada, por ello, nuestra generaci\u00f3n asume un cambio de paradigma que nos insta a reaccionar. Esta realidad engarza con las propuestas, de r\u00e9gimen pol\u00edtico, para el [&hellip;]<\/p>\n","protected":false},"featured_media":9699,"template":"single-noticia","meta":{"_acf_changed":false},"categories":[7],"tags":[191],"country":[],"cause":[],"class_list":["post-9698","noticia","type-noticia","status-publish","has-post-thumbnail","hentry","category-noticia","tag-voluntariado"],"acf":[],"yoast_head":"<!-- This site is optimized with the Yoast SEO Premium plugin v21.6 (Yoast SEO v27.5) - https:\/\/yoast.com\/product\/yoast-seo-premium-wordpress\/ -->\n<title>Teresa Mart\u00edn y Gonzalo Pineda - Voluntarios de la Delegaci\u00f3n de Salamanca - Entreculturas<\/title>\n<meta name=\"robots\" content=\"index, follow, max-snippet:-1, max-image-preview:large, max-video-preview:-1\" \/>\n<link rel=\"canonical\" href=\"https:\/\/www.entreculturas.org\/en\/noticia\/teresa-martin-y-gonzalo-pineda-voluntarios-de-la\/\" \/>\n<meta property=\"og:locale\" content=\"en_US\" \/>\n<meta property=\"og:type\" content=\"article\" \/>\n<meta property=\"og:title\" content=\"Teresa Mart\u00edn y Gonzalo Pineda - Voluntarios de la Delegaci\u00f3n de Salamanca\" \/>\n<meta property=\"og:description\" content=\"Una lectura f\u00edlmica de los ODS: el guion de nuestro futuro Teresa y Gonzalo, \u00bfC\u00f3mo decid\u00eds haceros voluntarios de Entreculturas?Nuestra preocupaci\u00f3n por la falta de equidistancia social, en lo concerniente a derechos y oportunidades, nos condujo a convertirnos en voluntarios de Entreculturas. Desde la delegaci\u00f3n de Salamanca advertimos en la educaci\u00f3n el aut\u00e9ntico germen de cambio, identificando la escuela como los cimientos sobre los que construir nuevos tejidos sociales, de sencilla permeabilidad.&nbsp; El SGD Film es un proyecto liderado por Entreculturas y financiado por la Uni\u00f3n Europea que trabaja los ODS a trav\u00e9s de recursos audiovisuales y en el que vosotros est\u00e1is participando. \u00bfc\u00f3mo se ha gestado este proyecto?&nbsp;Vivimos en un planeta que ve agotados sus recursos, bajo la tutela de una moral colectiva desgastada, por ello, nuestra generaci\u00f3n asume un cambio de paradigma que nos insta a reaccionar. Esta realidad engarza con las propuestas, de r\u00e9gimen pol\u00edtico, para el [&hellip;]\" \/>\n<meta property=\"og:url\" content=\"https:\/\/www.entreculturas.org\/en\/noticia\/teresa-martin-y-gonzalo-pineda-voluntarios-de-la\/\" \/>\n<meta property=\"og:site_name\" content=\"Entreculturas\" \/>\n<meta property=\"article:publisher\" content=\"https:\/\/www.facebook.com\/entreculturas\" \/>\n<meta property=\"article:modified_time\" content=\"2024-09-17T11:24:03+00:00\" \/>\n<meta property=\"og:image\" content=\"https:\/\/www.entreculturas.org\/wp-content\/uploads\/2023\/12\/teresa_martin_gonzalo_pineda.jpg\" \/>\n\t<meta property=\"og:image:width\" content=\"600\" \/>\n\t<meta property=\"og:image:height\" content=\"356\" \/>\n\t<meta property=\"og:image:type\" content=\"image\/jpeg\" \/>\n<meta name=\"twitter:card\" content=\"summary_large_image\" \/>\n<meta name=\"twitter:site\" content=\"@Entreculturas\" \/>\n<script type=\"application\/ld+json\" class=\"yoast-schema-graph\">{\"@context\":\"https:\\\/\\\/schema.org\",\"@graph\":[{\"@type\":\"WebPage\",\"@id\":\"https:\\\/\\\/www.entreculturas.org\\\/en\\\/noticia\\\/teresa-martin-y-gonzalo-pineda-voluntarios-de-la\\\/\",\"url\":\"https:\\\/\\\/www.entreculturas.org\\\/en\\\/noticia\\\/teresa-martin-y-gonzalo-pineda-voluntarios-de-la\\\/\",\"name\":\"Teresa Mart\u00edn y Gonzalo Pineda - Voluntarios de la Delegaci\u00f3n de Salamanca - Entreculturas\",\"isPartOf\":{\"@id\":\"https:\\\/\\\/www.entreculturas.org\\\/en\\\/#website\"},\"primaryImageOfPage\":{\"@id\":\"https:\\\/\\\/www.entreculturas.org\\\/en\\\/noticia\\\/teresa-martin-y-gonzalo-pineda-voluntarios-de-la\\\/#primaryimage\"},\"image\":{\"@id\":\"https:\\\/\\\/www.entreculturas.org\\\/en\\\/noticia\\\/teresa-martin-y-gonzalo-pineda-voluntarios-de-la\\\/#primaryimage\"},\"thumbnailUrl\":\"https:\\\/\\\/www.entreculturas.org\\\/wp-content\\\/uploads\\\/2023\\\/12\\\/teresa_martin_gonzalo_pineda.jpg\",\"datePublished\":\"2022-10-26T08:20:08+00:00\",\"dateModified\":\"2024-09-17T11:24:03+00:00\",\"breadcrumb\":{\"@id\":\"https:\\\/\\\/www.entreculturas.org\\\/en\\\/noticia\\\/teresa-martin-y-gonzalo-pineda-voluntarios-de-la\\\/#breadcrumb\"},\"inLanguage\":\"en-US\",\"potentialAction\":[{\"@type\":\"ReadAction\",\"target\":[\"https:\\\/\\\/www.entreculturas.org\\\/en\\\/noticia\\\/teresa-martin-y-gonzalo-pineda-voluntarios-de-la\\\/\"]}]},{\"@type\":\"ImageObject\",\"inLanguage\":\"en-US\",\"@id\":\"https:\\\/\\\/www.entreculturas.org\\\/en\\\/noticia\\\/teresa-martin-y-gonzalo-pineda-voluntarios-de-la\\\/#primaryimage\",\"url\":\"https:\\\/\\\/www.entreculturas.org\\\/wp-content\\\/uploads\\\/2023\\\/12\\\/teresa_martin_gonzalo_pineda.jpg\",\"contentUrl\":\"https:\\\/\\\/www.entreculturas.org\\\/wp-content\\\/uploads\\\/2023\\\/12\\\/teresa_martin_gonzalo_pineda.jpg\",\"width\":600,\"height\":356},{\"@type\":\"BreadcrumbList\",\"@id\":\"https:\\\/\\\/www.entreculturas.org\\\/en\\\/noticia\\\/teresa-martin-y-gonzalo-pineda-voluntarios-de-la\\\/#breadcrumb\",\"itemListElement\":[{\"@type\":\"ListItem\",\"position\":1,\"name\":\"Home\",\"item\":\"https:\\\/\\\/www.entreculturas.org\\\/en\\\/\"},{\"@type\":\"ListItem\",\"position\":2,\"name\":\"Noticias\",\"item\":\"https:\\\/\\\/www.entreculturas.org\\\/en\\\/noticias\\\/\"},{\"@type\":\"ListItem\",\"position\":3,\"name\":\"Teresa Mart\u00edn y Gonzalo Pineda &#8211; Voluntarios de la Delegaci\u00f3n de Salamanca\"}]},{\"@type\":\"WebSite\",\"@id\":\"https:\\\/\\\/www.entreculturas.org\\\/en\\\/#website\",\"url\":\"https:\\\/\\\/www.entreculturas.org\\\/en\\\/\",\"name\":\"Entreculturas\",\"description\":\"\",\"publisher\":{\"@id\":\"https:\\\/\\\/www.entreculturas.org\\\/en\\\/#organization\"},\"alternateName\":\"Entreculturas\",\"potentialAction\":[{\"@type\":\"SearchAction\",\"target\":{\"@type\":\"EntryPoint\",\"urlTemplate\":\"https:\\\/\\\/www.entreculturas.org\\\/en\\\/?s={search_term_string}\"},\"query-input\":{\"@type\":\"PropertyValueSpecification\",\"valueRequired\":true,\"valueName\":\"search_term_string\"}}],\"inLanguage\":\"en-US\"},{\"@type\":\"Organization\",\"@id\":\"https:\\\/\\\/www.entreculturas.org\\\/en\\\/#organization\",\"name\":\"Entreculturas\",\"url\":\"https:\\\/\\\/www.entreculturas.org\\\/en\\\/\",\"logo\":{\"@type\":\"ImageObject\",\"inLanguage\":\"en-US\",\"@id\":\"https:\\\/\\\/www.entreculturas.org\\\/en\\\/#\\\/schema\\\/logo\\\/image\\\/\",\"url\":\"https:\\\/\\\/www.entreculturas.org\\\/wp-content\\\/uploads\\\/2025\\\/10\\\/ESP.svg\",\"contentUrl\":\"https:\\\/\\\/www.entreculturas.org\\\/wp-content\\\/uploads\\\/2025\\\/10\\\/ESP.svg\",\"caption\":\"Entreculturas\"},\"image\":{\"@id\":\"https:\\\/\\\/www.entreculturas.org\\\/en\\\/#\\\/schema\\\/logo\\\/image\\\/\"},\"sameAs\":[\"https:\\\/\\\/www.facebook.com\\\/entreculturas\",\"https:\\\/\\\/x.com\\\/Entreculturas\",\"https:\\\/\\\/www.instagram.com\\\/entreculturas\\\/\",\"https:\\\/\\\/www.youtube.com\\\/user\\\/entreculturasvideo\",\"https:\\\/\\\/www.linkedin.com\\\/company\\\/fundacion-entreculturas-ngdo\\\/\",\"https:\\\/\\\/www.flickr.com\\\/photos\\\/98455522@N04\\\/albums\\\/\"]}]}<\/script>\n<!-- \/ Yoast SEO Premium plugin. -->","yoast_head_json":{"title":"Teresa Mart\u00edn y Gonzalo Pineda - Voluntarios de la Delegaci\u00f3n de Salamanca - Entreculturas","robots":{"index":"index","follow":"follow","max-snippet":"max-snippet:-1","max-image-preview":"max-image-preview:large","max-video-preview":"max-video-preview:-1"},"canonical":"https:\/\/www.entreculturas.org\/en\/noticia\/teresa-martin-y-gonzalo-pineda-voluntarios-de-la\/","og_locale":"en_US","og_type":"article","og_title":"Teresa Mart\u00edn y Gonzalo Pineda - Voluntarios de la Delegaci\u00f3n de Salamanca","og_description":"Una lectura f\u00edlmica de los ODS: el guion de nuestro futuro Teresa y Gonzalo, \u00bfC\u00f3mo decid\u00eds haceros voluntarios de Entreculturas?Nuestra preocupaci\u00f3n por la falta de equidistancia social, en lo concerniente a derechos y oportunidades, nos condujo a convertirnos en voluntarios de Entreculturas. Desde la delegaci\u00f3n de Salamanca advertimos en la educaci\u00f3n el aut\u00e9ntico germen de cambio, identificando la escuela como los cimientos sobre los que construir nuevos tejidos sociales, de sencilla permeabilidad.&nbsp; El SGD Film es un proyecto liderado por Entreculturas y financiado por la Uni\u00f3n Europea que trabaja los ODS a trav\u00e9s de recursos audiovisuales y en el que vosotros est\u00e1is participando. \u00bfc\u00f3mo se ha gestado este proyecto?&nbsp;Vivimos en un planeta que ve agotados sus recursos, bajo la tutela de una moral colectiva desgastada, por ello, nuestra generaci\u00f3n asume un cambio de paradigma que nos insta a reaccionar. Esta realidad engarza con las propuestas, de r\u00e9gimen pol\u00edtico, para el [&hellip;]","og_url":"https:\/\/www.entreculturas.org\/en\/noticia\/teresa-martin-y-gonzalo-pineda-voluntarios-de-la\/","og_site_name":"Entreculturas","article_publisher":"https:\/\/www.facebook.com\/entreculturas","article_modified_time":"2024-09-17T11:24:03+00:00","og_image":[{"width":600,"height":356,"url":"https:\/\/www.entreculturas.org\/wp-content\/uploads\/2023\/12\/teresa_martin_gonzalo_pineda.jpg","type":"image\/jpeg"}],"twitter_card":"summary_large_image","twitter_site":"@Entreculturas","schema":{"@context":"https:\/\/schema.org","@graph":[{"@type":"WebPage","@id":"https:\/\/www.entreculturas.org\/en\/noticia\/teresa-martin-y-gonzalo-pineda-voluntarios-de-la\/","url":"https:\/\/www.entreculturas.org\/en\/noticia\/teresa-martin-y-gonzalo-pineda-voluntarios-de-la\/","name":"Teresa Mart\u00edn y Gonzalo Pineda - Voluntarios de la Delegaci\u00f3n de Salamanca - Entreculturas","isPartOf":{"@id":"https:\/\/www.entreculturas.org\/en\/#website"},"primaryImageOfPage":{"@id":"https:\/\/www.entreculturas.org\/en\/noticia\/teresa-martin-y-gonzalo-pineda-voluntarios-de-la\/#primaryimage"},"image":{"@id":"https:\/\/www.entreculturas.org\/en\/noticia\/teresa-martin-y-gonzalo-pineda-voluntarios-de-la\/#primaryimage"},"thumbnailUrl":"https:\/\/www.entreculturas.org\/wp-content\/uploads\/2023\/12\/teresa_martin_gonzalo_pineda.jpg","datePublished":"2022-10-26T08:20:08+00:00","dateModified":"2024-09-17T11:24:03+00:00","breadcrumb":{"@id":"https:\/\/www.entreculturas.org\/en\/noticia\/teresa-martin-y-gonzalo-pineda-voluntarios-de-la\/#breadcrumb"},"inLanguage":"en-US","potentialAction":[{"@type":"ReadAction","target":["https:\/\/www.entreculturas.org\/en\/noticia\/teresa-martin-y-gonzalo-pineda-voluntarios-de-la\/"]}]},{"@type":"ImageObject","inLanguage":"en-US","@id":"https:\/\/www.entreculturas.org\/en\/noticia\/teresa-martin-y-gonzalo-pineda-voluntarios-de-la\/#primaryimage","url":"https:\/\/www.entreculturas.org\/wp-content\/uploads\/2023\/12\/teresa_martin_gonzalo_pineda.jpg","contentUrl":"https:\/\/www.entreculturas.org\/wp-content\/uploads\/2023\/12\/teresa_martin_gonzalo_pineda.jpg","width":600,"height":356},{"@type":"BreadcrumbList","@id":"https:\/\/www.entreculturas.org\/en\/noticia\/teresa-martin-y-gonzalo-pineda-voluntarios-de-la\/#breadcrumb","itemListElement":[{"@type":"ListItem","position":1,"name":"Home","item":"https:\/\/www.entreculturas.org\/en\/"},{"@type":"ListItem","position":2,"name":"Noticias","item":"https:\/\/www.entreculturas.org\/en\/noticias\/"},{"@type":"ListItem","position":3,"name":"Teresa Mart\u00edn y Gonzalo Pineda &#8211; Voluntarios de la Delegaci\u00f3n de Salamanca"}]},{"@type":"WebSite","@id":"https:\/\/www.entreculturas.org\/en\/#website","url":"https:\/\/www.entreculturas.org\/en\/","name":"Entreculturas","description":"","publisher":{"@id":"https:\/\/www.entreculturas.org\/en\/#organization"},"alternateName":"Entreculturas","potentialAction":[{"@type":"SearchAction","target":{"@type":"EntryPoint","urlTemplate":"https:\/\/www.entreculturas.org\/en\/?s={search_term_string}"},"query-input":{"@type":"PropertyValueSpecification","valueRequired":true,"valueName":"search_term_string"}}],"inLanguage":"en-US"},{"@type":"Organization","@id":"https:\/\/www.entreculturas.org\/en\/#organization","name":"Entreculturas","url":"https:\/\/www.entreculturas.org\/en\/","logo":{"@type":"ImageObject","inLanguage":"en-US","@id":"https:\/\/www.entreculturas.org\/en\/#\/schema\/logo\/image\/","url":"https:\/\/www.entreculturas.org\/wp-content\/uploads\/2025\/10\/ESP.svg","contentUrl":"https:\/\/www.entreculturas.org\/wp-content\/uploads\/2025\/10\/ESP.svg","caption":"Entreculturas"},"image":{"@id":"https:\/\/www.entreculturas.org\/en\/#\/schema\/logo\/image\/"},"sameAs":["https:\/\/www.facebook.com\/entreculturas","https:\/\/x.com\/Entreculturas","https:\/\/www.instagram.com\/entreculturas\/","https:\/\/www.youtube.com\/user\/entreculturasvideo","https:\/\/www.linkedin.com\/company\/fundacion-entreculturas-ngdo\/","https:\/\/www.flickr.com\/photos\/98455522@N04\/albums\/"]}]}},"_links":{"self":[{"href":"https:\/\/www.entreculturas.org\/en\/wp-json\/wp\/v2\/noticia\/9698","targetHints":{"allow":["GET"]}}],"collection":[{"href":"https:\/\/www.entreculturas.org\/en\/wp-json\/wp\/v2\/noticia"}],"about":[{"href":"https:\/\/www.entreculturas.org\/en\/wp-json\/wp\/v2\/types\/noticia"}],"wp:featuredmedia":[{"embeddable":true,"href":"https:\/\/www.entreculturas.org\/en\/wp-json\/wp\/v2\/media\/9699"}],"wp:attachment":[{"href":"https:\/\/www.entreculturas.org\/en\/wp-json\/wp\/v2\/media?parent=9698"}],"wp:term":[{"taxonomy":"category","embeddable":true,"href":"https:\/\/www.entreculturas.org\/en\/wp-json\/wp\/v2\/categories?post=9698"},{"taxonomy":"post_tag","embeddable":true,"href":"https:\/\/www.entreculturas.org\/en\/wp-json\/wp\/v2\/tags?post=9698"},{"taxonomy":"country","embeddable":true,"href":"https:\/\/www.entreculturas.org\/en\/wp-json\/wp\/v2\/country?post=9698"},{"taxonomy":"cause","embeddable":true,"href":"https:\/\/www.entreculturas.org\/en\/wp-json\/wp\/v2\/cause?post=9698"}],"curies":[{"name":"wp","href":"https:\/\/api.w.org\/{rel}","templated":true}]}}