{"id":9682,"date":"2021-12-27T11:46:47","date_gmt":"2021-12-27T10:46:47","guid":{"rendered":"https:\/\/www.entreculturas.org\/publicacion\/daniel-castilla-red-solidaria-de-jovenes-de-madrid\/"},"modified":"2024-09-20T12:30:57","modified_gmt":"2024-09-20T10:30:57","slug":"daniel-castilla-red-solidaria-de-jovenes-de-madrid","status":"publish","type":"noticia","link":"https:\/\/www.entreculturas.org\/en\/noticia\/daniel-castilla-red-solidaria-de-jovenes-de-madrid\/","title":{"rendered":"Daniel Castilla &#8211;  Red Solidaria de J\u00f3venes de Madrid"},"content":{"rendered":"<p>Daniel Castilla M\u00e1jer vive en Madrid y estudia en el instituto Padre Piquer en M\u00e1rtires en la Ventilla. Le gusta dedicar su&nbsp;tiempo a la gente, a sus amigos, familia&#8230; as\u00ed siente que no deja a nadie de lado. Participa en la Red Solidaria de J\u00f3venes.<\/p>\n<p><strong>\u00bfQu\u00e9 hac\u00e9is en la Red Solidaria?<\/strong><br \/>Solemos hacer actividades que envuelvan al mayor n\u00famero de estudiantes posibles, de manera entretenida y din\u00e1mica para hacerles saber todo lo que ocurre en el mundo sin que ellos lo sepan, o ampliar su conocimiento de problemas que ya conocen o creen que conocen.&nbsp;<\/p>\n<p><strong>\u00bfC\u00f3mo conociste la Red?<\/strong><\/p>\n<p>Llegu\u00e9 a la Red porque me habl\u00f3 de ella un profesor, que es el que dirige todos los voluntariados del instituto.&nbsp;<\/p>\n<p><strong>\u00bfQu\u00e9 temas trat\u00e1is?<\/strong><\/p>\n<p>La \u00faltima vez que estuve se trataron una enorme cantidad de temas, pero los que m\u00e1s destacaron y m\u00e1s me interesaron fueron: los derechos de la infancia y humanos en general, la inmigraci\u00f3n, el medio ambiente y la desigualdad de g\u00e9nero.<\/p>\n<p><strong>\u00bfCu\u00e1les han sido los cambios m\u00e1s significativos que han podido observar en las din\u00e1micas de trabajo junto a la Red?&nbsp;<\/strong><\/p>\n<p>No ha&nbsp;habido muchos cambios, los introdujimos en el voluntariado y comenzamos a desarrollar ideas para el futuro no solo de este curso, sino tambi\u00e9n posiblemente de todos los cursos por venir. Los chicos que llegaron se integraron de maravilla y estuvieron (y est\u00e1n) muy motivados desde el principio. Siendo sincero, no ha habido un cambio dr\u00e1stico en cuanto a din\u00e1micas se refiere, lo \u00fanico m\u00e1s notorio ha sido que algunas actividades se tienen que hacer en grupos peque\u00f1os debido al l\u00edmite de aforo, pero en general no hay grandes cambios.<\/p>\n<p><strong>\u00bfC\u00f3mo se organizaran a lo largo de este curso en la Red? \u00bfQu\u00e9 temas y actividades tratar\u00e1n con m\u00e1s fuerza?<\/strong><br \/>&nbsp;&nbsp;<br \/>Solemos reunirnos una hora a la semana y ah\u00ed tratar de informar y desarrollar los temas de los que luego se har\u00e1n actividades y din\u00e1micas. En cuanto a actividades que vienen fuertes, estamos haciendo una llamada Operaci\u00f3n Kilo, en la que se recogen alimentos para donarlos a una organizaci\u00f3n en la que se trata con gente que no puede conseguirlos con facilidad, y a pesar de ser parte de la campa\u00f1a de Navidad que hacemos todos los a\u00f1os, esto sali\u00f3 en la primera reuni\u00f3n all\u00e1 por mediados de octubre, y fueron los alumnos mismos los que tuvieron una idea muy similar y estaban entusiasmados con llevarla a cabo.<\/p>\n<p><strong>\u00bfCrees que la juventud debe ser parte del cambio que el mundo necesita y m\u00e1s en la situaci\u00f3n que vivimos? \u00bfDe qu\u00e9 forma invitar\u00edais a los j\u00f3venes a unirse a esta Red?<\/strong><\/p>\n<p>La juventud debe ser parte del cambio. Los j\u00f3venes son el futuro del mundo y si ellos no son conscientes de que deben ayudar a que sea mejor, entonces nosotros habremos fracasado en nuestra misi\u00f3n de hacer una sociedad m\u00e1s justa y concienciada. Nosotros debemos ense\u00f1arles que todos somos iguales y que merecemos las mismas oportunidades y que absolutamente nadie merece ser tratado de manera desigual o como alguien que no vale nada, porque todos valemos much\u00edsimo, nuestras historias, nuestras mentes, nuestra forma de ver el mundo, todos tenemos algo que aportar, aunque sea un m\u00ednimo, aunque sea una gota de agua en un bid\u00f3n de 10 litros. Y por eso creo que si alguien tiene la oportunidad de unirse a esta fant\u00e1stica red, debe hacerlo, para ayudar a que otros\/as sepan que se puede mejorar, pero qu\u00e9 se debe empezar lo antes posible.<\/p>\n","protected":false},"excerpt":{"rendered":"<p>Daniel Castilla M\u00e1jer vive en Madrid y estudia en el instituto Padre Piquer en M\u00e1rtires en la Ventilla. Le gusta dedicar su&nbsp;tiempo a la gente, a sus amigos, familia&#8230; as\u00ed siente que no deja a nadie de lado. Participa en la Red Solidaria de J\u00f3venes. \u00bfQu\u00e9 hac\u00e9is en la Red Solidaria?Solemos hacer actividades que envuelvan al mayor n\u00famero de estudiantes posibles, de manera entretenida y din\u00e1mica para hacerles saber todo lo que ocurre en el mundo sin que ellos lo sepan, o ampliar su conocimiento de problemas que ya conocen o creen que conocen.&nbsp; \u00bfC\u00f3mo conociste la Red? Llegu\u00e9 a la Red porque me habl\u00f3 de ella un profesor, que es el que dirige todos los voluntariados del instituto.&nbsp; \u00bfQu\u00e9 temas trat\u00e1is? La \u00faltima vez que estuve se trataron una enorme cantidad de temas, pero los que m\u00e1s destacaron y m\u00e1s me interesaron fueron: los derechos de la infancia y [&hellip;]<\/p>\n","protected":false},"featured_media":9683,"template":"single-noticia","meta":{"_acf_changed":false},"categories":[7],"tags":[191],"country":[],"cause":[],"class_list":["post-9682","noticia","type-noticia","status-publish","has-post-thumbnail","hentry","category-noticia","tag-voluntariado"],"acf":[],"yoast_head":"<!-- This site is optimized with the Yoast SEO Premium plugin v21.6 (Yoast SEO v27.5) - https:\/\/yoast.com\/product\/yoast-seo-premium-wordpress\/ -->\n<title>Daniel Castilla - Red Solidaria de J\u00f3venes de Madrid - Entreculturas<\/title>\n<meta name=\"robots\" content=\"index, follow, max-snippet:-1, max-image-preview:large, max-video-preview:-1\" \/>\n<link rel=\"canonical\" href=\"https:\/\/www.entreculturas.org\/en\/noticia\/daniel-castilla-red-solidaria-de-jovenes-de-madrid\/\" \/>\n<meta property=\"og:locale\" content=\"en_US\" \/>\n<meta property=\"og:type\" content=\"article\" \/>\n<meta property=\"og:title\" content=\"Daniel Castilla - Red Solidaria de J\u00f3venes de Madrid\" \/>\n<meta property=\"og:description\" content=\"Daniel Castilla M\u00e1jer vive en Madrid y estudia en el instituto Padre Piquer en M\u00e1rtires en la Ventilla. Le gusta dedicar su&nbsp;tiempo a la gente, a sus amigos, familia&#8230; as\u00ed siente que no deja a nadie de lado. Participa en la Red Solidaria de J\u00f3venes. \u00bfQu\u00e9 hac\u00e9is en la Red Solidaria?Solemos hacer actividades que envuelvan al mayor n\u00famero de estudiantes posibles, de manera entretenida y din\u00e1mica para hacerles saber todo lo que ocurre en el mundo sin que ellos lo sepan, o ampliar su conocimiento de problemas que ya conocen o creen que conocen.&nbsp; \u00bfC\u00f3mo conociste la Red? Llegu\u00e9 a la Red porque me habl\u00f3 de ella un profesor, que es el que dirige todos los voluntariados del instituto.&nbsp; \u00bfQu\u00e9 temas trat\u00e1is? La \u00faltima vez que estuve se trataron una enorme cantidad de temas, pero los que m\u00e1s destacaron y m\u00e1s me interesaron fueron: los derechos de la infancia y [&hellip;]\" \/>\n<meta property=\"og:url\" content=\"https:\/\/www.entreculturas.org\/en\/noticia\/daniel-castilla-red-solidaria-de-jovenes-de-madrid\/\" \/>\n<meta property=\"og:site_name\" content=\"Entreculturas\" \/>\n<meta property=\"article:publisher\" content=\"https:\/\/www.facebook.com\/entreculturas\" \/>\n<meta property=\"article:modified_time\" content=\"2024-09-20T10:30:57+00:00\" \/>\n<meta property=\"og:image\" content=\"https:\/\/www.entreculturas.org\/wp-content\/uploads\/2023\/12\/dani-rsj-2-e1726828245678.jpg\" \/>\n\t<meta property=\"og:image:width\" content=\"500\" \/>\n\t<meta property=\"og:image:height\" content=\"476\" \/>\n\t<meta property=\"og:image:type\" content=\"image\/jpeg\" \/>\n<meta name=\"twitter:card\" content=\"summary_large_image\" \/>\n<meta name=\"twitter:site\" content=\"@Entreculturas\" \/>\n<script type=\"application\/ld+json\" class=\"yoast-schema-graph\">{\"@context\":\"https:\\\/\\\/schema.org\",\"@graph\":[{\"@type\":\"WebPage\",\"@id\":\"https:\\\/\\\/www.entreculturas.org\\\/en\\\/noticia\\\/daniel-castilla-red-solidaria-de-jovenes-de-madrid\\\/\",\"url\":\"https:\\\/\\\/www.entreculturas.org\\\/en\\\/noticia\\\/daniel-castilla-red-solidaria-de-jovenes-de-madrid\\\/\",\"name\":\"Daniel Castilla - Red Solidaria de J\u00f3venes de Madrid - Entreculturas\",\"isPartOf\":{\"@id\":\"https:\\\/\\\/www.entreculturas.org\\\/en\\\/#website\"},\"primaryImageOfPage\":{\"@id\":\"https:\\\/\\\/www.entreculturas.org\\\/en\\\/noticia\\\/daniel-castilla-red-solidaria-de-jovenes-de-madrid\\\/#primaryimage\"},\"image\":{\"@id\":\"https:\\\/\\\/www.entreculturas.org\\\/en\\\/noticia\\\/daniel-castilla-red-solidaria-de-jovenes-de-madrid\\\/#primaryimage\"},\"thumbnailUrl\":\"https:\\\/\\\/www.entreculturas.org\\\/wp-content\\\/uploads\\\/2023\\\/12\\\/dani-rsj-2-e1726828245678.jpg\",\"datePublished\":\"2021-12-27T10:46:47+00:00\",\"dateModified\":\"2024-09-20T10:30:57+00:00\",\"breadcrumb\":{\"@id\":\"https:\\\/\\\/www.entreculturas.org\\\/en\\\/noticia\\\/daniel-castilla-red-solidaria-de-jovenes-de-madrid\\\/#breadcrumb\"},\"inLanguage\":\"en-US\",\"potentialAction\":[{\"@type\":\"ReadAction\",\"target\":[\"https:\\\/\\\/www.entreculturas.org\\\/en\\\/noticia\\\/daniel-castilla-red-solidaria-de-jovenes-de-madrid\\\/\"]}]},{\"@type\":\"ImageObject\",\"inLanguage\":\"en-US\",\"@id\":\"https:\\\/\\\/www.entreculturas.org\\\/en\\\/noticia\\\/daniel-castilla-red-solidaria-de-jovenes-de-madrid\\\/#primaryimage\",\"url\":\"https:\\\/\\\/www.entreculturas.org\\\/wp-content\\\/uploads\\\/2023\\\/12\\\/dani-rsj-2-e1726828245678.jpg\",\"contentUrl\":\"https:\\\/\\\/www.entreculturas.org\\\/wp-content\\\/uploads\\\/2023\\\/12\\\/dani-rsj-2-e1726828245678.jpg\",\"width\":500,\"height\":476},{\"@type\":\"BreadcrumbList\",\"@id\":\"https:\\\/\\\/www.entreculturas.org\\\/en\\\/noticia\\\/daniel-castilla-red-solidaria-de-jovenes-de-madrid\\\/#breadcrumb\",\"itemListElement\":[{\"@type\":\"ListItem\",\"position\":1,\"name\":\"Home\",\"item\":\"https:\\\/\\\/www.entreculturas.org\\\/en\\\/\"},{\"@type\":\"ListItem\",\"position\":2,\"name\":\"Noticias\",\"item\":\"https:\\\/\\\/www.entreculturas.org\\\/en\\\/noticias\\\/\"},{\"@type\":\"ListItem\",\"position\":3,\"name\":\"Daniel Castilla &#8211; Red Solidaria de J\u00f3venes de Madrid\"}]},{\"@type\":\"WebSite\",\"@id\":\"https:\\\/\\\/www.entreculturas.org\\\/en\\\/#website\",\"url\":\"https:\\\/\\\/www.entreculturas.org\\\/en\\\/\",\"name\":\"Entreculturas\",\"description\":\"\",\"publisher\":{\"@id\":\"https:\\\/\\\/www.entreculturas.org\\\/en\\\/#organization\"},\"alternateName\":\"Entreculturas\",\"potentialAction\":[{\"@type\":\"SearchAction\",\"target\":{\"@type\":\"EntryPoint\",\"urlTemplate\":\"https:\\\/\\\/www.entreculturas.org\\\/en\\\/?s={search_term_string}\"},\"query-input\":{\"@type\":\"PropertyValueSpecification\",\"valueRequired\":true,\"valueName\":\"search_term_string\"}}],\"inLanguage\":\"en-US\"},{\"@type\":\"Organization\",\"@id\":\"https:\\\/\\\/www.entreculturas.org\\\/en\\\/#organization\",\"name\":\"Entreculturas\",\"url\":\"https:\\\/\\\/www.entreculturas.org\\\/en\\\/\",\"logo\":{\"@type\":\"ImageObject\",\"inLanguage\":\"en-US\",\"@id\":\"https:\\\/\\\/www.entreculturas.org\\\/en\\\/#\\\/schema\\\/logo\\\/image\\\/\",\"url\":\"https:\\\/\\\/www.entreculturas.org\\\/wp-content\\\/uploads\\\/2025\\\/10\\\/ESP.svg\",\"contentUrl\":\"https:\\\/\\\/www.entreculturas.org\\\/wp-content\\\/uploads\\\/2025\\\/10\\\/ESP.svg\",\"caption\":\"Entreculturas\"},\"image\":{\"@id\":\"https:\\\/\\\/www.entreculturas.org\\\/en\\\/#\\\/schema\\\/logo\\\/image\\\/\"},\"sameAs\":[\"https:\\\/\\\/www.facebook.com\\\/entreculturas\",\"https:\\\/\\\/x.com\\\/Entreculturas\",\"https:\\\/\\\/www.instagram.com\\\/entreculturas\\\/\",\"https:\\\/\\\/www.youtube.com\\\/user\\\/entreculturasvideo\",\"https:\\\/\\\/www.linkedin.com\\\/company\\\/fundacion-entreculturas-ngdo\\\/\",\"https:\\\/\\\/www.flickr.com\\\/photos\\\/98455522@N04\\\/albums\\\/\"]}]}<\/script>\n<!-- \/ Yoast SEO Premium plugin. -->","yoast_head_json":{"title":"Daniel Castilla - Red Solidaria de J\u00f3venes de Madrid - Entreculturas","robots":{"index":"index","follow":"follow","max-snippet":"max-snippet:-1","max-image-preview":"max-image-preview:large","max-video-preview":"max-video-preview:-1"},"canonical":"https:\/\/www.entreculturas.org\/en\/noticia\/daniel-castilla-red-solidaria-de-jovenes-de-madrid\/","og_locale":"en_US","og_type":"article","og_title":"Daniel Castilla - Red Solidaria de J\u00f3venes de Madrid","og_description":"Daniel Castilla M\u00e1jer vive en Madrid y estudia en el instituto Padre Piquer en M\u00e1rtires en la Ventilla. Le gusta dedicar su&nbsp;tiempo a la gente, a sus amigos, familia&#8230; as\u00ed siente que no deja a nadie de lado. Participa en la Red Solidaria de J\u00f3venes. \u00bfQu\u00e9 hac\u00e9is en la Red Solidaria?Solemos hacer actividades que envuelvan al mayor n\u00famero de estudiantes posibles, de manera entretenida y din\u00e1mica para hacerles saber todo lo que ocurre en el mundo sin que ellos lo sepan, o ampliar su conocimiento de problemas que ya conocen o creen que conocen.&nbsp; \u00bfC\u00f3mo conociste la Red? Llegu\u00e9 a la Red porque me habl\u00f3 de ella un profesor, que es el que dirige todos los voluntariados del instituto.&nbsp; \u00bfQu\u00e9 temas trat\u00e1is? La \u00faltima vez que estuve se trataron una enorme cantidad de temas, pero los que m\u00e1s destacaron y m\u00e1s me interesaron fueron: los derechos de la infancia y [&hellip;]","og_url":"https:\/\/www.entreculturas.org\/en\/noticia\/daniel-castilla-red-solidaria-de-jovenes-de-madrid\/","og_site_name":"Entreculturas","article_publisher":"https:\/\/www.facebook.com\/entreculturas","article_modified_time":"2024-09-20T10:30:57+00:00","og_image":[{"width":500,"height":476,"url":"https:\/\/www.entreculturas.org\/wp-content\/uploads\/2023\/12\/dani-rsj-2-e1726828245678.jpg","type":"image\/jpeg"}],"twitter_card":"summary_large_image","twitter_site":"@Entreculturas","schema":{"@context":"https:\/\/schema.org","@graph":[{"@type":"WebPage","@id":"https:\/\/www.entreculturas.org\/en\/noticia\/daniel-castilla-red-solidaria-de-jovenes-de-madrid\/","url":"https:\/\/www.entreculturas.org\/en\/noticia\/daniel-castilla-red-solidaria-de-jovenes-de-madrid\/","name":"Daniel Castilla - Red Solidaria de J\u00f3venes de Madrid - Entreculturas","isPartOf":{"@id":"https:\/\/www.entreculturas.org\/en\/#website"},"primaryImageOfPage":{"@id":"https:\/\/www.entreculturas.org\/en\/noticia\/daniel-castilla-red-solidaria-de-jovenes-de-madrid\/#primaryimage"},"image":{"@id":"https:\/\/www.entreculturas.org\/en\/noticia\/daniel-castilla-red-solidaria-de-jovenes-de-madrid\/#primaryimage"},"thumbnailUrl":"https:\/\/www.entreculturas.org\/wp-content\/uploads\/2023\/12\/dani-rsj-2-e1726828245678.jpg","datePublished":"2021-12-27T10:46:47+00:00","dateModified":"2024-09-20T10:30:57+00:00","breadcrumb":{"@id":"https:\/\/www.entreculturas.org\/en\/noticia\/daniel-castilla-red-solidaria-de-jovenes-de-madrid\/#breadcrumb"},"inLanguage":"en-US","potentialAction":[{"@type":"ReadAction","target":["https:\/\/www.entreculturas.org\/en\/noticia\/daniel-castilla-red-solidaria-de-jovenes-de-madrid\/"]}]},{"@type":"ImageObject","inLanguage":"en-US","@id":"https:\/\/www.entreculturas.org\/en\/noticia\/daniel-castilla-red-solidaria-de-jovenes-de-madrid\/#primaryimage","url":"https:\/\/www.entreculturas.org\/wp-content\/uploads\/2023\/12\/dani-rsj-2-e1726828245678.jpg","contentUrl":"https:\/\/www.entreculturas.org\/wp-content\/uploads\/2023\/12\/dani-rsj-2-e1726828245678.jpg","width":500,"height":476},{"@type":"BreadcrumbList","@id":"https:\/\/www.entreculturas.org\/en\/noticia\/daniel-castilla-red-solidaria-de-jovenes-de-madrid\/#breadcrumb","itemListElement":[{"@type":"ListItem","position":1,"name":"Home","item":"https:\/\/www.entreculturas.org\/en\/"},{"@type":"ListItem","position":2,"name":"Noticias","item":"https:\/\/www.entreculturas.org\/en\/noticias\/"},{"@type":"ListItem","position":3,"name":"Daniel Castilla &#8211; Red Solidaria de J\u00f3venes de Madrid"}]},{"@type":"WebSite","@id":"https:\/\/www.entreculturas.org\/en\/#website","url":"https:\/\/www.entreculturas.org\/en\/","name":"Entreculturas","description":"","publisher":{"@id":"https:\/\/www.entreculturas.org\/en\/#organization"},"alternateName":"Entreculturas","potentialAction":[{"@type":"SearchAction","target":{"@type":"EntryPoint","urlTemplate":"https:\/\/www.entreculturas.org\/en\/?s={search_term_string}"},"query-input":{"@type":"PropertyValueSpecification","valueRequired":true,"valueName":"search_term_string"}}],"inLanguage":"en-US"},{"@type":"Organization","@id":"https:\/\/www.entreculturas.org\/en\/#organization","name":"Entreculturas","url":"https:\/\/www.entreculturas.org\/en\/","logo":{"@type":"ImageObject","inLanguage":"en-US","@id":"https:\/\/www.entreculturas.org\/en\/#\/schema\/logo\/image\/","url":"https:\/\/www.entreculturas.org\/wp-content\/uploads\/2025\/10\/ESP.svg","contentUrl":"https:\/\/www.entreculturas.org\/wp-content\/uploads\/2025\/10\/ESP.svg","caption":"Entreculturas"},"image":{"@id":"https:\/\/www.entreculturas.org\/en\/#\/schema\/logo\/image\/"},"sameAs":["https:\/\/www.facebook.com\/entreculturas","https:\/\/x.com\/Entreculturas","https:\/\/www.instagram.com\/entreculturas\/","https:\/\/www.youtube.com\/user\/entreculturasvideo","https:\/\/www.linkedin.com\/company\/fundacion-entreculturas-ngdo\/","https:\/\/www.flickr.com\/photos\/98455522@N04\/albums\/"]}]}},"_links":{"self":[{"href":"https:\/\/www.entreculturas.org\/en\/wp-json\/wp\/v2\/noticia\/9682","targetHints":{"allow":["GET"]}}],"collection":[{"href":"https:\/\/www.entreculturas.org\/en\/wp-json\/wp\/v2\/noticia"}],"about":[{"href":"https:\/\/www.entreculturas.org\/en\/wp-json\/wp\/v2\/types\/noticia"}],"wp:featuredmedia":[{"embeddable":true,"href":"https:\/\/www.entreculturas.org\/en\/wp-json\/wp\/v2\/media\/9683"}],"wp:attachment":[{"href":"https:\/\/www.entreculturas.org\/en\/wp-json\/wp\/v2\/media?parent=9682"}],"wp:term":[{"taxonomy":"category","embeddable":true,"href":"https:\/\/www.entreculturas.org\/en\/wp-json\/wp\/v2\/categories?post=9682"},{"taxonomy":"post_tag","embeddable":true,"href":"https:\/\/www.entreculturas.org\/en\/wp-json\/wp\/v2\/tags?post=9682"},{"taxonomy":"country","embeddable":true,"href":"https:\/\/www.entreculturas.org\/en\/wp-json\/wp\/v2\/country?post=9682"},{"taxonomy":"cause","embeddable":true,"href":"https:\/\/www.entreculturas.org\/en\/wp-json\/wp\/v2\/cause?post=9682"}],"curies":[{"name":"wp","href":"https:\/\/api.w.org\/{rel}","templated":true}]}}