{"id":9620,"date":"2021-02-26T11:41:03","date_gmt":"2021-02-26T10:41:03","guid":{"rendered":"https:\/\/www.entreculturas.org\/publicacion\/30-anos-de-voluntariado-internacional-volpa-guatemala\/"},"modified":"2024-09-17T13:44:20","modified_gmt":"2024-09-17T11:44:20","slug":"30-anos-de-voluntariado-internacional-volpa-guatemala","status":"publish","type":"noticia","link":"https:\/\/www.entreculturas.org\/en\/noticia\/30-anos-de-voluntariado-internacional-volpa-guatemala\/","title":{"rendered":"30 a\u00f1os de voluntariado internacional VOLPA | Guatemala"},"content":{"rendered":"<p>En este 2021 se cumplen 30 a\u00f1os del nacimiento del Programa de Voluntariado Pedro Arrupe (VOLPA). Un aniversario muy especial para Entreculturas y para Alboan, ya que el voluntariado es una pieza clave de nuestras organizaciones; una herramienta fundamental y poderosa para cambiar el mundo y luchar contra las injusticias y desigualdades.<\/p>\n<p>Desde su creaci\u00f3n, en 1991, m\u00e1s de 1.000 voluntarios y voluntarias han formado parte de este programa. Son los llamados VOLPA, personas comprometidas e inquietas que se lanzan al encuentro de otras personas, culturas y pueblos a trav\u00e9s de una experiencia que les transforma profundamente no solo durante el tiempo que permanecen en terreno (uno o dos a\u00f1os), sino de por vida.&nbsp;<\/p>\n<p>En este 30\u00ba aniversario, queremos poner palabras y miradas a estas personas. Queremos que nos muestren su camino lleno de&nbsp; ense\u00f1anzas y lecciones de vida, del que seguro que nosotras y nosotros tambi\u00e9n tenemos mucho que aprender.&nbsp;<\/p>\n<p><span style=\"color:#FF0000;\"><strong>VOLPAs en Guatemala<\/strong><\/span><br \/>En esta segunda entrega ponemos el foco en Guatemala, pa\u00eds rico en culturas con<strong> 25 pueblos ind\u00edgenas que habitan su territorio<\/strong>. El territorio guatemalteco tiene bosques, r\u00edos, lagos\u2026 Sin embargo, <strong>m\u00e1s del 60% de las personas vive en condiciones de pobreza<\/strong>, una realidad que afecta especialmente a la poblaci\u00f3n ind\u00edgena.&nbsp;<\/p>\n<p>La desigualdad azota el pa\u00eds: en la capital se concentra la mayor parte de los recursos,&nbsp; mientras que en las zonas rurales son muy escasos. Estas<strong> brechas sociales<\/strong> empujan a la poblaci\u00f3n a migrar. Pero, en medio de esa realidad hostil, el calor humano hace que cada d\u00eda lo imposible sea realidad.<\/p>\n<p><strong><span style=\"color:#FF0000;\">Ver\u00f3nica Jim\u00e9nez<\/span><\/strong> ya en 2011 trabaj\u00f3 en el internado Fe y Alegr\u00eda, en Nim Ja. <strong>\u201cFue nuestro hogar y refugio\u201d<\/strong>, nos cuenta. Nim Ja significa en Quich\u00e9 Casa Grande. Hizo voluntariado en un hogar que acog\u00eda a chicos y chicas de aldeas alejadas que acab\u00f3 sintiendo de su propia familia.<\/p>\n<p>Ver\u00f3nica fue compa\u00f1era de viaje de <strong><span style=\"color:#FF0000;\">\u00c1ngela Sanz<\/span><\/strong> que, ese mismo a\u00f1o, realiz\u00f3 su voluntariado en la Cl\u00ednica Parroquial <strong>\u201cde ellos aprend\u00ed mucho de lo que soy ahora\u201d<\/strong>. El sentido de lo comunitario y del trabajo en equipo. \u201cVi tantos ejemplos de trabajo por el bien com\u00fan, con tanto amor\u2026 que a d\u00eda de hoy todav\u00eda bebo de ese amor\u201d.<\/p>\n<p>En la misma zona dos a\u00f1os despu\u00e9s, estuvo <strong><span style=\"color:#FF0000;\">Natane Lago<\/span><\/strong> colaborando en el programa materno infantil y apoyando al equipo de salud en la Cl\u00ednica Parroquial. Dando atenci\u00f3n sanitaria para la reducci\u00f3n de mortalidad materna y desnutrici\u00f3n infantil, tambi\u00e9n se desplazaban por varias aldeas donde el nivel de pobreza era el m\u00e1s alto de todo el pa\u00eds. \u201cMis funciones consist\u00edan en dar diferentes tipos de formaciones como higiene personal, alimentaci\u00f3n adecuada\u2026\u201d <span style=\"color:#FF0000;\"><strong>Mari Paz Gonz\u00e1lez<\/strong><\/span> pasaba consulta m\u00e9dica tambi\u00e9n en la Cl\u00ednica Parroquial, para ella fue \u201cun lugar privilegiado para conocer a la gente, para acercarme a la comunidad ind\u00edgena, conocer sus costumbres y su manera de vivir la enfermedad\u201d. Mari Paz <strong>lleva para siempre Guatemala en su coraz\u00f3n.<\/strong><\/p>\n<p>El padre Jos\u00e9 Mar\u00eda Velaz (jesuita chileno fundador de Fe y Alegr\u00eda) dec\u00eda \u201chay comunidades donde no llega el asfalto y las aldeas pierden su nombre\u201d, <span style=\"color:#FF0000;\"><strong>Jos\u00e9 \u00c1ngel y Ester <\/strong><\/span>Lapuerta recuerdan esta cita cuando piensan en Santa Luc\u00eda La Reforma, donde pasaron la mayor parte de su voluntariado en 2018, cuentan que en la zona las casas se encuentran esparcidas por la monta\u00f1a, alejadas unas de otras. \u201c<strong>La necesidad de aprender y compartir nos empuj\u00f3 a hacer voluntariado<\/strong>. La experiencia nos ha regalado vivencias \u00fanicas que nos han hecho crecer y comprometernos con la realidad social\u201d.<\/p>\n<p>Cuando le dijeron a <span style=\"color:#FF0000;\"><strong>Raquel Garc\u00eda<\/strong><\/span> en 2005 que su destino era IGER (Instituto Guatemalteco de Educaci\u00f3n Radiof\u00f3nica), no pod\u00eda imaginar que esas siglas cambiar\u00edan su vida. \u201cHasta ese momento valoraba lo importante que era la educaci\u00f3n para cualquier persona pero <strong>no hab\u00eda experimentado lo que significaba no tener acceso a este derecho<\/strong>\u201d.&nbsp; IGER lleva la educaci\u00f3n hasta los rincones m\u00e1s excluidos. Ser parte de radio Uy,uy,uy en Sayaxche durante dos a\u00f1os le ense\u00f1\u00f3 tanto, que lo considera su gran escuela de vida.&nbsp;<\/p>\n<p>Sentimiento compartido tambi\u00e9n con <span style=\"color:#FF0000;\"><strong>Arturo Pineda<\/strong><\/span>, que valora mucho su grupo de formaci\u00f3n previa: \u201c<strong>un pu\u00f1ado de locos\/as con ganas de cambiar el mundo\u201d<\/strong>. Realiz\u00f3 su voluntariado en Santa Mar\u00eda Chiquimula en 2018, \u201cme ha permitido tener una mirada m\u00e1s comprensiva, con menos prejuicios, m\u00e1s sensible y cr\u00edtica\u201d, afirma. Considera que esta experiencia le hizo aprender a tomar decisiones m\u00e1s consecuentes y responsables.<\/p>\n<p>En la misma zona, en 2016, estuvo <strong><span style=\"color:#FF0000;\">Milagros \u00c1vila<\/span><\/strong> a la que la formaci\u00f3n le supuso un periodo intenso de cuestionamiento vital: \u201cgracias a ello gan\u00e9 en libertad\u201d. De su a\u00f1o en Guatemala se queda con la oportunidad de establecer relaciones profundas con personas de contextos diferentes, \u201cme hizo sentir c\u00f3mo todos somos un mismo pueblo\u201d, recuerda. Una parte importante de VOLPA es el retorno, que en su experiencia fue volver con una mirada amplia y enriquecida, \u201cpoder mirar mi propia sociedad de origen y descubrir lo que es necesario transformar en ella para que podamos<strong> todas y todos vivir m\u00e1s dignamente y ser m\u00e1s felices en cualquier parte del planeta\u201d.<\/strong><\/p>\n<p>Recibir voluntariado tambi\u00e9n enriquece a los proyectos. <span style=\"color:#FF0000;\"><strong>Marisol<\/strong><\/span>, de IGER en Huehuetenango, valora estas experiencias ya que le aportan tambi\u00e9n aprendizajes que traen los voluntarios. \u201cEstar con ellas me ha ayudado a crecer tanto personal como profesionalmente\u201d, asegura <strong><span style=\"color:#FF0000;\">Ricardo<\/span><\/strong>, enfermero en Santa Mar\u00eda Chiquimula. Sentimiento compartido con <strong><span style=\"color:#FF0000;\">Pedro<\/span><\/strong>, del equipo de salud, que considera que el voluntariado es una motivaci\u00f3n de ver que hay gente que se preocupa por la salud de los ni\u00f1os y ni\u00f1as.<\/p>\n<p>&nbsp;<\/p>\n","protected":false},"excerpt":{"rendered":"<p>En este 2021 se cumplen 30 a\u00f1os del nacimiento del Programa de Voluntariado Pedro Arrupe (VOLPA). Un aniversario muy especial para Entreculturas y para Alboan, ya que el voluntariado es una pieza clave de nuestras organizaciones; una herramienta fundamental y poderosa para cambiar el mundo y luchar contra las injusticias y desigualdades. Desde su creaci\u00f3n, en 1991, m\u00e1s de 1.000 voluntarios y voluntarias han formado parte de este programa. Son los llamados VOLPA, personas comprometidas e inquietas que se lanzan al encuentro de otras personas, culturas y pueblos a trav\u00e9s de una experiencia que les transforma profundamente no solo durante el tiempo que permanecen en terreno (uno o dos a\u00f1os), sino de por vida.&nbsp; En este 30\u00ba aniversario, queremos poner palabras y miradas a estas personas. Queremos que nos muestren su camino lleno de&nbsp; ense\u00f1anzas y lecciones de vida, del que seguro que nosotras y nosotros tambi\u00e9n tenemos mucho que [&hellip;]<\/p>\n","protected":false},"featured_media":9621,"template":"single-noticia","meta":{"_acf_changed":false},"categories":[7],"tags":[191],"country":[],"cause":[],"class_list":["post-9620","noticia","type-noticia","status-publish","has-post-thumbnail","hentry","category-noticia","tag-voluntariado"],"acf":[],"yoast_head":"<!-- This site is optimized with the Yoast SEO Premium plugin v21.6 (Yoast SEO v27.5) - https:\/\/yoast.com\/product\/yoast-seo-premium-wordpress\/ -->\n<title>30 a\u00f1os de voluntariado internacional VOLPA | Guatemala - Entreculturas<\/title>\n<meta name=\"robots\" content=\"index, follow, max-snippet:-1, max-image-preview:large, max-video-preview:-1\" \/>\n<link rel=\"canonical\" href=\"https:\/\/www.entreculturas.org\/en\/noticia\/30-anos-de-voluntariado-internacional-volpa-guatemala\/\" \/>\n<meta property=\"og:locale\" content=\"en_US\" \/>\n<meta property=\"og:type\" content=\"article\" \/>\n<meta property=\"og:title\" content=\"30 a\u00f1os de voluntariado internacional VOLPA | Guatemala\" \/>\n<meta property=\"og:description\" content=\"En este 2021 se cumplen 30 a\u00f1os del nacimiento del Programa de Voluntariado Pedro Arrupe (VOLPA). Un aniversario muy especial para Entreculturas y para Alboan, ya que el voluntariado es una pieza clave de nuestras organizaciones; una herramienta fundamental y poderosa para cambiar el mundo y luchar contra las injusticias y desigualdades. Desde su creaci\u00f3n, en 1991, m\u00e1s de 1.000 voluntarios y voluntarias han formado parte de este programa. Son los llamados VOLPA, personas comprometidas e inquietas que se lanzan al encuentro de otras personas, culturas y pueblos a trav\u00e9s de una experiencia que les transforma profundamente no solo durante el tiempo que permanecen en terreno (uno o dos a\u00f1os), sino de por vida.&nbsp; En este 30\u00ba aniversario, queremos poner palabras y miradas a estas personas. Queremos que nos muestren su camino lleno de&nbsp; ense\u00f1anzas y lecciones de vida, del que seguro que nosotras y nosotros tambi\u00e9n tenemos mucho que [&hellip;]\" \/>\n<meta property=\"og:url\" content=\"https:\/\/www.entreculturas.org\/en\/noticia\/30-anos-de-voluntariado-internacional-volpa-guatemala\/\" \/>\n<meta property=\"og:site_name\" content=\"Entreculturas\" \/>\n<meta property=\"article:publisher\" content=\"https:\/\/www.facebook.com\/entreculturas\" \/>\n<meta property=\"article:modified_time\" content=\"2024-09-17T11:44:20+00:00\" \/>\n<meta property=\"og:image\" content=\"https:\/\/www.entreculturas.org\/wp-content\/uploads\/2023\/12\/volpas-guate1.png\" \/>\n\t<meta property=\"og:image:width\" content=\"800\" \/>\n\t<meta property=\"og:image:height\" content=\"596\" \/>\n\t<meta property=\"og:image:type\" content=\"image\/png\" \/>\n<meta name=\"twitter:card\" content=\"summary_large_image\" \/>\n<meta name=\"twitter:site\" content=\"@Entreculturas\" \/>\n<script type=\"application\/ld+json\" class=\"yoast-schema-graph\">{\"@context\":\"https:\\\/\\\/schema.org\",\"@graph\":[{\"@type\":\"WebPage\",\"@id\":\"https:\\\/\\\/www.entreculturas.org\\\/en\\\/noticia\\\/30-anos-de-voluntariado-internacional-volpa-guatemala\\\/\",\"url\":\"https:\\\/\\\/www.entreculturas.org\\\/en\\\/noticia\\\/30-anos-de-voluntariado-internacional-volpa-guatemala\\\/\",\"name\":\"30 a\u00f1os de voluntariado internacional VOLPA | Guatemala - Entreculturas\",\"isPartOf\":{\"@id\":\"https:\\\/\\\/www.entreculturas.org\\\/en\\\/#website\"},\"primaryImageOfPage\":{\"@id\":\"https:\\\/\\\/www.entreculturas.org\\\/en\\\/noticia\\\/30-anos-de-voluntariado-internacional-volpa-guatemala\\\/#primaryimage\"},\"image\":{\"@id\":\"https:\\\/\\\/www.entreculturas.org\\\/en\\\/noticia\\\/30-anos-de-voluntariado-internacional-volpa-guatemala\\\/#primaryimage\"},\"thumbnailUrl\":\"https:\\\/\\\/www.entreculturas.org\\\/wp-content\\\/uploads\\\/2023\\\/12\\\/volpas-guate1.png\",\"datePublished\":\"2021-02-26T10:41:03+00:00\",\"dateModified\":\"2024-09-17T11:44:20+00:00\",\"breadcrumb\":{\"@id\":\"https:\\\/\\\/www.entreculturas.org\\\/en\\\/noticia\\\/30-anos-de-voluntariado-internacional-volpa-guatemala\\\/#breadcrumb\"},\"inLanguage\":\"en-US\",\"potentialAction\":[{\"@type\":\"ReadAction\",\"target\":[\"https:\\\/\\\/www.entreculturas.org\\\/en\\\/noticia\\\/30-anos-de-voluntariado-internacional-volpa-guatemala\\\/\"]}]},{\"@type\":\"ImageObject\",\"inLanguage\":\"en-US\",\"@id\":\"https:\\\/\\\/www.entreculturas.org\\\/en\\\/noticia\\\/30-anos-de-voluntariado-internacional-volpa-guatemala\\\/#primaryimage\",\"url\":\"https:\\\/\\\/www.entreculturas.org\\\/wp-content\\\/uploads\\\/2023\\\/12\\\/volpas-guate1.png\",\"contentUrl\":\"https:\\\/\\\/www.entreculturas.org\\\/wp-content\\\/uploads\\\/2023\\\/12\\\/volpas-guate1.png\",\"width\":800,\"height\":596},{\"@type\":\"BreadcrumbList\",\"@id\":\"https:\\\/\\\/www.entreculturas.org\\\/en\\\/noticia\\\/30-anos-de-voluntariado-internacional-volpa-guatemala\\\/#breadcrumb\",\"itemListElement\":[{\"@type\":\"ListItem\",\"position\":1,\"name\":\"Home\",\"item\":\"https:\\\/\\\/www.entreculturas.org\\\/en\\\/\"},{\"@type\":\"ListItem\",\"position\":2,\"name\":\"Noticias\",\"item\":\"https:\\\/\\\/www.entreculturas.org\\\/en\\\/noticias\\\/\"},{\"@type\":\"ListItem\",\"position\":3,\"name\":\"30 a\u00f1os de voluntariado internacional VOLPA | Guatemala\"}]},{\"@type\":\"WebSite\",\"@id\":\"https:\\\/\\\/www.entreculturas.org\\\/en\\\/#website\",\"url\":\"https:\\\/\\\/www.entreculturas.org\\\/en\\\/\",\"name\":\"Entreculturas\",\"description\":\"\",\"publisher\":{\"@id\":\"https:\\\/\\\/www.entreculturas.org\\\/en\\\/#organization\"},\"alternateName\":\"Entreculturas\",\"potentialAction\":[{\"@type\":\"SearchAction\",\"target\":{\"@type\":\"EntryPoint\",\"urlTemplate\":\"https:\\\/\\\/www.entreculturas.org\\\/en\\\/?s={search_term_string}\"},\"query-input\":{\"@type\":\"PropertyValueSpecification\",\"valueRequired\":true,\"valueName\":\"search_term_string\"}}],\"inLanguage\":\"en-US\"},{\"@type\":\"Organization\",\"@id\":\"https:\\\/\\\/www.entreculturas.org\\\/en\\\/#organization\",\"name\":\"Entreculturas\",\"url\":\"https:\\\/\\\/www.entreculturas.org\\\/en\\\/\",\"logo\":{\"@type\":\"ImageObject\",\"inLanguage\":\"en-US\",\"@id\":\"https:\\\/\\\/www.entreculturas.org\\\/en\\\/#\\\/schema\\\/logo\\\/image\\\/\",\"url\":\"https:\\\/\\\/www.entreculturas.org\\\/wp-content\\\/uploads\\\/2025\\\/10\\\/ESP.svg\",\"contentUrl\":\"https:\\\/\\\/www.entreculturas.org\\\/wp-content\\\/uploads\\\/2025\\\/10\\\/ESP.svg\",\"caption\":\"Entreculturas\"},\"image\":{\"@id\":\"https:\\\/\\\/www.entreculturas.org\\\/en\\\/#\\\/schema\\\/logo\\\/image\\\/\"},\"sameAs\":[\"https:\\\/\\\/www.facebook.com\\\/entreculturas\",\"https:\\\/\\\/x.com\\\/Entreculturas\",\"https:\\\/\\\/www.instagram.com\\\/entreculturas\\\/\",\"https:\\\/\\\/www.youtube.com\\\/user\\\/entreculturasvideo\",\"https:\\\/\\\/www.linkedin.com\\\/company\\\/fundacion-entreculturas-ngdo\\\/\",\"https:\\\/\\\/www.flickr.com\\\/photos\\\/98455522@N04\\\/albums\\\/\"]}]}<\/script>\n<!-- \/ Yoast SEO Premium plugin. -->","yoast_head_json":{"title":"30 a\u00f1os de voluntariado internacional VOLPA | Guatemala - Entreculturas","robots":{"index":"index","follow":"follow","max-snippet":"max-snippet:-1","max-image-preview":"max-image-preview:large","max-video-preview":"max-video-preview:-1"},"canonical":"https:\/\/www.entreculturas.org\/en\/noticia\/30-anos-de-voluntariado-internacional-volpa-guatemala\/","og_locale":"en_US","og_type":"article","og_title":"30 a\u00f1os de voluntariado internacional VOLPA | Guatemala","og_description":"En este 2021 se cumplen 30 a\u00f1os del nacimiento del Programa de Voluntariado Pedro Arrupe (VOLPA). Un aniversario muy especial para Entreculturas y para Alboan, ya que el voluntariado es una pieza clave de nuestras organizaciones; una herramienta fundamental y poderosa para cambiar el mundo y luchar contra las injusticias y desigualdades. Desde su creaci\u00f3n, en 1991, m\u00e1s de 1.000 voluntarios y voluntarias han formado parte de este programa. Son los llamados VOLPA, personas comprometidas e inquietas que se lanzan al encuentro de otras personas, culturas y pueblos a trav\u00e9s de una experiencia que les transforma profundamente no solo durante el tiempo que permanecen en terreno (uno o dos a\u00f1os), sino de por vida.&nbsp; En este 30\u00ba aniversario, queremos poner palabras y miradas a estas personas. Queremos que nos muestren su camino lleno de&nbsp; ense\u00f1anzas y lecciones de vida, del que seguro que nosotras y nosotros tambi\u00e9n tenemos mucho que [&hellip;]","og_url":"https:\/\/www.entreculturas.org\/en\/noticia\/30-anos-de-voluntariado-internacional-volpa-guatemala\/","og_site_name":"Entreculturas","article_publisher":"https:\/\/www.facebook.com\/entreculturas","article_modified_time":"2024-09-17T11:44:20+00:00","og_image":[{"width":800,"height":596,"url":"https:\/\/www.entreculturas.org\/wp-content\/uploads\/2023\/12\/volpas-guate1.png","type":"image\/png"}],"twitter_card":"summary_large_image","twitter_site":"@Entreculturas","schema":{"@context":"https:\/\/schema.org","@graph":[{"@type":"WebPage","@id":"https:\/\/www.entreculturas.org\/en\/noticia\/30-anos-de-voluntariado-internacional-volpa-guatemala\/","url":"https:\/\/www.entreculturas.org\/en\/noticia\/30-anos-de-voluntariado-internacional-volpa-guatemala\/","name":"30 a\u00f1os de voluntariado internacional VOLPA | Guatemala - Entreculturas","isPartOf":{"@id":"https:\/\/www.entreculturas.org\/en\/#website"},"primaryImageOfPage":{"@id":"https:\/\/www.entreculturas.org\/en\/noticia\/30-anos-de-voluntariado-internacional-volpa-guatemala\/#primaryimage"},"image":{"@id":"https:\/\/www.entreculturas.org\/en\/noticia\/30-anos-de-voluntariado-internacional-volpa-guatemala\/#primaryimage"},"thumbnailUrl":"https:\/\/www.entreculturas.org\/wp-content\/uploads\/2023\/12\/volpas-guate1.png","datePublished":"2021-02-26T10:41:03+00:00","dateModified":"2024-09-17T11:44:20+00:00","breadcrumb":{"@id":"https:\/\/www.entreculturas.org\/en\/noticia\/30-anos-de-voluntariado-internacional-volpa-guatemala\/#breadcrumb"},"inLanguage":"en-US","potentialAction":[{"@type":"ReadAction","target":["https:\/\/www.entreculturas.org\/en\/noticia\/30-anos-de-voluntariado-internacional-volpa-guatemala\/"]}]},{"@type":"ImageObject","inLanguage":"en-US","@id":"https:\/\/www.entreculturas.org\/en\/noticia\/30-anos-de-voluntariado-internacional-volpa-guatemala\/#primaryimage","url":"https:\/\/www.entreculturas.org\/wp-content\/uploads\/2023\/12\/volpas-guate1.png","contentUrl":"https:\/\/www.entreculturas.org\/wp-content\/uploads\/2023\/12\/volpas-guate1.png","width":800,"height":596},{"@type":"BreadcrumbList","@id":"https:\/\/www.entreculturas.org\/en\/noticia\/30-anos-de-voluntariado-internacional-volpa-guatemala\/#breadcrumb","itemListElement":[{"@type":"ListItem","position":1,"name":"Home","item":"https:\/\/www.entreculturas.org\/en\/"},{"@type":"ListItem","position":2,"name":"Noticias","item":"https:\/\/www.entreculturas.org\/en\/noticias\/"},{"@type":"ListItem","position":3,"name":"30 a\u00f1os de voluntariado internacional VOLPA | Guatemala"}]},{"@type":"WebSite","@id":"https:\/\/www.entreculturas.org\/en\/#website","url":"https:\/\/www.entreculturas.org\/en\/","name":"Entreculturas","description":"","publisher":{"@id":"https:\/\/www.entreculturas.org\/en\/#organization"},"alternateName":"Entreculturas","potentialAction":[{"@type":"SearchAction","target":{"@type":"EntryPoint","urlTemplate":"https:\/\/www.entreculturas.org\/en\/?s={search_term_string}"},"query-input":{"@type":"PropertyValueSpecification","valueRequired":true,"valueName":"search_term_string"}}],"inLanguage":"en-US"},{"@type":"Organization","@id":"https:\/\/www.entreculturas.org\/en\/#organization","name":"Entreculturas","url":"https:\/\/www.entreculturas.org\/en\/","logo":{"@type":"ImageObject","inLanguage":"en-US","@id":"https:\/\/www.entreculturas.org\/en\/#\/schema\/logo\/image\/","url":"https:\/\/www.entreculturas.org\/wp-content\/uploads\/2025\/10\/ESP.svg","contentUrl":"https:\/\/www.entreculturas.org\/wp-content\/uploads\/2025\/10\/ESP.svg","caption":"Entreculturas"},"image":{"@id":"https:\/\/www.entreculturas.org\/en\/#\/schema\/logo\/image\/"},"sameAs":["https:\/\/www.facebook.com\/entreculturas","https:\/\/x.com\/Entreculturas","https:\/\/www.instagram.com\/entreculturas\/","https:\/\/www.youtube.com\/user\/entreculturasvideo","https:\/\/www.linkedin.com\/company\/fundacion-entreculturas-ngdo\/","https:\/\/www.flickr.com\/photos\/98455522@N04\/albums\/"]}]}},"_links":{"self":[{"href":"https:\/\/www.entreculturas.org\/en\/wp-json\/wp\/v2\/noticia\/9620","targetHints":{"allow":["GET"]}}],"collection":[{"href":"https:\/\/www.entreculturas.org\/en\/wp-json\/wp\/v2\/noticia"}],"about":[{"href":"https:\/\/www.entreculturas.org\/en\/wp-json\/wp\/v2\/types\/noticia"}],"wp:featuredmedia":[{"embeddable":true,"href":"https:\/\/www.entreculturas.org\/en\/wp-json\/wp\/v2\/media\/9621"}],"wp:attachment":[{"href":"https:\/\/www.entreculturas.org\/en\/wp-json\/wp\/v2\/media?parent=9620"}],"wp:term":[{"taxonomy":"category","embeddable":true,"href":"https:\/\/www.entreculturas.org\/en\/wp-json\/wp\/v2\/categories?post=9620"},{"taxonomy":"post_tag","embeddable":true,"href":"https:\/\/www.entreculturas.org\/en\/wp-json\/wp\/v2\/tags?post=9620"},{"taxonomy":"country","embeddable":true,"href":"https:\/\/www.entreculturas.org\/en\/wp-json\/wp\/v2\/country?post=9620"},{"taxonomy":"cause","embeddable":true,"href":"https:\/\/www.entreculturas.org\/en\/wp-json\/wp\/v2\/cause?post=9620"}],"curies":[{"name":"wp","href":"https:\/\/api.w.org\/{rel}","templated":true}]}}