{"id":9611,"date":"2020-12-11T10:36:23","date_gmt":"2020-12-11T09:36:23","guid":{"rendered":"https:\/\/www.entreculturas.org\/publicacion\/ser-voluntario-fortalece-una-mision-y-una-motivacion-de\/"},"modified":"2024-09-17T13:45:44","modified_gmt":"2024-09-17T11:45:44","slug":"ser-voluntario-fortalece-una-mision-y-una-motivacion-de","status":"publish","type":"noticia","link":"https:\/\/www.entreculturas.org\/en\/noticia\/ser-voluntario-fortalece-una-mision-y-una-motivacion-de\/","title":{"rendered":"&#8220;Ser voluntario fortalece una misi\u00f3n y una motivaci\u00f3n de vida&#8221;, Fernando Arnal VOLPA en Brasil"},"content":{"rendered":"<p>Mi nombre es Fernando Arnal y en noviembre pasado cumpl\u00ed un a\u00f1o en&nbsp;Boa Vista (frontera Brasil-Venezuela) realizando el voluntariado internacional VOLPA con Entreculturas junto al Servicio Jesuita a Migrantes y Refugiados. <strong>A pesar de la situaci\u00f3n de emergencia sanitaria que vive el mundo, siento que mi sitio est\u00e1 aqu\u00ed.&nbsp;<\/strong> Desafortunadamente, este a\u00f1o ha sido muy diferente para todos: distanciamiento social, mascarillas, muchas reuniones y trabajo online, miedo, incertidumbre&#8230;&nbsp; Pero continuamos en pie y con esperanzas de que todo esto acabe.<\/p>\n<p>Como voluntario internacional no es dif\u00edcil cuestionarse a uno mismo: \u00bfqu\u00e9 estoy haciendo aqu\u00ed? \u00bfC\u00f3mo puedo hacer para aliviar el dolor y la frustraci\u00f3n de tantas personas? Afortunadamente, <strong>estos procesos de reflexi\u00f3n y dudas te permiten afianzar tus motivaciones y acercarte a las personas m\u00e1s vulnerables y encontrarte con su realidad.<\/strong><\/p>\n<p>Brasil sufre una de las tasas m\u00e1s altas de contagios y muertes del mundo por COVID-19; acentuando las deficitarias condiciones sanitarias y de infraestructuras, especialmente en la Regi\u00f3n Norte en la que me encuentro. La econom\u00eda informal era la que daba sustento a la mayor\u00eda de familias migrantes en Boa Vista antes de la pandemia. Esas familias, ya vulnerabilizadas, sufrieron un impacto descomunal en sus posibilidades de generaci\u00f3n de renta donde, en muchas ocasiones, tuvieron que decidir si dedicar sus escasos ingresos a pagar el alquiler o a comprar comida para los hijos.&nbsp;<\/p>\n<p>Esta zona fronteriza no refleja solo la realidad brasile\u00f1a: es tambi\u00e9n un term\u00f3metro de lo que est\u00e1 aconteciendo al otro lado de la frontera, en Venezuela. Los relatos que llegan son muy duros: enorme dificultad para conseguir productos b\u00e1sicos como comida, medicamentos, gasolina, etc.; una inflaci\u00f3n descomunal; desintegraci\u00f3n familiar y cultural de todos los estratos de la sociedad.<\/p>\n<p><strong>Ser voluntario aqu\u00ed fortalece una misi\u00f3n y una motivaci\u00f3n de vida<\/strong>: la de estar con los m\u00e1s vulnerables y los m\u00e1s marginalizados, intentando dignificar y proteger sus procesos migratorios que tantas trabas y dificultades tiene.&nbsp;<\/p>\n<p>Esta Navidad volver\u00e1 a ser distinta, diferente a todo lo que imagin\u00e1bamos hace un a\u00f1o cuando estaba reci\u00e9n llegado a Boa Vista. Diferente a todos los buenos deseos y esperanzas por las que brindamos en la \u00faltima Nochevieja donde nos deseamos un feliz 2020.<\/p>\n","protected":false},"excerpt":{"rendered":"<p>Mi nombre es Fernando Arnal y en noviembre pasado cumpl\u00ed un a\u00f1o en&nbsp;Boa Vista (frontera Brasil-Venezuela) realizando el voluntariado internacional VOLPA con Entreculturas junto al Servicio Jesuita a Migrantes y Refugiados. A pesar de la situaci\u00f3n de emergencia sanitaria que vive el mundo, siento que mi sitio est\u00e1 aqu\u00ed.&nbsp; Desafortunadamente, este a\u00f1o ha sido muy diferente para todos: distanciamiento social, mascarillas, muchas reuniones y trabajo online, miedo, incertidumbre&#8230;&nbsp; Pero continuamos en pie y con esperanzas de que todo esto acabe. Como voluntario internacional no es dif\u00edcil cuestionarse a uno mismo: \u00bfqu\u00e9 estoy haciendo aqu\u00ed? \u00bfC\u00f3mo puedo hacer para aliviar el dolor y la frustraci\u00f3n de tantas personas? Afortunadamente, estos procesos de reflexi\u00f3n y dudas te permiten afianzar tus motivaciones y acercarte a las personas m\u00e1s vulnerables y encontrarte con su realidad. Brasil sufre una de las tasas m\u00e1s altas de contagios y muertes del mundo por COVID-19; acentuando las deficitarias [&hellip;]<\/p>\n","protected":false},"featured_media":9612,"template":"single-noticia","meta":{"_acf_changed":false},"categories":[7],"tags":[191],"country":[],"cause":[],"class_list":["post-9611","noticia","type-noticia","status-publish","has-post-thumbnail","hentry","category-noticia","tag-voluntariado"],"acf":[],"yoast_head":"<!-- This site is optimized with the Yoast SEO Premium plugin v21.6 (Yoast SEO v27.5) - https:\/\/yoast.com\/product\/yoast-seo-premium-wordpress\/ -->\n<title>&quot;Ser voluntario fortalece una misi\u00f3n y una motivaci\u00f3n de vida&quot;, Fernando Arnal VOLPA en Brasil - Entreculturas<\/title>\n<meta name=\"robots\" content=\"index, follow, max-snippet:-1, max-image-preview:large, max-video-preview:-1\" \/>\n<link rel=\"canonical\" href=\"https:\/\/www.entreculturas.org\/en\/noticia\/ser-voluntario-fortalece-una-mision-y-una-motivacion-de\/\" \/>\n<meta property=\"og:locale\" content=\"en_US\" \/>\n<meta property=\"og:type\" content=\"article\" \/>\n<meta property=\"og:title\" content=\"&quot;Ser voluntario fortalece una misi\u00f3n y una motivaci\u00f3n de vida&quot;, Fernando Arnal VOLPA en Brasil\" \/>\n<meta property=\"og:description\" content=\"Mi nombre es Fernando Arnal y en noviembre pasado cumpl\u00ed un a\u00f1o en&nbsp;Boa Vista (frontera Brasil-Venezuela) realizando el voluntariado internacional VOLPA con Entreculturas junto al Servicio Jesuita a Migrantes y Refugiados. A pesar de la situaci\u00f3n de emergencia sanitaria que vive el mundo, siento que mi sitio est\u00e1 aqu\u00ed.&nbsp; Desafortunadamente, este a\u00f1o ha sido muy diferente para todos: distanciamiento social, mascarillas, muchas reuniones y trabajo online, miedo, incertidumbre&#8230;&nbsp; Pero continuamos en pie y con esperanzas de que todo esto acabe. Como voluntario internacional no es dif\u00edcil cuestionarse a uno mismo: \u00bfqu\u00e9 estoy haciendo aqu\u00ed? \u00bfC\u00f3mo puedo hacer para aliviar el dolor y la frustraci\u00f3n de tantas personas? Afortunadamente, estos procesos de reflexi\u00f3n y dudas te permiten afianzar tus motivaciones y acercarte a las personas m\u00e1s vulnerables y encontrarte con su realidad. Brasil sufre una de las tasas m\u00e1s altas de contagios y muertes del mundo por COVID-19; acentuando las deficitarias [&hellip;]\" \/>\n<meta property=\"og:url\" content=\"https:\/\/www.entreculturas.org\/en\/noticia\/ser-voluntario-fortalece-una-mision-y-una-motivacion-de\/\" \/>\n<meta property=\"og:site_name\" content=\"Entreculturas\" \/>\n<meta property=\"article:publisher\" content=\"https:\/\/www.facebook.com\/entreculturas\" \/>\n<meta property=\"article:modified_time\" content=\"2024-09-17T11:45:44+00:00\" \/>\n<meta property=\"og:image\" content=\"https:\/\/www.entreculturas.org\/wp-content\/uploads\/2023\/12\/fernando_arnal.jpg\" \/>\n\t<meta property=\"og:image:width\" content=\"400\" \/>\n\t<meta property=\"og:image:height\" content=\"309\" \/>\n\t<meta property=\"og:image:type\" content=\"image\/jpeg\" \/>\n<meta name=\"twitter:card\" content=\"summary_large_image\" \/>\n<meta name=\"twitter:site\" content=\"@Entreculturas\" \/>\n<script type=\"application\/ld+json\" class=\"yoast-schema-graph\">{\"@context\":\"https:\\\/\\\/schema.org\",\"@graph\":[{\"@type\":\"WebPage\",\"@id\":\"https:\\\/\\\/www.entreculturas.org\\\/en\\\/noticia\\\/ser-voluntario-fortalece-una-mision-y-una-motivacion-de\\\/\",\"url\":\"https:\\\/\\\/www.entreculturas.org\\\/en\\\/noticia\\\/ser-voluntario-fortalece-una-mision-y-una-motivacion-de\\\/\",\"name\":\"\\\"Ser voluntario fortalece una misi\u00f3n y una motivaci\u00f3n de vida\\\", Fernando Arnal VOLPA en Brasil - Entreculturas\",\"isPartOf\":{\"@id\":\"https:\\\/\\\/www.entreculturas.org\\\/en\\\/#website\"},\"primaryImageOfPage\":{\"@id\":\"https:\\\/\\\/www.entreculturas.org\\\/en\\\/noticia\\\/ser-voluntario-fortalece-una-mision-y-una-motivacion-de\\\/#primaryimage\"},\"image\":{\"@id\":\"https:\\\/\\\/www.entreculturas.org\\\/en\\\/noticia\\\/ser-voluntario-fortalece-una-mision-y-una-motivacion-de\\\/#primaryimage\"},\"thumbnailUrl\":\"https:\\\/\\\/www.entreculturas.org\\\/wp-content\\\/uploads\\\/2023\\\/12\\\/fernando_arnal.jpg\",\"datePublished\":\"2020-12-11T09:36:23+00:00\",\"dateModified\":\"2024-09-17T11:45:44+00:00\",\"breadcrumb\":{\"@id\":\"https:\\\/\\\/www.entreculturas.org\\\/en\\\/noticia\\\/ser-voluntario-fortalece-una-mision-y-una-motivacion-de\\\/#breadcrumb\"},\"inLanguage\":\"en-US\",\"potentialAction\":[{\"@type\":\"ReadAction\",\"target\":[\"https:\\\/\\\/www.entreculturas.org\\\/en\\\/noticia\\\/ser-voluntario-fortalece-una-mision-y-una-motivacion-de\\\/\"]}]},{\"@type\":\"ImageObject\",\"inLanguage\":\"en-US\",\"@id\":\"https:\\\/\\\/www.entreculturas.org\\\/en\\\/noticia\\\/ser-voluntario-fortalece-una-mision-y-una-motivacion-de\\\/#primaryimage\",\"url\":\"https:\\\/\\\/www.entreculturas.org\\\/wp-content\\\/uploads\\\/2023\\\/12\\\/fernando_arnal.jpg\",\"contentUrl\":\"https:\\\/\\\/www.entreculturas.org\\\/wp-content\\\/uploads\\\/2023\\\/12\\\/fernando_arnal.jpg\",\"width\":400,\"height\":309},{\"@type\":\"BreadcrumbList\",\"@id\":\"https:\\\/\\\/www.entreculturas.org\\\/en\\\/noticia\\\/ser-voluntario-fortalece-una-mision-y-una-motivacion-de\\\/#breadcrumb\",\"itemListElement\":[{\"@type\":\"ListItem\",\"position\":1,\"name\":\"Home\",\"item\":\"https:\\\/\\\/www.entreculturas.org\\\/en\\\/\"},{\"@type\":\"ListItem\",\"position\":2,\"name\":\"Noticias\",\"item\":\"https:\\\/\\\/www.entreculturas.org\\\/en\\\/noticias\\\/\"},{\"@type\":\"ListItem\",\"position\":3,\"name\":\"&#8220;Ser voluntario fortalece una misi\u00f3n y una motivaci\u00f3n de vida&#8221;, Fernando Arnal VOLPA en Brasil\"}]},{\"@type\":\"WebSite\",\"@id\":\"https:\\\/\\\/www.entreculturas.org\\\/en\\\/#website\",\"url\":\"https:\\\/\\\/www.entreculturas.org\\\/en\\\/\",\"name\":\"Entreculturas\",\"description\":\"\",\"publisher\":{\"@id\":\"https:\\\/\\\/www.entreculturas.org\\\/en\\\/#organization\"},\"alternateName\":\"Entreculturas\",\"potentialAction\":[{\"@type\":\"SearchAction\",\"target\":{\"@type\":\"EntryPoint\",\"urlTemplate\":\"https:\\\/\\\/www.entreculturas.org\\\/en\\\/?s={search_term_string}\"},\"query-input\":{\"@type\":\"PropertyValueSpecification\",\"valueRequired\":true,\"valueName\":\"search_term_string\"}}],\"inLanguage\":\"en-US\"},{\"@type\":\"Organization\",\"@id\":\"https:\\\/\\\/www.entreculturas.org\\\/en\\\/#organization\",\"name\":\"Entreculturas\",\"url\":\"https:\\\/\\\/www.entreculturas.org\\\/en\\\/\",\"logo\":{\"@type\":\"ImageObject\",\"inLanguage\":\"en-US\",\"@id\":\"https:\\\/\\\/www.entreculturas.org\\\/en\\\/#\\\/schema\\\/logo\\\/image\\\/\",\"url\":\"https:\\\/\\\/www.entreculturas.org\\\/wp-content\\\/uploads\\\/2025\\\/10\\\/ESP.svg\",\"contentUrl\":\"https:\\\/\\\/www.entreculturas.org\\\/wp-content\\\/uploads\\\/2025\\\/10\\\/ESP.svg\",\"caption\":\"Entreculturas\"},\"image\":{\"@id\":\"https:\\\/\\\/www.entreculturas.org\\\/en\\\/#\\\/schema\\\/logo\\\/image\\\/\"},\"sameAs\":[\"https:\\\/\\\/www.facebook.com\\\/entreculturas\",\"https:\\\/\\\/x.com\\\/Entreculturas\",\"https:\\\/\\\/www.instagram.com\\\/entreculturas\\\/\",\"https:\\\/\\\/www.youtube.com\\\/user\\\/entreculturasvideo\",\"https:\\\/\\\/www.linkedin.com\\\/company\\\/fundacion-entreculturas-ngdo\\\/\",\"https:\\\/\\\/www.flickr.com\\\/photos\\\/98455522@N04\\\/albums\\\/\"]}]}<\/script>\n<!-- \/ Yoast SEO Premium plugin. -->","yoast_head_json":{"title":"\"Ser voluntario fortalece una misi\u00f3n y una motivaci\u00f3n de vida\", Fernando Arnal VOLPA en Brasil - Entreculturas","robots":{"index":"index","follow":"follow","max-snippet":"max-snippet:-1","max-image-preview":"max-image-preview:large","max-video-preview":"max-video-preview:-1"},"canonical":"https:\/\/www.entreculturas.org\/en\/noticia\/ser-voluntario-fortalece-una-mision-y-una-motivacion-de\/","og_locale":"en_US","og_type":"article","og_title":"\"Ser voluntario fortalece una misi\u00f3n y una motivaci\u00f3n de vida\", Fernando Arnal VOLPA en Brasil","og_description":"Mi nombre es Fernando Arnal y en noviembre pasado cumpl\u00ed un a\u00f1o en&nbsp;Boa Vista (frontera Brasil-Venezuela) realizando el voluntariado internacional VOLPA con Entreculturas junto al Servicio Jesuita a Migrantes y Refugiados. A pesar de la situaci\u00f3n de emergencia sanitaria que vive el mundo, siento que mi sitio est\u00e1 aqu\u00ed.&nbsp; Desafortunadamente, este a\u00f1o ha sido muy diferente para todos: distanciamiento social, mascarillas, muchas reuniones y trabajo online, miedo, incertidumbre&#8230;&nbsp; Pero continuamos en pie y con esperanzas de que todo esto acabe. Como voluntario internacional no es dif\u00edcil cuestionarse a uno mismo: \u00bfqu\u00e9 estoy haciendo aqu\u00ed? \u00bfC\u00f3mo puedo hacer para aliviar el dolor y la frustraci\u00f3n de tantas personas? Afortunadamente, estos procesos de reflexi\u00f3n y dudas te permiten afianzar tus motivaciones y acercarte a las personas m\u00e1s vulnerables y encontrarte con su realidad. Brasil sufre una de las tasas m\u00e1s altas de contagios y muertes del mundo por COVID-19; acentuando las deficitarias [&hellip;]","og_url":"https:\/\/www.entreculturas.org\/en\/noticia\/ser-voluntario-fortalece-una-mision-y-una-motivacion-de\/","og_site_name":"Entreculturas","article_publisher":"https:\/\/www.facebook.com\/entreculturas","article_modified_time":"2024-09-17T11:45:44+00:00","og_image":[{"width":400,"height":309,"url":"https:\/\/www.entreculturas.org\/wp-content\/uploads\/2023\/12\/fernando_arnal.jpg","type":"image\/jpeg"}],"twitter_card":"summary_large_image","twitter_site":"@Entreculturas","schema":{"@context":"https:\/\/schema.org","@graph":[{"@type":"WebPage","@id":"https:\/\/www.entreculturas.org\/en\/noticia\/ser-voluntario-fortalece-una-mision-y-una-motivacion-de\/","url":"https:\/\/www.entreculturas.org\/en\/noticia\/ser-voluntario-fortalece-una-mision-y-una-motivacion-de\/","name":"\"Ser voluntario fortalece una misi\u00f3n y una motivaci\u00f3n de vida\", Fernando Arnal VOLPA en Brasil - Entreculturas","isPartOf":{"@id":"https:\/\/www.entreculturas.org\/en\/#website"},"primaryImageOfPage":{"@id":"https:\/\/www.entreculturas.org\/en\/noticia\/ser-voluntario-fortalece-una-mision-y-una-motivacion-de\/#primaryimage"},"image":{"@id":"https:\/\/www.entreculturas.org\/en\/noticia\/ser-voluntario-fortalece-una-mision-y-una-motivacion-de\/#primaryimage"},"thumbnailUrl":"https:\/\/www.entreculturas.org\/wp-content\/uploads\/2023\/12\/fernando_arnal.jpg","datePublished":"2020-12-11T09:36:23+00:00","dateModified":"2024-09-17T11:45:44+00:00","breadcrumb":{"@id":"https:\/\/www.entreculturas.org\/en\/noticia\/ser-voluntario-fortalece-una-mision-y-una-motivacion-de\/#breadcrumb"},"inLanguage":"en-US","potentialAction":[{"@type":"ReadAction","target":["https:\/\/www.entreculturas.org\/en\/noticia\/ser-voluntario-fortalece-una-mision-y-una-motivacion-de\/"]}]},{"@type":"ImageObject","inLanguage":"en-US","@id":"https:\/\/www.entreculturas.org\/en\/noticia\/ser-voluntario-fortalece-una-mision-y-una-motivacion-de\/#primaryimage","url":"https:\/\/www.entreculturas.org\/wp-content\/uploads\/2023\/12\/fernando_arnal.jpg","contentUrl":"https:\/\/www.entreculturas.org\/wp-content\/uploads\/2023\/12\/fernando_arnal.jpg","width":400,"height":309},{"@type":"BreadcrumbList","@id":"https:\/\/www.entreculturas.org\/en\/noticia\/ser-voluntario-fortalece-una-mision-y-una-motivacion-de\/#breadcrumb","itemListElement":[{"@type":"ListItem","position":1,"name":"Home","item":"https:\/\/www.entreculturas.org\/en\/"},{"@type":"ListItem","position":2,"name":"Noticias","item":"https:\/\/www.entreculturas.org\/en\/noticias\/"},{"@type":"ListItem","position":3,"name":"&#8220;Ser voluntario fortalece una misi\u00f3n y una motivaci\u00f3n de vida&#8221;, Fernando Arnal VOLPA en Brasil"}]},{"@type":"WebSite","@id":"https:\/\/www.entreculturas.org\/en\/#website","url":"https:\/\/www.entreculturas.org\/en\/","name":"Entreculturas","description":"","publisher":{"@id":"https:\/\/www.entreculturas.org\/en\/#organization"},"alternateName":"Entreculturas","potentialAction":[{"@type":"SearchAction","target":{"@type":"EntryPoint","urlTemplate":"https:\/\/www.entreculturas.org\/en\/?s={search_term_string}"},"query-input":{"@type":"PropertyValueSpecification","valueRequired":true,"valueName":"search_term_string"}}],"inLanguage":"en-US"},{"@type":"Organization","@id":"https:\/\/www.entreculturas.org\/en\/#organization","name":"Entreculturas","url":"https:\/\/www.entreculturas.org\/en\/","logo":{"@type":"ImageObject","inLanguage":"en-US","@id":"https:\/\/www.entreculturas.org\/en\/#\/schema\/logo\/image\/","url":"https:\/\/www.entreculturas.org\/wp-content\/uploads\/2025\/10\/ESP.svg","contentUrl":"https:\/\/www.entreculturas.org\/wp-content\/uploads\/2025\/10\/ESP.svg","caption":"Entreculturas"},"image":{"@id":"https:\/\/www.entreculturas.org\/en\/#\/schema\/logo\/image\/"},"sameAs":["https:\/\/www.facebook.com\/entreculturas","https:\/\/x.com\/Entreculturas","https:\/\/www.instagram.com\/entreculturas\/","https:\/\/www.youtube.com\/user\/entreculturasvideo","https:\/\/www.linkedin.com\/company\/fundacion-entreculturas-ngdo\/","https:\/\/www.flickr.com\/photos\/98455522@N04\/albums\/"]}]}},"_links":{"self":[{"href":"https:\/\/www.entreculturas.org\/en\/wp-json\/wp\/v2\/noticia\/9611","targetHints":{"allow":["GET"]}}],"collection":[{"href":"https:\/\/www.entreculturas.org\/en\/wp-json\/wp\/v2\/noticia"}],"about":[{"href":"https:\/\/www.entreculturas.org\/en\/wp-json\/wp\/v2\/types\/noticia"}],"wp:featuredmedia":[{"embeddable":true,"href":"https:\/\/www.entreculturas.org\/en\/wp-json\/wp\/v2\/media\/9612"}],"wp:attachment":[{"href":"https:\/\/www.entreculturas.org\/en\/wp-json\/wp\/v2\/media?parent=9611"}],"wp:term":[{"taxonomy":"category","embeddable":true,"href":"https:\/\/www.entreculturas.org\/en\/wp-json\/wp\/v2\/categories?post=9611"},{"taxonomy":"post_tag","embeddable":true,"href":"https:\/\/www.entreculturas.org\/en\/wp-json\/wp\/v2\/tags?post=9611"},{"taxonomy":"country","embeddable":true,"href":"https:\/\/www.entreculturas.org\/en\/wp-json\/wp\/v2\/country?post=9611"},{"taxonomy":"cause","embeddable":true,"href":"https:\/\/www.entreculturas.org\/en\/wp-json\/wp\/v2\/cause?post=9611"}],"curies":[{"name":"wp","href":"https:\/\/api.w.org\/{rel}","templated":true}]}}