{"id":9560,"date":"2018-12-26T12:57:19","date_gmt":"2018-12-26T11:57:19","guid":{"rendered":"https:\/\/www.entreculturas.org\/publicacion\/jose-manuel-martinez-ex-delegado-de-entreculturas-en\/"},"modified":"2024-09-17T13:58:31","modified_gmt":"2024-09-17T11:58:31","slug":"jose-manuel-martinez-ex-delegado-de-entreculturas-en","status":"publish","type":"noticia","link":"https:\/\/www.entreculturas.org\/en\/noticia\/jose-manuel-martinez-ex-delegado-de-entreculturas-en\/","title":{"rendered":"Jos\u00e9 Manuel Mart\u00ednez, Ex delegado de Entreculturas en Le\u00f3n"},"content":{"rendered":"<p>Gracias, gracias y m\u00e1s gracias. Tras 12 a\u00f1os en Entreculturas Le\u00f3n, entre Red de J\u00f3venes y delegaci\u00f3n, toca despedirse&#8230; pero, a veces, una despedida no tiene por qu\u00e9 ser un adi\u00f3s, sino un hasta pronto, y esto es lo que me toca decir a m\u00ed: \u00a1Hasta pronto! Hay momentos en la vida en los que hay cerrar ciclos y reinventarse, desacomodarse y darle un giro a tu vida y esta vez me toca a m\u00ed.<\/p>\n<p>Y es que a\u00fan me acuerdo de ese joven Jose que estudiaba en Jesuitas Le\u00f3n y al que le ofrecieron con 15 a\u00f1os entrar en la Red Solidaria de J\u00f3venes, que despu\u00e9s form\u00f3 parte de la delegaci\u00f3n y que, con solo 21 a\u00f1os, fue delegado. Han sido muchos los a\u00f1os que he estado al frente de la delegaci\u00f3n de Le\u00f3n (cinco en total), <strong>coordinando un equipo de voluntarios<\/strong> que en un principio era muy peque\u00f1o pero que, poco a poco, ha ido creciendo en cantidad, calidad y, sobre todo, en compromiso y calidez humana hasta ser pr\u00e1cticamente un grupo de amigos.<\/p>\n<p>Son muchas las actividades que hemos llevado a cabo y tant\u00edsimo el nivel de crecimiento en lo que a <strong>calidad humana <\/strong>se refiere, que son muchas las personas a las que tengo que agradecer todo lo vivido y lo compartido en estos a\u00f1os\u2026 me resultar\u00eda una falta de respeto no nombrarlas a todas, por lo que prefiero un agradecimiento extensivo a la delegaci\u00f3n y a toda la gente de sede central y otras delegaciones por tant\u00edsimo bueno compartido.<\/p>\n<p>Toca cambiar de ciudad, de aires y, como dije anteriormente, de desacomodarme, de salir de mi zona de confort y por fin dedicarme a trabajar en lo que de verdad me gusta. Y es que, como todos sab\u00e9is, la oferta de trabajo en Le\u00f3n es muy peque\u00f1ita y por eso decid\u00ed salir de all\u00ed, pero no quiere decir que me desvincule de Entreculturas, \u00a1ni mucho menos! En mi nueva ciudad, Valladolid, seguir\u00e9 trabajando en todo lo que Entreculturas y la compa\u00f1\u00eda me requieran.<\/p>\n<p>De nuevo, y ahora ya me despido: mil millones de gracias por todo lo vivido y lo disfrutado. Quiero que sep\u00e1is que, <strong>pase lo que pase, seguiremos caminando juntos.<\/strong><\/p>\n","protected":false},"excerpt":{"rendered":"<p>Gracias, gracias y m\u00e1s gracias. Tras 12 a\u00f1os en Entreculturas Le\u00f3n, entre Red de J\u00f3venes y delegaci\u00f3n, toca despedirse&#8230; pero, a veces, una despedida no tiene por qu\u00e9 ser un adi\u00f3s, sino un hasta pronto, y esto es lo que me toca decir a m\u00ed: \u00a1Hasta pronto! Hay momentos en la vida en los que hay cerrar ciclos y reinventarse, desacomodarse y darle un giro a tu vida y esta vez me toca a m\u00ed. Y es que a\u00fan me acuerdo de ese joven Jose que estudiaba en Jesuitas Le\u00f3n y al que le ofrecieron con 15 a\u00f1os entrar en la Red Solidaria de J\u00f3venes, que despu\u00e9s form\u00f3 parte de la delegaci\u00f3n y que, con solo 21 a\u00f1os, fue delegado. Han sido muchos los a\u00f1os que he estado al frente de la delegaci\u00f3n de Le\u00f3n (cinco en total), coordinando un equipo de voluntarios que en un principio era muy peque\u00f1o [&hellip;]<\/p>\n","protected":false},"featured_media":9561,"template":"single-noticia","meta":{"_acf_changed":false},"categories":[7],"tags":[191],"country":[],"cause":[],"class_list":["post-9560","noticia","type-noticia","status-publish","has-post-thumbnail","hentry","category-noticia","tag-voluntariado"],"acf":[],"yoast_head":"<!-- This site is optimized with the Yoast SEO Premium plugin v21.6 (Yoast SEO v27.5) - https:\/\/yoast.com\/product\/yoast-seo-premium-wordpress\/ -->\n<title>Jos\u00e9 Manuel Mart\u00ednez, Ex delegado de Entreculturas en Le\u00f3n - Entreculturas<\/title>\n<meta name=\"robots\" content=\"index, follow, max-snippet:-1, max-image-preview:large, max-video-preview:-1\" \/>\n<link rel=\"canonical\" href=\"https:\/\/www.entreculturas.org\/en\/noticia\/jose-manuel-martinez-ex-delegado-de-entreculturas-en\/\" \/>\n<meta property=\"og:locale\" content=\"en_US\" \/>\n<meta property=\"og:type\" content=\"article\" \/>\n<meta property=\"og:title\" content=\"Jos\u00e9 Manuel Mart\u00ednez, Ex delegado de Entreculturas en Le\u00f3n\" \/>\n<meta property=\"og:description\" content=\"Gracias, gracias y m\u00e1s gracias. Tras 12 a\u00f1os en Entreculturas Le\u00f3n, entre Red de J\u00f3venes y delegaci\u00f3n, toca despedirse&#8230; pero, a veces, una despedida no tiene por qu\u00e9 ser un adi\u00f3s, sino un hasta pronto, y esto es lo que me toca decir a m\u00ed: \u00a1Hasta pronto! Hay momentos en la vida en los que hay cerrar ciclos y reinventarse, desacomodarse y darle un giro a tu vida y esta vez me toca a m\u00ed. Y es que a\u00fan me acuerdo de ese joven Jose que estudiaba en Jesuitas Le\u00f3n y al que le ofrecieron con 15 a\u00f1os entrar en la Red Solidaria de J\u00f3venes, que despu\u00e9s form\u00f3 parte de la delegaci\u00f3n y que, con solo 21 a\u00f1os, fue delegado. Han sido muchos los a\u00f1os que he estado al frente de la delegaci\u00f3n de Le\u00f3n (cinco en total), coordinando un equipo de voluntarios que en un principio era muy peque\u00f1o [&hellip;]\" \/>\n<meta property=\"og:url\" content=\"https:\/\/www.entreculturas.org\/en\/noticia\/jose-manuel-martinez-ex-delegado-de-entreculturas-en\/\" \/>\n<meta property=\"og:site_name\" content=\"Entreculturas\" \/>\n<meta property=\"article:publisher\" content=\"https:\/\/www.facebook.com\/entreculturas\" \/>\n<meta property=\"article:modified_time\" content=\"2024-09-17T11:58:31+00:00\" \/>\n<meta property=\"og:image\" content=\"https:\/\/www.entreculturas.org\/wp-content\/uploads\/2023\/12\/jose_exdelegado_leon.jpg\" \/>\n\t<meta property=\"og:image:width\" content=\"500\" \/>\n\t<meta property=\"og:image:height\" content=\"333\" \/>\n\t<meta property=\"og:image:type\" content=\"image\/jpeg\" \/>\n<meta name=\"twitter:card\" content=\"summary_large_image\" \/>\n<meta name=\"twitter:site\" content=\"@Entreculturas\" \/>\n<script type=\"application\/ld+json\" class=\"yoast-schema-graph\">{\"@context\":\"https:\\\/\\\/schema.org\",\"@graph\":[{\"@type\":\"WebPage\",\"@id\":\"https:\\\/\\\/www.entreculturas.org\\\/en\\\/noticia\\\/jose-manuel-martinez-ex-delegado-de-entreculturas-en\\\/\",\"url\":\"https:\\\/\\\/www.entreculturas.org\\\/en\\\/noticia\\\/jose-manuel-martinez-ex-delegado-de-entreculturas-en\\\/\",\"name\":\"Jos\u00e9 Manuel Mart\u00ednez, Ex delegado de Entreculturas en Le\u00f3n - Entreculturas\",\"isPartOf\":{\"@id\":\"https:\\\/\\\/www.entreculturas.org\\\/en\\\/#website\"},\"primaryImageOfPage\":{\"@id\":\"https:\\\/\\\/www.entreculturas.org\\\/en\\\/noticia\\\/jose-manuel-martinez-ex-delegado-de-entreculturas-en\\\/#primaryimage\"},\"image\":{\"@id\":\"https:\\\/\\\/www.entreculturas.org\\\/en\\\/noticia\\\/jose-manuel-martinez-ex-delegado-de-entreculturas-en\\\/#primaryimage\"},\"thumbnailUrl\":\"https:\\\/\\\/www.entreculturas.org\\\/wp-content\\\/uploads\\\/2023\\\/12\\\/jose_exdelegado_leon.jpg\",\"datePublished\":\"2018-12-26T11:57:19+00:00\",\"dateModified\":\"2024-09-17T11:58:31+00:00\",\"breadcrumb\":{\"@id\":\"https:\\\/\\\/www.entreculturas.org\\\/en\\\/noticia\\\/jose-manuel-martinez-ex-delegado-de-entreculturas-en\\\/#breadcrumb\"},\"inLanguage\":\"en-US\",\"potentialAction\":[{\"@type\":\"ReadAction\",\"target\":[\"https:\\\/\\\/www.entreculturas.org\\\/en\\\/noticia\\\/jose-manuel-martinez-ex-delegado-de-entreculturas-en\\\/\"]}]},{\"@type\":\"ImageObject\",\"inLanguage\":\"en-US\",\"@id\":\"https:\\\/\\\/www.entreculturas.org\\\/en\\\/noticia\\\/jose-manuel-martinez-ex-delegado-de-entreculturas-en\\\/#primaryimage\",\"url\":\"https:\\\/\\\/www.entreculturas.org\\\/wp-content\\\/uploads\\\/2023\\\/12\\\/jose_exdelegado_leon.jpg\",\"contentUrl\":\"https:\\\/\\\/www.entreculturas.org\\\/wp-content\\\/uploads\\\/2023\\\/12\\\/jose_exdelegado_leon.jpg\",\"width\":500,\"height\":333},{\"@type\":\"BreadcrumbList\",\"@id\":\"https:\\\/\\\/www.entreculturas.org\\\/en\\\/noticia\\\/jose-manuel-martinez-ex-delegado-de-entreculturas-en\\\/#breadcrumb\",\"itemListElement\":[{\"@type\":\"ListItem\",\"position\":1,\"name\":\"Home\",\"item\":\"https:\\\/\\\/www.entreculturas.org\\\/en\\\/\"},{\"@type\":\"ListItem\",\"position\":2,\"name\":\"Noticias\",\"item\":\"https:\\\/\\\/www.entreculturas.org\\\/en\\\/noticias\\\/\"},{\"@type\":\"ListItem\",\"position\":3,\"name\":\"Jos\u00e9 Manuel Mart\u00ednez, Ex delegado de Entreculturas en Le\u00f3n\"}]},{\"@type\":\"WebSite\",\"@id\":\"https:\\\/\\\/www.entreculturas.org\\\/en\\\/#website\",\"url\":\"https:\\\/\\\/www.entreculturas.org\\\/en\\\/\",\"name\":\"Entreculturas\",\"description\":\"\",\"publisher\":{\"@id\":\"https:\\\/\\\/www.entreculturas.org\\\/en\\\/#organization\"},\"alternateName\":\"Entreculturas\",\"potentialAction\":[{\"@type\":\"SearchAction\",\"target\":{\"@type\":\"EntryPoint\",\"urlTemplate\":\"https:\\\/\\\/www.entreculturas.org\\\/en\\\/?s={search_term_string}\"},\"query-input\":{\"@type\":\"PropertyValueSpecification\",\"valueRequired\":true,\"valueName\":\"search_term_string\"}}],\"inLanguage\":\"en-US\"},{\"@type\":\"Organization\",\"@id\":\"https:\\\/\\\/www.entreculturas.org\\\/en\\\/#organization\",\"name\":\"Entreculturas\",\"url\":\"https:\\\/\\\/www.entreculturas.org\\\/en\\\/\",\"logo\":{\"@type\":\"ImageObject\",\"inLanguage\":\"en-US\",\"@id\":\"https:\\\/\\\/www.entreculturas.org\\\/en\\\/#\\\/schema\\\/logo\\\/image\\\/\",\"url\":\"https:\\\/\\\/www.entreculturas.org\\\/wp-content\\\/uploads\\\/2025\\\/10\\\/ESP.svg\",\"contentUrl\":\"https:\\\/\\\/www.entreculturas.org\\\/wp-content\\\/uploads\\\/2025\\\/10\\\/ESP.svg\",\"caption\":\"Entreculturas\"},\"image\":{\"@id\":\"https:\\\/\\\/www.entreculturas.org\\\/en\\\/#\\\/schema\\\/logo\\\/image\\\/\"},\"sameAs\":[\"https:\\\/\\\/www.facebook.com\\\/entreculturas\",\"https:\\\/\\\/x.com\\\/Entreculturas\",\"https:\\\/\\\/www.instagram.com\\\/entreculturas\\\/\",\"https:\\\/\\\/www.youtube.com\\\/user\\\/entreculturasvideo\",\"https:\\\/\\\/www.linkedin.com\\\/company\\\/fundacion-entreculturas-ngdo\\\/\",\"https:\\\/\\\/www.flickr.com\\\/photos\\\/98455522@N04\\\/albums\\\/\"]}]}<\/script>\n<!-- \/ Yoast SEO Premium plugin. -->","yoast_head_json":{"title":"Jos\u00e9 Manuel Mart\u00ednez, Ex delegado de Entreculturas en Le\u00f3n - Entreculturas","robots":{"index":"index","follow":"follow","max-snippet":"max-snippet:-1","max-image-preview":"max-image-preview:large","max-video-preview":"max-video-preview:-1"},"canonical":"https:\/\/www.entreculturas.org\/en\/noticia\/jose-manuel-martinez-ex-delegado-de-entreculturas-en\/","og_locale":"en_US","og_type":"article","og_title":"Jos\u00e9 Manuel Mart\u00ednez, Ex delegado de Entreculturas en Le\u00f3n","og_description":"Gracias, gracias y m\u00e1s gracias. Tras 12 a\u00f1os en Entreculturas Le\u00f3n, entre Red de J\u00f3venes y delegaci\u00f3n, toca despedirse&#8230; pero, a veces, una despedida no tiene por qu\u00e9 ser un adi\u00f3s, sino un hasta pronto, y esto es lo que me toca decir a m\u00ed: \u00a1Hasta pronto! Hay momentos en la vida en los que hay cerrar ciclos y reinventarse, desacomodarse y darle un giro a tu vida y esta vez me toca a m\u00ed. Y es que a\u00fan me acuerdo de ese joven Jose que estudiaba en Jesuitas Le\u00f3n y al que le ofrecieron con 15 a\u00f1os entrar en la Red Solidaria de J\u00f3venes, que despu\u00e9s form\u00f3 parte de la delegaci\u00f3n y que, con solo 21 a\u00f1os, fue delegado. Han sido muchos los a\u00f1os que he estado al frente de la delegaci\u00f3n de Le\u00f3n (cinco en total), coordinando un equipo de voluntarios que en un principio era muy peque\u00f1o [&hellip;]","og_url":"https:\/\/www.entreculturas.org\/en\/noticia\/jose-manuel-martinez-ex-delegado-de-entreculturas-en\/","og_site_name":"Entreculturas","article_publisher":"https:\/\/www.facebook.com\/entreculturas","article_modified_time":"2024-09-17T11:58:31+00:00","og_image":[{"width":500,"height":333,"url":"https:\/\/www.entreculturas.org\/wp-content\/uploads\/2023\/12\/jose_exdelegado_leon.jpg","type":"image\/jpeg"}],"twitter_card":"summary_large_image","twitter_site":"@Entreculturas","schema":{"@context":"https:\/\/schema.org","@graph":[{"@type":"WebPage","@id":"https:\/\/www.entreculturas.org\/en\/noticia\/jose-manuel-martinez-ex-delegado-de-entreculturas-en\/","url":"https:\/\/www.entreculturas.org\/en\/noticia\/jose-manuel-martinez-ex-delegado-de-entreculturas-en\/","name":"Jos\u00e9 Manuel Mart\u00ednez, Ex delegado de Entreculturas en Le\u00f3n - Entreculturas","isPartOf":{"@id":"https:\/\/www.entreculturas.org\/en\/#website"},"primaryImageOfPage":{"@id":"https:\/\/www.entreculturas.org\/en\/noticia\/jose-manuel-martinez-ex-delegado-de-entreculturas-en\/#primaryimage"},"image":{"@id":"https:\/\/www.entreculturas.org\/en\/noticia\/jose-manuel-martinez-ex-delegado-de-entreculturas-en\/#primaryimage"},"thumbnailUrl":"https:\/\/www.entreculturas.org\/wp-content\/uploads\/2023\/12\/jose_exdelegado_leon.jpg","datePublished":"2018-12-26T11:57:19+00:00","dateModified":"2024-09-17T11:58:31+00:00","breadcrumb":{"@id":"https:\/\/www.entreculturas.org\/en\/noticia\/jose-manuel-martinez-ex-delegado-de-entreculturas-en\/#breadcrumb"},"inLanguage":"en-US","potentialAction":[{"@type":"ReadAction","target":["https:\/\/www.entreculturas.org\/en\/noticia\/jose-manuel-martinez-ex-delegado-de-entreculturas-en\/"]}]},{"@type":"ImageObject","inLanguage":"en-US","@id":"https:\/\/www.entreculturas.org\/en\/noticia\/jose-manuel-martinez-ex-delegado-de-entreculturas-en\/#primaryimage","url":"https:\/\/www.entreculturas.org\/wp-content\/uploads\/2023\/12\/jose_exdelegado_leon.jpg","contentUrl":"https:\/\/www.entreculturas.org\/wp-content\/uploads\/2023\/12\/jose_exdelegado_leon.jpg","width":500,"height":333},{"@type":"BreadcrumbList","@id":"https:\/\/www.entreculturas.org\/en\/noticia\/jose-manuel-martinez-ex-delegado-de-entreculturas-en\/#breadcrumb","itemListElement":[{"@type":"ListItem","position":1,"name":"Home","item":"https:\/\/www.entreculturas.org\/en\/"},{"@type":"ListItem","position":2,"name":"Noticias","item":"https:\/\/www.entreculturas.org\/en\/noticias\/"},{"@type":"ListItem","position":3,"name":"Jos\u00e9 Manuel Mart\u00ednez, Ex delegado de Entreculturas en Le\u00f3n"}]},{"@type":"WebSite","@id":"https:\/\/www.entreculturas.org\/en\/#website","url":"https:\/\/www.entreculturas.org\/en\/","name":"Entreculturas","description":"","publisher":{"@id":"https:\/\/www.entreculturas.org\/en\/#organization"},"alternateName":"Entreculturas","potentialAction":[{"@type":"SearchAction","target":{"@type":"EntryPoint","urlTemplate":"https:\/\/www.entreculturas.org\/en\/?s={search_term_string}"},"query-input":{"@type":"PropertyValueSpecification","valueRequired":true,"valueName":"search_term_string"}}],"inLanguage":"en-US"},{"@type":"Organization","@id":"https:\/\/www.entreculturas.org\/en\/#organization","name":"Entreculturas","url":"https:\/\/www.entreculturas.org\/en\/","logo":{"@type":"ImageObject","inLanguage":"en-US","@id":"https:\/\/www.entreculturas.org\/en\/#\/schema\/logo\/image\/","url":"https:\/\/www.entreculturas.org\/wp-content\/uploads\/2025\/10\/ESP.svg","contentUrl":"https:\/\/www.entreculturas.org\/wp-content\/uploads\/2025\/10\/ESP.svg","caption":"Entreculturas"},"image":{"@id":"https:\/\/www.entreculturas.org\/en\/#\/schema\/logo\/image\/"},"sameAs":["https:\/\/www.facebook.com\/entreculturas","https:\/\/x.com\/Entreculturas","https:\/\/www.instagram.com\/entreculturas\/","https:\/\/www.youtube.com\/user\/entreculturasvideo","https:\/\/www.linkedin.com\/company\/fundacion-entreculturas-ngdo\/","https:\/\/www.flickr.com\/photos\/98455522@N04\/albums\/"]}]}},"_links":{"self":[{"href":"https:\/\/www.entreculturas.org\/en\/wp-json\/wp\/v2\/noticia\/9560","targetHints":{"allow":["GET"]}}],"collection":[{"href":"https:\/\/www.entreculturas.org\/en\/wp-json\/wp\/v2\/noticia"}],"about":[{"href":"https:\/\/www.entreculturas.org\/en\/wp-json\/wp\/v2\/types\/noticia"}],"wp:featuredmedia":[{"embeddable":true,"href":"https:\/\/www.entreculturas.org\/en\/wp-json\/wp\/v2\/media\/9561"}],"wp:attachment":[{"href":"https:\/\/www.entreculturas.org\/en\/wp-json\/wp\/v2\/media?parent=9560"}],"wp:term":[{"taxonomy":"category","embeddable":true,"href":"https:\/\/www.entreculturas.org\/en\/wp-json\/wp\/v2\/categories?post=9560"},{"taxonomy":"post_tag","embeddable":true,"href":"https:\/\/www.entreculturas.org\/en\/wp-json\/wp\/v2\/tags?post=9560"},{"taxonomy":"country","embeddable":true,"href":"https:\/\/www.entreculturas.org\/en\/wp-json\/wp\/v2\/country?post=9560"},{"taxonomy":"cause","embeddable":true,"href":"https:\/\/www.entreculturas.org\/en\/wp-json\/wp\/v2\/cause?post=9560"}],"curies":[{"name":"wp","href":"https:\/\/api.w.org\/{rel}","templated":true}]}}