{"id":9550,"date":"2018-09-06T08:03:19","date_gmt":"2018-09-06T06:03:19","guid":{"rendered":"https:\/\/www.entreculturas.org\/publicacion\/carmen-arnuncio-volpa-en-peru\/"},"modified":"2024-09-17T13:54:45","modified_gmt":"2024-09-17T11:54:45","slug":"carmen-arnuncio-volpa-en-peru","status":"publish","type":"noticia","link":"https:\/\/www.entreculturas.org\/en\/noticia\/carmen-arnuncio-volpa-en-peru\/","title":{"rendered":"Carmen Arnuncio, VOLPA en Per\u00fa"},"content":{"rendered":"<p>En una de las \u00faltimas din\u00e1micas del proceso de formaci\u00f3n de VOLPA, en el segundo encuentro, nos dieron un peque\u00f1o detalle para que nos acompa\u00f1ara en el camino: una canica. Pero no era la canica en s\u00ed, si no lo que cada uno quer\u00eda que representara. Su motivaci\u00f3n. Su palabra \u2018elegida\u00b4.Yo, sin saber d\u00f3nde iba a ir a parar hace m\u00e1s de un a\u00f1o, escog\u00ed la palabra \u2018Encuentro\u2019.<\/p>\n<p>Casualidades de la vida \u2013o no\u2013 que vine a parar aqu\u00ed, a <a href=\"https:\/\/www.encuentros-sjs.org\/\" target=\"_blank\" rel=\"noopener\">Encuentros SJS- El Agustino (Lima)<\/a>.&nbsp; Hoy, tras ocho meses en esta ciudad inmensa llena de caos y contrastes, sigo redescubriendo a diario esa palabra.&nbsp;<\/p>\n<p>Me encuentro conmigo misma todos los d\u00edas cuando me levanto cada ma\u00f1ana en \u2018El Agucho\u2019 y escucho como este distrito, que se ha hecho a s\u00ed mismo a lo largo de su historia, fuerte y con personalidad, nos dice a Jes\u00fas (mi compa\u00f1ero Volpa) y a m\u00ed \u2018est\u00e1is en vuestra casa\u2019.&nbsp;<\/p>\n<p>Me encuentro con paisajes, espacios, vistas, contrastes, naturalezas vivas \u2013y muertas\u2013, que hacen que vaya descubriendo Per\u00fa en toda su diversidad. Pa\u00eds de riqueza y pobreza \u2013en sus sentidos m\u00e1s amplios\u2013 de acogida y, tristemente, de exclusi\u00f3n.<\/p>\n<p>Me encuentro con momentos de euforia y de tristeza, de paz y de inquietud, de preguntas y de respuestas, pero sobre todo me encuentro con personas. Con miradas de ni\u00f1os y mayores que me han marcado, me marcan y me marcar\u00e1n para siempre.&nbsp;<\/p>\n<p>Ni\u00f1as y ni\u00f1os que cuando me abrazan me llenan de energ\u00eda. Que dejan entrever en sus ojos, y en sus palabras, la dura realidad a la que se enfrentan todos los d\u00edas y que, a pesar de todo, sonr\u00eden hasta hartarse. Compa\u00f1eras y compa\u00f1eros de trabajo que, de la misma manera, comparten su d\u00eda a d\u00eda creando encuentros y conversaciones de las que s\u00f3lo cabe aprender. Amigas y amigos de la sierra, de la selva, de la capital&#8230;, en definitiva, del Per\u00fa, y tambi\u00e9n de Venezuela, que sienten en sus pieles \u2013estos \u00faltimos de forma cada vez m\u00e1s intensa\u2013, la xenofobia que progresivamente se extiende por el pa\u00eds.<\/p>\n<p>Encuentros con personas. Personas que llenas de humildad luchan por sus familias y por su comunidad. Mujeres y hombres que buscan la igualdad. Que se esfuerzan d\u00eda a d\u00eda. Que absorben lo positivo y, aunque cueste, tratan de \u2018botar\u2019 lo negativo.&nbsp;<\/p>\n<p>Que me ense\u00f1an, cada d\u00eda, a estar agradecida. Que me ense\u00f1an que \u201ccon libertad, esp\u00edritu cr\u00edtico, y cari\u00f1o \u2013como me explicaba un gran amigo hace poco\u2013 los caminos se encuentran\u201d.&nbsp;<\/p>\n<p>Que me ense\u00f1an que esta experiencia, desde el primer momento, merece la pena.<\/p>\n","protected":false},"excerpt":{"rendered":"<p>En una de las \u00faltimas din\u00e1micas del proceso de formaci\u00f3n de VOLPA, en el segundo encuentro, nos dieron un peque\u00f1o detalle para que nos acompa\u00f1ara en el camino: una canica. Pero no era la canica en s\u00ed, si no lo que cada uno quer\u00eda que representara. Su motivaci\u00f3n. Su palabra \u2018elegida\u00b4.Yo, sin saber d\u00f3nde iba a ir a parar hace m\u00e1s de un a\u00f1o, escog\u00ed la palabra \u2018Encuentro\u2019. Casualidades de la vida \u2013o no\u2013 que vine a parar aqu\u00ed, a Encuentros SJS- El Agustino (Lima).&nbsp; Hoy, tras ocho meses en esta ciudad inmensa llena de caos y contrastes, sigo redescubriendo a diario esa palabra.&nbsp; Me encuentro conmigo misma todos los d\u00edas cuando me levanto cada ma\u00f1ana en \u2018El Agucho\u2019 y escucho como este distrito, que se ha hecho a s\u00ed mismo a lo largo de su historia, fuerte y con personalidad, nos dice a Jes\u00fas (mi compa\u00f1ero Volpa) y a [&hellip;]<\/p>\n","protected":false},"featured_media":9551,"template":"single-noticia","meta":{"_acf_changed":false},"categories":[7],"tags":[191],"country":[],"cause":[],"class_list":["post-9550","noticia","type-noticia","status-publish","has-post-thumbnail","hentry","category-noticia","tag-voluntariado"],"acf":[],"yoast_head":"<!-- This site is optimized with the Yoast SEO Premium plugin v21.6 (Yoast SEO v27.5) - https:\/\/yoast.com\/product\/yoast-seo-premium-wordpress\/ -->\n<title>Carmen Arnuncio, VOLPA en Per\u00fa - Entreculturas<\/title>\n<meta name=\"robots\" content=\"index, follow, max-snippet:-1, max-image-preview:large, max-video-preview:-1\" \/>\n<link rel=\"canonical\" href=\"https:\/\/www.entreculturas.org\/en\/noticia\/carmen-arnuncio-volpa-en-peru\/\" \/>\n<meta property=\"og:locale\" content=\"en_US\" \/>\n<meta property=\"og:type\" content=\"article\" \/>\n<meta property=\"og:title\" content=\"Carmen Arnuncio, VOLPA en Per\u00fa\" \/>\n<meta property=\"og:description\" content=\"En una de las \u00faltimas din\u00e1micas del proceso de formaci\u00f3n de VOLPA, en el segundo encuentro, nos dieron un peque\u00f1o detalle para que nos acompa\u00f1ara en el camino: una canica. Pero no era la canica en s\u00ed, si no lo que cada uno quer\u00eda que representara. Su motivaci\u00f3n. Su palabra \u2018elegida\u00b4.Yo, sin saber d\u00f3nde iba a ir a parar hace m\u00e1s de un a\u00f1o, escog\u00ed la palabra \u2018Encuentro\u2019. Casualidades de la vida \u2013o no\u2013 que vine a parar aqu\u00ed, a Encuentros SJS- El Agustino (Lima).&nbsp; Hoy, tras ocho meses en esta ciudad inmensa llena de caos y contrastes, sigo redescubriendo a diario esa palabra.&nbsp; Me encuentro conmigo misma todos los d\u00edas cuando me levanto cada ma\u00f1ana en \u2018El Agucho\u2019 y escucho como este distrito, que se ha hecho a s\u00ed mismo a lo largo de su historia, fuerte y con personalidad, nos dice a Jes\u00fas (mi compa\u00f1ero Volpa) y a [&hellip;]\" \/>\n<meta property=\"og:url\" content=\"https:\/\/www.entreculturas.org\/en\/noticia\/carmen-arnuncio-volpa-en-peru\/\" \/>\n<meta property=\"og:site_name\" content=\"Entreculturas\" \/>\n<meta property=\"article:publisher\" content=\"https:\/\/www.facebook.com\/entreculturas\" \/>\n<meta property=\"article:modified_time\" content=\"2024-09-17T11:54:45+00:00\" \/>\n<meta property=\"og:image\" content=\"https:\/\/www.entreculturas.org\/wp-content\/uploads\/2023\/12\/volpa_peru2.jpg\" \/>\n\t<meta property=\"og:image:width\" content=\"500\" \/>\n\t<meta property=\"og:image:height\" content=\"375\" \/>\n\t<meta property=\"og:image:type\" content=\"image\/jpeg\" \/>\n<meta name=\"twitter:card\" content=\"summary_large_image\" \/>\n<meta name=\"twitter:site\" content=\"@Entreculturas\" \/>\n<script type=\"application\/ld+json\" class=\"yoast-schema-graph\">{\"@context\":\"https:\\\/\\\/schema.org\",\"@graph\":[{\"@type\":\"WebPage\",\"@id\":\"https:\\\/\\\/www.entreculturas.org\\\/en\\\/noticia\\\/carmen-arnuncio-volpa-en-peru\\\/\",\"url\":\"https:\\\/\\\/www.entreculturas.org\\\/en\\\/noticia\\\/carmen-arnuncio-volpa-en-peru\\\/\",\"name\":\"Carmen Arnuncio, VOLPA en Per\u00fa - Entreculturas\",\"isPartOf\":{\"@id\":\"https:\\\/\\\/www.entreculturas.org\\\/en\\\/#website\"},\"primaryImageOfPage\":{\"@id\":\"https:\\\/\\\/www.entreculturas.org\\\/en\\\/noticia\\\/carmen-arnuncio-volpa-en-peru\\\/#primaryimage\"},\"image\":{\"@id\":\"https:\\\/\\\/www.entreculturas.org\\\/en\\\/noticia\\\/carmen-arnuncio-volpa-en-peru\\\/#primaryimage\"},\"thumbnailUrl\":\"https:\\\/\\\/www.entreculturas.org\\\/wp-content\\\/uploads\\\/2023\\\/12\\\/volpa_peru2.jpg\",\"datePublished\":\"2018-09-06T06:03:19+00:00\",\"dateModified\":\"2024-09-17T11:54:45+00:00\",\"breadcrumb\":{\"@id\":\"https:\\\/\\\/www.entreculturas.org\\\/en\\\/noticia\\\/carmen-arnuncio-volpa-en-peru\\\/#breadcrumb\"},\"inLanguage\":\"en-US\",\"potentialAction\":[{\"@type\":\"ReadAction\",\"target\":[\"https:\\\/\\\/www.entreculturas.org\\\/en\\\/noticia\\\/carmen-arnuncio-volpa-en-peru\\\/\"]}]},{\"@type\":\"ImageObject\",\"inLanguage\":\"en-US\",\"@id\":\"https:\\\/\\\/www.entreculturas.org\\\/en\\\/noticia\\\/carmen-arnuncio-volpa-en-peru\\\/#primaryimage\",\"url\":\"https:\\\/\\\/www.entreculturas.org\\\/wp-content\\\/uploads\\\/2023\\\/12\\\/volpa_peru2.jpg\",\"contentUrl\":\"https:\\\/\\\/www.entreculturas.org\\\/wp-content\\\/uploads\\\/2023\\\/12\\\/volpa_peru2.jpg\",\"width\":500,\"height\":375},{\"@type\":\"BreadcrumbList\",\"@id\":\"https:\\\/\\\/www.entreculturas.org\\\/en\\\/noticia\\\/carmen-arnuncio-volpa-en-peru\\\/#breadcrumb\",\"itemListElement\":[{\"@type\":\"ListItem\",\"position\":1,\"name\":\"Home\",\"item\":\"https:\\\/\\\/www.entreculturas.org\\\/en\\\/\"},{\"@type\":\"ListItem\",\"position\":2,\"name\":\"Noticias\",\"item\":\"https:\\\/\\\/www.entreculturas.org\\\/en\\\/noticias\\\/\"},{\"@type\":\"ListItem\",\"position\":3,\"name\":\"Carmen Arnuncio, VOLPA en Per\u00fa\"}]},{\"@type\":\"WebSite\",\"@id\":\"https:\\\/\\\/www.entreculturas.org\\\/en\\\/#website\",\"url\":\"https:\\\/\\\/www.entreculturas.org\\\/en\\\/\",\"name\":\"Entreculturas\",\"description\":\"\",\"publisher\":{\"@id\":\"https:\\\/\\\/www.entreculturas.org\\\/en\\\/#organization\"},\"alternateName\":\"Entreculturas\",\"potentialAction\":[{\"@type\":\"SearchAction\",\"target\":{\"@type\":\"EntryPoint\",\"urlTemplate\":\"https:\\\/\\\/www.entreculturas.org\\\/en\\\/?s={search_term_string}\"},\"query-input\":{\"@type\":\"PropertyValueSpecification\",\"valueRequired\":true,\"valueName\":\"search_term_string\"}}],\"inLanguage\":\"en-US\"},{\"@type\":\"Organization\",\"@id\":\"https:\\\/\\\/www.entreculturas.org\\\/en\\\/#organization\",\"name\":\"Entreculturas\",\"url\":\"https:\\\/\\\/www.entreculturas.org\\\/en\\\/\",\"logo\":{\"@type\":\"ImageObject\",\"inLanguage\":\"en-US\",\"@id\":\"https:\\\/\\\/www.entreculturas.org\\\/en\\\/#\\\/schema\\\/logo\\\/image\\\/\",\"url\":\"https:\\\/\\\/www.entreculturas.org\\\/wp-content\\\/uploads\\\/2025\\\/10\\\/ESP.svg\",\"contentUrl\":\"https:\\\/\\\/www.entreculturas.org\\\/wp-content\\\/uploads\\\/2025\\\/10\\\/ESP.svg\",\"caption\":\"Entreculturas\"},\"image\":{\"@id\":\"https:\\\/\\\/www.entreculturas.org\\\/en\\\/#\\\/schema\\\/logo\\\/image\\\/\"},\"sameAs\":[\"https:\\\/\\\/www.facebook.com\\\/entreculturas\",\"https:\\\/\\\/x.com\\\/Entreculturas\",\"https:\\\/\\\/www.instagram.com\\\/entreculturas\\\/\",\"https:\\\/\\\/www.youtube.com\\\/user\\\/entreculturasvideo\",\"https:\\\/\\\/www.linkedin.com\\\/company\\\/fundacion-entreculturas-ngdo\\\/\",\"https:\\\/\\\/www.flickr.com\\\/photos\\\/98455522@N04\\\/albums\\\/\"]}]}<\/script>\n<!-- \/ Yoast SEO Premium plugin. -->","yoast_head_json":{"title":"Carmen Arnuncio, VOLPA en Per\u00fa - Entreculturas","robots":{"index":"index","follow":"follow","max-snippet":"max-snippet:-1","max-image-preview":"max-image-preview:large","max-video-preview":"max-video-preview:-1"},"canonical":"https:\/\/www.entreculturas.org\/en\/noticia\/carmen-arnuncio-volpa-en-peru\/","og_locale":"en_US","og_type":"article","og_title":"Carmen Arnuncio, VOLPA en Per\u00fa","og_description":"En una de las \u00faltimas din\u00e1micas del proceso de formaci\u00f3n de VOLPA, en el segundo encuentro, nos dieron un peque\u00f1o detalle para que nos acompa\u00f1ara en el camino: una canica. Pero no era la canica en s\u00ed, si no lo que cada uno quer\u00eda que representara. Su motivaci\u00f3n. Su palabra \u2018elegida\u00b4.Yo, sin saber d\u00f3nde iba a ir a parar hace m\u00e1s de un a\u00f1o, escog\u00ed la palabra \u2018Encuentro\u2019. Casualidades de la vida \u2013o no\u2013 que vine a parar aqu\u00ed, a Encuentros SJS- El Agustino (Lima).&nbsp; Hoy, tras ocho meses en esta ciudad inmensa llena de caos y contrastes, sigo redescubriendo a diario esa palabra.&nbsp; Me encuentro conmigo misma todos los d\u00edas cuando me levanto cada ma\u00f1ana en \u2018El Agucho\u2019 y escucho como este distrito, que se ha hecho a s\u00ed mismo a lo largo de su historia, fuerte y con personalidad, nos dice a Jes\u00fas (mi compa\u00f1ero Volpa) y a [&hellip;]","og_url":"https:\/\/www.entreculturas.org\/en\/noticia\/carmen-arnuncio-volpa-en-peru\/","og_site_name":"Entreculturas","article_publisher":"https:\/\/www.facebook.com\/entreculturas","article_modified_time":"2024-09-17T11:54:45+00:00","og_image":[{"width":500,"height":375,"url":"https:\/\/www.entreculturas.org\/wp-content\/uploads\/2023\/12\/volpa_peru2.jpg","type":"image\/jpeg"}],"twitter_card":"summary_large_image","twitter_site":"@Entreculturas","schema":{"@context":"https:\/\/schema.org","@graph":[{"@type":"WebPage","@id":"https:\/\/www.entreculturas.org\/en\/noticia\/carmen-arnuncio-volpa-en-peru\/","url":"https:\/\/www.entreculturas.org\/en\/noticia\/carmen-arnuncio-volpa-en-peru\/","name":"Carmen Arnuncio, VOLPA en Per\u00fa - Entreculturas","isPartOf":{"@id":"https:\/\/www.entreculturas.org\/en\/#website"},"primaryImageOfPage":{"@id":"https:\/\/www.entreculturas.org\/en\/noticia\/carmen-arnuncio-volpa-en-peru\/#primaryimage"},"image":{"@id":"https:\/\/www.entreculturas.org\/en\/noticia\/carmen-arnuncio-volpa-en-peru\/#primaryimage"},"thumbnailUrl":"https:\/\/www.entreculturas.org\/wp-content\/uploads\/2023\/12\/volpa_peru2.jpg","datePublished":"2018-09-06T06:03:19+00:00","dateModified":"2024-09-17T11:54:45+00:00","breadcrumb":{"@id":"https:\/\/www.entreculturas.org\/en\/noticia\/carmen-arnuncio-volpa-en-peru\/#breadcrumb"},"inLanguage":"en-US","potentialAction":[{"@type":"ReadAction","target":["https:\/\/www.entreculturas.org\/en\/noticia\/carmen-arnuncio-volpa-en-peru\/"]}]},{"@type":"ImageObject","inLanguage":"en-US","@id":"https:\/\/www.entreculturas.org\/en\/noticia\/carmen-arnuncio-volpa-en-peru\/#primaryimage","url":"https:\/\/www.entreculturas.org\/wp-content\/uploads\/2023\/12\/volpa_peru2.jpg","contentUrl":"https:\/\/www.entreculturas.org\/wp-content\/uploads\/2023\/12\/volpa_peru2.jpg","width":500,"height":375},{"@type":"BreadcrumbList","@id":"https:\/\/www.entreculturas.org\/en\/noticia\/carmen-arnuncio-volpa-en-peru\/#breadcrumb","itemListElement":[{"@type":"ListItem","position":1,"name":"Home","item":"https:\/\/www.entreculturas.org\/en\/"},{"@type":"ListItem","position":2,"name":"Noticias","item":"https:\/\/www.entreculturas.org\/en\/noticias\/"},{"@type":"ListItem","position":3,"name":"Carmen Arnuncio, VOLPA en Per\u00fa"}]},{"@type":"WebSite","@id":"https:\/\/www.entreculturas.org\/en\/#website","url":"https:\/\/www.entreculturas.org\/en\/","name":"Entreculturas","description":"","publisher":{"@id":"https:\/\/www.entreculturas.org\/en\/#organization"},"alternateName":"Entreculturas","potentialAction":[{"@type":"SearchAction","target":{"@type":"EntryPoint","urlTemplate":"https:\/\/www.entreculturas.org\/en\/?s={search_term_string}"},"query-input":{"@type":"PropertyValueSpecification","valueRequired":true,"valueName":"search_term_string"}}],"inLanguage":"en-US"},{"@type":"Organization","@id":"https:\/\/www.entreculturas.org\/en\/#organization","name":"Entreculturas","url":"https:\/\/www.entreculturas.org\/en\/","logo":{"@type":"ImageObject","inLanguage":"en-US","@id":"https:\/\/www.entreculturas.org\/en\/#\/schema\/logo\/image\/","url":"https:\/\/www.entreculturas.org\/wp-content\/uploads\/2025\/10\/ESP.svg","contentUrl":"https:\/\/www.entreculturas.org\/wp-content\/uploads\/2025\/10\/ESP.svg","caption":"Entreculturas"},"image":{"@id":"https:\/\/www.entreculturas.org\/en\/#\/schema\/logo\/image\/"},"sameAs":["https:\/\/www.facebook.com\/entreculturas","https:\/\/x.com\/Entreculturas","https:\/\/www.instagram.com\/entreculturas\/","https:\/\/www.youtube.com\/user\/entreculturasvideo","https:\/\/www.linkedin.com\/company\/fundacion-entreculturas-ngdo\/","https:\/\/www.flickr.com\/photos\/98455522@N04\/albums\/"]}]}},"_links":{"self":[{"href":"https:\/\/www.entreculturas.org\/en\/wp-json\/wp\/v2\/noticia\/9550","targetHints":{"allow":["GET"]}}],"collection":[{"href":"https:\/\/www.entreculturas.org\/en\/wp-json\/wp\/v2\/noticia"}],"about":[{"href":"https:\/\/www.entreculturas.org\/en\/wp-json\/wp\/v2\/types\/noticia"}],"wp:featuredmedia":[{"embeddable":true,"href":"https:\/\/www.entreculturas.org\/en\/wp-json\/wp\/v2\/media\/9551"}],"wp:attachment":[{"href":"https:\/\/www.entreculturas.org\/en\/wp-json\/wp\/v2\/media?parent=9550"}],"wp:term":[{"taxonomy":"category","embeddable":true,"href":"https:\/\/www.entreculturas.org\/en\/wp-json\/wp\/v2\/categories?post=9550"},{"taxonomy":"post_tag","embeddable":true,"href":"https:\/\/www.entreculturas.org\/en\/wp-json\/wp\/v2\/tags?post=9550"},{"taxonomy":"country","embeddable":true,"href":"https:\/\/www.entreculturas.org\/en\/wp-json\/wp\/v2\/country?post=9550"},{"taxonomy":"cause","embeddable":true,"href":"https:\/\/www.entreculturas.org\/en\/wp-json\/wp\/v2\/cause?post=9550"}],"curies":[{"name":"wp","href":"https:\/\/api.w.org\/{rel}","templated":true}]}}