{"id":9545,"date":"2018-07-02T08:00:59","date_gmt":"2018-07-02T06:00:59","guid":{"rendered":"https:\/\/www.entreculturas.org\/publicacion\/sergio-gonzalez-rodriguez-arango\/"},"modified":"2024-09-17T13:51:39","modified_gmt":"2024-09-17T11:51:39","slug":"sergio-gonzalez-rodriguez-arango","status":"publish","type":"noticia","link":"https:\/\/www.entreculturas.org\/en\/noticia\/sergio-gonzalez-rodriguez-arango\/","title":{"rendered":"Sergio Gonz\u00e1lez Rodr\u00edguez-Arango"},"content":{"rendered":"<p>Me llamo Sergio y soy el actual delegado de Entreculturas en Vigo. Conozco Entreculturas, pr\u00e1cticamente, de toda la vida\u2026 Estudi\u00e9 en el colegio Ap\u00f3stol Santiago, de los jesuitas, y particip\u00e9 en la Red Solidaria de J\u00f3venes en dicho centro. Despu\u00e9s, ya en la universidad, mantuve el contacto con algunos profesores y ex alumnos que, como yo, ahora hac\u00edan labores de monitor voluntario para experiencias de interiorizaci\u00f3n y reflexi\u00f3n personal. Dos de estas personas, David Viso y Andr\u00e9s Moreira, a menudo hablaban de las reuniones de Entreculturas y las actividades que organizaban y lleg\u00f3 un momento en que decid\u00ed formar parte de ese grupo.<\/p>\n<p>Durante los a\u00f1os en los que compaginaba la carrera con el trabajo de monitor<strong> comprend\u00ed el poder transformador que tiene la educaci\u00f3n: una herramienta multiplicadora de aprendizajes y valores<\/strong>. Cuando entr\u00e9 en Entreculturas<strong> me sorprendi\u00f3 gratamente saber que el foco estaba puesto en la educaci\u00f3n<\/strong> y, trabajando con mis compa\u00f1eros, fui entendiendo y valorando el trabajo en colegios, hasta el punto de que hoy en d\u00eda considero \u00e9sa nuestra mayor fortaleza.<\/p>\n<p>Estoy muy contento de ser parte de la delegaci\u00f3n de Entreculturas en Vigo. <strong>Ser delegado supone una responsabilidad grande a la que a\u00fan me estoy habituando.<\/strong> Desde la delegaci\u00f3n lanzamos propuestas muy variadas: charlas en colegios, presentaci\u00f3n de materiales educativos a docentes, conciertos solidarios\u2026 Tambi\u00e9n participamos en las galas de danza de las academias Essens o Maite Qui\u00f1ones y tenemos presencia en el festival de m\u00fasica PortAm\u00e9rica. Ahora bien, adem\u00e1s de velar por la puesta en marcha y la organizaci\u00f3n de las actividades que planificamos, otra parte muy importante de \u201cmi trabajo\u201d es cuidar al equipo (ahora mismo somos unos 13 voluntarios y 5 colaboradores). La suerte es que cuento con una gran ayuda del anterior delegado, Jos\u00e9 Luis Barreiro.<\/p>\n","protected":false},"excerpt":{"rendered":"<p>Me llamo Sergio y soy el actual delegado de Entreculturas en Vigo. Conozco Entreculturas, pr\u00e1cticamente, de toda la vida\u2026 Estudi\u00e9 en el colegio Ap\u00f3stol Santiago, de los jesuitas, y particip\u00e9 en la Red Solidaria de J\u00f3venes en dicho centro. Despu\u00e9s, ya en la universidad, mantuve el contacto con algunos profesores y ex alumnos que, como yo, ahora hac\u00edan labores de monitor voluntario para experiencias de interiorizaci\u00f3n y reflexi\u00f3n personal. Dos de estas personas, David Viso y Andr\u00e9s Moreira, a menudo hablaban de las reuniones de Entreculturas y las actividades que organizaban y lleg\u00f3 un momento en que decid\u00ed formar parte de ese grupo. Durante los a\u00f1os en los que compaginaba la carrera con el trabajo de monitor comprend\u00ed el poder transformador que tiene la educaci\u00f3n: una herramienta multiplicadora de aprendizajes y valores. Cuando entr\u00e9 en Entreculturas me sorprendi\u00f3 gratamente saber que el foco estaba puesto en la educaci\u00f3n y, trabajando [&hellip;]<\/p>\n","protected":false},"featured_media":9546,"template":"single-noticia","meta":{"_acf_changed":false},"categories":[7],"tags":[191],"country":[],"cause":[],"class_list":["post-9545","noticia","type-noticia","status-publish","has-post-thumbnail","hentry","category-noticia","tag-voluntariado"],"acf":[],"yoast_head":"<!-- This site is optimized with the Yoast SEO Premium plugin v21.6 (Yoast SEO v27.5) - https:\/\/yoast.com\/product\/yoast-seo-premium-wordpress\/ -->\n<title>Sergio Gonz\u00e1lez Rodr\u00edguez-Arango - Entreculturas<\/title>\n<meta name=\"robots\" content=\"index, follow, max-snippet:-1, max-image-preview:large, max-video-preview:-1\" \/>\n<link rel=\"canonical\" href=\"https:\/\/www.entreculturas.org\/en\/noticia\/sergio-gonzalez-rodriguez-arango\/\" \/>\n<meta property=\"og:locale\" content=\"en_US\" \/>\n<meta property=\"og:type\" content=\"article\" \/>\n<meta property=\"og:title\" content=\"Sergio Gonz\u00e1lez Rodr\u00edguez-Arango\" \/>\n<meta property=\"og:description\" content=\"Me llamo Sergio y soy el actual delegado de Entreculturas en Vigo. Conozco Entreculturas, pr\u00e1cticamente, de toda la vida\u2026 Estudi\u00e9 en el colegio Ap\u00f3stol Santiago, de los jesuitas, y particip\u00e9 en la Red Solidaria de J\u00f3venes en dicho centro. Despu\u00e9s, ya en la universidad, mantuve el contacto con algunos profesores y ex alumnos que, como yo, ahora hac\u00edan labores de monitor voluntario para experiencias de interiorizaci\u00f3n y reflexi\u00f3n personal. Dos de estas personas, David Viso y Andr\u00e9s Moreira, a menudo hablaban de las reuniones de Entreculturas y las actividades que organizaban y lleg\u00f3 un momento en que decid\u00ed formar parte de ese grupo. Durante los a\u00f1os en los que compaginaba la carrera con el trabajo de monitor comprend\u00ed el poder transformador que tiene la educaci\u00f3n: una herramienta multiplicadora de aprendizajes y valores. Cuando entr\u00e9 en Entreculturas me sorprendi\u00f3 gratamente saber que el foco estaba puesto en la educaci\u00f3n y, trabajando [&hellip;]\" \/>\n<meta property=\"og:url\" content=\"https:\/\/www.entreculturas.org\/en\/noticia\/sergio-gonzalez-rodriguez-arango\/\" \/>\n<meta property=\"og:site_name\" content=\"Entreculturas\" \/>\n<meta property=\"article:publisher\" content=\"https:\/\/www.facebook.com\/entreculturas\" \/>\n<meta property=\"article:modified_time\" content=\"2024-09-17T11:51:39+00:00\" \/>\n<meta property=\"og:image\" content=\"https:\/\/www.entreculturas.org\/wp-content\/uploads\/2023\/12\/b70_sergiovigo.jpg\" \/>\n\t<meta property=\"og:image:width\" content=\"500\" \/>\n\t<meta property=\"og:image:height\" content=\"666\" \/>\n\t<meta property=\"og:image:type\" content=\"image\/jpeg\" \/>\n<meta name=\"twitter:card\" content=\"summary_large_image\" \/>\n<meta name=\"twitter:site\" content=\"@Entreculturas\" \/>\n<script type=\"application\/ld+json\" class=\"yoast-schema-graph\">{\"@context\":\"https:\\\/\\\/schema.org\",\"@graph\":[{\"@type\":\"WebPage\",\"@id\":\"https:\\\/\\\/www.entreculturas.org\\\/en\\\/noticia\\\/sergio-gonzalez-rodriguez-arango\\\/\",\"url\":\"https:\\\/\\\/www.entreculturas.org\\\/en\\\/noticia\\\/sergio-gonzalez-rodriguez-arango\\\/\",\"name\":\"Sergio Gonz\u00e1lez Rodr\u00edguez-Arango - Entreculturas\",\"isPartOf\":{\"@id\":\"https:\\\/\\\/www.entreculturas.org\\\/en\\\/#website\"},\"primaryImageOfPage\":{\"@id\":\"https:\\\/\\\/www.entreculturas.org\\\/en\\\/noticia\\\/sergio-gonzalez-rodriguez-arango\\\/#primaryimage\"},\"image\":{\"@id\":\"https:\\\/\\\/www.entreculturas.org\\\/en\\\/noticia\\\/sergio-gonzalez-rodriguez-arango\\\/#primaryimage\"},\"thumbnailUrl\":\"https:\\\/\\\/www.entreculturas.org\\\/wp-content\\\/uploads\\\/2023\\\/12\\\/b70_sergiovigo.jpg\",\"datePublished\":\"2018-07-02T06:00:59+00:00\",\"dateModified\":\"2024-09-17T11:51:39+00:00\",\"breadcrumb\":{\"@id\":\"https:\\\/\\\/www.entreculturas.org\\\/en\\\/noticia\\\/sergio-gonzalez-rodriguez-arango\\\/#breadcrumb\"},\"inLanguage\":\"en-US\",\"potentialAction\":[{\"@type\":\"ReadAction\",\"target\":[\"https:\\\/\\\/www.entreculturas.org\\\/en\\\/noticia\\\/sergio-gonzalez-rodriguez-arango\\\/\"]}]},{\"@type\":\"ImageObject\",\"inLanguage\":\"en-US\",\"@id\":\"https:\\\/\\\/www.entreculturas.org\\\/en\\\/noticia\\\/sergio-gonzalez-rodriguez-arango\\\/#primaryimage\",\"url\":\"https:\\\/\\\/www.entreculturas.org\\\/wp-content\\\/uploads\\\/2023\\\/12\\\/b70_sergiovigo.jpg\",\"contentUrl\":\"https:\\\/\\\/www.entreculturas.org\\\/wp-content\\\/uploads\\\/2023\\\/12\\\/b70_sergiovigo.jpg\",\"width\":500,\"height\":666},{\"@type\":\"BreadcrumbList\",\"@id\":\"https:\\\/\\\/www.entreculturas.org\\\/en\\\/noticia\\\/sergio-gonzalez-rodriguez-arango\\\/#breadcrumb\",\"itemListElement\":[{\"@type\":\"ListItem\",\"position\":1,\"name\":\"Home\",\"item\":\"https:\\\/\\\/www.entreculturas.org\\\/en\\\/\"},{\"@type\":\"ListItem\",\"position\":2,\"name\":\"Noticias\",\"item\":\"https:\\\/\\\/www.entreculturas.org\\\/en\\\/noticias\\\/\"},{\"@type\":\"ListItem\",\"position\":3,\"name\":\"Sergio Gonz\u00e1lez Rodr\u00edguez-Arango\"}]},{\"@type\":\"WebSite\",\"@id\":\"https:\\\/\\\/www.entreculturas.org\\\/en\\\/#website\",\"url\":\"https:\\\/\\\/www.entreculturas.org\\\/en\\\/\",\"name\":\"Entreculturas\",\"description\":\"\",\"publisher\":{\"@id\":\"https:\\\/\\\/www.entreculturas.org\\\/en\\\/#organization\"},\"alternateName\":\"Entreculturas\",\"potentialAction\":[{\"@type\":\"SearchAction\",\"target\":{\"@type\":\"EntryPoint\",\"urlTemplate\":\"https:\\\/\\\/www.entreculturas.org\\\/en\\\/?s={search_term_string}\"},\"query-input\":{\"@type\":\"PropertyValueSpecification\",\"valueRequired\":true,\"valueName\":\"search_term_string\"}}],\"inLanguage\":\"en-US\"},{\"@type\":\"Organization\",\"@id\":\"https:\\\/\\\/www.entreculturas.org\\\/en\\\/#organization\",\"name\":\"Entreculturas\",\"url\":\"https:\\\/\\\/www.entreculturas.org\\\/en\\\/\",\"logo\":{\"@type\":\"ImageObject\",\"inLanguage\":\"en-US\",\"@id\":\"https:\\\/\\\/www.entreculturas.org\\\/en\\\/#\\\/schema\\\/logo\\\/image\\\/\",\"url\":\"https:\\\/\\\/www.entreculturas.org\\\/wp-content\\\/uploads\\\/2025\\\/10\\\/ESP.svg\",\"contentUrl\":\"https:\\\/\\\/www.entreculturas.org\\\/wp-content\\\/uploads\\\/2025\\\/10\\\/ESP.svg\",\"caption\":\"Entreculturas\"},\"image\":{\"@id\":\"https:\\\/\\\/www.entreculturas.org\\\/en\\\/#\\\/schema\\\/logo\\\/image\\\/\"},\"sameAs\":[\"https:\\\/\\\/www.facebook.com\\\/entreculturas\",\"https:\\\/\\\/x.com\\\/Entreculturas\",\"https:\\\/\\\/www.instagram.com\\\/entreculturas\\\/\",\"https:\\\/\\\/www.youtube.com\\\/user\\\/entreculturasvideo\",\"https:\\\/\\\/www.linkedin.com\\\/company\\\/fundacion-entreculturas-ngdo\\\/\",\"https:\\\/\\\/www.flickr.com\\\/photos\\\/98455522@N04\\\/albums\\\/\"]}]}<\/script>\n<!-- \/ Yoast SEO Premium plugin. -->","yoast_head_json":{"title":"Sergio Gonz\u00e1lez Rodr\u00edguez-Arango - Entreculturas","robots":{"index":"index","follow":"follow","max-snippet":"max-snippet:-1","max-image-preview":"max-image-preview:large","max-video-preview":"max-video-preview:-1"},"canonical":"https:\/\/www.entreculturas.org\/en\/noticia\/sergio-gonzalez-rodriguez-arango\/","og_locale":"en_US","og_type":"article","og_title":"Sergio Gonz\u00e1lez Rodr\u00edguez-Arango","og_description":"Me llamo Sergio y soy el actual delegado de Entreculturas en Vigo. Conozco Entreculturas, pr\u00e1cticamente, de toda la vida\u2026 Estudi\u00e9 en el colegio Ap\u00f3stol Santiago, de los jesuitas, y particip\u00e9 en la Red Solidaria de J\u00f3venes en dicho centro. Despu\u00e9s, ya en la universidad, mantuve el contacto con algunos profesores y ex alumnos que, como yo, ahora hac\u00edan labores de monitor voluntario para experiencias de interiorizaci\u00f3n y reflexi\u00f3n personal. Dos de estas personas, David Viso y Andr\u00e9s Moreira, a menudo hablaban de las reuniones de Entreculturas y las actividades que organizaban y lleg\u00f3 un momento en que decid\u00ed formar parte de ese grupo. Durante los a\u00f1os en los que compaginaba la carrera con el trabajo de monitor comprend\u00ed el poder transformador que tiene la educaci\u00f3n: una herramienta multiplicadora de aprendizajes y valores. Cuando entr\u00e9 en Entreculturas me sorprendi\u00f3 gratamente saber que el foco estaba puesto en la educaci\u00f3n y, trabajando [&hellip;]","og_url":"https:\/\/www.entreculturas.org\/en\/noticia\/sergio-gonzalez-rodriguez-arango\/","og_site_name":"Entreculturas","article_publisher":"https:\/\/www.facebook.com\/entreculturas","article_modified_time":"2024-09-17T11:51:39+00:00","og_image":[{"width":500,"height":666,"url":"https:\/\/www.entreculturas.org\/wp-content\/uploads\/2023\/12\/b70_sergiovigo.jpg","type":"image\/jpeg"}],"twitter_card":"summary_large_image","twitter_site":"@Entreculturas","schema":{"@context":"https:\/\/schema.org","@graph":[{"@type":"WebPage","@id":"https:\/\/www.entreculturas.org\/en\/noticia\/sergio-gonzalez-rodriguez-arango\/","url":"https:\/\/www.entreculturas.org\/en\/noticia\/sergio-gonzalez-rodriguez-arango\/","name":"Sergio Gonz\u00e1lez Rodr\u00edguez-Arango - Entreculturas","isPartOf":{"@id":"https:\/\/www.entreculturas.org\/en\/#website"},"primaryImageOfPage":{"@id":"https:\/\/www.entreculturas.org\/en\/noticia\/sergio-gonzalez-rodriguez-arango\/#primaryimage"},"image":{"@id":"https:\/\/www.entreculturas.org\/en\/noticia\/sergio-gonzalez-rodriguez-arango\/#primaryimage"},"thumbnailUrl":"https:\/\/www.entreculturas.org\/wp-content\/uploads\/2023\/12\/b70_sergiovigo.jpg","datePublished":"2018-07-02T06:00:59+00:00","dateModified":"2024-09-17T11:51:39+00:00","breadcrumb":{"@id":"https:\/\/www.entreculturas.org\/en\/noticia\/sergio-gonzalez-rodriguez-arango\/#breadcrumb"},"inLanguage":"en-US","potentialAction":[{"@type":"ReadAction","target":["https:\/\/www.entreculturas.org\/en\/noticia\/sergio-gonzalez-rodriguez-arango\/"]}]},{"@type":"ImageObject","inLanguage":"en-US","@id":"https:\/\/www.entreculturas.org\/en\/noticia\/sergio-gonzalez-rodriguez-arango\/#primaryimage","url":"https:\/\/www.entreculturas.org\/wp-content\/uploads\/2023\/12\/b70_sergiovigo.jpg","contentUrl":"https:\/\/www.entreculturas.org\/wp-content\/uploads\/2023\/12\/b70_sergiovigo.jpg","width":500,"height":666},{"@type":"BreadcrumbList","@id":"https:\/\/www.entreculturas.org\/en\/noticia\/sergio-gonzalez-rodriguez-arango\/#breadcrumb","itemListElement":[{"@type":"ListItem","position":1,"name":"Home","item":"https:\/\/www.entreculturas.org\/en\/"},{"@type":"ListItem","position":2,"name":"Noticias","item":"https:\/\/www.entreculturas.org\/en\/noticias\/"},{"@type":"ListItem","position":3,"name":"Sergio Gonz\u00e1lez Rodr\u00edguez-Arango"}]},{"@type":"WebSite","@id":"https:\/\/www.entreculturas.org\/en\/#website","url":"https:\/\/www.entreculturas.org\/en\/","name":"Entreculturas","description":"","publisher":{"@id":"https:\/\/www.entreculturas.org\/en\/#organization"},"alternateName":"Entreculturas","potentialAction":[{"@type":"SearchAction","target":{"@type":"EntryPoint","urlTemplate":"https:\/\/www.entreculturas.org\/en\/?s={search_term_string}"},"query-input":{"@type":"PropertyValueSpecification","valueRequired":true,"valueName":"search_term_string"}}],"inLanguage":"en-US"},{"@type":"Organization","@id":"https:\/\/www.entreculturas.org\/en\/#organization","name":"Entreculturas","url":"https:\/\/www.entreculturas.org\/en\/","logo":{"@type":"ImageObject","inLanguage":"en-US","@id":"https:\/\/www.entreculturas.org\/en\/#\/schema\/logo\/image\/","url":"https:\/\/www.entreculturas.org\/wp-content\/uploads\/2025\/10\/ESP.svg","contentUrl":"https:\/\/www.entreculturas.org\/wp-content\/uploads\/2025\/10\/ESP.svg","caption":"Entreculturas"},"image":{"@id":"https:\/\/www.entreculturas.org\/en\/#\/schema\/logo\/image\/"},"sameAs":["https:\/\/www.facebook.com\/entreculturas","https:\/\/x.com\/Entreculturas","https:\/\/www.instagram.com\/entreculturas\/","https:\/\/www.youtube.com\/user\/entreculturasvideo","https:\/\/www.linkedin.com\/company\/fundacion-entreculturas-ngdo\/","https:\/\/www.flickr.com\/photos\/98455522@N04\/albums\/"]}]}},"_links":{"self":[{"href":"https:\/\/www.entreculturas.org\/en\/wp-json\/wp\/v2\/noticia\/9545","targetHints":{"allow":["GET"]}}],"collection":[{"href":"https:\/\/www.entreculturas.org\/en\/wp-json\/wp\/v2\/noticia"}],"about":[{"href":"https:\/\/www.entreculturas.org\/en\/wp-json\/wp\/v2\/types\/noticia"}],"wp:featuredmedia":[{"embeddable":true,"href":"https:\/\/www.entreculturas.org\/en\/wp-json\/wp\/v2\/media\/9546"}],"wp:attachment":[{"href":"https:\/\/www.entreculturas.org\/en\/wp-json\/wp\/v2\/media?parent=9545"}],"wp:term":[{"taxonomy":"category","embeddable":true,"href":"https:\/\/www.entreculturas.org\/en\/wp-json\/wp\/v2\/categories?post=9545"},{"taxonomy":"post_tag","embeddable":true,"href":"https:\/\/www.entreculturas.org\/en\/wp-json\/wp\/v2\/tags?post=9545"},{"taxonomy":"country","embeddable":true,"href":"https:\/\/www.entreculturas.org\/en\/wp-json\/wp\/v2\/country?post=9545"},{"taxonomy":"cause","embeddable":true,"href":"https:\/\/www.entreculturas.org\/en\/wp-json\/wp\/v2\/cause?post=9545"}],"curies":[{"name":"wp","href":"https:\/\/api.w.org\/{rel}","templated":true}]}}