{"id":9526,"date":"2016-02-16T16:36:27","date_gmt":"2016-02-16T15:36:27","guid":{"rendered":"https:\/\/www.entreculturas.org\/publicacion\/fede-gerona-e-isa-alfonso-volpas-en-brasil\/"},"modified":"2024-09-17T13:43:32","modified_gmt":"2024-09-17T11:43:32","slug":"fede-gerona-e-isa-alfonso-volpas-en-brasil","status":"publish","type":"noticia","link":"https:\/\/www.entreculturas.org\/en\/noticia\/fede-gerona-e-isa-alfonso-volpas-en-brasil\/","title":{"rendered":"Fede Gerona e Isa Alfonso, VOLPAS en Brasil"},"content":{"rendered":"<p>Somos Fede e Isa, de 30 y 26 a\u00f1os respectivamente y somos de Badajoz. En estos momentos <strong>nos encontramos en el barrio de Compensa, en la periferia de Manaus, la ciudad m\u00e1s grande del norte de Brasil y de la Panamazonia<\/strong>. Hemos venido aqu\u00ed a trav\u00e9s del Programa de Voluntariado Internacional Pedro Arrupe (VOLPA) que ofrece Entreculturas.<\/p>\n<p>Llegamos aqu\u00ed en abril de 2014 y, desde entonces, hemos participado en dos iniciativas s\u00faper interesantes: en primer lugar, hasta diciembre de 2015, trabaj\u00e1bamos en una parroquia local <strong>atendiendo a migrantes haitianos y ayud\u00e1ndoles en el proceso de regularizaci\u00f3n de sus documentos<\/strong>. Y despu\u00e9s, cuando el flujo de haitianos comenz\u00f3 a disminuir por cambios en su trayecto migratorio, <strong>empezamos a colaborar con el CIMI (Conselho Indigenista Mission\u00e1rio)<\/strong>, al que acud\u00edamos dos d\u00edas por semana para ayudar en las labores de la sede y con visitas a algunas tierras ind\u00edgenas que est\u00e1n cerca de la ciudad.<\/p>\n<p>La verdad es que la acogida por parte de ambas organizaciones ha sido espectacular. Al principio, cuando llegamos, no nos sent\u00edamos muy seguros pero gracias a Arizete, una monja que vive en nuestro barrio, nos metimos en un grupo de capoeira para chavales en situaci\u00f3n de riesgo de exclusi\u00f3n y nos ha ayudado mucho a integrarnos. Tambi\u00e9n hemos hecho mucha amistad con jesuitas hechos de otra pasta como Fernando L\u00f3pez y Rafa Ler\u00eda, dos espa\u00f1oles -latinoamericanos de adopci\u00f3n- de los que hemos aprendido mucho y que nos han ayudado a conocer y sentir la Amazonia brasile\u00f1a.<\/p>\n<p><strong>Toda esta experiencia nos est\u00e1 cambiando la manera de mirar la vida y de plantearnos el futuro<\/strong>. Tambi\u00e9n hemos aprendido a valorar de una forma muy especial la naturaleza y la riqueza de los pueblos ind\u00edgenas. Nuestro concepto del tiempo ha cambiado, hemos aprendido a ser m\u00e1s pacientes, a ser m\u00e1s generosos, a preocuparnos menos por las tonter\u00edas que antes nos afectaban m\u00e1s. Y, por supuesto, ver de cerca la repercusi\u00f3n de las empresas extractoras que destruyen la selva y amenazan la existencia de los pueblos ind\u00edgenas nos ha llevado a reflexionar todav\u00eda m\u00e1s sobre la necesidad de replantearse el sistema capitalista.&nbsp;<\/p>\n<p><strong>Sin duda, la experiencia VOLPA es algo que le recomiendo a todo el mundo<\/strong>. Se tienen algunos momentos dif\u00edciles pero, si tienes claras tus motivaciones (y eso se trabaja bastante en el curso previo) no hay nada que no se pueda afrontar. VOLPA est\u00e1 siendo una especie de graduaci\u00f3n en la Universidad de la vida.<\/p>\n","protected":false},"excerpt":{"rendered":"<p>Somos Fede e Isa, de 30 y 26 a\u00f1os respectivamente y somos de Badajoz. En estos momentos nos encontramos en el barrio de Compensa, en la periferia de Manaus, la ciudad m\u00e1s grande del norte de Brasil y de la Panamazonia. Hemos venido aqu\u00ed a trav\u00e9s del Programa de Voluntariado Internacional Pedro Arrupe (VOLPA) que ofrece Entreculturas. Llegamos aqu\u00ed en abril de 2014 y, desde entonces, hemos participado en dos iniciativas s\u00faper interesantes: en primer lugar, hasta diciembre de 2015, trabaj\u00e1bamos en una parroquia local atendiendo a migrantes haitianos y ayud\u00e1ndoles en el proceso de regularizaci\u00f3n de sus documentos. Y despu\u00e9s, cuando el flujo de haitianos comenz\u00f3 a disminuir por cambios en su trayecto migratorio, empezamos a colaborar con el CIMI (Conselho Indigenista Mission\u00e1rio), al que acud\u00edamos dos d\u00edas por semana para ayudar en las labores de la sede y con visitas a algunas tierras ind\u00edgenas que est\u00e1n cerca de [&hellip;]<\/p>\n","protected":false},"featured_media":9527,"template":"single-noticia","meta":{"_acf_changed":false},"categories":[7],"tags":[191],"country":[],"cause":[],"class_list":["post-9526","noticia","type-noticia","status-publish","has-post-thumbnail","hentry","category-noticia","tag-voluntariado"],"acf":[],"yoast_head":"<!-- This site is optimized with the Yoast SEO Premium plugin v21.6 (Yoast SEO v27.5) - https:\/\/yoast.com\/product\/yoast-seo-premium-wordpress\/ -->\n<title>Fede Gerona e Isa Alfonso, VOLPAS en Brasil - Entreculturas<\/title>\n<meta name=\"robots\" content=\"index, follow, max-snippet:-1, max-image-preview:large, max-video-preview:-1\" \/>\n<link rel=\"canonical\" href=\"https:\/\/www.entreculturas.org\/en\/noticia\/fede-gerona-e-isa-alfonso-volpas-en-brasil\/\" \/>\n<meta property=\"og:locale\" content=\"en_US\" \/>\n<meta property=\"og:type\" content=\"article\" \/>\n<meta property=\"og:title\" content=\"Fede Gerona e Isa Alfonso, VOLPAS en Brasil\" \/>\n<meta property=\"og:description\" content=\"Somos Fede e Isa, de 30 y 26 a\u00f1os respectivamente y somos de Badajoz. En estos momentos nos encontramos en el barrio de Compensa, en la periferia de Manaus, la ciudad m\u00e1s grande del norte de Brasil y de la Panamazonia. Hemos venido aqu\u00ed a trav\u00e9s del Programa de Voluntariado Internacional Pedro Arrupe (VOLPA) que ofrece Entreculturas. Llegamos aqu\u00ed en abril de 2014 y, desde entonces, hemos participado en dos iniciativas s\u00faper interesantes: en primer lugar, hasta diciembre de 2015, trabaj\u00e1bamos en una parroquia local atendiendo a migrantes haitianos y ayud\u00e1ndoles en el proceso de regularizaci\u00f3n de sus documentos. Y despu\u00e9s, cuando el flujo de haitianos comenz\u00f3 a disminuir por cambios en su trayecto migratorio, empezamos a colaborar con el CIMI (Conselho Indigenista Mission\u00e1rio), al que acud\u00edamos dos d\u00edas por semana para ayudar en las labores de la sede y con visitas a algunas tierras ind\u00edgenas que est\u00e1n cerca de [&hellip;]\" \/>\n<meta property=\"og:url\" content=\"https:\/\/www.entreculturas.org\/en\/noticia\/fede-gerona-e-isa-alfonso-volpas-en-brasil\/\" \/>\n<meta property=\"og:site_name\" content=\"Entreculturas\" \/>\n<meta property=\"article:publisher\" content=\"https:\/\/www.facebook.com\/entreculturas\" \/>\n<meta property=\"article:modified_time\" content=\"2024-09-17T11:43:32+00:00\" \/>\n<meta property=\"og:image\" content=\"https:\/\/www.entreculturas.org\/wp-content\/uploads\/2023\/12\/volpasmanaus.jpg\" \/>\n\t<meta property=\"og:image:width\" content=\"400\" \/>\n\t<meta property=\"og:image:height\" content=\"300\" \/>\n\t<meta property=\"og:image:type\" content=\"image\/jpeg\" \/>\n<meta name=\"twitter:card\" content=\"summary_large_image\" \/>\n<meta name=\"twitter:site\" content=\"@Entreculturas\" \/>\n<script type=\"application\/ld+json\" class=\"yoast-schema-graph\">{\"@context\":\"https:\\\/\\\/schema.org\",\"@graph\":[{\"@type\":\"WebPage\",\"@id\":\"https:\\\/\\\/www.entreculturas.org\\\/en\\\/noticia\\\/fede-gerona-e-isa-alfonso-volpas-en-brasil\\\/\",\"url\":\"https:\\\/\\\/www.entreculturas.org\\\/en\\\/noticia\\\/fede-gerona-e-isa-alfonso-volpas-en-brasil\\\/\",\"name\":\"Fede Gerona e Isa Alfonso, VOLPAS en Brasil - Entreculturas\",\"isPartOf\":{\"@id\":\"https:\\\/\\\/www.entreculturas.org\\\/en\\\/#website\"},\"primaryImageOfPage\":{\"@id\":\"https:\\\/\\\/www.entreculturas.org\\\/en\\\/noticia\\\/fede-gerona-e-isa-alfonso-volpas-en-brasil\\\/#primaryimage\"},\"image\":{\"@id\":\"https:\\\/\\\/www.entreculturas.org\\\/en\\\/noticia\\\/fede-gerona-e-isa-alfonso-volpas-en-brasil\\\/#primaryimage\"},\"thumbnailUrl\":\"https:\\\/\\\/www.entreculturas.org\\\/wp-content\\\/uploads\\\/2023\\\/12\\\/volpasmanaus.jpg\",\"datePublished\":\"2016-02-16T15:36:27+00:00\",\"dateModified\":\"2024-09-17T11:43:32+00:00\",\"breadcrumb\":{\"@id\":\"https:\\\/\\\/www.entreculturas.org\\\/en\\\/noticia\\\/fede-gerona-e-isa-alfonso-volpas-en-brasil\\\/#breadcrumb\"},\"inLanguage\":\"en-US\",\"potentialAction\":[{\"@type\":\"ReadAction\",\"target\":[\"https:\\\/\\\/www.entreculturas.org\\\/en\\\/noticia\\\/fede-gerona-e-isa-alfonso-volpas-en-brasil\\\/\"]}]},{\"@type\":\"ImageObject\",\"inLanguage\":\"en-US\",\"@id\":\"https:\\\/\\\/www.entreculturas.org\\\/en\\\/noticia\\\/fede-gerona-e-isa-alfonso-volpas-en-brasil\\\/#primaryimage\",\"url\":\"https:\\\/\\\/www.entreculturas.org\\\/wp-content\\\/uploads\\\/2023\\\/12\\\/volpasmanaus.jpg\",\"contentUrl\":\"https:\\\/\\\/www.entreculturas.org\\\/wp-content\\\/uploads\\\/2023\\\/12\\\/volpasmanaus.jpg\",\"width\":400,\"height\":300},{\"@type\":\"BreadcrumbList\",\"@id\":\"https:\\\/\\\/www.entreculturas.org\\\/en\\\/noticia\\\/fede-gerona-e-isa-alfonso-volpas-en-brasil\\\/#breadcrumb\",\"itemListElement\":[{\"@type\":\"ListItem\",\"position\":1,\"name\":\"Home\",\"item\":\"https:\\\/\\\/www.entreculturas.org\\\/en\\\/\"},{\"@type\":\"ListItem\",\"position\":2,\"name\":\"Noticias\",\"item\":\"https:\\\/\\\/www.entreculturas.org\\\/en\\\/noticias\\\/\"},{\"@type\":\"ListItem\",\"position\":3,\"name\":\"Fede Gerona e Isa Alfonso, VOLPAS en Brasil\"}]},{\"@type\":\"WebSite\",\"@id\":\"https:\\\/\\\/www.entreculturas.org\\\/en\\\/#website\",\"url\":\"https:\\\/\\\/www.entreculturas.org\\\/en\\\/\",\"name\":\"Entreculturas\",\"description\":\"\",\"publisher\":{\"@id\":\"https:\\\/\\\/www.entreculturas.org\\\/en\\\/#organization\"},\"alternateName\":\"Entreculturas\",\"potentialAction\":[{\"@type\":\"SearchAction\",\"target\":{\"@type\":\"EntryPoint\",\"urlTemplate\":\"https:\\\/\\\/www.entreculturas.org\\\/en\\\/?s={search_term_string}\"},\"query-input\":{\"@type\":\"PropertyValueSpecification\",\"valueRequired\":true,\"valueName\":\"search_term_string\"}}],\"inLanguage\":\"en-US\"},{\"@type\":\"Organization\",\"@id\":\"https:\\\/\\\/www.entreculturas.org\\\/en\\\/#organization\",\"name\":\"Entreculturas\",\"url\":\"https:\\\/\\\/www.entreculturas.org\\\/en\\\/\",\"logo\":{\"@type\":\"ImageObject\",\"inLanguage\":\"en-US\",\"@id\":\"https:\\\/\\\/www.entreculturas.org\\\/en\\\/#\\\/schema\\\/logo\\\/image\\\/\",\"url\":\"https:\\\/\\\/www.entreculturas.org\\\/wp-content\\\/uploads\\\/2025\\\/10\\\/ESP.svg\",\"contentUrl\":\"https:\\\/\\\/www.entreculturas.org\\\/wp-content\\\/uploads\\\/2025\\\/10\\\/ESP.svg\",\"caption\":\"Entreculturas\"},\"image\":{\"@id\":\"https:\\\/\\\/www.entreculturas.org\\\/en\\\/#\\\/schema\\\/logo\\\/image\\\/\"},\"sameAs\":[\"https:\\\/\\\/www.facebook.com\\\/entreculturas\",\"https:\\\/\\\/x.com\\\/Entreculturas\",\"https:\\\/\\\/www.instagram.com\\\/entreculturas\\\/\",\"https:\\\/\\\/www.youtube.com\\\/user\\\/entreculturasvideo\",\"https:\\\/\\\/www.linkedin.com\\\/company\\\/fundacion-entreculturas-ngdo\\\/\",\"https:\\\/\\\/www.flickr.com\\\/photos\\\/98455522@N04\\\/albums\\\/\"]}]}<\/script>\n<!-- \/ Yoast SEO Premium plugin. -->","yoast_head_json":{"title":"Fede Gerona e Isa Alfonso, VOLPAS en Brasil - Entreculturas","robots":{"index":"index","follow":"follow","max-snippet":"max-snippet:-1","max-image-preview":"max-image-preview:large","max-video-preview":"max-video-preview:-1"},"canonical":"https:\/\/www.entreculturas.org\/en\/noticia\/fede-gerona-e-isa-alfonso-volpas-en-brasil\/","og_locale":"en_US","og_type":"article","og_title":"Fede Gerona e Isa Alfonso, VOLPAS en Brasil","og_description":"Somos Fede e Isa, de 30 y 26 a\u00f1os respectivamente y somos de Badajoz. En estos momentos nos encontramos en el barrio de Compensa, en la periferia de Manaus, la ciudad m\u00e1s grande del norte de Brasil y de la Panamazonia. Hemos venido aqu\u00ed a trav\u00e9s del Programa de Voluntariado Internacional Pedro Arrupe (VOLPA) que ofrece Entreculturas. Llegamos aqu\u00ed en abril de 2014 y, desde entonces, hemos participado en dos iniciativas s\u00faper interesantes: en primer lugar, hasta diciembre de 2015, trabaj\u00e1bamos en una parroquia local atendiendo a migrantes haitianos y ayud\u00e1ndoles en el proceso de regularizaci\u00f3n de sus documentos. Y despu\u00e9s, cuando el flujo de haitianos comenz\u00f3 a disminuir por cambios en su trayecto migratorio, empezamos a colaborar con el CIMI (Conselho Indigenista Mission\u00e1rio), al que acud\u00edamos dos d\u00edas por semana para ayudar en las labores de la sede y con visitas a algunas tierras ind\u00edgenas que est\u00e1n cerca de [&hellip;]","og_url":"https:\/\/www.entreculturas.org\/en\/noticia\/fede-gerona-e-isa-alfonso-volpas-en-brasil\/","og_site_name":"Entreculturas","article_publisher":"https:\/\/www.facebook.com\/entreculturas","article_modified_time":"2024-09-17T11:43:32+00:00","og_image":[{"width":400,"height":300,"url":"https:\/\/www.entreculturas.org\/wp-content\/uploads\/2023\/12\/volpasmanaus.jpg","type":"image\/jpeg"}],"twitter_card":"summary_large_image","twitter_site":"@Entreculturas","schema":{"@context":"https:\/\/schema.org","@graph":[{"@type":"WebPage","@id":"https:\/\/www.entreculturas.org\/en\/noticia\/fede-gerona-e-isa-alfonso-volpas-en-brasil\/","url":"https:\/\/www.entreculturas.org\/en\/noticia\/fede-gerona-e-isa-alfonso-volpas-en-brasil\/","name":"Fede Gerona e Isa Alfonso, VOLPAS en Brasil - Entreculturas","isPartOf":{"@id":"https:\/\/www.entreculturas.org\/en\/#website"},"primaryImageOfPage":{"@id":"https:\/\/www.entreculturas.org\/en\/noticia\/fede-gerona-e-isa-alfonso-volpas-en-brasil\/#primaryimage"},"image":{"@id":"https:\/\/www.entreculturas.org\/en\/noticia\/fede-gerona-e-isa-alfonso-volpas-en-brasil\/#primaryimage"},"thumbnailUrl":"https:\/\/www.entreculturas.org\/wp-content\/uploads\/2023\/12\/volpasmanaus.jpg","datePublished":"2016-02-16T15:36:27+00:00","dateModified":"2024-09-17T11:43:32+00:00","breadcrumb":{"@id":"https:\/\/www.entreculturas.org\/en\/noticia\/fede-gerona-e-isa-alfonso-volpas-en-brasil\/#breadcrumb"},"inLanguage":"en-US","potentialAction":[{"@type":"ReadAction","target":["https:\/\/www.entreculturas.org\/en\/noticia\/fede-gerona-e-isa-alfonso-volpas-en-brasil\/"]}]},{"@type":"ImageObject","inLanguage":"en-US","@id":"https:\/\/www.entreculturas.org\/en\/noticia\/fede-gerona-e-isa-alfonso-volpas-en-brasil\/#primaryimage","url":"https:\/\/www.entreculturas.org\/wp-content\/uploads\/2023\/12\/volpasmanaus.jpg","contentUrl":"https:\/\/www.entreculturas.org\/wp-content\/uploads\/2023\/12\/volpasmanaus.jpg","width":400,"height":300},{"@type":"BreadcrumbList","@id":"https:\/\/www.entreculturas.org\/en\/noticia\/fede-gerona-e-isa-alfonso-volpas-en-brasil\/#breadcrumb","itemListElement":[{"@type":"ListItem","position":1,"name":"Home","item":"https:\/\/www.entreculturas.org\/en\/"},{"@type":"ListItem","position":2,"name":"Noticias","item":"https:\/\/www.entreculturas.org\/en\/noticias\/"},{"@type":"ListItem","position":3,"name":"Fede Gerona e Isa Alfonso, VOLPAS en Brasil"}]},{"@type":"WebSite","@id":"https:\/\/www.entreculturas.org\/en\/#website","url":"https:\/\/www.entreculturas.org\/en\/","name":"Entreculturas","description":"","publisher":{"@id":"https:\/\/www.entreculturas.org\/en\/#organization"},"alternateName":"Entreculturas","potentialAction":[{"@type":"SearchAction","target":{"@type":"EntryPoint","urlTemplate":"https:\/\/www.entreculturas.org\/en\/?s={search_term_string}"},"query-input":{"@type":"PropertyValueSpecification","valueRequired":true,"valueName":"search_term_string"}}],"inLanguage":"en-US"},{"@type":"Organization","@id":"https:\/\/www.entreculturas.org\/en\/#organization","name":"Entreculturas","url":"https:\/\/www.entreculturas.org\/en\/","logo":{"@type":"ImageObject","inLanguage":"en-US","@id":"https:\/\/www.entreculturas.org\/en\/#\/schema\/logo\/image\/","url":"https:\/\/www.entreculturas.org\/wp-content\/uploads\/2025\/10\/ESP.svg","contentUrl":"https:\/\/www.entreculturas.org\/wp-content\/uploads\/2025\/10\/ESP.svg","caption":"Entreculturas"},"image":{"@id":"https:\/\/www.entreculturas.org\/en\/#\/schema\/logo\/image\/"},"sameAs":["https:\/\/www.facebook.com\/entreculturas","https:\/\/x.com\/Entreculturas","https:\/\/www.instagram.com\/entreculturas\/","https:\/\/www.youtube.com\/user\/entreculturasvideo","https:\/\/www.linkedin.com\/company\/fundacion-entreculturas-ngdo\/","https:\/\/www.flickr.com\/photos\/98455522@N04\/albums\/"]}]}},"_links":{"self":[{"href":"https:\/\/www.entreculturas.org\/en\/wp-json\/wp\/v2\/noticia\/9526","targetHints":{"allow":["GET"]}}],"collection":[{"href":"https:\/\/www.entreculturas.org\/en\/wp-json\/wp\/v2\/noticia"}],"about":[{"href":"https:\/\/www.entreculturas.org\/en\/wp-json\/wp\/v2\/types\/noticia"}],"wp:featuredmedia":[{"embeddable":true,"href":"https:\/\/www.entreculturas.org\/en\/wp-json\/wp\/v2\/media\/9527"}],"wp:attachment":[{"href":"https:\/\/www.entreculturas.org\/en\/wp-json\/wp\/v2\/media?parent=9526"}],"wp:term":[{"taxonomy":"category","embeddable":true,"href":"https:\/\/www.entreculturas.org\/en\/wp-json\/wp\/v2\/categories?post=9526"},{"taxonomy":"post_tag","embeddable":true,"href":"https:\/\/www.entreculturas.org\/en\/wp-json\/wp\/v2\/tags?post=9526"},{"taxonomy":"country","embeddable":true,"href":"https:\/\/www.entreculturas.org\/en\/wp-json\/wp\/v2\/country?post=9526"},{"taxonomy":"cause","embeddable":true,"href":"https:\/\/www.entreculturas.org\/en\/wp-json\/wp\/v2\/cause?post=9526"}],"curies":[{"name":"wp","href":"https:\/\/api.w.org\/{rel}","templated":true}]}}