{"id":9416,"date":"2023-10-31T09:18:15","date_gmt":"2023-10-31T08:18:15","guid":{"rendered":"https:\/\/www.entreculturas.org\/noticia\/venezuela-educacion-y-seguridad-alimentaria-en-la-emergencia\/"},"modified":"2024-02-14T14:57:35","modified_gmt":"2024-02-14T13:57:35","slug":"venezuela-educacion-y-seguridad-alimentaria-en-la-emergencia","status":"publish","type":"noticia","link":"https:\/\/www.entreculturas.org\/en\/noticia\/venezuela-educacion-y-seguridad-alimentaria-en-la-emergencia\/","title":{"rendered":"Venezuela: educaci\u00f3n y seguridad alimentaria en la emergencia"},"content":{"rendered":"<\/p>\n<p>Vivimos en un mundo en el que 258 millones de personas enfrentan una situaci\u00f3n de seguridad alimentaria aguda, y 244 millones de ni\u00f1os y ni\u00f1as de entre 6 y 18 a\u00f1os no van a la escuela. Estas cifras revelan la crisis mundial en materia de alimentaci\u00f3n y educaci\u00f3n, la cual se ha visto agravada por la pandemia de COVID-19.<\/p>\n<p>Esta crisis se agrava a\u00fan m\u00e1s en lugares como Venezuela, donde la inseguridad alimentaria y la falta de acceso a una educaci\u00f3n de calidad han alcanzado niveles alarmantes. Antes de la pandemia, 3,7 millones de los 7,1 millones de ni\u00f1os, ni\u00f1as y adolescentes en edad escolar ya no asist\u00edan a la escuela, y esta cifra ha aumentado debido a la COVID-19. La pandemia ha intensificado el riesgo de que un n\u00famero creciente de menores no regrese jam\u00e1s a la escuela.<\/p>\n<p><strong>La respuesta de Entreculturas en colaboraci\u00f3n con Fe y Alegr\u00eda y ECHO<\/strong><\/p>\n<p>En respuesta a este desaf\u00edo humanitario, desde Fe y Alegr\u00eda y Entreculturas, gracias al apoyo de la Direcci\u00f3n General de Protecci\u00f3n Civil y Operaciones de Ayuda Humanitaria Europeas (ECHO), hemos llevado a cabo el proyecto <strong>EDUCACI\u00d3N Y SEGURIDAD ALIMENTARIA EN LA EMERGENCIA<\/strong>. El proyecto inici\u00f3 en septiembre de 2019 y se extendi\u00f3 a lo largo de 24 meses, con el prop\u00f3sito de brindar apoyo a las comunidades m\u00e1s vulnerables en Venezuela. A trav\u00e9s de una respuesta integral, abordamos tanto la seguridad alimentaria como el acceso a la educaci\u00f3n, promoviendo la permanencia en las escuelas y creando oportunidades para un futuro mejor.<\/p>\n<p>Durante este proceso, hemos acompa\u00f1ado a un total de 10,573 personas, que incluyen 9,784 estudiantes y 789 docentes y personal administrativo, de 11 escuelas en los estados de Miranda y Anzo\u00e1tegui, Venezuela. Nuestros esfuerzos han tenido un impacto significativo al reducir la deserci\u00f3n escolar, aumentar la matr\u00edcula y fomentar una alimentaci\u00f3n m\u00e1s saludable y equilibrada. <strong>Estas acciones han contribuido a mejorar la nutrici\u00f3n de los ni\u00f1os y ni\u00f1as, asegurando su permanencia en la escuela y apoyando su desarrollo educativo.&nbsp;<\/strong><\/p>\n<p><img decoding=\"async\" alt=\" src=\"https:\/\/www.entreculturas.org\/wp-content\/uploads\/2023\/12\/img_7356.jpg\" style=\"width: 1069px; height: 600px;\"><\/p>\n<p><strong>Evaluaci\u00f3n del proyecto<\/strong><\/p>\n<p>Hoy presentamos el cuaderno de evaluaci\u00f3n del proyecto, en el que exponemos las acciones llevadas a cabo en el proyecto para paliar los efectos de la emergencia en Venezuela, as\u00ed como los aprendizajes obtenidos de la evaluaci\u00f3n externa que hemos realizado, de manera que podamos seguir mejorando y contribuyendo a la promoci\u00f3n de la justicia.<\/p>\n<p>Lee el Cuaderno de Evaluaci\u00f3n completo&nbsp;<a href=\"https:\/\/www.entreculturas.org\/es\/publicaciones\/educacion-y-seguridad-alimentaria-en-la-emergencia\">aqu\u00ed<\/a>.&nbsp;<\/p>\n<p><strong>La estrecha relaci\u00f3n entre la inseguridad alimentaria y la educaci\u00f3n<\/strong><\/p>\n<p>La inseguridad alimentaria y la educaci\u00f3n est\u00e1n estrechamente relacionadas: cada d\u00eda, millones de ni\u00f1os y ni\u00f1as van a la escuela con el est\u00f3mago vac\u00edo. La carencia de una <strong>alimentaci\u00f3n<\/strong> completa tiene graves consecuencias en los ni\u00f1os y ni\u00f1as y en su rendimiento escolar. Cuando la inseguridad alimentaria est\u00e1 presente se observa que al alumnado le falta energ\u00eda para llevar a cabo el normal desempe\u00f1o de las actividades escolares, la convivencia se dificulta y la participaci\u00f3n e inter\u00e9s por el aprendizaje decrecen, llegando incluso al absentismo.&nbsp; &nbsp;<\/p>\n<p>A su vez, la educaci\u00f3n en una situaci\u00f3n de crisis genera espacios que hacen posible la protecci\u00f3n f\u00edsica, psicosocial y cognitiva que puede salvar y mantener vidas. Las escuelas ofrecen entornos seguros que nos proporcionan la capacidad para identificar necesidades y proveer apoyo a las personas afectadas por las crisis en distintos \u00e1mbitos tales como la seguridad alimentaria y el apoyo psicosocial. Gracias a la educaci\u00f3n se aten\u00faa el impacto psicosocial del conflicto y los desastres, dando un sentido de normalidad, estabilidad, estructura y esperanza durante \u00e9pocas de crisis. Adem\u00e1s, la <strong>escuela proporciona herramientas esenciales para la reconstrucci\u00f3n social favoreciendo la resiliencia del alumnado.<\/strong><\/p>\n<p>&nbsp;<\/p>\n<p>&nbsp;<\/p>\n","protected":false},"excerpt":{"rendered":"<p>Vivimos en un mundo en el que 258 millones de personas enfrentan una situaci\u00f3n de seguridad alimentaria aguda, y 244 millones de ni\u00f1os y ni\u00f1as de entre 6 y 18 a\u00f1os no van a la escuela. Estas cifras revelan la crisis mundial en materia de alimentaci\u00f3n y educaci\u00f3n, la cual se ha visto agravada por la pandemia de COVID-19<\/p>\n","protected":false},"featured_media":9418,"template":"single-noticia","meta":{"_acf_changed":false},"categories":[7,728],"tags":[289],"country":[127],"cause":[128],"class_list":["post-9416","noticia","type-noticia","status-publish","has-post-thumbnail","hentry","category-noticia","category-sin-categorizar","tag-educacion","country-venezuela","cause-educacion"],"acf":[],"yoast_head":"<!-- This site is optimized with the Yoast SEO Premium plugin v21.6 (Yoast SEO v27.5) - https:\/\/yoast.com\/product\/yoast-seo-premium-wordpress\/ -->\n<title>Venezuela: educaci\u00f3n y seguridad alimentaria en la emergencia - Entreculturas<\/title>\n<meta name=\"robots\" content=\"index, follow, max-snippet:-1, max-image-preview:large, max-video-preview:-1\" \/>\n<link rel=\"canonical\" href=\"https:\/\/www.entreculturas.org\/en\/noticia\/venezuela-educacion-y-seguridad-alimentaria-en-la-emergencia\/\" \/>\n<meta property=\"og:locale\" content=\"en_US\" \/>\n<meta property=\"og:type\" content=\"article\" \/>\n<meta property=\"og:title\" content=\"Venezuela: educaci\u00f3n y seguridad alimentaria en la emergencia\" \/>\n<meta property=\"og:description\" content=\"Vivimos en un mundo en el que 258 millones de personas enfrentan una situaci\u00f3n de seguridad alimentaria aguda, y 244 millones de ni\u00f1os y ni\u00f1as de entre 6 y 18 a\u00f1os no van a la escuela. Estas cifras revelan la crisis mundial en materia de alimentaci\u00f3n y educaci\u00f3n, la cual se ha visto agravada por la pandemia de COVID-19\" \/>\n<meta property=\"og:url\" content=\"https:\/\/www.entreculturas.org\/en\/noticia\/venezuela-educacion-y-seguridad-alimentaria-en-la-emergencia\/\" \/>\n<meta property=\"og:site_name\" content=\"Entreculturas\" \/>\n<meta property=\"article:publisher\" content=\"https:\/\/www.facebook.com\/entreculturas\" \/>\n<meta property=\"article:modified_time\" content=\"2024-02-14T13:57:35+00:00\" \/>\n<meta property=\"og:image\" content=\"https:\/\/www.entreculturas.org\/wp-content\/uploads\/2023\/12\/img_7341.jpg\" \/>\n\t<meta property=\"og:image:width\" content=\"2000\" \/>\n\t<meta property=\"og:image:height\" content=\"1123\" \/>\n\t<meta property=\"og:image:type\" content=\"image\/jpeg\" \/>\n<meta name=\"twitter:card\" content=\"summary_large_image\" \/>\n<meta name=\"twitter:site\" content=\"@Entreculturas\" \/>\n<script type=\"application\/ld+json\" class=\"yoast-schema-graph\">{\"@context\":\"https:\\\/\\\/schema.org\",\"@graph\":[{\"@type\":\"WebPage\",\"@id\":\"https:\\\/\\\/www.entreculturas.org\\\/en\\\/noticia\\\/venezuela-educacion-y-seguridad-alimentaria-en-la-emergencia\\\/\",\"url\":\"https:\\\/\\\/www.entreculturas.org\\\/en\\\/noticia\\\/venezuela-educacion-y-seguridad-alimentaria-en-la-emergencia\\\/\",\"name\":\"Venezuela: educaci\u00f3n y seguridad alimentaria en la emergencia - Entreculturas\",\"isPartOf\":{\"@id\":\"https:\\\/\\\/www.entreculturas.org\\\/en\\\/#website\"},\"primaryImageOfPage\":{\"@id\":\"https:\\\/\\\/www.entreculturas.org\\\/en\\\/noticia\\\/venezuela-educacion-y-seguridad-alimentaria-en-la-emergencia\\\/#primaryimage\"},\"image\":{\"@id\":\"https:\\\/\\\/www.entreculturas.org\\\/en\\\/noticia\\\/venezuela-educacion-y-seguridad-alimentaria-en-la-emergencia\\\/#primaryimage\"},\"thumbnailUrl\":\"https:\\\/\\\/www.entreculturas.org\\\/wp-content\\\/uploads\\\/2023\\\/12\\\/img_7341.jpg\",\"datePublished\":\"2023-10-31T08:18:15+00:00\",\"dateModified\":\"2024-02-14T13:57:35+00:00\",\"breadcrumb\":{\"@id\":\"https:\\\/\\\/www.entreculturas.org\\\/en\\\/noticia\\\/venezuela-educacion-y-seguridad-alimentaria-en-la-emergencia\\\/#breadcrumb\"},\"inLanguage\":\"en-US\",\"potentialAction\":[{\"@type\":\"ReadAction\",\"target\":[\"https:\\\/\\\/www.entreculturas.org\\\/en\\\/noticia\\\/venezuela-educacion-y-seguridad-alimentaria-en-la-emergencia\\\/\"]}]},{\"@type\":\"ImageObject\",\"inLanguage\":\"en-US\",\"@id\":\"https:\\\/\\\/www.entreculturas.org\\\/en\\\/noticia\\\/venezuela-educacion-y-seguridad-alimentaria-en-la-emergencia\\\/#primaryimage\",\"url\":\"https:\\\/\\\/www.entreculturas.org\\\/wp-content\\\/uploads\\\/2023\\\/12\\\/img_7341.jpg\",\"contentUrl\":\"https:\\\/\\\/www.entreculturas.org\\\/wp-content\\\/uploads\\\/2023\\\/12\\\/img_7341.jpg\",\"width\":2000,\"height\":1123},{\"@type\":\"BreadcrumbList\",\"@id\":\"https:\\\/\\\/www.entreculturas.org\\\/en\\\/noticia\\\/venezuela-educacion-y-seguridad-alimentaria-en-la-emergencia\\\/#breadcrumb\",\"itemListElement\":[{\"@type\":\"ListItem\",\"position\":1,\"name\":\"Home\",\"item\":\"https:\\\/\\\/www.entreculturas.org\\\/en\\\/\"},{\"@type\":\"ListItem\",\"position\":2,\"name\":\"Noticias\",\"item\":\"https:\\\/\\\/www.entreculturas.org\\\/en\\\/noticias\\\/\"},{\"@type\":\"ListItem\",\"position\":3,\"name\":\"Venezuela: educaci\u00f3n y seguridad alimentaria en la emergencia\"}]},{\"@type\":\"WebSite\",\"@id\":\"https:\\\/\\\/www.entreculturas.org\\\/en\\\/#website\",\"url\":\"https:\\\/\\\/www.entreculturas.org\\\/en\\\/\",\"name\":\"Entreculturas\",\"description\":\"\",\"publisher\":{\"@id\":\"https:\\\/\\\/www.entreculturas.org\\\/en\\\/#organization\"},\"alternateName\":\"Entreculturas\",\"potentialAction\":[{\"@type\":\"SearchAction\",\"target\":{\"@type\":\"EntryPoint\",\"urlTemplate\":\"https:\\\/\\\/www.entreculturas.org\\\/en\\\/?s={search_term_string}\"},\"query-input\":{\"@type\":\"PropertyValueSpecification\",\"valueRequired\":true,\"valueName\":\"search_term_string\"}}],\"inLanguage\":\"en-US\"},{\"@type\":\"Organization\",\"@id\":\"https:\\\/\\\/www.entreculturas.org\\\/en\\\/#organization\",\"name\":\"Entreculturas\",\"url\":\"https:\\\/\\\/www.entreculturas.org\\\/en\\\/\",\"logo\":{\"@type\":\"ImageObject\",\"inLanguage\":\"en-US\",\"@id\":\"https:\\\/\\\/www.entreculturas.org\\\/en\\\/#\\\/schema\\\/logo\\\/image\\\/\",\"url\":\"https:\\\/\\\/www.entreculturas.org\\\/wp-content\\\/uploads\\\/2025\\\/10\\\/ESP.svg\",\"contentUrl\":\"https:\\\/\\\/www.entreculturas.org\\\/wp-content\\\/uploads\\\/2025\\\/10\\\/ESP.svg\",\"caption\":\"Entreculturas\"},\"image\":{\"@id\":\"https:\\\/\\\/www.entreculturas.org\\\/en\\\/#\\\/schema\\\/logo\\\/image\\\/\"},\"sameAs\":[\"https:\\\/\\\/www.facebook.com\\\/entreculturas\",\"https:\\\/\\\/x.com\\\/Entreculturas\",\"https:\\\/\\\/www.instagram.com\\\/entreculturas\\\/\",\"https:\\\/\\\/www.youtube.com\\\/user\\\/entreculturasvideo\",\"https:\\\/\\\/www.linkedin.com\\\/company\\\/fundacion-entreculturas-ngdo\\\/\",\"https:\\\/\\\/www.flickr.com\\\/photos\\\/98455522@N04\\\/albums\\\/\"]}]}<\/script>\n<!-- \/ Yoast SEO Premium plugin. -->","yoast_head_json":{"title":"Venezuela: educaci\u00f3n y seguridad alimentaria en la emergencia - Entreculturas","robots":{"index":"index","follow":"follow","max-snippet":"max-snippet:-1","max-image-preview":"max-image-preview:large","max-video-preview":"max-video-preview:-1"},"canonical":"https:\/\/www.entreculturas.org\/en\/noticia\/venezuela-educacion-y-seguridad-alimentaria-en-la-emergencia\/","og_locale":"en_US","og_type":"article","og_title":"Venezuela: educaci\u00f3n y seguridad alimentaria en la emergencia","og_description":"Vivimos en un mundo en el que 258 millones de personas enfrentan una situaci\u00f3n de seguridad alimentaria aguda, y 244 millones de ni\u00f1os y ni\u00f1as de entre 6 y 18 a\u00f1os no van a la escuela. Estas cifras revelan la crisis mundial en materia de alimentaci\u00f3n y educaci\u00f3n, la cual se ha visto agravada por la pandemia de COVID-19","og_url":"https:\/\/www.entreculturas.org\/en\/noticia\/venezuela-educacion-y-seguridad-alimentaria-en-la-emergencia\/","og_site_name":"Entreculturas","article_publisher":"https:\/\/www.facebook.com\/entreculturas","article_modified_time":"2024-02-14T13:57:35+00:00","og_image":[{"width":2000,"height":1123,"url":"https:\/\/www.entreculturas.org\/wp-content\/uploads\/2023\/12\/img_7341.jpg","type":"image\/jpeg"}],"twitter_card":"summary_large_image","twitter_site":"@Entreculturas","schema":{"@context":"https:\/\/schema.org","@graph":[{"@type":"WebPage","@id":"https:\/\/www.entreculturas.org\/en\/noticia\/venezuela-educacion-y-seguridad-alimentaria-en-la-emergencia\/","url":"https:\/\/www.entreculturas.org\/en\/noticia\/venezuela-educacion-y-seguridad-alimentaria-en-la-emergencia\/","name":"Venezuela: educaci\u00f3n y seguridad alimentaria en la emergencia - Entreculturas","isPartOf":{"@id":"https:\/\/www.entreculturas.org\/en\/#website"},"primaryImageOfPage":{"@id":"https:\/\/www.entreculturas.org\/en\/noticia\/venezuela-educacion-y-seguridad-alimentaria-en-la-emergencia\/#primaryimage"},"image":{"@id":"https:\/\/www.entreculturas.org\/en\/noticia\/venezuela-educacion-y-seguridad-alimentaria-en-la-emergencia\/#primaryimage"},"thumbnailUrl":"https:\/\/www.entreculturas.org\/wp-content\/uploads\/2023\/12\/img_7341.jpg","datePublished":"2023-10-31T08:18:15+00:00","dateModified":"2024-02-14T13:57:35+00:00","breadcrumb":{"@id":"https:\/\/www.entreculturas.org\/en\/noticia\/venezuela-educacion-y-seguridad-alimentaria-en-la-emergencia\/#breadcrumb"},"inLanguage":"en-US","potentialAction":[{"@type":"ReadAction","target":["https:\/\/www.entreculturas.org\/en\/noticia\/venezuela-educacion-y-seguridad-alimentaria-en-la-emergencia\/"]}]},{"@type":"ImageObject","inLanguage":"en-US","@id":"https:\/\/www.entreculturas.org\/en\/noticia\/venezuela-educacion-y-seguridad-alimentaria-en-la-emergencia\/#primaryimage","url":"https:\/\/www.entreculturas.org\/wp-content\/uploads\/2023\/12\/img_7341.jpg","contentUrl":"https:\/\/www.entreculturas.org\/wp-content\/uploads\/2023\/12\/img_7341.jpg","width":2000,"height":1123},{"@type":"BreadcrumbList","@id":"https:\/\/www.entreculturas.org\/en\/noticia\/venezuela-educacion-y-seguridad-alimentaria-en-la-emergencia\/#breadcrumb","itemListElement":[{"@type":"ListItem","position":1,"name":"Home","item":"https:\/\/www.entreculturas.org\/en\/"},{"@type":"ListItem","position":2,"name":"Noticias","item":"https:\/\/www.entreculturas.org\/en\/noticias\/"},{"@type":"ListItem","position":3,"name":"Venezuela: educaci\u00f3n y seguridad alimentaria en la emergencia"}]},{"@type":"WebSite","@id":"https:\/\/www.entreculturas.org\/en\/#website","url":"https:\/\/www.entreculturas.org\/en\/","name":"Entreculturas","description":"","publisher":{"@id":"https:\/\/www.entreculturas.org\/en\/#organization"},"alternateName":"Entreculturas","potentialAction":[{"@type":"SearchAction","target":{"@type":"EntryPoint","urlTemplate":"https:\/\/www.entreculturas.org\/en\/?s={search_term_string}"},"query-input":{"@type":"PropertyValueSpecification","valueRequired":true,"valueName":"search_term_string"}}],"inLanguage":"en-US"},{"@type":"Organization","@id":"https:\/\/www.entreculturas.org\/en\/#organization","name":"Entreculturas","url":"https:\/\/www.entreculturas.org\/en\/","logo":{"@type":"ImageObject","inLanguage":"en-US","@id":"https:\/\/www.entreculturas.org\/en\/#\/schema\/logo\/image\/","url":"https:\/\/www.entreculturas.org\/wp-content\/uploads\/2025\/10\/ESP.svg","contentUrl":"https:\/\/www.entreculturas.org\/wp-content\/uploads\/2025\/10\/ESP.svg","caption":"Entreculturas"},"image":{"@id":"https:\/\/www.entreculturas.org\/en\/#\/schema\/logo\/image\/"},"sameAs":["https:\/\/www.facebook.com\/entreculturas","https:\/\/x.com\/Entreculturas","https:\/\/www.instagram.com\/entreculturas\/","https:\/\/www.youtube.com\/user\/entreculturasvideo","https:\/\/www.linkedin.com\/company\/fundacion-entreculturas-ngdo\/","https:\/\/www.flickr.com\/photos\/98455522@N04\/albums\/"]}]}},"_links":{"self":[{"href":"https:\/\/www.entreculturas.org\/en\/wp-json\/wp\/v2\/noticia\/9416","targetHints":{"allow":["GET"]}}],"collection":[{"href":"https:\/\/www.entreculturas.org\/en\/wp-json\/wp\/v2\/noticia"}],"about":[{"href":"https:\/\/www.entreculturas.org\/en\/wp-json\/wp\/v2\/types\/noticia"}],"wp:featuredmedia":[{"embeddable":true,"href":"https:\/\/www.entreculturas.org\/en\/wp-json\/wp\/v2\/media\/9418"}],"wp:attachment":[{"href":"https:\/\/www.entreculturas.org\/en\/wp-json\/wp\/v2\/media?parent=9416"}],"wp:term":[{"taxonomy":"category","embeddable":true,"href":"https:\/\/www.entreculturas.org\/en\/wp-json\/wp\/v2\/categories?post=9416"},{"taxonomy":"post_tag","embeddable":true,"href":"https:\/\/www.entreculturas.org\/en\/wp-json\/wp\/v2\/tags?post=9416"},{"taxonomy":"country","embeddable":true,"href":"https:\/\/www.entreculturas.org\/en\/wp-json\/wp\/v2\/country?post=9416"},{"taxonomy":"cause","embeddable":true,"href":"https:\/\/www.entreculturas.org\/en\/wp-json\/wp\/v2\/cause?post=9416"}],"curies":[{"name":"wp","href":"https:\/\/api.w.org\/{rel}","templated":true}]}}