{"id":9405,"date":"2023-10-25T07:38:43","date_gmt":"2023-10-25T05:38:43","guid":{"rendered":"https:\/\/www.entreculturas.org\/noticia\/entreculturas-recibe-el-premio-sabadell-inversion-etica-y-solidaria\/"},"modified":"2024-02-14T14:59:55","modified_gmt":"2024-02-14T13:59:55","slug":"entreculturas-recibe-el-premio-sabadell-inversion-etica-y-solidaria","status":"publish","type":"noticia","link":"https:\/\/www.entreculturas.org\/en\/noticia\/entreculturas-recibe-el-premio-sabadell-inversion-etica-y-solidaria\/","title":{"rendered":"Entreculturas recibe el premio Sabadell Inversi\u00f3n \u00c9tica y Solidaria"},"content":{"rendered":"<\/p>\n<p>El d\u00eda 4 de octubre de 2023, Entreculturas particip\u00f3 en el acto de entrega de las <strong>ayudas a causas solidarias<\/strong> del Fondo Sabadell Inversi\u00f3n \u00c9tica y Solidaria, las cuales fueron destinadas a 27 organizaciones, ONGs, congregaciones religiosas y fundaciones. Entre las que se encontraba Entreculturas. Este fondo, \u00e9tico y solidario, invierte considerando criterios empresariales, econ\u00f3micos, \u00e9ticos, y de responsabilidad social y medioambiental.<\/p>\n<p>El proyecto beneficiado, y al que Entreculturas destinar\u00e1 los fondos, es <strong>\u00abAcceso a una educaci\u00f3n de calidad y protecci\u00f3n social a ni\u00f1os y ni\u00f1as refugiados en Ad\u00eds Abeba\u00bb<\/strong>. Este proyecto pretende mejorar el acceso de ni\u00f1os y ni\u00f1as refugiadas a servicios de protecci\u00f3n infantil, educaci\u00f3n y empoderamiento a trav\u00e9s de una educaci\u00f3n de calidad, configuraci\u00f3n de relaciones sociales, acompa\u00f1amiento y atenci\u00f3n psicosocial.<\/p>\n<p>&nbsp;<\/p>\n","protected":false},"excerpt":{"rendered":"<p>El d\u00eda 4 de octubre de 2023, Entreculturas particip\u00f3 en el acto de entrega de las ayudas a causas solidarias del Fondo Sabadell Inversi\u00f3n \u00c9tica y Solidaria, las cuales fueron destinadas a 27 organizaciones, ONGs, congregaciones religiosas y fundaciones. Entre las que se encontraba Entreculturas. Este fondo, \u00e9tico y solidario, invierte considerando criterios empresariales, econ\u00f3micos, \u00e9ticos, y de responsabilidad social y medioambiental.<\/p>\n","protected":false},"featured_media":9406,"template":"single-noticia","meta":{"_acf_changed":false},"categories":[7,728],"tags":[196],"country":[120],"cause":[131],"class_list":["post-9405","noticia","type-noticia","status-publish","has-post-thumbnail","hentry","category-noticia","category-sin-categorizar","tag-rsc","country-espana","cause-justicia-medioambiental"],"acf":[],"yoast_head":"<!-- This site is optimized with the Yoast SEO Premium plugin v21.6 (Yoast SEO v27.5) - https:\/\/yoast.com\/product\/yoast-seo-premium-wordpress\/ -->\n<title>Entreculturas recibe el premio Sabadell Inversi\u00f3n \u00c9tica y Solidaria - Entreculturas<\/title>\n<meta name=\"robots\" content=\"index, follow, max-snippet:-1, max-image-preview:large, max-video-preview:-1\" \/>\n<link rel=\"canonical\" href=\"https:\/\/www.entreculturas.org\/en\/noticia\/entreculturas-recibe-el-premio-sabadell-inversion-etica-y-solidaria\/\" \/>\n<meta property=\"og:locale\" content=\"en_US\" \/>\n<meta property=\"og:type\" content=\"article\" \/>\n<meta property=\"og:title\" content=\"Entreculturas recibe el premio Sabadell Inversi\u00f3n \u00c9tica y Solidaria\" \/>\n<meta property=\"og:description\" content=\"El d\u00eda 4 de octubre de 2023, Entreculturas particip\u00f3 en el acto de entrega de las ayudas a causas solidarias del Fondo Sabadell Inversi\u00f3n \u00c9tica y Solidaria, las cuales fueron destinadas a 27 organizaciones, ONGs, congregaciones religiosas y fundaciones. Entre las que se encontraba Entreculturas. Este fondo, \u00e9tico y solidario, invierte considerando criterios empresariales, econ\u00f3micos, \u00e9ticos, y de responsabilidad social y medioambiental.\" \/>\n<meta property=\"og:url\" content=\"https:\/\/www.entreculturas.org\/en\/noticia\/entreculturas-recibe-el-premio-sabadell-inversion-etica-y-solidaria\/\" \/>\n<meta property=\"og:site_name\" content=\"Entreculturas\" \/>\n<meta property=\"article:publisher\" content=\"https:\/\/www.facebook.com\/entreculturas\" \/>\n<meta property=\"article:modified_time\" content=\"2024-02-14T13:59:55+00:00\" \/>\n<meta property=\"og:image\" content=\"https:\/\/www.entreculturas.org\/wp-content\/uploads\/2023\/12\/imagen_sabadell_24102023.jpg\" \/>\n\t<meta property=\"og:image:width\" content=\"880\" \/>\n\t<meta property=\"og:image:height\" content=\"660\" \/>\n\t<meta property=\"og:image:type\" content=\"image\/jpeg\" \/>\n<meta name=\"twitter:card\" content=\"summary_large_image\" \/>\n<meta name=\"twitter:site\" content=\"@Entreculturas\" \/>\n<script type=\"application\/ld+json\" class=\"yoast-schema-graph\">{\"@context\":\"https:\\\/\\\/schema.org\",\"@graph\":[{\"@type\":\"WebPage\",\"@id\":\"https:\\\/\\\/www.entreculturas.org\\\/en\\\/noticia\\\/entreculturas-recibe-el-premio-sabadell-inversion-etica-y-solidaria\\\/\",\"url\":\"https:\\\/\\\/www.entreculturas.org\\\/en\\\/noticia\\\/entreculturas-recibe-el-premio-sabadell-inversion-etica-y-solidaria\\\/\",\"name\":\"Entreculturas recibe el premio Sabadell Inversi\u00f3n \u00c9tica y Solidaria - Entreculturas\",\"isPartOf\":{\"@id\":\"https:\\\/\\\/www.entreculturas.org\\\/en\\\/#website\"},\"primaryImageOfPage\":{\"@id\":\"https:\\\/\\\/www.entreculturas.org\\\/en\\\/noticia\\\/entreculturas-recibe-el-premio-sabadell-inversion-etica-y-solidaria\\\/#primaryimage\"},\"image\":{\"@id\":\"https:\\\/\\\/www.entreculturas.org\\\/en\\\/noticia\\\/entreculturas-recibe-el-premio-sabadell-inversion-etica-y-solidaria\\\/#primaryimage\"},\"thumbnailUrl\":\"https:\\\/\\\/www.entreculturas.org\\\/wp-content\\\/uploads\\\/2023\\\/12\\\/imagen_sabadell_24102023.jpg\",\"datePublished\":\"2023-10-25T05:38:43+00:00\",\"dateModified\":\"2024-02-14T13:59:55+00:00\",\"breadcrumb\":{\"@id\":\"https:\\\/\\\/www.entreculturas.org\\\/en\\\/noticia\\\/entreculturas-recibe-el-premio-sabadell-inversion-etica-y-solidaria\\\/#breadcrumb\"},\"inLanguage\":\"en-US\",\"potentialAction\":[{\"@type\":\"ReadAction\",\"target\":[\"https:\\\/\\\/www.entreculturas.org\\\/en\\\/noticia\\\/entreculturas-recibe-el-premio-sabadell-inversion-etica-y-solidaria\\\/\"]}]},{\"@type\":\"ImageObject\",\"inLanguage\":\"en-US\",\"@id\":\"https:\\\/\\\/www.entreculturas.org\\\/en\\\/noticia\\\/entreculturas-recibe-el-premio-sabadell-inversion-etica-y-solidaria\\\/#primaryimage\",\"url\":\"https:\\\/\\\/www.entreculturas.org\\\/wp-content\\\/uploads\\\/2023\\\/12\\\/imagen_sabadell_24102023.jpg\",\"contentUrl\":\"https:\\\/\\\/www.entreculturas.org\\\/wp-content\\\/uploads\\\/2023\\\/12\\\/imagen_sabadell_24102023.jpg\",\"width\":880,\"height\":660},{\"@type\":\"BreadcrumbList\",\"@id\":\"https:\\\/\\\/www.entreculturas.org\\\/en\\\/noticia\\\/entreculturas-recibe-el-premio-sabadell-inversion-etica-y-solidaria\\\/#breadcrumb\",\"itemListElement\":[{\"@type\":\"ListItem\",\"position\":1,\"name\":\"Home\",\"item\":\"https:\\\/\\\/www.entreculturas.org\\\/en\\\/\"},{\"@type\":\"ListItem\",\"position\":2,\"name\":\"Noticias\",\"item\":\"https:\\\/\\\/www.entreculturas.org\\\/en\\\/noticias\\\/\"},{\"@type\":\"ListItem\",\"position\":3,\"name\":\"Entreculturas recibe el premio Sabadell Inversi\u00f3n \u00c9tica y Solidaria\"}]},{\"@type\":\"WebSite\",\"@id\":\"https:\\\/\\\/www.entreculturas.org\\\/en\\\/#website\",\"url\":\"https:\\\/\\\/www.entreculturas.org\\\/en\\\/\",\"name\":\"Entreculturas\",\"description\":\"\",\"publisher\":{\"@id\":\"https:\\\/\\\/www.entreculturas.org\\\/en\\\/#organization\"},\"alternateName\":\"Entreculturas\",\"potentialAction\":[{\"@type\":\"SearchAction\",\"target\":{\"@type\":\"EntryPoint\",\"urlTemplate\":\"https:\\\/\\\/www.entreculturas.org\\\/en\\\/?s={search_term_string}\"},\"query-input\":{\"@type\":\"PropertyValueSpecification\",\"valueRequired\":true,\"valueName\":\"search_term_string\"}}],\"inLanguage\":\"en-US\"},{\"@type\":\"Organization\",\"@id\":\"https:\\\/\\\/www.entreculturas.org\\\/en\\\/#organization\",\"name\":\"Entreculturas\",\"url\":\"https:\\\/\\\/www.entreculturas.org\\\/en\\\/\",\"logo\":{\"@type\":\"ImageObject\",\"inLanguage\":\"en-US\",\"@id\":\"https:\\\/\\\/www.entreculturas.org\\\/en\\\/#\\\/schema\\\/logo\\\/image\\\/\",\"url\":\"https:\\\/\\\/www.entreculturas.org\\\/wp-content\\\/uploads\\\/2025\\\/10\\\/ESP.svg\",\"contentUrl\":\"https:\\\/\\\/www.entreculturas.org\\\/wp-content\\\/uploads\\\/2025\\\/10\\\/ESP.svg\",\"caption\":\"Entreculturas\"},\"image\":{\"@id\":\"https:\\\/\\\/www.entreculturas.org\\\/en\\\/#\\\/schema\\\/logo\\\/image\\\/\"},\"sameAs\":[\"https:\\\/\\\/www.facebook.com\\\/entreculturas\",\"https:\\\/\\\/x.com\\\/Entreculturas\",\"https:\\\/\\\/www.instagram.com\\\/entreculturas\\\/\",\"https:\\\/\\\/www.youtube.com\\\/user\\\/entreculturasvideo\",\"https:\\\/\\\/www.linkedin.com\\\/company\\\/fundacion-entreculturas-ngdo\\\/\",\"https:\\\/\\\/www.flickr.com\\\/photos\\\/98455522@N04\\\/albums\\\/\"]}]}<\/script>\n<!-- \/ Yoast SEO Premium plugin. -->","yoast_head_json":{"title":"Entreculturas recibe el premio Sabadell Inversi\u00f3n \u00c9tica y Solidaria - Entreculturas","robots":{"index":"index","follow":"follow","max-snippet":"max-snippet:-1","max-image-preview":"max-image-preview:large","max-video-preview":"max-video-preview:-1"},"canonical":"https:\/\/www.entreculturas.org\/en\/noticia\/entreculturas-recibe-el-premio-sabadell-inversion-etica-y-solidaria\/","og_locale":"en_US","og_type":"article","og_title":"Entreculturas recibe el premio Sabadell Inversi\u00f3n \u00c9tica y Solidaria","og_description":"El d\u00eda 4 de octubre de 2023, Entreculturas particip\u00f3 en el acto de entrega de las ayudas a causas solidarias del Fondo Sabadell Inversi\u00f3n \u00c9tica y Solidaria, las cuales fueron destinadas a 27 organizaciones, ONGs, congregaciones religiosas y fundaciones. Entre las que se encontraba Entreculturas. Este fondo, \u00e9tico y solidario, invierte considerando criterios empresariales, econ\u00f3micos, \u00e9ticos, y de responsabilidad social y medioambiental.","og_url":"https:\/\/www.entreculturas.org\/en\/noticia\/entreculturas-recibe-el-premio-sabadell-inversion-etica-y-solidaria\/","og_site_name":"Entreculturas","article_publisher":"https:\/\/www.facebook.com\/entreculturas","article_modified_time":"2024-02-14T13:59:55+00:00","og_image":[{"width":880,"height":660,"url":"https:\/\/www.entreculturas.org\/wp-content\/uploads\/2023\/12\/imagen_sabadell_24102023.jpg","type":"image\/jpeg"}],"twitter_card":"summary_large_image","twitter_site":"@Entreculturas","schema":{"@context":"https:\/\/schema.org","@graph":[{"@type":"WebPage","@id":"https:\/\/www.entreculturas.org\/en\/noticia\/entreculturas-recibe-el-premio-sabadell-inversion-etica-y-solidaria\/","url":"https:\/\/www.entreculturas.org\/en\/noticia\/entreculturas-recibe-el-premio-sabadell-inversion-etica-y-solidaria\/","name":"Entreculturas recibe el premio Sabadell Inversi\u00f3n \u00c9tica y Solidaria - Entreculturas","isPartOf":{"@id":"https:\/\/www.entreculturas.org\/en\/#website"},"primaryImageOfPage":{"@id":"https:\/\/www.entreculturas.org\/en\/noticia\/entreculturas-recibe-el-premio-sabadell-inversion-etica-y-solidaria\/#primaryimage"},"image":{"@id":"https:\/\/www.entreculturas.org\/en\/noticia\/entreculturas-recibe-el-premio-sabadell-inversion-etica-y-solidaria\/#primaryimage"},"thumbnailUrl":"https:\/\/www.entreculturas.org\/wp-content\/uploads\/2023\/12\/imagen_sabadell_24102023.jpg","datePublished":"2023-10-25T05:38:43+00:00","dateModified":"2024-02-14T13:59:55+00:00","breadcrumb":{"@id":"https:\/\/www.entreculturas.org\/en\/noticia\/entreculturas-recibe-el-premio-sabadell-inversion-etica-y-solidaria\/#breadcrumb"},"inLanguage":"en-US","potentialAction":[{"@type":"ReadAction","target":["https:\/\/www.entreculturas.org\/en\/noticia\/entreculturas-recibe-el-premio-sabadell-inversion-etica-y-solidaria\/"]}]},{"@type":"ImageObject","inLanguage":"en-US","@id":"https:\/\/www.entreculturas.org\/en\/noticia\/entreculturas-recibe-el-premio-sabadell-inversion-etica-y-solidaria\/#primaryimage","url":"https:\/\/www.entreculturas.org\/wp-content\/uploads\/2023\/12\/imagen_sabadell_24102023.jpg","contentUrl":"https:\/\/www.entreculturas.org\/wp-content\/uploads\/2023\/12\/imagen_sabadell_24102023.jpg","width":880,"height":660},{"@type":"BreadcrumbList","@id":"https:\/\/www.entreculturas.org\/en\/noticia\/entreculturas-recibe-el-premio-sabadell-inversion-etica-y-solidaria\/#breadcrumb","itemListElement":[{"@type":"ListItem","position":1,"name":"Home","item":"https:\/\/www.entreculturas.org\/en\/"},{"@type":"ListItem","position":2,"name":"Noticias","item":"https:\/\/www.entreculturas.org\/en\/noticias\/"},{"@type":"ListItem","position":3,"name":"Entreculturas recibe el premio Sabadell Inversi\u00f3n \u00c9tica y Solidaria"}]},{"@type":"WebSite","@id":"https:\/\/www.entreculturas.org\/en\/#website","url":"https:\/\/www.entreculturas.org\/en\/","name":"Entreculturas","description":"","publisher":{"@id":"https:\/\/www.entreculturas.org\/en\/#organization"},"alternateName":"Entreculturas","potentialAction":[{"@type":"SearchAction","target":{"@type":"EntryPoint","urlTemplate":"https:\/\/www.entreculturas.org\/en\/?s={search_term_string}"},"query-input":{"@type":"PropertyValueSpecification","valueRequired":true,"valueName":"search_term_string"}}],"inLanguage":"en-US"},{"@type":"Organization","@id":"https:\/\/www.entreculturas.org\/en\/#organization","name":"Entreculturas","url":"https:\/\/www.entreculturas.org\/en\/","logo":{"@type":"ImageObject","inLanguage":"en-US","@id":"https:\/\/www.entreculturas.org\/en\/#\/schema\/logo\/image\/","url":"https:\/\/www.entreculturas.org\/wp-content\/uploads\/2025\/10\/ESP.svg","contentUrl":"https:\/\/www.entreculturas.org\/wp-content\/uploads\/2025\/10\/ESP.svg","caption":"Entreculturas"},"image":{"@id":"https:\/\/www.entreculturas.org\/en\/#\/schema\/logo\/image\/"},"sameAs":["https:\/\/www.facebook.com\/entreculturas","https:\/\/x.com\/Entreculturas","https:\/\/www.instagram.com\/entreculturas\/","https:\/\/www.youtube.com\/user\/entreculturasvideo","https:\/\/www.linkedin.com\/company\/fundacion-entreculturas-ngdo\/","https:\/\/www.flickr.com\/photos\/98455522@N04\/albums\/"]}]}},"_links":{"self":[{"href":"https:\/\/www.entreculturas.org\/en\/wp-json\/wp\/v2\/noticia\/9405","targetHints":{"allow":["GET"]}}],"collection":[{"href":"https:\/\/www.entreculturas.org\/en\/wp-json\/wp\/v2\/noticia"}],"about":[{"href":"https:\/\/www.entreculturas.org\/en\/wp-json\/wp\/v2\/types\/noticia"}],"wp:featuredmedia":[{"embeddable":true,"href":"https:\/\/www.entreculturas.org\/en\/wp-json\/wp\/v2\/media\/9406"}],"wp:attachment":[{"href":"https:\/\/www.entreculturas.org\/en\/wp-json\/wp\/v2\/media?parent=9405"}],"wp:term":[{"taxonomy":"category","embeddable":true,"href":"https:\/\/www.entreculturas.org\/en\/wp-json\/wp\/v2\/categories?post=9405"},{"taxonomy":"post_tag","embeddable":true,"href":"https:\/\/www.entreculturas.org\/en\/wp-json\/wp\/v2\/tags?post=9405"},{"taxonomy":"country","embeddable":true,"href":"https:\/\/www.entreculturas.org\/en\/wp-json\/wp\/v2\/country?post=9405"},{"taxonomy":"cause","embeddable":true,"href":"https:\/\/www.entreculturas.org\/en\/wp-json\/wp\/v2\/cause?post=9405"}],"curies":[{"name":"wp","href":"https:\/\/api.w.org\/{rel}","templated":true}]}}