{"id":9397,"date":"2023-10-20T07:38:26","date_gmt":"2023-10-20T05:38:26","guid":{"rendered":"https:\/\/www.entreculturas.org\/noticia\/el-poder-transformador-de-la-educacion-en-madagascar\/"},"modified":"2026-02-17T11:58:45","modified_gmt":"2026-02-17T10:58:45","slug":"el-poder-transformador-de-la-educacion-en-madagascar","status":"publish","type":"noticia","link":"https:\/\/www.entreculturas.org\/en\/noticia\/el-poder-transformador-de-la-educacion-en-madagascar\/","title":{"rendered":"El poder transformador de la educaci\u00f3n en Madagascar"},"content":{"rendered":"\n<p>Andohasaha es una peque\u00f1a aldea en el coraz\u00f3n de <strong>Madagascar<\/strong>, donde la vida fluye al ritmo de la naturaleza y las familias se unen en comunidad, enfrentando desaf\u00edos diarios con determinaci\u00f3n. Las oportunidades son limitadas, y la educaci\u00f3n desempe\u00f1a un papel fundamental en el desarrollo de la comunidad.<\/p>\n\n\n\n<p>En septiembre, tuvimos el privilegio de regresar junto a Dani Villanueva SJ, Coordinador General de Fe y Alegr\u00eda, y Mar\u00eda Laiglesia, T\u00e9cnica de Proyectos de Madagascar, a este rinc\u00f3n remoto, una comunidad que ha sido testigo del <strong>poder transformador de la educaci\u00f3n<\/strong>. Este viaje de regreso, despu\u00e9s de 7 a\u00f1os, nos brind\u00f3 la oportunidad de presenciar de cerca el impacto del trabajo de <strong>Fe y Alegr\u00eda <\/strong>en las escuelas que acompa\u00f1a en Madagascar.&nbsp;<\/p>\n\n\n\n<h2 class=\"wp-block-heading\" id=\"h-la-importancia-del-trabajo-comunitario-nbsp\"><strong>La importancia del trabajo comunitario&nbsp;<\/strong><\/h2>\n\n\n\n<p>En 2016, la escuela de Andohasaha enfrentaba desaf\u00edos significativos. Con solo dos aulas, insuficientes para los estudiantes de primaria, la peque\u00f1a iglesia del pueblo se convert\u00eda en un aula de preescolar durante la semana. La falta de recursos econ\u00f3micos, las dificultades de las familias para inscribir a sus hijos\/as en la escuela y la formaci\u00f3n limitada de los docentes <strong>obstaculizaban la educaci\u00f3n de la infancia.&nbsp;<\/strong><\/p>\n\n\n\n<p>Durante nuestra visita m\u00e1s reciente, fuimos testigos de un escenario completamente diferente. En lugar de quedarse de brazos cruzados, las familias y los y las docentes de la comunidad <strong>han trabajado incansablemente, con el apoyo de Fe y Alegr\u00eda, para llevar a cabo una transformaci\u00f3n educativa sorprendente.<\/strong><\/p>\n\n\n\n<p>Han construido dos nuevas aulas, elevando el total a cuatro, involucrando a la comunidad en la planificaci\u00f3n y financiamiento. Adem\u00e1s, el alumnado ahora cuenta con materiales escolares esenciales, mientras las y los docentes reciben formaci\u00f3n peri\u00f3dica en estrategias pedag\u00f3gicas. Las familias participan activamente en la gesti\u00f3n de la escuela y en campa\u00f1as para fomentar la escolarizaci\u00f3n de ni\u00f1os y ni\u00f1as.<\/p>\n\n\n\n<p>Los profesores de la comunidad, Pierre y Lydia, quienes ya estaban presentes hace siete a\u00f1os, nos dejaron claro que los desaf\u00edos en esta y otras escuelas son notables. Sin embargo, como menciona Mar\u00eda Laiglesia \u201cnos llevamos la impresi\u00f3n de que, a pesar de que algunas de estas acciones puedan parecer sencillas, son exactamente lo que esta comunidad necesitaba. Todas estas iniciativas tienen un prop\u00f3sito y representan peque\u00f1os pasos hacia el ejercicio efectivo del derecho a la educaci\u00f3n de los ni\u00f1os y ni\u00f1as&#8221;.<\/p>\n\n\n\n<h2 class=\"wp-block-heading\" id=\"h-fe-y-alegria-en-madagascar-educacion-que-transforma\"><strong>Fe y Alegr\u00eda en Madagascar: educaci\u00f3n que transforma<\/strong><\/h2>\n\n\n\n<p>La transformaci\u00f3n que presenciamos en esta peque\u00f1a aldea es un reflejo del poder de la educaci\u00f3n para cambiar vidas y comunidades enteras. Durante la \u00faltima d\u00e9cada, <strong>Fe y Alegr\u00eda ha estado promoviendo procesos educativos y de desarrollo comunitario en 18 aldeas de los distritos de Ikalamavony, Mangidy y Solila, <\/strong>ubicados en el centro del pa\u00eds. En estas regiones rurales, las familias, en su mayor\u00eda dedicadas a la agricultura y la cr\u00eda de ganado, enfrentan una alta vulnerabilidad.&nbsp;<\/p>\n\n\n\n<p>Madagascar, un pa\u00eds especialmente afectado por los efectos negativos del cambio clim\u00e1tico, experimenta anualmente ciclones y fuertes sequ\u00edas en su mitad sur, lo que agrava a\u00fan m\u00e1s las precarias condiciones de vida de la poblaci\u00f3n. Adem\u00e1s, la presencia limitada del Estado en esta \u00e1rea dificulta la garant\u00eda de derechos fundamentales como la educaci\u00f3n, la salud, el acceso al agua y la alimentaci\u00f3n.<\/p>\n\n\n\n<h2 class=\"wp-block-heading\" id=\"h-desafiando-los-obstaculos\"><strong>Desafiando los obst\u00e1culos<\/strong><\/h2>\n\n\n\n<p>La labor de Fe y Alegr\u00eda que apoyamos en Madagascar comienza en lugares remotos y dif\u00edciles de alcanzar, pero es ah\u00ed, en los corazones de las comunidades m\u00e1s vulnerables, donde su misi\u00f3n cobra vida y da esperanza a quienes m\u00e1s la necesitan.<\/p>\n\n\n\n<p>Llegar a estas aldeas no es tarea sencilla debido a dificultades log\u00edsticas, como la falta de carreteras asfaltadas, la dispersi\u00f3n geogr\u00e1fica de las aldeas y problemas de cobertura de servicios. La falta de presencia efectiva del Ministerio de Educaci\u00f3n y otras instituciones p\u00fablicas agrava la situaci\u00f3n. En estas \u00e1reas hay amplias necesidades educativas, incluyendo la falta de infraestructuras seguras, personal docente no cualificado, escasez de materiales educativos, y una concienciaci\u00f3n limitada sobre la importancia de la educaci\u00f3n, adem\u00e1s de las dificultades de las familias para inscribir a sus hijos\/as en la escuela.<\/p>\n\n\n\n<p>Es precisamente en estos lugares en los que la presencia y la misi\u00f3n de Fe y Alegr\u00eda cobran sentido y relevancia y donde de alguna manera vuelve al origen: estar con las personas m\u00e1s vulnerables, acompa\u00f1arlas para facilitar procesos de desarrollo amplios de los que ellas sean impulsoras y protagonistas, con el foco siempre puesto en el derecho a la educaci\u00f3n, que es la herramienta m\u00e1s poderosa para cambiar vidas. <strong>En este caso, Fe y Alegr\u00eda comienza literalmente donde acaba el asfalto.&nbsp;<\/strong><\/p>\n\n\n\n<div style=\"height:15px\" aria-hidden=\"true\" class=\"wp-block-spacer\"><\/div>\n\n\n\n\n\n<div>&nbsp;<\/div>\n\n\n\n<div>&nbsp;<\/div>\n\n\n\n<div>&nbsp;<\/div>\n","protected":false},"excerpt":{"rendered":"<p>Durante la \u00faltima d\u00e9cada, Fe y Alegr\u00eda ha estado promoviendo procesos educativos y de desarrollo comunitario en 18 aldeas de los distritos de Ikalamavony, Mangidy y Solila, ubicados en el centro del pa\u00eds. En estas regiones rurales, las familias, en su mayor\u00eda dedicadas a la agricultura y la cr\u00eda de ganado, enfrentan una alta vulnerabilidad.<\/p>\n","protected":false},"featured_media":9401,"template":"single-noticia","meta":{"_acf_changed":false},"categories":[7,728],"tags":[289],"country":[],"cause":[128],"class_list":["post-9397","noticia","type-noticia","status-publish","has-post-thumbnail","hentry","category-noticia","category-sin-categorizar","tag-educacion","cause-educacion"],"acf":[],"yoast_head":"<!-- This site is optimized with the Yoast SEO Premium plugin v21.6 (Yoast SEO v27.5) - https:\/\/yoast.com\/product\/yoast-seo-premium-wordpress\/ -->\n<title>El poder transformador de la educaci\u00f3n en Madagascar - Entreculturas<\/title>\n<meta name=\"robots\" content=\"index, follow, max-snippet:-1, max-image-preview:large, max-video-preview:-1\" \/>\n<link rel=\"canonical\" href=\"https:\/\/www.entreculturas.org\/en\/noticia\/el-poder-transformador-de-la-educacion-en-madagascar\/\" \/>\n<meta property=\"og:locale\" content=\"en_US\" \/>\n<meta property=\"og:type\" content=\"article\" \/>\n<meta property=\"og:title\" content=\"El poder transformador de la educaci\u00f3n en Madagascar\" \/>\n<meta property=\"og:description\" content=\"Durante la \u00faltima d\u00e9cada, Fe y Alegr\u00eda ha estado promoviendo procesos educativos y de desarrollo comunitario en 18 aldeas de los distritos de Ikalamavony, Mangidy y Solila, ubicados en el centro del pa\u00eds. En estas regiones rurales, las familias, en su mayor\u00eda dedicadas a la agricultura y la cr\u00eda de ganado, enfrentan una alta vulnerabilidad.\" \/>\n<meta property=\"og:url\" content=\"https:\/\/www.entreculturas.org\/en\/noticia\/el-poder-transformador-de-la-educacion-en-madagascar\/\" \/>\n<meta property=\"og:site_name\" content=\"Entreculturas\" \/>\n<meta property=\"article:publisher\" content=\"https:\/\/www.facebook.com\/entreculturas\" \/>\n<meta property=\"article:modified_time\" content=\"2026-02-17T10:58:45+00:00\" \/>\n<meta property=\"og:image\" content=\"https:\/\/www.entreculturas.org\/wp-content\/uploads\/2023\/12\/whatsapp_image_2023-09-11_at_17.49.04.jpeg\" \/>\n\t<meta property=\"og:image:width\" content=\"1600\" \/>\n\t<meta property=\"og:image:height\" content=\"1200\" \/>\n\t<meta property=\"og:image:type\" content=\"image\/jpeg\" \/>\n<meta name=\"twitter:card\" content=\"summary_large_image\" \/>\n<meta name=\"twitter:site\" content=\"@Entreculturas\" \/>\n<script type=\"application\/ld+json\" class=\"yoast-schema-graph\">{\"@context\":\"https:\\\/\\\/schema.org\",\"@graph\":[{\"@type\":\"WebPage\",\"@id\":\"https:\\\/\\\/www.entreculturas.org\\\/en\\\/noticia\\\/el-poder-transformador-de-la-educacion-en-madagascar\\\/\",\"url\":\"https:\\\/\\\/www.entreculturas.org\\\/en\\\/noticia\\\/el-poder-transformador-de-la-educacion-en-madagascar\\\/\",\"name\":\"El poder transformador de la educaci\u00f3n en Madagascar - Entreculturas\",\"isPartOf\":{\"@id\":\"https:\\\/\\\/www.entreculturas.org\\\/en\\\/#website\"},\"primaryImageOfPage\":{\"@id\":\"https:\\\/\\\/www.entreculturas.org\\\/en\\\/noticia\\\/el-poder-transformador-de-la-educacion-en-madagascar\\\/#primaryimage\"},\"image\":{\"@id\":\"https:\\\/\\\/www.entreculturas.org\\\/en\\\/noticia\\\/el-poder-transformador-de-la-educacion-en-madagascar\\\/#primaryimage\"},\"thumbnailUrl\":\"https:\\\/\\\/www.entreculturas.org\\\/wp-content\\\/uploads\\\/2023\\\/12\\\/whatsapp_image_2023-09-11_at_17.49.04.jpeg\",\"datePublished\":\"2023-10-20T05:38:26+00:00\",\"dateModified\":\"2026-02-17T10:58:45+00:00\",\"breadcrumb\":{\"@id\":\"https:\\\/\\\/www.entreculturas.org\\\/en\\\/noticia\\\/el-poder-transformador-de-la-educacion-en-madagascar\\\/#breadcrumb\"},\"inLanguage\":\"en-US\",\"potentialAction\":[{\"@type\":\"ReadAction\",\"target\":[\"https:\\\/\\\/www.entreculturas.org\\\/en\\\/noticia\\\/el-poder-transformador-de-la-educacion-en-madagascar\\\/\"]}]},{\"@type\":\"ImageObject\",\"inLanguage\":\"en-US\",\"@id\":\"https:\\\/\\\/www.entreculturas.org\\\/en\\\/noticia\\\/el-poder-transformador-de-la-educacion-en-madagascar\\\/#primaryimage\",\"url\":\"https:\\\/\\\/www.entreculturas.org\\\/wp-content\\\/uploads\\\/2023\\\/12\\\/whatsapp_image_2023-09-11_at_17.49.04.jpeg\",\"contentUrl\":\"https:\\\/\\\/www.entreculturas.org\\\/wp-content\\\/uploads\\\/2023\\\/12\\\/whatsapp_image_2023-09-11_at_17.49.04.jpeg\",\"width\":1600,\"height\":1200,\"caption\":\"whatsapp_image_2023-09-11_at_17\"},{\"@type\":\"BreadcrumbList\",\"@id\":\"https:\\\/\\\/www.entreculturas.org\\\/en\\\/noticia\\\/el-poder-transformador-de-la-educacion-en-madagascar\\\/#breadcrumb\",\"itemListElement\":[{\"@type\":\"ListItem\",\"position\":1,\"name\":\"Home\",\"item\":\"https:\\\/\\\/www.entreculturas.org\\\/en\\\/\"},{\"@type\":\"ListItem\",\"position\":2,\"name\":\"Noticias\",\"item\":\"https:\\\/\\\/www.entreculturas.org\\\/en\\\/noticias\\\/\"},{\"@type\":\"ListItem\",\"position\":3,\"name\":\"El poder transformador de la educaci\u00f3n en Madagascar\"}]},{\"@type\":\"WebSite\",\"@id\":\"https:\\\/\\\/www.entreculturas.org\\\/en\\\/#website\",\"url\":\"https:\\\/\\\/www.entreculturas.org\\\/en\\\/\",\"name\":\"Entreculturas\",\"description\":\"\",\"publisher\":{\"@id\":\"https:\\\/\\\/www.entreculturas.org\\\/en\\\/#organization\"},\"alternateName\":\"Entreculturas\",\"potentialAction\":[{\"@type\":\"SearchAction\",\"target\":{\"@type\":\"EntryPoint\",\"urlTemplate\":\"https:\\\/\\\/www.entreculturas.org\\\/en\\\/?s={search_term_string}\"},\"query-input\":{\"@type\":\"PropertyValueSpecification\",\"valueRequired\":true,\"valueName\":\"search_term_string\"}}],\"inLanguage\":\"en-US\"},{\"@type\":\"Organization\",\"@id\":\"https:\\\/\\\/www.entreculturas.org\\\/en\\\/#organization\",\"name\":\"Entreculturas\",\"url\":\"https:\\\/\\\/www.entreculturas.org\\\/en\\\/\",\"logo\":{\"@type\":\"ImageObject\",\"inLanguage\":\"en-US\",\"@id\":\"https:\\\/\\\/www.entreculturas.org\\\/en\\\/#\\\/schema\\\/logo\\\/image\\\/\",\"url\":\"https:\\\/\\\/www.entreculturas.org\\\/wp-content\\\/uploads\\\/2025\\\/10\\\/ESP.svg\",\"contentUrl\":\"https:\\\/\\\/www.entreculturas.org\\\/wp-content\\\/uploads\\\/2025\\\/10\\\/ESP.svg\",\"caption\":\"Entreculturas\"},\"image\":{\"@id\":\"https:\\\/\\\/www.entreculturas.org\\\/en\\\/#\\\/schema\\\/logo\\\/image\\\/\"},\"sameAs\":[\"https:\\\/\\\/www.facebook.com\\\/entreculturas\",\"https:\\\/\\\/x.com\\\/Entreculturas\",\"https:\\\/\\\/www.instagram.com\\\/entreculturas\\\/\",\"https:\\\/\\\/www.youtube.com\\\/user\\\/entreculturasvideo\",\"https:\\\/\\\/www.linkedin.com\\\/company\\\/fundacion-entreculturas-ngdo\\\/\",\"https:\\\/\\\/www.flickr.com\\\/photos\\\/98455522@N04\\\/albums\\\/\"]}]}<\/script>\n<!-- \/ Yoast SEO Premium plugin. -->","yoast_head_json":{"title":"El poder transformador de la educaci\u00f3n en Madagascar - Entreculturas","robots":{"index":"index","follow":"follow","max-snippet":"max-snippet:-1","max-image-preview":"max-image-preview:large","max-video-preview":"max-video-preview:-1"},"canonical":"https:\/\/www.entreculturas.org\/en\/noticia\/el-poder-transformador-de-la-educacion-en-madagascar\/","og_locale":"en_US","og_type":"article","og_title":"El poder transformador de la educaci\u00f3n en Madagascar","og_description":"Durante la \u00faltima d\u00e9cada, Fe y Alegr\u00eda ha estado promoviendo procesos educativos y de desarrollo comunitario en 18 aldeas de los distritos de Ikalamavony, Mangidy y Solila, ubicados en el centro del pa\u00eds. En estas regiones rurales, las familias, en su mayor\u00eda dedicadas a la agricultura y la cr\u00eda de ganado, enfrentan una alta vulnerabilidad.","og_url":"https:\/\/www.entreculturas.org\/en\/noticia\/el-poder-transformador-de-la-educacion-en-madagascar\/","og_site_name":"Entreculturas","article_publisher":"https:\/\/www.facebook.com\/entreculturas","article_modified_time":"2026-02-17T10:58:45+00:00","og_image":[{"width":1600,"height":1200,"url":"https:\/\/www.entreculturas.org\/wp-content\/uploads\/2023\/12\/whatsapp_image_2023-09-11_at_17.49.04.jpeg","type":"image\/jpeg"}],"twitter_card":"summary_large_image","twitter_site":"@Entreculturas","schema":{"@context":"https:\/\/schema.org","@graph":[{"@type":"WebPage","@id":"https:\/\/www.entreculturas.org\/en\/noticia\/el-poder-transformador-de-la-educacion-en-madagascar\/","url":"https:\/\/www.entreculturas.org\/en\/noticia\/el-poder-transformador-de-la-educacion-en-madagascar\/","name":"El poder transformador de la educaci\u00f3n en Madagascar - Entreculturas","isPartOf":{"@id":"https:\/\/www.entreculturas.org\/en\/#website"},"primaryImageOfPage":{"@id":"https:\/\/www.entreculturas.org\/en\/noticia\/el-poder-transformador-de-la-educacion-en-madagascar\/#primaryimage"},"image":{"@id":"https:\/\/www.entreculturas.org\/en\/noticia\/el-poder-transformador-de-la-educacion-en-madagascar\/#primaryimage"},"thumbnailUrl":"https:\/\/www.entreculturas.org\/wp-content\/uploads\/2023\/12\/whatsapp_image_2023-09-11_at_17.49.04.jpeg","datePublished":"2023-10-20T05:38:26+00:00","dateModified":"2026-02-17T10:58:45+00:00","breadcrumb":{"@id":"https:\/\/www.entreculturas.org\/en\/noticia\/el-poder-transformador-de-la-educacion-en-madagascar\/#breadcrumb"},"inLanguage":"en-US","potentialAction":[{"@type":"ReadAction","target":["https:\/\/www.entreculturas.org\/en\/noticia\/el-poder-transformador-de-la-educacion-en-madagascar\/"]}]},{"@type":"ImageObject","inLanguage":"en-US","@id":"https:\/\/www.entreculturas.org\/en\/noticia\/el-poder-transformador-de-la-educacion-en-madagascar\/#primaryimage","url":"https:\/\/www.entreculturas.org\/wp-content\/uploads\/2023\/12\/whatsapp_image_2023-09-11_at_17.49.04.jpeg","contentUrl":"https:\/\/www.entreculturas.org\/wp-content\/uploads\/2023\/12\/whatsapp_image_2023-09-11_at_17.49.04.jpeg","width":1600,"height":1200,"caption":"whatsapp_image_2023-09-11_at_17"},{"@type":"BreadcrumbList","@id":"https:\/\/www.entreculturas.org\/en\/noticia\/el-poder-transformador-de-la-educacion-en-madagascar\/#breadcrumb","itemListElement":[{"@type":"ListItem","position":1,"name":"Home","item":"https:\/\/www.entreculturas.org\/en\/"},{"@type":"ListItem","position":2,"name":"Noticias","item":"https:\/\/www.entreculturas.org\/en\/noticias\/"},{"@type":"ListItem","position":3,"name":"El poder transformador de la educaci\u00f3n en Madagascar"}]},{"@type":"WebSite","@id":"https:\/\/www.entreculturas.org\/en\/#website","url":"https:\/\/www.entreculturas.org\/en\/","name":"Entreculturas","description":"","publisher":{"@id":"https:\/\/www.entreculturas.org\/en\/#organization"},"alternateName":"Entreculturas","potentialAction":[{"@type":"SearchAction","target":{"@type":"EntryPoint","urlTemplate":"https:\/\/www.entreculturas.org\/en\/?s={search_term_string}"},"query-input":{"@type":"PropertyValueSpecification","valueRequired":true,"valueName":"search_term_string"}}],"inLanguage":"en-US"},{"@type":"Organization","@id":"https:\/\/www.entreculturas.org\/en\/#organization","name":"Entreculturas","url":"https:\/\/www.entreculturas.org\/en\/","logo":{"@type":"ImageObject","inLanguage":"en-US","@id":"https:\/\/www.entreculturas.org\/en\/#\/schema\/logo\/image\/","url":"https:\/\/www.entreculturas.org\/wp-content\/uploads\/2025\/10\/ESP.svg","contentUrl":"https:\/\/www.entreculturas.org\/wp-content\/uploads\/2025\/10\/ESP.svg","caption":"Entreculturas"},"image":{"@id":"https:\/\/www.entreculturas.org\/en\/#\/schema\/logo\/image\/"},"sameAs":["https:\/\/www.facebook.com\/entreculturas","https:\/\/x.com\/Entreculturas","https:\/\/www.instagram.com\/entreculturas\/","https:\/\/www.youtube.com\/user\/entreculturasvideo","https:\/\/www.linkedin.com\/company\/fundacion-entreculturas-ngdo\/","https:\/\/www.flickr.com\/photos\/98455522@N04\/albums\/"]}]}},"_links":{"self":[{"href":"https:\/\/www.entreculturas.org\/en\/wp-json\/wp\/v2\/noticia\/9397","targetHints":{"allow":["GET"]}}],"collection":[{"href":"https:\/\/www.entreculturas.org\/en\/wp-json\/wp\/v2\/noticia"}],"about":[{"href":"https:\/\/www.entreculturas.org\/en\/wp-json\/wp\/v2\/types\/noticia"}],"wp:featuredmedia":[{"embeddable":true,"href":"https:\/\/www.entreculturas.org\/en\/wp-json\/wp\/v2\/media\/9401"}],"wp:attachment":[{"href":"https:\/\/www.entreculturas.org\/en\/wp-json\/wp\/v2\/media?parent=9397"}],"wp:term":[{"taxonomy":"category","embeddable":true,"href":"https:\/\/www.entreculturas.org\/en\/wp-json\/wp\/v2\/categories?post=9397"},{"taxonomy":"post_tag","embeddable":true,"href":"https:\/\/www.entreculturas.org\/en\/wp-json\/wp\/v2\/tags?post=9397"},{"taxonomy":"country","embeddable":true,"href":"https:\/\/www.entreculturas.org\/en\/wp-json\/wp\/v2\/country?post=9397"},{"taxonomy":"cause","embeddable":true,"href":"https:\/\/www.entreculturas.org\/en\/wp-json\/wp\/v2\/cause?post=9397"}],"curies":[{"name":"wp","href":"https:\/\/api.w.org\/{rel}","templated":true}]}}