{"id":9391,"date":"2023-10-17T10:58:47","date_gmt":"2023-10-17T08:58:47","guid":{"rendered":"https:\/\/www.entreculturas.org\/noticia\/charlas-en-espana-con-expertas-en-la-proteccion-y-defensa-de-la-amazonia\/"},"modified":"2024-02-14T15:11:16","modified_gmt":"2024-02-14T14:11:16","slug":"charlas-en-espana-con-expertas-en-la-proteccion-y-defensa-de-la-amazonia","status":"publish","type":"noticia","link":"https:\/\/www.entreculturas.org\/en\/noticia\/charlas-en-espana-con-expertas-en-la-proteccion-y-defensa-de-la-amazonia\/","title":{"rendered":"Charlas en Espa\u00f1a con expertas en la protecci\u00f3n y defensa de la Amazon\u00eda"},"content":{"rendered":"<\/p>\n<p>Durante esta semana presentaremos una serie de charlas en diferentes ciudades de Espa\u00f1a, en el marco de la campa\u00f1a <strong>\u00b4Somos Amazon\u00eda\u00b4<\/strong>.&nbsp;Estas charlas contar\u00e1n con la destacada participaci\u00f3n de Fatima Barbosa y Mar\u00eda Bosch, miembros del <strong>Equipo Itinerante CIMI de la Amazon\u00eda<\/strong>, cuyo trabajo est\u00e1 en la vanguardia de la defensa de los derechos humanos en la regi\u00f3n amaz\u00f3nica.<\/p>\n<p>La campa\u00f1a <a href=\"https:\/\/www.somos-amazonia.org\/\">Somos Amazon\u00eda<\/a>, defendamos nuestra casa com\u00fan\u00b4es una iniciativa que llevamos a cabo en conjunto con Alboan para movilizar a la ciudadan\u00eda con el fin de <strong>proteger la Amazon\u00eda, los pueblos que la habitan y abordar la crisis clim\u00e1tica<\/strong>. Desde una perspectiva ecofeminista, esta campa\u00f1a busca concientizar sobre la conexi\u00f3n que existe entre los conflictos ecosociales y los modelos globales de producci\u00f3n y consumo, con el fin de fomentar una ciudadan\u00eda cr\u00edtica comprometida con un mundo m\u00e1s justo, equitativo y sostenible.<\/p>\n<p><strong>\u200bFechas y lugares&nbsp;de las charlas&nbsp;<\/strong><\/p>\n<ul>\n<li><font face=\"Arial, Helvetica, sans-serif\"><b>Valencia<\/b><\/font><\/li>\n<\/ul>\n<p>Fecha: martes 31 octubre de 2023<br \/>Hora: 18:30h<br \/>Lugar: Centro Arrupe-Jesuitas Valencia. (Aula 1 planta baja)&nbsp;G.V. Fernando el Cat\u00f3lico 78, 46008 Valencia<\/p>\n<ul>\n<li><font face=\"Arial, Helvetica, sans-serif\"><b>Barcelona<\/b><\/font><\/li>\n<\/ul>\n<p>Fecha: jueves 2 noviembre&nbsp;de 2023<br \/>Hora: 19:30h<br \/>Lugar: Casal Loiola.&nbsp;C\/ de Balmes, 138, 08008 Barcelona&nbsp;<\/p>\n<p><strong>Fechas y lugares&nbsp;de las charlas pasadas<\/strong><\/p>\n<ul>\n<li><strong>Extremadura<\/strong><\/li>\n<\/ul>\n<p>Fecha: 18 de octubre de 2023<br \/>Hora: 19:30<br \/>Lugar: Sala Usos M\u00faltiples &#8211; Residencia Universitaria Hern\u00e1n Cort\u00e9s, &nbsp;Av. Antonio Masa Campos, 28, 06011 Badajoz<\/p>\n<p>Fecha: 19 de octubre de 2023<br \/>Hora: 11:15<br \/>Lugar: Facultad de Ciencias &#8211; Edificio de Qu\u00edmicas,&nbsp;Av. de Elvas, 0, 06006 Badajoz<\/p>\n<ul>\n<li><strong>Salamanca<\/strong><\/li>\n<\/ul>\n<p>Fecha: 20 de octubre de 2023<br \/>Hora: 19:00<br \/>Lugar:&nbsp;Parroquia El Milagro de San Jos\u00e9 (Paseo de San Antonio 44, Salamanca)<\/p>\n<p>Fecha: 21&nbsp;de octubre de 2023<br \/>Hora: 18:00<br \/>Lugar:&nbsp;Salas de CVX<\/p>\n<ul>\n<li><strong>Madrid<\/strong><\/li>\n<\/ul>\n<p>Fecha: Domingo 22 de octubre de 2023<br \/>Hora: 19:00<br \/>Lugar: Parroquia San Francisco Javier y San Luis Gonzaga, Madrid\u200b<\/p>\n<ul>\n<li><strong>Galicia<\/strong><\/li>\n<\/ul>\n<p>Fecha: 26 de octubre de 2023<br \/>Hora: 15:00<br \/>Lugar: Colegio Mayor Universitario San Agust\u00edn, Santiago de Compostela<\/p>\n<p>Fecha: 27 de octubre de 2023<br \/>Hora: 19:00<br \/>Lugar: Parroquia Coraz\u00f3n de Mar\u00eda, Vigo<\/p>\n<p>Estas charlas ofrecer\u00e1n una valiosa oportunidad para aprender m\u00e1s sobre la campa\u00f1a \u00b4Somos Amazon\u00eda\u00b4 y profundizar en la <strong>cr\u00edtica situaci\u00f3n de la Amazon\u00eda<\/strong>, as\u00ed como en las interconexiones entre los derechos humanos, la sostenibilidad ambiental y el cambio clim\u00e1tico. No pierdas la oportunidad de unirte a esta importante conversaci\u00f3n y contribuir activamente a la protecci\u00f3n de la Amazon\u00eda y a la promoci\u00f3n de la justicia socioambiental. Tu <strong>participaci\u00f3n es esencial para generar un impacto positivo<\/strong> en la preservaci\u00f3n de nuestra casa com\u00fan y en la defensa de los derechos de los pueblos amaz\u00f3nicos.<\/p>\n","protected":false},"excerpt":{"rendered":"<p>Durante esta semana y la pr\u00f3xima, presentaremos una serie de charlas en diferentes ciudades de Espa\u00f1a, en el marco de la campa\u00f1a \u00b4Somos Amazon\u00eda\u00b4. Estas charlas contar\u00e1n con la destacada participaci\u00f3n de Fatima Barbosa y Mar\u00eda Bosch, miembros del Equipo Itinerante CIMI de la Amazon\u00eda, cuyo trabajo est\u00e1 en la vanguardia de la defensa de los derechos humanos en la regi\u00f3n amaz\u00f3nica.<\/p>\n","protected":false},"featured_media":9392,"template":"single-noticia","meta":{"_acf_changed":false},"categories":[7,728],"tags":[256],"country":[120],"cause":[131],"class_list":["post-9391","noticia","type-noticia","status-publish","has-post-thumbnail","hentry","category-noticia","category-sin-categorizar","tag-justicia-socioambiental","country-espana","cause-justicia-medioambiental"],"acf":[],"yoast_head":"<!-- This site is optimized with the Yoast SEO Premium plugin v21.6 (Yoast SEO v27.5) - https:\/\/yoast.com\/product\/yoast-seo-premium-wordpress\/ -->\n<title>Charlas en Espa\u00f1a con expertas en la protecci\u00f3n y defensa de la Amazon\u00eda - Entreculturas<\/title>\n<meta name=\"robots\" content=\"index, follow, max-snippet:-1, max-image-preview:large, max-video-preview:-1\" \/>\n<link rel=\"canonical\" href=\"https:\/\/www.entreculturas.org\/en\/noticia\/charlas-en-espana-con-expertas-en-la-proteccion-y-defensa-de-la-amazonia\/\" \/>\n<meta property=\"og:locale\" content=\"en_US\" \/>\n<meta property=\"og:type\" content=\"article\" \/>\n<meta property=\"og:title\" content=\"Charlas en Espa\u00f1a con expertas en la protecci\u00f3n y defensa de la Amazon\u00eda\" \/>\n<meta property=\"og:description\" content=\"Durante esta semana y la pr\u00f3xima, presentaremos una serie de charlas en diferentes ciudades de Espa\u00f1a, en el marco de la campa\u00f1a \u00b4Somos Amazon\u00eda\u00b4. Estas charlas contar\u00e1n con la destacada participaci\u00f3n de Fatima Barbosa y Mar\u00eda Bosch, miembros del Equipo Itinerante CIMI de la Amazon\u00eda, cuyo trabajo est\u00e1 en la vanguardia de la defensa de los derechos humanos en la regi\u00f3n amaz\u00f3nica.\" \/>\n<meta property=\"og:url\" content=\"https:\/\/www.entreculturas.org\/en\/noticia\/charlas-en-espana-con-expertas-en-la-proteccion-y-defensa-de-la-amazonia\/\" \/>\n<meta property=\"og:site_name\" content=\"Entreculturas\" \/>\n<meta property=\"article:publisher\" content=\"https:\/\/www.facebook.com\/entreculturas\" \/>\n<meta property=\"article:modified_time\" content=\"2024-02-14T14:11:16+00:00\" \/>\n<meta property=\"og:image\" content=\"https:\/\/www.entreculturas.org\/wp-content\/uploads\/2023\/12\/inivtaciongiraamazonia2023_cartel_noticia_1.jpg\" \/>\n\t<meta property=\"og:image:width\" content=\"2400\" \/>\n\t<meta property=\"og:image:height\" content=\"1350\" \/>\n\t<meta property=\"og:image:type\" content=\"image\/jpeg\" \/>\n<meta name=\"twitter:card\" content=\"summary_large_image\" \/>\n<meta name=\"twitter:site\" content=\"@Entreculturas\" \/>\n<script type=\"application\/ld+json\" class=\"yoast-schema-graph\">{\"@context\":\"https:\\\/\\\/schema.org\",\"@graph\":[{\"@type\":\"WebPage\",\"@id\":\"https:\\\/\\\/www.entreculturas.org\\\/en\\\/noticia\\\/charlas-en-espana-con-expertas-en-la-proteccion-y-defensa-de-la-amazonia\\\/\",\"url\":\"https:\\\/\\\/www.entreculturas.org\\\/en\\\/noticia\\\/charlas-en-espana-con-expertas-en-la-proteccion-y-defensa-de-la-amazonia\\\/\",\"name\":\"Charlas en Espa\u00f1a con expertas en la protecci\u00f3n y defensa de la Amazon\u00eda - Entreculturas\",\"isPartOf\":{\"@id\":\"https:\\\/\\\/www.entreculturas.org\\\/en\\\/#website\"},\"primaryImageOfPage\":{\"@id\":\"https:\\\/\\\/www.entreculturas.org\\\/en\\\/noticia\\\/charlas-en-espana-con-expertas-en-la-proteccion-y-defensa-de-la-amazonia\\\/#primaryimage\"},\"image\":{\"@id\":\"https:\\\/\\\/www.entreculturas.org\\\/en\\\/noticia\\\/charlas-en-espana-con-expertas-en-la-proteccion-y-defensa-de-la-amazonia\\\/#primaryimage\"},\"thumbnailUrl\":\"https:\\\/\\\/www.entreculturas.org\\\/wp-content\\\/uploads\\\/2023\\\/12\\\/inivtaciongiraamazonia2023_cartel_noticia_1.jpg\",\"datePublished\":\"2023-10-17T08:58:47+00:00\",\"dateModified\":\"2024-02-14T14:11:16+00:00\",\"breadcrumb\":{\"@id\":\"https:\\\/\\\/www.entreculturas.org\\\/en\\\/noticia\\\/charlas-en-espana-con-expertas-en-la-proteccion-y-defensa-de-la-amazonia\\\/#breadcrumb\"},\"inLanguage\":\"en-US\",\"potentialAction\":[{\"@type\":\"ReadAction\",\"target\":[\"https:\\\/\\\/www.entreculturas.org\\\/en\\\/noticia\\\/charlas-en-espana-con-expertas-en-la-proteccion-y-defensa-de-la-amazonia\\\/\"]}]},{\"@type\":\"ImageObject\",\"inLanguage\":\"en-US\",\"@id\":\"https:\\\/\\\/www.entreculturas.org\\\/en\\\/noticia\\\/charlas-en-espana-con-expertas-en-la-proteccion-y-defensa-de-la-amazonia\\\/#primaryimage\",\"url\":\"https:\\\/\\\/www.entreculturas.org\\\/wp-content\\\/uploads\\\/2023\\\/12\\\/inivtaciongiraamazonia2023_cartel_noticia_1.jpg\",\"contentUrl\":\"https:\\\/\\\/www.entreculturas.org\\\/wp-content\\\/uploads\\\/2023\\\/12\\\/inivtaciongiraamazonia2023_cartel_noticia_1.jpg\",\"width\":2400,\"height\":1350},{\"@type\":\"BreadcrumbList\",\"@id\":\"https:\\\/\\\/www.entreculturas.org\\\/en\\\/noticia\\\/charlas-en-espana-con-expertas-en-la-proteccion-y-defensa-de-la-amazonia\\\/#breadcrumb\",\"itemListElement\":[{\"@type\":\"ListItem\",\"position\":1,\"name\":\"Home\",\"item\":\"https:\\\/\\\/www.entreculturas.org\\\/en\\\/\"},{\"@type\":\"ListItem\",\"position\":2,\"name\":\"Noticias\",\"item\":\"https:\\\/\\\/www.entreculturas.org\\\/en\\\/noticias\\\/\"},{\"@type\":\"ListItem\",\"position\":3,\"name\":\"Charlas en Espa\u00f1a con expertas en la protecci\u00f3n y defensa de la Amazon\u00eda\"}]},{\"@type\":\"WebSite\",\"@id\":\"https:\\\/\\\/www.entreculturas.org\\\/en\\\/#website\",\"url\":\"https:\\\/\\\/www.entreculturas.org\\\/en\\\/\",\"name\":\"Entreculturas\",\"description\":\"\",\"publisher\":{\"@id\":\"https:\\\/\\\/www.entreculturas.org\\\/en\\\/#organization\"},\"alternateName\":\"Entreculturas\",\"potentialAction\":[{\"@type\":\"SearchAction\",\"target\":{\"@type\":\"EntryPoint\",\"urlTemplate\":\"https:\\\/\\\/www.entreculturas.org\\\/en\\\/?s={search_term_string}\"},\"query-input\":{\"@type\":\"PropertyValueSpecification\",\"valueRequired\":true,\"valueName\":\"search_term_string\"}}],\"inLanguage\":\"en-US\"},{\"@type\":\"Organization\",\"@id\":\"https:\\\/\\\/www.entreculturas.org\\\/en\\\/#organization\",\"name\":\"Entreculturas\",\"url\":\"https:\\\/\\\/www.entreculturas.org\\\/en\\\/\",\"logo\":{\"@type\":\"ImageObject\",\"inLanguage\":\"en-US\",\"@id\":\"https:\\\/\\\/www.entreculturas.org\\\/en\\\/#\\\/schema\\\/logo\\\/image\\\/\",\"url\":\"https:\\\/\\\/www.entreculturas.org\\\/wp-content\\\/uploads\\\/2025\\\/10\\\/ESP.svg\",\"contentUrl\":\"https:\\\/\\\/www.entreculturas.org\\\/wp-content\\\/uploads\\\/2025\\\/10\\\/ESP.svg\",\"caption\":\"Entreculturas\"},\"image\":{\"@id\":\"https:\\\/\\\/www.entreculturas.org\\\/en\\\/#\\\/schema\\\/logo\\\/image\\\/\"},\"sameAs\":[\"https:\\\/\\\/www.facebook.com\\\/entreculturas\",\"https:\\\/\\\/x.com\\\/Entreculturas\",\"https:\\\/\\\/www.instagram.com\\\/entreculturas\\\/\",\"https:\\\/\\\/www.youtube.com\\\/user\\\/entreculturasvideo\",\"https:\\\/\\\/www.linkedin.com\\\/company\\\/fundacion-entreculturas-ngdo\\\/\",\"https:\\\/\\\/www.flickr.com\\\/photos\\\/98455522@N04\\\/albums\\\/\"]}]}<\/script>\n<!-- \/ Yoast SEO Premium plugin. -->","yoast_head_json":{"title":"Charlas en Espa\u00f1a con expertas en la protecci\u00f3n y defensa de la Amazon\u00eda - Entreculturas","robots":{"index":"index","follow":"follow","max-snippet":"max-snippet:-1","max-image-preview":"max-image-preview:large","max-video-preview":"max-video-preview:-1"},"canonical":"https:\/\/www.entreculturas.org\/en\/noticia\/charlas-en-espana-con-expertas-en-la-proteccion-y-defensa-de-la-amazonia\/","og_locale":"en_US","og_type":"article","og_title":"Charlas en Espa\u00f1a con expertas en la protecci\u00f3n y defensa de la Amazon\u00eda","og_description":"Durante esta semana y la pr\u00f3xima, presentaremos una serie de charlas en diferentes ciudades de Espa\u00f1a, en el marco de la campa\u00f1a \u00b4Somos Amazon\u00eda\u00b4. Estas charlas contar\u00e1n con la destacada participaci\u00f3n de Fatima Barbosa y Mar\u00eda Bosch, miembros del Equipo Itinerante CIMI de la Amazon\u00eda, cuyo trabajo est\u00e1 en la vanguardia de la defensa de los derechos humanos en la regi\u00f3n amaz\u00f3nica.","og_url":"https:\/\/www.entreculturas.org\/en\/noticia\/charlas-en-espana-con-expertas-en-la-proteccion-y-defensa-de-la-amazonia\/","og_site_name":"Entreculturas","article_publisher":"https:\/\/www.facebook.com\/entreculturas","article_modified_time":"2024-02-14T14:11:16+00:00","og_image":[{"width":2400,"height":1350,"url":"https:\/\/www.entreculturas.org\/wp-content\/uploads\/2023\/12\/inivtaciongiraamazonia2023_cartel_noticia_1.jpg","type":"image\/jpeg"}],"twitter_card":"summary_large_image","twitter_site":"@Entreculturas","schema":{"@context":"https:\/\/schema.org","@graph":[{"@type":"WebPage","@id":"https:\/\/www.entreculturas.org\/en\/noticia\/charlas-en-espana-con-expertas-en-la-proteccion-y-defensa-de-la-amazonia\/","url":"https:\/\/www.entreculturas.org\/en\/noticia\/charlas-en-espana-con-expertas-en-la-proteccion-y-defensa-de-la-amazonia\/","name":"Charlas en Espa\u00f1a con expertas en la protecci\u00f3n y defensa de la Amazon\u00eda - Entreculturas","isPartOf":{"@id":"https:\/\/www.entreculturas.org\/en\/#website"},"primaryImageOfPage":{"@id":"https:\/\/www.entreculturas.org\/en\/noticia\/charlas-en-espana-con-expertas-en-la-proteccion-y-defensa-de-la-amazonia\/#primaryimage"},"image":{"@id":"https:\/\/www.entreculturas.org\/en\/noticia\/charlas-en-espana-con-expertas-en-la-proteccion-y-defensa-de-la-amazonia\/#primaryimage"},"thumbnailUrl":"https:\/\/www.entreculturas.org\/wp-content\/uploads\/2023\/12\/inivtaciongiraamazonia2023_cartel_noticia_1.jpg","datePublished":"2023-10-17T08:58:47+00:00","dateModified":"2024-02-14T14:11:16+00:00","breadcrumb":{"@id":"https:\/\/www.entreculturas.org\/en\/noticia\/charlas-en-espana-con-expertas-en-la-proteccion-y-defensa-de-la-amazonia\/#breadcrumb"},"inLanguage":"en-US","potentialAction":[{"@type":"ReadAction","target":["https:\/\/www.entreculturas.org\/en\/noticia\/charlas-en-espana-con-expertas-en-la-proteccion-y-defensa-de-la-amazonia\/"]}]},{"@type":"ImageObject","inLanguage":"en-US","@id":"https:\/\/www.entreculturas.org\/en\/noticia\/charlas-en-espana-con-expertas-en-la-proteccion-y-defensa-de-la-amazonia\/#primaryimage","url":"https:\/\/www.entreculturas.org\/wp-content\/uploads\/2023\/12\/inivtaciongiraamazonia2023_cartel_noticia_1.jpg","contentUrl":"https:\/\/www.entreculturas.org\/wp-content\/uploads\/2023\/12\/inivtaciongiraamazonia2023_cartel_noticia_1.jpg","width":2400,"height":1350},{"@type":"BreadcrumbList","@id":"https:\/\/www.entreculturas.org\/en\/noticia\/charlas-en-espana-con-expertas-en-la-proteccion-y-defensa-de-la-amazonia\/#breadcrumb","itemListElement":[{"@type":"ListItem","position":1,"name":"Home","item":"https:\/\/www.entreculturas.org\/en\/"},{"@type":"ListItem","position":2,"name":"Noticias","item":"https:\/\/www.entreculturas.org\/en\/noticias\/"},{"@type":"ListItem","position":3,"name":"Charlas en Espa\u00f1a con expertas en la protecci\u00f3n y defensa de la Amazon\u00eda"}]},{"@type":"WebSite","@id":"https:\/\/www.entreculturas.org\/en\/#website","url":"https:\/\/www.entreculturas.org\/en\/","name":"Entreculturas","description":"","publisher":{"@id":"https:\/\/www.entreculturas.org\/en\/#organization"},"alternateName":"Entreculturas","potentialAction":[{"@type":"SearchAction","target":{"@type":"EntryPoint","urlTemplate":"https:\/\/www.entreculturas.org\/en\/?s={search_term_string}"},"query-input":{"@type":"PropertyValueSpecification","valueRequired":true,"valueName":"search_term_string"}}],"inLanguage":"en-US"},{"@type":"Organization","@id":"https:\/\/www.entreculturas.org\/en\/#organization","name":"Entreculturas","url":"https:\/\/www.entreculturas.org\/en\/","logo":{"@type":"ImageObject","inLanguage":"en-US","@id":"https:\/\/www.entreculturas.org\/en\/#\/schema\/logo\/image\/","url":"https:\/\/www.entreculturas.org\/wp-content\/uploads\/2025\/10\/ESP.svg","contentUrl":"https:\/\/www.entreculturas.org\/wp-content\/uploads\/2025\/10\/ESP.svg","caption":"Entreculturas"},"image":{"@id":"https:\/\/www.entreculturas.org\/en\/#\/schema\/logo\/image\/"},"sameAs":["https:\/\/www.facebook.com\/entreculturas","https:\/\/x.com\/Entreculturas","https:\/\/www.instagram.com\/entreculturas\/","https:\/\/www.youtube.com\/user\/entreculturasvideo","https:\/\/www.linkedin.com\/company\/fundacion-entreculturas-ngdo\/","https:\/\/www.flickr.com\/photos\/98455522@N04\/albums\/"]}]}},"_links":{"self":[{"href":"https:\/\/www.entreculturas.org\/en\/wp-json\/wp\/v2\/noticia\/9391","targetHints":{"allow":["GET"]}}],"collection":[{"href":"https:\/\/www.entreculturas.org\/en\/wp-json\/wp\/v2\/noticia"}],"about":[{"href":"https:\/\/www.entreculturas.org\/en\/wp-json\/wp\/v2\/types\/noticia"}],"wp:featuredmedia":[{"embeddable":true,"href":"https:\/\/www.entreculturas.org\/en\/wp-json\/wp\/v2\/media\/9392"}],"wp:attachment":[{"href":"https:\/\/www.entreculturas.org\/en\/wp-json\/wp\/v2\/media?parent=9391"}],"wp:term":[{"taxonomy":"category","embeddable":true,"href":"https:\/\/www.entreculturas.org\/en\/wp-json\/wp\/v2\/categories?post=9391"},{"taxonomy":"post_tag","embeddable":true,"href":"https:\/\/www.entreculturas.org\/en\/wp-json\/wp\/v2\/tags?post=9391"},{"taxonomy":"country","embeddable":true,"href":"https:\/\/www.entreculturas.org\/en\/wp-json\/wp\/v2\/country?post=9391"},{"taxonomy":"cause","embeddable":true,"href":"https:\/\/www.entreculturas.org\/en\/wp-json\/wp\/v2\/cause?post=9391"}],"curies":[{"name":"wp","href":"https:\/\/api.w.org\/{rel}","templated":true}]}}