{"id":9372,"date":"2023-10-01T10:18:25","date_gmt":"2023-10-01T08:18:25","guid":{"rendered":"https:\/\/www.entreculturas.org\/noticia\/entreculturas-celebra-su-23encuentroanual-bajo-el-lema-participacion-que-construye-0\/"},"modified":"2024-02-14T15:14:23","modified_gmt":"2024-02-14T14:14:23","slug":"entreculturas-celebra-su-23encuentroanual-bajo-el-lema-participacion-que-construye-0","status":"publish","type":"noticia","link":"https:\/\/www.entreculturas.org\/en\/noticia\/entreculturas-celebra-su-23encuentroanual-bajo-el-lema-participacion-que-construye-0\/","title":{"rendered":"Entreculturas celebra su #23EncuentroAnual bajo el lema \u201cParticipaci\u00f3n que construye esperanza\u201d"},"content":{"rendered":"<\/p>\n<p>Reunidos entre el 29 de septiembre y el 1 de octubre en El Escorial, <strong>m\u00e1s de 200&nbsp;personas vinculadas a Entreculturas y Alboan llegadas de 27 delegaciones se dieron cita bajo el lema \u201cParticipaci\u00f3n que construye esperanza\u201d<\/strong>. Dos d\u00edas de talleres y di\u00e1logos en torno al fortalecimiento de la participaci\u00f3n&nbsp; y la ciudadan\u00eda global, una de las cinco causas que vertebran el trabajo de Entreculturas y Alboan tanto en Espa\u00f1a como en el resto del mundo. Desde el compromiso con el derecho a la educaci\u00f3n y utilizando una perspectiva de g\u00e9nero e intercultural, en el Encuentro se profundiz\u00f3 en los distintos factores que influyen en la participaci\u00f3n y la ciudadan\u00eda global.&nbsp;<\/p>\n<p>A nivel institucional contamos con la presencia de Enric Puiggr\u00f2s SJ, nuevo Provincial de la Compa\u00f1\u00eda de Jes\u00fas en Espa\u00f1a, \u00c1lvaro Lobo SJ Coordinador de Pastoral SJ, Baltasar Delgado SJ y Josemi Colina SJ, patrono de Entreculturas.<\/p>\n<p>Durante la jornada del s\u00e1bado se present\u00f3 una mirada global de la participaci\u00f3n desde la actualidad, as\u00ed como un acercamiento a la labor que Entreculturas ya est\u00e1 haciendo o que proyecta hacer en el futuro. El domingo se realizaron talleres para abordar, aterrizar y concretar desde lo aprendido diferentes compromisos personales e institucionales con el fin de seguir apostando por una participaci\u00f3n real de calidad. Adem\u00e1s, se celebr\u00f3 una Eucarist\u00eda y se clausur\u00f3 el encuentro haciendo \u00e9nfasis en los hitos estrat\u00e9gicos de este a\u00f1o.<\/p>\n<p><strong>S\u00e1bado 30 de septiembre<\/strong><\/p>\n<p>Tras el arranque con la interpretaci\u00f3n de la compa\u00f1\u00eda La Rueda Teatro Social que nos invitaron a reflexionar sobre las barreras que la Participaci\u00f3n tiene en diversos contextos, el encuentro comenz\u00f3 con unas palabras de bienvenida de Mart\u00edn Iriberri SJ, nuevo Director General de Entreculturas y de Alboan, qui\u00e9n afirm\u00f3: \u201cla mirada desde la participaci\u00f3n es clave, es una mirada en la que reconocemos a todas las personas, ya que no hay nadie que se tenga que quedar fuera de la necesidad de aportar. Esta mirada tiene que ser el centro de estos d\u00edas\u201d. Tambi\u00e9n record\u00f3 las palabras del padre Stan Swamy SJ que defend\u00eda que \u201cninguno de nosotros y nosotras somos espectadores invisibles\u201d y anim\u00f3 \u201ca formar parte de este movimiento de transformaci\u00f3n de nuestro mundo que es esperanzado, posible y comprometido\u201d<\/p>\n<p>Tambi\u00e9n particip\u00f3 Irene Ortega, Coordinadora del \u00c1rea de Ciudadan\u00eda de Entreculturas y responsable de la Causa Com\u00fan, que agradeci\u00f3 a todas las personas que asistieron al encuentro desde voluntarios, voluntarias o las diferentes personas que forman de Entreculturas.<\/p>\n<p>Posteriormente, comenz\u00f3 la primera charla de la mano de In\u00e9s Pousadela, especialista senior de la Alianza Mundial para la Participaci\u00f3n Ciudadana (CIVICUS). In\u00e9s, present\u00f3 una mirada global a la participaci\u00f3n ciudadana en todo el mundo, prestando especial atenci\u00f3n a la capacidad de la participaci\u00f3n juvenil: \u201cLas movilizaciones masivas de j\u00f3venes est\u00e1n cambiando la sociedad civil, estableciendo la agenda social y medi\u00e1tica actual, cambiando percepciones a una velocidad incre\u00edble y provocando, en definitiva, una aut\u00e9ntica&nbsp; revoluci\u00f3n de conciencias. Esta juventud est\u00e1 creando nuevas estructuras de participaci\u00f3n que est\u00e1n sorprendiendo a las antiguas generaciones, revalorizando las perspectivas a la vez que ampl\u00edan los l\u00edmites de la sociedad civil y enjuician su verdadera naturaleza\u201d.<\/p>\n<p>Tras esta primera aproximaci\u00f3n a la participaci\u00f3n ciudadana en la actualidad, fue el turno de una mesa redonda, en donde se profundiz\u00f3 en la participaci\u00f3n desde diferentes perspectivas como es el g\u00e9nero, la edad y el origen. Moderada por Ana V\u00e1zquez, Coordinadora del Programa VOLPA-Voluntariado Internacional, la mesa estuvo compuesta por distintas personalidades relacionadas con Entreculturas y la cultura de la participaci\u00f3n social. La polit\u00f3loga y especialista en Sensibilizaci\u00f3n Social, Formaci\u00f3n y Educaci\u00f3n en Valores, Alicia de Blas, abord\u00f3 las dificultades que tienen las mujeres para participar, se\u00f1alando que \u201clas mujeres que toman la palabra en la esfera p\u00fablica est\u00e1n poniendo el cuerpo para defender su palabra, ya que existen violencia hacia nosotras al salirnos del espacio privado tradicional\u201d. Tambi\u00e9n destac\u00f3 que \u201cla ausencia de referentes femeninos en la vida p\u00fablica hace que las ni\u00f1as se sientan intrusas cuando quieren coger la palabra\u201d.<\/p>\n<p>Ismaeil El Majdoub, mediador social, y fundador del colectivo EXMENAS, se\u00f1al\u00f3 que \u201cla sociedad muchas veces condena a la infancia migrante y una muestra es convertir la palabra MENA en un insulto, cuando no lo es\u201d. Adem\u00e1s, Ismaeil plante\u00f3 que \u201cexiste un rechazo organizado por parte del gobierno en el momento en el que hay centros exclusivamente para MENAS, lo que manda un mensaje a la poblaci\u00f3n de que la infancia migrante no acompa\u00f1ada es mala y debe estar aislados en guetos\u201d. Por \u00faltimo, sentenci\u00f3 que \u201cser un activista no es un apodo, es una forma de ser, de estar en el d\u00eda a d\u00eda, una persona que ejerce su responsabilidad social\u201d.<\/p>\n<p>Por su parte, Clara Maeztu, T\u00e9cnica de Educaci\u00f3n no Formal de Entreculturas, explic\u00f3 cu\u00e1l deber\u00eda de ser el primer paso de un proceso participativo: \u201cTenemos que responder con valent\u00eda y sinceridad sobre qui\u00e9n puede participar y por qu\u00e9 puede hacerlo porque a partir de estas respuestas vamos a articular la participaci\u00f3n como sociedad\u201d. En su intervenci\u00f3n destac\u00f3 que es necesario \u201cpararnos y ver, qui\u00e9n est\u00e1 y qui\u00e9n no est\u00e1 porque si solo una parte de la sociedad tiene la legitimidad para participar, los procesos no abordar\u00e1n ni la realidad ni la necesidad de toda la poblaci\u00f3n\u201d.<\/p>\n<p>Por \u00faltimo, Adri\u00e1n Cruz, joven alcazare\u00f1o de 18 a\u00f1os, comparti\u00f3 su experiencia para brindar otra forma de ver la participaci\u00f3n ciudadana desde la juventud. As\u00ed, Adri\u00e1n relat\u00f3 c\u00f3mo a los 10 a\u00f1os se uni\u00f3 al consejo de infancia y adolescencia de su pueblo, lo que le permiti\u00f3 darse cuenta de \u201csi bien s\u00ed se reconoce la participaci\u00f3n infantil, esta no se hace de forma plena con una gran falta de inter\u00e9s de los ayuntamientos a la vez que existen multitud de j\u00f3venes que tienen muchas ganas de participar y no pueden hacerlo\u201d.<\/p>\n<p>Tras la comida, durante la tarde se pudo profundizar en la tem\u00e1tica a trav\u00e9s de diferentes talleres especializados, donde se presentaron distintas pr\u00e1cticas exitosas de participaci\u00f3n en diferentes \u00e1mbitos. Para ello, contamos con facilitadores de gran experiencia que conocen de primera mano las diferentes din\u00e1micas que engloban estos procesos. As\u00ed, participaron Daniele Cibati, abordando la gesti\u00f3n de grupos desde la participaci\u00f3n; Kike Labi\u00e1n, profundizando en las distintas herramientas art\u00edsticas para la participaci\u00f3n; Eva Ortega, reflexionando sobre la participaci\u00f3n en Alboan y Entreculturas; \u00c1ngel Serrano, aproxim\u00e1ndose a la participaci\u00f3n inclusiva comunitaria; Clara Maeztu, explicando la importancia de la participaci\u00f3n juvenil; Lola Bueno, relatando la estrecha relaci\u00f3n entre participaci\u00f3n y la incidencia eco-feminista; \u00c1ngela, Elvira y Gerardo, voluntarias y voluntario de las delegaciones de Vigo, Sevilla y&nbsp; Zaragoza, abordando la participaci\u00f3n en clave de voluntariado; y Amal Hussein, presentando la participaci\u00f3n en clave decolonial y antirracista.<\/p>\n<p>Para finalizar el d\u00eda, contamos con Bea Almar, cantautora feminista, cuyo concierto nos invit\u00f3 desde la honestidad que dan los ritmos ecl\u00e9cticos a la reflexi\u00f3n y la celebraci\u00f3n a partes iguales. Todo ello, con melod\u00edas originales y letras combativas y profundas.<\/p>\n<p><strong>Domingo 1 de octubre<\/strong><\/p>\n<p>La ma\u00f1ana del domingo arranc\u00f3 con la celebraci\u00f3n de una Eucarist\u00eda oficiada por Enric Puiggr\u00f2s SJ, Mart\u00edn&nbsp; Iriberri SJ y Baltasar Delgado SJ. Enric&nbsp; destac\u00f3 en la homil\u00eda como la participaci\u00f3n significa una toma de conciencia de que nuestros actos tienen consecuencias y de ah\u00ed la importancia no solo de ejecutar sino de atender a los c\u00f3mos: c\u00f3mo decidimos, nuestra manera de hablar, de decidir, de ser, de introducir la espiritualidad, nuestra manera de transformar. \u201cTodos y todas estamos invitados e invitadas a formar parte de esa transformaci\u00f3n y estamos contentos de que Dios reciba primero a aquellos que est\u00e1n en el margen y de saber que Jes\u00fas nos precede en el camino\u201d.&nbsp;<\/p>\n<p>Tras la Eucarist\u00eda se realizaron talleres para motivar a las personas asistentes a definir compromisos personales e institucionales para seguir trabajando en una participaci\u00f3n activa y real, pero tambi\u00e9n de calidad.&nbsp;<\/p>\n<p>El acto de clausura cont\u00f3 con una mesa en la que particip\u00f3 Mary Tere Guzm\u00e1n, nueva Directora Ejecutiva de Alboan que nos comparti\u00f3 lo que se lleva \u201cEl compartir con tanta gente maravillosa y tan diversa, lo que me llena el coraz\u00f3n y carga la pila\u201d. Tambi\u00e9n habl\u00f3 sobre nuestra respuesta ante un mundo roto con un ejercicio de la ciudadan\u00eda global a trav\u00e9s de la participaci\u00f3n y destac\u00f3 la idea de construir esperanza, construir el reino con el que so\u00f1amos y al que este encuentro nos acerca. Por \u00faltimo destac\u00f3 que la esperanza es un regalo y un poder al que no podemos renunciar.<\/p>\n<p>Tambi\u00e9n participaron Samuel Caro, voluntario de la delegaci\u00f3n de Extremadura, que nos comparti\u00f3 el proceso que le lleva a ser voluntario y que el voluntariado y la participaci\u00f3n requieren de formaci\u00f3n para ser personas resilientes que construyen y deconstruyen. Por su parte Txaro Hernandez, T\u00e9cnica de Personas y Equipos de Alboan, nos dijo que la esperanza solo se sostiene con participaci\u00f3n, desarroll\u00f3 la idea de participa &#8211; acci\u00f3n y la necesidad de cr\u00edtica diversa y transformadora.<\/p>\n<p>En este acto contamos con la participaci\u00f3n de Enric Puiggr\u00f2s SJ quien tuvo un recuerdo especial para Dani Villanueva SJ y le dese\u00f3 lo mejor en su nueva etapa a Mart\u00edn Iriberri SJ. Enric comparti\u00f3 su alta sinton\u00eda con la cooperaci\u00f3n, con la educaci\u00f3n que genera oportunidades y la consciencia de quienes hemos recibido un privilegio y queremos hac\u00e9rselo llegar a personas que lo necesitan. Record\u00f3 el lema de este a\u00f1o de la campa\u00f1a La Silla Roja, \u201cDejadnos Aprender en Paz\u201d, y nos record\u00f3 que no hay paz sin justicia como ocurri\u00f3 en su experiencia&nbsp; en Sur Sud\u00e1n en el proceso de una independencia sin desarme. Destac\u00f3 la importancia de la mirada con la que afrontamos la realidad y el compromiso de las personas que forman parte de Entreculturas y Alboan y su riqueza de lo intergeneracional. Finalmente comparti\u00f3 que no hay transformaci\u00f3n exterior sin una transformaci\u00f3n interior y que el contacto con los m\u00e1rgenes no solo nos lo recuerda si no que nos pone en nuestro sitio.&nbsp;<\/p>\n<p>Ram\u00f3n Almansa, Director Ejecutivo de Entreculturas cerr\u00f3 este Encuentro Anual con varios agradecimientos especialmente a Enric y del modo en que la Compa\u00f1\u00eda de Jes\u00fas acompa\u00f1a a las obras y a todos los jesuitas. Ram\u00f3n destac\u00f3 nuestra participaci\u00f3n activa e intencionada y que esa participaci\u00f3n tiene el prop\u00f3sito de cambiar el mundo lo que nos lleva a ser activos, a ponernos de parte de los que sufren, a complicarnos la vida y a hacernos cargo de la realidad. Ram\u00f3n tambi\u00e9n nos invit\u00f3 a participar con voz alta y coralmente junto a otros y otras frente al insoportable silencio de la indiferencia, a sentirnos generadores de ciudadan\u00eda desde nuestras instituciones que unen mundos y tejen sociedades para combatir la polarizaci\u00f3n global que tiende a dividir, simplificar y robar los derechos a los que m\u00e1s sufren.<\/p>\n","protected":false},"excerpt":{"rendered":"<p>Reunidos entre el 29 de septiembre y el 1 de octubre en El Escorial, m\u00e1s de 170 personas vinculadas a Entreculturas y Alboan llegadas de 27 delegaciones se dieron cita bajo el lema \u201cParticipaci\u00f3n que construye esperanza\u201d. Dos d\u00edas de talleres y di\u00e1logos en torno al fortalecimiento de la participaci\u00f3n  y la ciudadan\u00eda global, una de las cinco causas que vertebran el trabajo de Entreculturas y Alboan tanto en Espa\u00f1a como en el resto del mundo. Desde el compromiso con el derecho a la educaci\u00f3n y utilizando una perspectiva de g\u00e9nero e intercultural, en el Encuentro se profundiz\u00f3 en los distintos factores que influyen en la participaci\u00f3n y la ciudadan\u00eda global.<\/p>\n","protected":false},"featured_media":9371,"template":"single-noticia","meta":{"_acf_changed":false},"categories":[7,728],"tags":[8],"country":[120],"cause":[132],"class_list":["post-9372","noticia","type-noticia","status-publish","has-post-thumbnail","hentry","category-noticia","category-sin-categorizar","tag-participacion-y-ciudadania-global","country-espana","cause-participacion-y-ciudadania-global"],"acf":[],"yoast_head":"<!-- This site is optimized with the Yoast SEO Premium plugin v21.6 (Yoast SEO v27.5) - https:\/\/yoast.com\/product\/yoast-seo-premium-wordpress\/ -->\n<title>Entreculturas celebra su #23EncuentroAnual bajo el lema \u201cParticipaci\u00f3n que construye esperanza\u201d - Entreculturas<\/title>\n<meta name=\"robots\" content=\"index, follow, max-snippet:-1, max-image-preview:large, max-video-preview:-1\" \/>\n<link rel=\"canonical\" href=\"https:\/\/www.entreculturas.org\/en\/noticia\/entreculturas-celebra-su-23encuentroanual-bajo-el-lema-participacion-que-construye-0\/\" \/>\n<meta property=\"og:locale\" content=\"en_US\" \/>\n<meta property=\"og:type\" content=\"article\" \/>\n<meta property=\"og:title\" content=\"Entreculturas celebra su #23EncuentroAnual bajo el lema \u201cParticipaci\u00f3n que construye esperanza\u201d\" \/>\n<meta property=\"og:description\" content=\"Reunidos entre el 29 de septiembre y el 1 de octubre en El Escorial, m\u00e1s de 170 personas vinculadas a Entreculturas y Alboan llegadas de 27 delegaciones se dieron cita bajo el lema \u201cParticipaci\u00f3n que construye esperanza\u201d. Dos d\u00edas de talleres y di\u00e1logos en torno al fortalecimiento de la participaci\u00f3n y la ciudadan\u00eda global, una de las cinco causas que vertebran el trabajo de Entreculturas y Alboan tanto en Espa\u00f1a como en el resto del mundo. Desde el compromiso con el derecho a la educaci\u00f3n y utilizando una perspectiva de g\u00e9nero e intercultural, en el Encuentro se profundiz\u00f3 en los distintos factores que influyen en la participaci\u00f3n y la ciudadan\u00eda global.\" \/>\n<meta property=\"og:url\" content=\"https:\/\/www.entreculturas.org\/en\/noticia\/entreculturas-celebra-su-23encuentroanual-bajo-el-lema-participacion-que-construye-0\/\" \/>\n<meta property=\"og:site_name\" content=\"Entreculturas\" \/>\n<meta property=\"article:publisher\" content=\"https:\/\/www.facebook.com\/entreculturas\" \/>\n<meta property=\"article:modified_time\" content=\"2024-02-14T14:14:23+00:00\" \/>\n<meta property=\"og:image\" content=\"https:\/\/www.entreculturas.org\/wp-content\/uploads\/2023\/12\/foto_familia_-_definitiva-scaled-1.jpg\" \/>\n\t<meta property=\"og:image:width\" content=\"2560\" \/>\n\t<meta property=\"og:image:height\" content=\"1129\" \/>\n\t<meta property=\"og:image:type\" content=\"image\/jpeg\" \/>\n<meta name=\"twitter:card\" content=\"summary_large_image\" \/>\n<meta name=\"twitter:site\" content=\"@Entreculturas\" \/>\n<script type=\"application\/ld+json\" class=\"yoast-schema-graph\">{\"@context\":\"https:\\\/\\\/schema.org\",\"@graph\":[{\"@type\":\"WebPage\",\"@id\":\"https:\\\/\\\/www.entreculturas.org\\\/en\\\/noticia\\\/entreculturas-celebra-su-23encuentroanual-bajo-el-lema-participacion-que-construye-0\\\/\",\"url\":\"https:\\\/\\\/www.entreculturas.org\\\/en\\\/noticia\\\/entreculturas-celebra-su-23encuentroanual-bajo-el-lema-participacion-que-construye-0\\\/\",\"name\":\"Entreculturas celebra su #23EncuentroAnual bajo el lema \u201cParticipaci\u00f3n que construye esperanza\u201d - Entreculturas\",\"isPartOf\":{\"@id\":\"https:\\\/\\\/www.entreculturas.org\\\/en\\\/#website\"},\"primaryImageOfPage\":{\"@id\":\"https:\\\/\\\/www.entreculturas.org\\\/en\\\/noticia\\\/entreculturas-celebra-su-23encuentroanual-bajo-el-lema-participacion-que-construye-0\\\/#primaryimage\"},\"image\":{\"@id\":\"https:\\\/\\\/www.entreculturas.org\\\/en\\\/noticia\\\/entreculturas-celebra-su-23encuentroanual-bajo-el-lema-participacion-que-construye-0\\\/#primaryimage\"},\"thumbnailUrl\":\"https:\\\/\\\/www.entreculturas.org\\\/wp-content\\\/uploads\\\/2023\\\/12\\\/foto_familia_-_definitiva-scaled-1.jpg\",\"datePublished\":\"2023-10-01T08:18:25+00:00\",\"dateModified\":\"2024-02-14T14:14:23+00:00\",\"breadcrumb\":{\"@id\":\"https:\\\/\\\/www.entreculturas.org\\\/en\\\/noticia\\\/entreculturas-celebra-su-23encuentroanual-bajo-el-lema-participacion-que-construye-0\\\/#breadcrumb\"},\"inLanguage\":\"en-US\",\"potentialAction\":[{\"@type\":\"ReadAction\",\"target\":[\"https:\\\/\\\/www.entreculturas.org\\\/en\\\/noticia\\\/entreculturas-celebra-su-23encuentroanual-bajo-el-lema-participacion-que-construye-0\\\/\"]}]},{\"@type\":\"ImageObject\",\"inLanguage\":\"en-US\",\"@id\":\"https:\\\/\\\/www.entreculturas.org\\\/en\\\/noticia\\\/entreculturas-celebra-su-23encuentroanual-bajo-el-lema-participacion-que-construye-0\\\/#primaryimage\",\"url\":\"https:\\\/\\\/www.entreculturas.org\\\/wp-content\\\/uploads\\\/2023\\\/12\\\/foto_familia_-_definitiva-scaled-1.jpg\",\"contentUrl\":\"https:\\\/\\\/www.entreculturas.org\\\/wp-content\\\/uploads\\\/2023\\\/12\\\/foto_familia_-_definitiva-scaled-1.jpg\",\"width\":2560,\"height\":1129,\"caption\":\"foto_familia_-_definitiva\"},{\"@type\":\"BreadcrumbList\",\"@id\":\"https:\\\/\\\/www.entreculturas.org\\\/en\\\/noticia\\\/entreculturas-celebra-su-23encuentroanual-bajo-el-lema-participacion-que-construye-0\\\/#breadcrumb\",\"itemListElement\":[{\"@type\":\"ListItem\",\"position\":1,\"name\":\"Home\",\"item\":\"https:\\\/\\\/www.entreculturas.org\\\/en\\\/\"},{\"@type\":\"ListItem\",\"position\":2,\"name\":\"Noticias\",\"item\":\"https:\\\/\\\/www.entreculturas.org\\\/en\\\/noticias\\\/\"},{\"@type\":\"ListItem\",\"position\":3,\"name\":\"Entreculturas celebra su #23EncuentroAnual bajo el lema \u201cParticipaci\u00f3n que construye esperanza\u201d\"}]},{\"@type\":\"WebSite\",\"@id\":\"https:\\\/\\\/www.entreculturas.org\\\/en\\\/#website\",\"url\":\"https:\\\/\\\/www.entreculturas.org\\\/en\\\/\",\"name\":\"Entreculturas\",\"description\":\"\",\"publisher\":{\"@id\":\"https:\\\/\\\/www.entreculturas.org\\\/en\\\/#organization\"},\"alternateName\":\"Entreculturas\",\"potentialAction\":[{\"@type\":\"SearchAction\",\"target\":{\"@type\":\"EntryPoint\",\"urlTemplate\":\"https:\\\/\\\/www.entreculturas.org\\\/en\\\/?s={search_term_string}\"},\"query-input\":{\"@type\":\"PropertyValueSpecification\",\"valueRequired\":true,\"valueName\":\"search_term_string\"}}],\"inLanguage\":\"en-US\"},{\"@type\":\"Organization\",\"@id\":\"https:\\\/\\\/www.entreculturas.org\\\/en\\\/#organization\",\"name\":\"Entreculturas\",\"url\":\"https:\\\/\\\/www.entreculturas.org\\\/en\\\/\",\"logo\":{\"@type\":\"ImageObject\",\"inLanguage\":\"en-US\",\"@id\":\"https:\\\/\\\/www.entreculturas.org\\\/en\\\/#\\\/schema\\\/logo\\\/image\\\/\",\"url\":\"https:\\\/\\\/www.entreculturas.org\\\/wp-content\\\/uploads\\\/2025\\\/10\\\/ESP.svg\",\"contentUrl\":\"https:\\\/\\\/www.entreculturas.org\\\/wp-content\\\/uploads\\\/2025\\\/10\\\/ESP.svg\",\"caption\":\"Entreculturas\"},\"image\":{\"@id\":\"https:\\\/\\\/www.entreculturas.org\\\/en\\\/#\\\/schema\\\/logo\\\/image\\\/\"},\"sameAs\":[\"https:\\\/\\\/www.facebook.com\\\/entreculturas\",\"https:\\\/\\\/x.com\\\/Entreculturas\",\"https:\\\/\\\/www.instagram.com\\\/entreculturas\\\/\",\"https:\\\/\\\/www.youtube.com\\\/user\\\/entreculturasvideo\",\"https:\\\/\\\/www.linkedin.com\\\/company\\\/fundacion-entreculturas-ngdo\\\/\",\"https:\\\/\\\/www.flickr.com\\\/photos\\\/98455522@N04\\\/albums\\\/\"]}]}<\/script>\n<!-- \/ Yoast SEO Premium plugin. -->","yoast_head_json":{"title":"Entreculturas celebra su #23EncuentroAnual bajo el lema \u201cParticipaci\u00f3n que construye esperanza\u201d - Entreculturas","robots":{"index":"index","follow":"follow","max-snippet":"max-snippet:-1","max-image-preview":"max-image-preview:large","max-video-preview":"max-video-preview:-1"},"canonical":"https:\/\/www.entreculturas.org\/en\/noticia\/entreculturas-celebra-su-23encuentroanual-bajo-el-lema-participacion-que-construye-0\/","og_locale":"en_US","og_type":"article","og_title":"Entreculturas celebra su #23EncuentroAnual bajo el lema \u201cParticipaci\u00f3n que construye esperanza\u201d","og_description":"Reunidos entre el 29 de septiembre y el 1 de octubre en El Escorial, m\u00e1s de 170 personas vinculadas a Entreculturas y Alboan llegadas de 27 delegaciones se dieron cita bajo el lema \u201cParticipaci\u00f3n que construye esperanza\u201d. Dos d\u00edas de talleres y di\u00e1logos en torno al fortalecimiento de la participaci\u00f3n y la ciudadan\u00eda global, una de las cinco causas que vertebran el trabajo de Entreculturas y Alboan tanto en Espa\u00f1a como en el resto del mundo. Desde el compromiso con el derecho a la educaci\u00f3n y utilizando una perspectiva de g\u00e9nero e intercultural, en el Encuentro se profundiz\u00f3 en los distintos factores que influyen en la participaci\u00f3n y la ciudadan\u00eda global.","og_url":"https:\/\/www.entreculturas.org\/en\/noticia\/entreculturas-celebra-su-23encuentroanual-bajo-el-lema-participacion-que-construye-0\/","og_site_name":"Entreculturas","article_publisher":"https:\/\/www.facebook.com\/entreculturas","article_modified_time":"2024-02-14T14:14:23+00:00","og_image":[{"width":2560,"height":1129,"url":"https:\/\/www.entreculturas.org\/wp-content\/uploads\/2023\/12\/foto_familia_-_definitiva-scaled-1.jpg","type":"image\/jpeg"}],"twitter_card":"summary_large_image","twitter_site":"@Entreculturas","schema":{"@context":"https:\/\/schema.org","@graph":[{"@type":"WebPage","@id":"https:\/\/www.entreculturas.org\/en\/noticia\/entreculturas-celebra-su-23encuentroanual-bajo-el-lema-participacion-que-construye-0\/","url":"https:\/\/www.entreculturas.org\/en\/noticia\/entreculturas-celebra-su-23encuentroanual-bajo-el-lema-participacion-que-construye-0\/","name":"Entreculturas celebra su #23EncuentroAnual bajo el lema \u201cParticipaci\u00f3n que construye esperanza\u201d - Entreculturas","isPartOf":{"@id":"https:\/\/www.entreculturas.org\/en\/#website"},"primaryImageOfPage":{"@id":"https:\/\/www.entreculturas.org\/en\/noticia\/entreculturas-celebra-su-23encuentroanual-bajo-el-lema-participacion-que-construye-0\/#primaryimage"},"image":{"@id":"https:\/\/www.entreculturas.org\/en\/noticia\/entreculturas-celebra-su-23encuentroanual-bajo-el-lema-participacion-que-construye-0\/#primaryimage"},"thumbnailUrl":"https:\/\/www.entreculturas.org\/wp-content\/uploads\/2023\/12\/foto_familia_-_definitiva-scaled-1.jpg","datePublished":"2023-10-01T08:18:25+00:00","dateModified":"2024-02-14T14:14:23+00:00","breadcrumb":{"@id":"https:\/\/www.entreculturas.org\/en\/noticia\/entreculturas-celebra-su-23encuentroanual-bajo-el-lema-participacion-que-construye-0\/#breadcrumb"},"inLanguage":"en-US","potentialAction":[{"@type":"ReadAction","target":["https:\/\/www.entreculturas.org\/en\/noticia\/entreculturas-celebra-su-23encuentroanual-bajo-el-lema-participacion-que-construye-0\/"]}]},{"@type":"ImageObject","inLanguage":"en-US","@id":"https:\/\/www.entreculturas.org\/en\/noticia\/entreculturas-celebra-su-23encuentroanual-bajo-el-lema-participacion-que-construye-0\/#primaryimage","url":"https:\/\/www.entreculturas.org\/wp-content\/uploads\/2023\/12\/foto_familia_-_definitiva-scaled-1.jpg","contentUrl":"https:\/\/www.entreculturas.org\/wp-content\/uploads\/2023\/12\/foto_familia_-_definitiva-scaled-1.jpg","width":2560,"height":1129,"caption":"foto_familia_-_definitiva"},{"@type":"BreadcrumbList","@id":"https:\/\/www.entreculturas.org\/en\/noticia\/entreculturas-celebra-su-23encuentroanual-bajo-el-lema-participacion-que-construye-0\/#breadcrumb","itemListElement":[{"@type":"ListItem","position":1,"name":"Home","item":"https:\/\/www.entreculturas.org\/en\/"},{"@type":"ListItem","position":2,"name":"Noticias","item":"https:\/\/www.entreculturas.org\/en\/noticias\/"},{"@type":"ListItem","position":3,"name":"Entreculturas celebra su #23EncuentroAnual bajo el lema \u201cParticipaci\u00f3n que construye esperanza\u201d"}]},{"@type":"WebSite","@id":"https:\/\/www.entreculturas.org\/en\/#website","url":"https:\/\/www.entreculturas.org\/en\/","name":"Entreculturas","description":"","publisher":{"@id":"https:\/\/www.entreculturas.org\/en\/#organization"},"alternateName":"Entreculturas","potentialAction":[{"@type":"SearchAction","target":{"@type":"EntryPoint","urlTemplate":"https:\/\/www.entreculturas.org\/en\/?s={search_term_string}"},"query-input":{"@type":"PropertyValueSpecification","valueRequired":true,"valueName":"search_term_string"}}],"inLanguage":"en-US"},{"@type":"Organization","@id":"https:\/\/www.entreculturas.org\/en\/#organization","name":"Entreculturas","url":"https:\/\/www.entreculturas.org\/en\/","logo":{"@type":"ImageObject","inLanguage":"en-US","@id":"https:\/\/www.entreculturas.org\/en\/#\/schema\/logo\/image\/","url":"https:\/\/www.entreculturas.org\/wp-content\/uploads\/2025\/10\/ESP.svg","contentUrl":"https:\/\/www.entreculturas.org\/wp-content\/uploads\/2025\/10\/ESP.svg","caption":"Entreculturas"},"image":{"@id":"https:\/\/www.entreculturas.org\/en\/#\/schema\/logo\/image\/"},"sameAs":["https:\/\/www.facebook.com\/entreculturas","https:\/\/x.com\/Entreculturas","https:\/\/www.instagram.com\/entreculturas\/","https:\/\/www.youtube.com\/user\/entreculturasvideo","https:\/\/www.linkedin.com\/company\/fundacion-entreculturas-ngdo\/","https:\/\/www.flickr.com\/photos\/98455522@N04\/albums\/"]}]}},"_links":{"self":[{"href":"https:\/\/www.entreculturas.org\/en\/wp-json\/wp\/v2\/noticia\/9372","targetHints":{"allow":["GET"]}}],"collection":[{"href":"https:\/\/www.entreculturas.org\/en\/wp-json\/wp\/v2\/noticia"}],"about":[{"href":"https:\/\/www.entreculturas.org\/en\/wp-json\/wp\/v2\/types\/noticia"}],"wp:featuredmedia":[{"embeddable":true,"href":"https:\/\/www.entreculturas.org\/en\/wp-json\/wp\/v2\/media\/9371"}],"wp:attachment":[{"href":"https:\/\/www.entreculturas.org\/en\/wp-json\/wp\/v2\/media?parent=9372"}],"wp:term":[{"taxonomy":"category","embeddable":true,"href":"https:\/\/www.entreculturas.org\/en\/wp-json\/wp\/v2\/categories?post=9372"},{"taxonomy":"post_tag","embeddable":true,"href":"https:\/\/www.entreculturas.org\/en\/wp-json\/wp\/v2\/tags?post=9372"},{"taxonomy":"country","embeddable":true,"href":"https:\/\/www.entreculturas.org\/en\/wp-json\/wp\/v2\/country?post=9372"},{"taxonomy":"cause","embeddable":true,"href":"https:\/\/www.entreculturas.org\/en\/wp-json\/wp\/v2\/cause?post=9372"}],"curies":[{"name":"wp","href":"https:\/\/api.w.org\/{rel}","templated":true}]}}