{"id":9365,"date":"2023-09-26T09:23:59","date_gmt":"2023-09-26T07:23:59","guid":{"rendered":"https:\/\/www.entreculturas.org\/noticia\/unete-recicoles-el-programa-de-reciclaje-solidario-de-entreculturas\/"},"modified":"2024-09-16T13:12:01","modified_gmt":"2024-09-16T11:12:01","slug":"unete-recicoles-el-programa-de-reciclaje-solidario-de-entreculturas","status":"publish","type":"noticia","link":"https:\/\/www.entreculturas.org\/en\/noticia\/unete-recicoles-el-programa-de-reciclaje-solidario-de-entreculturas\/","title":{"rendered":"\u00daNETE A RECICOLES, EL PROGRAMA DE RECICLAJE SOLIDARIO DE ENTRECULTURAS"},"content":{"rendered":"<ul>\n<li>El programa Recicoles busca animar a empresas y centros educativos a cuidar el medioambiente a trav\u00e9s del reciclaje de material de escritura.<\/li>\n<li>Los fondos recaudados se destinan a proyectos de educaci\u00f3n y formaci\u00f3n, atenci\u00f3n humanitaria y defensa de los derechos y territorio ind\u00edgena en la Amazon\u00eda.<\/li>\n<\/ul>\n<p>Recicoles es un programa de reciclaje solidario de concienciaci\u00f3n con la ciudadan\u00eda global, a trav\u00e9s del cual, desde Entreculturas, queremos animar\u00a0a las empresas y centros educativos a cuidar el medio ambiente y a contribuir a una causal medioambiental y social con algo tan sencillo como es el reciclaje de material de escritura.<\/p>\n<p>A trav\u00e9s de este programa de reciclaje solidario, Entreculturas pone el foco en la importancia de implicar a la sociedad civil y, en especial, a empresas y centros educativos en la consecuci\u00f3n de una transformaci\u00f3n social real que defienda el medio ambiente. Para ello, Entreculturas apuesta por establecer alianzas s\u00f3lidas con empresas y centros educativos socialmente responsables a trav\u00e9s de este programa, ya que tanto los centros educativos como las empresas son lugares en los que se utiliza diariamente una gran cantidad de material de escritura, lo que les convierte en el escenario ideal para llevar a cabo esta iniciativa. Adem\u00e1s, en ambos lugares se cuenta con gran n\u00famero de personas que pasan gran parte de su d\u00eda a d\u00eda en las oficinas o escuelas, compartiendo experiencias y aprendiendo, por lo que es m\u00e1s sencillo implementar este tipo de pr\u00e1cticas y sensibilizar de forma colectiva para llegar a m\u00e1s personas.<\/p>\n<p>Las empresas son el motor de la econom\u00eda y tienen la capacidad de incidir en la sociedad y en nuestros patrones de consumo, al igual que en los centros educativos, transmitiendo y educando en buenas pr\u00e1cticas. Esta iniciativa no es solo una forma de educar en pr\u00e1cticas sostenibles para el cuidado de nuestro planeta, sino que, adem\u00e1s, gracias a esta acci\u00f3n, recibimos un donativo fruto de los puntos acumulados por el material enviado. Los fondos que se recaudan, se destinan a la Amazon\u00eda, en Entreculturas llevamos d\u00e9cadas luchando por la protecci\u00f3n de este para\u00edso natural que es el hogar de 33 millones de habitantes. M\u00e1s concretamente, los fondos recaudados se destinan a proyectos de Educaci\u00f3n y formaci\u00f3n; Atenci\u00f3n humanitaria y defensa de los derechos y territorio ind\u00edgena.<\/p>\n<p>Participar en esta iniciativa es muy sencillo, tan solo se debe depositar en un contenedor, facilitado por la ONG, todo aquel material de escritura gastado o que ya no vayamos a utilizar. Se pueden reciclar bol\u00edgrafos, rotuladores, subrayadores, portamilas y correctores l\u00edquidos. Cuando el contenedor est\u00e1 lleno, se env\u00eda a Entreculturas y \u00e9sta se encarga de hac\u00e9rselo llegar a Terracycle, la empresa de reciclaje que transforma el material.<\/p>\n<p><a href=\"https:\/\/www.entreculturas.org\/es\/recicoles\/\">\u00a1Sumate a Recicoles!<\/a><\/p>\n<p><iframe loading=\"lazy\" title=\"Recicoles: programa de reciclaje solidario de Entreculturas\" width=\"500\" height=\"281\" src=\"https:\/\/www.youtube.com\/embed\/tRzThuuSitk?feature=oembed\" frameborder=\"0\" allow=\"accelerometer; autoplay; clipboard-write; encrypted-media; gyroscope; picture-in-picture; web-share\" referrerpolicy=\"strict-origin-when-cross-origin\" allowfullscreen><\/iframe><\/p>\n","protected":false},"excerpt":{"rendered":"<p>Recicoles es un programa de reciclaje solidario de concienciaci\u00f3n con la ciudadan\u00eda global, a trav\u00e9s del cual, desde Entreculturas, queremos animar a las empresas y centros educativos a cuidar el medio ambiente y a contribuir a una causal medioambiental y social con algo tan sencillo como es el reciclaje de material de escritura.<\/p>\n","protected":false},"featured_media":9366,"template":"single-noticia","meta":{"_acf_changed":false},"categories":[7,728],"tags":[196],"country":[120],"cause":[131],"class_list":["post-9365","noticia","type-noticia","status-publish","has-post-thumbnail","hentry","category-noticia","category-sin-categorizar","tag-rsc","country-espana","cause-justicia-medioambiental"],"acf":[],"yoast_head":"<!-- This site is optimized with the Yoast SEO Premium plugin v21.6 (Yoast SEO v27.5) - https:\/\/yoast.com\/product\/yoast-seo-premium-wordpress\/ -->\n<title>\u00daNETE A RECICOLES, EL PROGRAMA DE RECICLAJE SOLIDARIO DE ENTRECULTURAS - Entreculturas<\/title>\n<meta name=\"robots\" content=\"index, follow, max-snippet:-1, max-image-preview:large, max-video-preview:-1\" \/>\n<link rel=\"canonical\" href=\"https:\/\/www.entreculturas.org\/en\/noticia\/unete-recicoles-el-programa-de-reciclaje-solidario-de-entreculturas\/\" \/>\n<meta property=\"og:locale\" content=\"en_US\" \/>\n<meta property=\"og:type\" content=\"article\" \/>\n<meta property=\"og:title\" content=\"\u00daNETE A RECICOLES, EL PROGRAMA DE RECICLAJE SOLIDARIO DE ENTRECULTURAS\" \/>\n<meta property=\"og:description\" content=\"Recicoles es un programa de reciclaje solidario de concienciaci\u00f3n con la ciudadan\u00eda global, a trav\u00e9s del cual, desde Entreculturas, queremos animar a las empresas y centros educativos a cuidar el medio ambiente y a contribuir a una causal medioambiental y social con algo tan sencillo como es el reciclaje de material de escritura.\" \/>\n<meta property=\"og:url\" content=\"https:\/\/www.entreculturas.org\/en\/noticia\/unete-recicoles-el-programa-de-reciclaje-solidario-de-entreculturas\/\" \/>\n<meta property=\"og:site_name\" content=\"Entreculturas\" \/>\n<meta property=\"article:publisher\" content=\"https:\/\/www.facebook.com\/entreculturas\" \/>\n<meta property=\"article:modified_time\" content=\"2024-09-16T11:12:01+00:00\" \/>\n<meta property=\"og:image\" content=\"https:\/\/www.entreculturas.org\/wp-content\/uploads\/2023\/12\/untitled_0.jpg\" \/>\n\t<meta property=\"og:image:width\" content=\"648\" \/>\n\t<meta property=\"og:image:height\" content=\"271\" \/>\n\t<meta property=\"og:image:type\" content=\"image\/jpeg\" \/>\n<meta name=\"twitter:card\" content=\"summary_large_image\" \/>\n<meta name=\"twitter:site\" content=\"@Entreculturas\" \/>\n<script type=\"application\/ld+json\" class=\"yoast-schema-graph\">{\"@context\":\"https:\\\/\\\/schema.org\",\"@graph\":[{\"@type\":\"WebPage\",\"@id\":\"https:\\\/\\\/www.entreculturas.org\\\/en\\\/noticia\\\/unete-recicoles-el-programa-de-reciclaje-solidario-de-entreculturas\\\/\",\"url\":\"https:\\\/\\\/www.entreculturas.org\\\/en\\\/noticia\\\/unete-recicoles-el-programa-de-reciclaje-solidario-de-entreculturas\\\/\",\"name\":\"\u00daNETE A RECICOLES, EL PROGRAMA DE RECICLAJE SOLIDARIO DE ENTRECULTURAS - Entreculturas\",\"isPartOf\":{\"@id\":\"https:\\\/\\\/www.entreculturas.org\\\/en\\\/#website\"},\"primaryImageOfPage\":{\"@id\":\"https:\\\/\\\/www.entreculturas.org\\\/en\\\/noticia\\\/unete-recicoles-el-programa-de-reciclaje-solidario-de-entreculturas\\\/#primaryimage\"},\"image\":{\"@id\":\"https:\\\/\\\/www.entreculturas.org\\\/en\\\/noticia\\\/unete-recicoles-el-programa-de-reciclaje-solidario-de-entreculturas\\\/#primaryimage\"},\"thumbnailUrl\":\"https:\\\/\\\/www.entreculturas.org\\\/wp-content\\\/uploads\\\/2023\\\/12\\\/untitled_0.jpg\",\"datePublished\":\"2023-09-26T07:23:59+00:00\",\"dateModified\":\"2024-09-16T11:12:01+00:00\",\"breadcrumb\":{\"@id\":\"https:\\\/\\\/www.entreculturas.org\\\/en\\\/noticia\\\/unete-recicoles-el-programa-de-reciclaje-solidario-de-entreculturas\\\/#breadcrumb\"},\"inLanguage\":\"en-US\",\"potentialAction\":[{\"@type\":\"ReadAction\",\"target\":[\"https:\\\/\\\/www.entreculturas.org\\\/en\\\/noticia\\\/unete-recicoles-el-programa-de-reciclaje-solidario-de-entreculturas\\\/\"]}]},{\"@type\":\"ImageObject\",\"inLanguage\":\"en-US\",\"@id\":\"https:\\\/\\\/www.entreculturas.org\\\/en\\\/noticia\\\/unete-recicoles-el-programa-de-reciclaje-solidario-de-entreculturas\\\/#primaryimage\",\"url\":\"https:\\\/\\\/www.entreculturas.org\\\/wp-content\\\/uploads\\\/2023\\\/12\\\/untitled_0.jpg\",\"contentUrl\":\"https:\\\/\\\/www.entreculturas.org\\\/wp-content\\\/uploads\\\/2023\\\/12\\\/untitled_0.jpg\",\"width\":648,\"height\":271,\"caption\":\"untitled\"},{\"@type\":\"BreadcrumbList\",\"@id\":\"https:\\\/\\\/www.entreculturas.org\\\/en\\\/noticia\\\/unete-recicoles-el-programa-de-reciclaje-solidario-de-entreculturas\\\/#breadcrumb\",\"itemListElement\":[{\"@type\":\"ListItem\",\"position\":1,\"name\":\"Home\",\"item\":\"https:\\\/\\\/www.entreculturas.org\\\/en\\\/\"},{\"@type\":\"ListItem\",\"position\":2,\"name\":\"Noticias\",\"item\":\"https:\\\/\\\/www.entreculturas.org\\\/en\\\/noticias\\\/\"},{\"@type\":\"ListItem\",\"position\":3,\"name\":\"\u00daNETE A RECICOLES, EL PROGRAMA DE RECICLAJE SOLIDARIO DE ENTRECULTURAS\"}]},{\"@type\":\"WebSite\",\"@id\":\"https:\\\/\\\/www.entreculturas.org\\\/en\\\/#website\",\"url\":\"https:\\\/\\\/www.entreculturas.org\\\/en\\\/\",\"name\":\"Entreculturas\",\"description\":\"\",\"publisher\":{\"@id\":\"https:\\\/\\\/www.entreculturas.org\\\/en\\\/#organization\"},\"alternateName\":\"Entreculturas\",\"potentialAction\":[{\"@type\":\"SearchAction\",\"target\":{\"@type\":\"EntryPoint\",\"urlTemplate\":\"https:\\\/\\\/www.entreculturas.org\\\/en\\\/?s={search_term_string}\"},\"query-input\":{\"@type\":\"PropertyValueSpecification\",\"valueRequired\":true,\"valueName\":\"search_term_string\"}}],\"inLanguage\":\"en-US\"},{\"@type\":\"Organization\",\"@id\":\"https:\\\/\\\/www.entreculturas.org\\\/en\\\/#organization\",\"name\":\"Entreculturas\",\"url\":\"https:\\\/\\\/www.entreculturas.org\\\/en\\\/\",\"logo\":{\"@type\":\"ImageObject\",\"inLanguage\":\"en-US\",\"@id\":\"https:\\\/\\\/www.entreculturas.org\\\/en\\\/#\\\/schema\\\/logo\\\/image\\\/\",\"url\":\"https:\\\/\\\/www.entreculturas.org\\\/wp-content\\\/uploads\\\/2025\\\/10\\\/ESP.svg\",\"contentUrl\":\"https:\\\/\\\/www.entreculturas.org\\\/wp-content\\\/uploads\\\/2025\\\/10\\\/ESP.svg\",\"caption\":\"Entreculturas\"},\"image\":{\"@id\":\"https:\\\/\\\/www.entreculturas.org\\\/en\\\/#\\\/schema\\\/logo\\\/image\\\/\"},\"sameAs\":[\"https:\\\/\\\/www.facebook.com\\\/entreculturas\",\"https:\\\/\\\/x.com\\\/Entreculturas\",\"https:\\\/\\\/www.instagram.com\\\/entreculturas\\\/\",\"https:\\\/\\\/www.youtube.com\\\/user\\\/entreculturasvideo\",\"https:\\\/\\\/www.linkedin.com\\\/company\\\/fundacion-entreculturas-ngdo\\\/\",\"https:\\\/\\\/www.flickr.com\\\/photos\\\/98455522@N04\\\/albums\\\/\"]}]}<\/script>\n<!-- \/ Yoast SEO Premium plugin. -->","yoast_head_json":{"title":"\u00daNETE A RECICOLES, EL PROGRAMA DE RECICLAJE SOLIDARIO DE ENTRECULTURAS - Entreculturas","robots":{"index":"index","follow":"follow","max-snippet":"max-snippet:-1","max-image-preview":"max-image-preview:large","max-video-preview":"max-video-preview:-1"},"canonical":"https:\/\/www.entreculturas.org\/en\/noticia\/unete-recicoles-el-programa-de-reciclaje-solidario-de-entreculturas\/","og_locale":"en_US","og_type":"article","og_title":"\u00daNETE A RECICOLES, EL PROGRAMA DE RECICLAJE SOLIDARIO DE ENTRECULTURAS","og_description":"Recicoles es un programa de reciclaje solidario de concienciaci\u00f3n con la ciudadan\u00eda global, a trav\u00e9s del cual, desde Entreculturas, queremos animar a las empresas y centros educativos a cuidar el medio ambiente y a contribuir a una causal medioambiental y social con algo tan sencillo como es el reciclaje de material de escritura.","og_url":"https:\/\/www.entreculturas.org\/en\/noticia\/unete-recicoles-el-programa-de-reciclaje-solidario-de-entreculturas\/","og_site_name":"Entreculturas","article_publisher":"https:\/\/www.facebook.com\/entreculturas","article_modified_time":"2024-09-16T11:12:01+00:00","og_image":[{"width":648,"height":271,"url":"https:\/\/www.entreculturas.org\/wp-content\/uploads\/2023\/12\/untitled_0.jpg","type":"image\/jpeg"}],"twitter_card":"summary_large_image","twitter_site":"@Entreculturas","schema":{"@context":"https:\/\/schema.org","@graph":[{"@type":"WebPage","@id":"https:\/\/www.entreculturas.org\/en\/noticia\/unete-recicoles-el-programa-de-reciclaje-solidario-de-entreculturas\/","url":"https:\/\/www.entreculturas.org\/en\/noticia\/unete-recicoles-el-programa-de-reciclaje-solidario-de-entreculturas\/","name":"\u00daNETE A RECICOLES, EL PROGRAMA DE RECICLAJE SOLIDARIO DE ENTRECULTURAS - Entreculturas","isPartOf":{"@id":"https:\/\/www.entreculturas.org\/en\/#website"},"primaryImageOfPage":{"@id":"https:\/\/www.entreculturas.org\/en\/noticia\/unete-recicoles-el-programa-de-reciclaje-solidario-de-entreculturas\/#primaryimage"},"image":{"@id":"https:\/\/www.entreculturas.org\/en\/noticia\/unete-recicoles-el-programa-de-reciclaje-solidario-de-entreculturas\/#primaryimage"},"thumbnailUrl":"https:\/\/www.entreculturas.org\/wp-content\/uploads\/2023\/12\/untitled_0.jpg","datePublished":"2023-09-26T07:23:59+00:00","dateModified":"2024-09-16T11:12:01+00:00","breadcrumb":{"@id":"https:\/\/www.entreculturas.org\/en\/noticia\/unete-recicoles-el-programa-de-reciclaje-solidario-de-entreculturas\/#breadcrumb"},"inLanguage":"en-US","potentialAction":[{"@type":"ReadAction","target":["https:\/\/www.entreculturas.org\/en\/noticia\/unete-recicoles-el-programa-de-reciclaje-solidario-de-entreculturas\/"]}]},{"@type":"ImageObject","inLanguage":"en-US","@id":"https:\/\/www.entreculturas.org\/en\/noticia\/unete-recicoles-el-programa-de-reciclaje-solidario-de-entreculturas\/#primaryimage","url":"https:\/\/www.entreculturas.org\/wp-content\/uploads\/2023\/12\/untitled_0.jpg","contentUrl":"https:\/\/www.entreculturas.org\/wp-content\/uploads\/2023\/12\/untitled_0.jpg","width":648,"height":271,"caption":"untitled"},{"@type":"BreadcrumbList","@id":"https:\/\/www.entreculturas.org\/en\/noticia\/unete-recicoles-el-programa-de-reciclaje-solidario-de-entreculturas\/#breadcrumb","itemListElement":[{"@type":"ListItem","position":1,"name":"Home","item":"https:\/\/www.entreculturas.org\/en\/"},{"@type":"ListItem","position":2,"name":"Noticias","item":"https:\/\/www.entreculturas.org\/en\/noticias\/"},{"@type":"ListItem","position":3,"name":"\u00daNETE A RECICOLES, EL PROGRAMA DE RECICLAJE SOLIDARIO DE ENTRECULTURAS"}]},{"@type":"WebSite","@id":"https:\/\/www.entreculturas.org\/en\/#website","url":"https:\/\/www.entreculturas.org\/en\/","name":"Entreculturas","description":"","publisher":{"@id":"https:\/\/www.entreculturas.org\/en\/#organization"},"alternateName":"Entreculturas","potentialAction":[{"@type":"SearchAction","target":{"@type":"EntryPoint","urlTemplate":"https:\/\/www.entreculturas.org\/en\/?s={search_term_string}"},"query-input":{"@type":"PropertyValueSpecification","valueRequired":true,"valueName":"search_term_string"}}],"inLanguage":"en-US"},{"@type":"Organization","@id":"https:\/\/www.entreculturas.org\/en\/#organization","name":"Entreculturas","url":"https:\/\/www.entreculturas.org\/en\/","logo":{"@type":"ImageObject","inLanguage":"en-US","@id":"https:\/\/www.entreculturas.org\/en\/#\/schema\/logo\/image\/","url":"https:\/\/www.entreculturas.org\/wp-content\/uploads\/2025\/10\/ESP.svg","contentUrl":"https:\/\/www.entreculturas.org\/wp-content\/uploads\/2025\/10\/ESP.svg","caption":"Entreculturas"},"image":{"@id":"https:\/\/www.entreculturas.org\/en\/#\/schema\/logo\/image\/"},"sameAs":["https:\/\/www.facebook.com\/entreculturas","https:\/\/x.com\/Entreculturas","https:\/\/www.instagram.com\/entreculturas\/","https:\/\/www.youtube.com\/user\/entreculturasvideo","https:\/\/www.linkedin.com\/company\/fundacion-entreculturas-ngdo\/","https:\/\/www.flickr.com\/photos\/98455522@N04\/albums\/"]}]}},"_links":{"self":[{"href":"https:\/\/www.entreculturas.org\/en\/wp-json\/wp\/v2\/noticia\/9365","targetHints":{"allow":["GET"]}}],"collection":[{"href":"https:\/\/www.entreculturas.org\/en\/wp-json\/wp\/v2\/noticia"}],"about":[{"href":"https:\/\/www.entreculturas.org\/en\/wp-json\/wp\/v2\/types\/noticia"}],"wp:featuredmedia":[{"embeddable":true,"href":"https:\/\/www.entreculturas.org\/en\/wp-json\/wp\/v2\/media\/9366"}],"wp:attachment":[{"href":"https:\/\/www.entreculturas.org\/en\/wp-json\/wp\/v2\/media?parent=9365"}],"wp:term":[{"taxonomy":"category","embeddable":true,"href":"https:\/\/www.entreculturas.org\/en\/wp-json\/wp\/v2\/categories?post=9365"},{"taxonomy":"post_tag","embeddable":true,"href":"https:\/\/www.entreculturas.org\/en\/wp-json\/wp\/v2\/tags?post=9365"},{"taxonomy":"country","embeddable":true,"href":"https:\/\/www.entreculturas.org\/en\/wp-json\/wp\/v2\/country?post=9365"},{"taxonomy":"cause","embeddable":true,"href":"https:\/\/www.entreculturas.org\/en\/wp-json\/wp\/v2\/cause?post=9365"}],"curies":[{"name":"wp","href":"https:\/\/api.w.org\/{rel}","templated":true}]}}