{"id":9362,"date":"2023-09-26T08:25:59","date_gmt":"2023-09-26T06:25:59","guid":{"rendered":"https:\/\/www.entreculturas.org\/noticia\/entreculturas-organiza-y-participa-en-las-jornadas-por-una-economia-global-justa-y\/"},"modified":"2024-02-14T15:15:50","modified_gmt":"2024-02-14T14:15:50","slug":"entreculturas-organiza-y-participa-en-las-jornadas-por-una-economia-global-justa-y","status":"publish","type":"noticia","link":"https:\/\/www.entreculturas.org\/en\/noticia\/entreculturas-organiza-y-participa-en-las-jornadas-por-una-economia-global-justa-y\/","title":{"rendered":"Entreculturas organiza y participa en las Jornadas \u201cPor una Econom\u00eda Global Justa y Sostenible\u201d"},"content":{"rendered":"<\/p>\n<p>Los d\u00edas mi\u00e9rcoles 13 y jueves 14 de septiembre <strong>Entreculturas organiz\u00f3 en Santiago de Compostela, junto con la Plataforma por <a href=\"https:\/\/empresasresponsables.org\/\">Empresas Responsables<\/a><\/strong> de la que forma parte, estas jornadas, para reivindicar una Econom\u00eda Global, Justa y Sostenible, como evento paralelo a la Cumbre de Ministros de Econom\u00eda y Finanzas de la Uni\u00f3n Europea, Latinoam\u00e9rica y Caribe, celebrada tambi\u00e9n en este ciudad durante esta semana.<\/p>\n<p>Las jornadas tuvieron tres hitos principales:&nbsp;<\/p>\n<p>1) La <a href=\"https:\/\/empresasresponsables.org\/jornadas-por-una-economia-global-justa-y-sostenible\/\">proyecci\u00f3n<\/a> el mi\u00e9rcoles 13 por la tarde del documental <strong>\u201cLa Ilusi\u00f3n de la Abundancia\u201d<\/strong> de una hora de duraci\u00f3n en los cines Numax de Santiago de Santiago de Compostela. El documental trata sobre la lucha de tres mujeres defensoras de derechos humanos. Tres historias que simbolizan las contradicciones de la globalizaci\u00f3n y el progreso, y c\u00f3mo estas afectan a las vidas de las comunidades y las personas. Despu\u00e9s del pase del documental el p\u00fablico estuvo <strong>dialogando en directo con tres defensores de derechos humanos<\/strong>, de Honduras, Colombia y Ecuador, qui\u00e9nes nos compartieron sus historias y experiencias.&nbsp;&nbsp;<\/p>\n<p>2) La celebraci\u00f3n de las <a href=\"https:\/\/empresasresponsables.org\/jornadas-por-una-economia-global-justa-y-sostenible\/\">jornadas de debate <\/a><strong>\u201cEmpresas europeas en Am\u00e9rica Latina: retos y oportunidades para la sostenibilidad social y ambiental\u201d <\/strong>en la Facultad de Filosof\u00eda de la Universidad de Santiago de Compostela, el jueves 14 durante toda la ma\u00f1ana. Las jornadas contaron con la colaboraci\u00f3n del Concello de Santiago, de la Coordinadora Galega de ONG, y de la campa\u00f1a europea Justice is Everybody\u00b4s Business. Las jornadas se desarrollaron en tres mesas redondas, que contaron con la presencia de la <strong>Teniente de Alcalde de Santiago de Compostela, eurodiputados, representantes de del Grupo de Trabajo de Empresas y Derechos Humanos de Naciones Unidas, de la sociedad civil, empresas, promotores de inversiones sostenibles, activistas de derechos humanos, y l\u00edderes sindicales<\/strong>. En el link de la jornadas de debate pod\u00e9is ver los nombres de los ponentes y contenidos. Durante una de las mesas estuvo presente una clase de <strong>2\u00ba de Bachillerato del colegio Compa\u00f1\u00eda de Mar\u00eda<\/strong> de Santiago de Compostela, que celebraron su clase all\u00ed.<\/p>\n<p>Jose D\u00edaz de Argote, del<strong> \u00c1rea de Alianzas y RSC,<\/strong> abri\u00f3 las jornadas, y Jose Luis Barreiro, <strong>coordinador de Entreculturas de Galicia y Asturias<\/strong>, moder\u00f3 la primera mesa redonda \u201cPor una Agenda UE-CELAC m\u00e1s justa y sostenible.&nbsp;<\/p>\n<p>3) La celebraci\u00f3n de un <strong>acto de calle<\/strong> en el centro de Santiago de Compostela el jueves por la tarde, como un <strong>espacio de reflexi\u00f3n e incidencia sobre las injusticias que ha generado la globalizaci\u00f3n, y sobre la necesidad de tener modelos empresariales m\u00e1s sostenibles<\/strong>, y la demanda de normativas internacionales que obliguen a las empresas a identificar los riesgos asociados a sus actividades que pueden traducirse en impactos a los Derechos Humanos y al medio ambiente, y que permitan un acceso a la justicia real y efectivo a las posibles v\u00edctimas. Al inicio del acto tres personas leyeron un manifiesto, y posteriormente se hizo un c\u00edrculo de silencio durante diez minutos simbolizando el apoyo con estas demandas. Adem\u00e1s durante todo el acto estuvo presente un hinchable de 10 metros de alto por 7 metros de ancho que simboliza la figura de la \u201cInjusticia\u201d.<\/p>\n<p>&nbsp;<\/p>\n","protected":false},"excerpt":{"rendered":"<p>Los d\u00edas mi\u00e9rcoles 13 y jueves 14 de septiembre Entreculturas organiz\u00f3 en Santiago de Compostela, junto con la Plataforma por Empresas Responsables de la que forma parte, estas jornadas, para reivindicar una Econom\u00eda Global, Justa y Sostenible, como evento paralelo a la Cumbre de Ministros de Econom\u00eda y Finanzas de la Uni\u00f3n Europea, Latinoam\u00e9rica y Caribe, celebrada tambi\u00e9n en este ciudad durante esta semana.<\/p>\n","protected":false},"featured_media":9363,"template":"single-noticia","meta":{"_acf_changed":false},"categories":[7,728],"tags":[196],"country":[120],"cause":[131],"class_list":["post-9362","noticia","type-noticia","status-publish","has-post-thumbnail","hentry","category-noticia","category-sin-categorizar","tag-rsc","country-espana","cause-justicia-medioambiental"],"acf":[],"yoast_head":"<!-- This site is optimized with the Yoast SEO Premium plugin v21.6 (Yoast SEO v27.5) - https:\/\/yoast.com\/product\/yoast-seo-premium-wordpress\/ -->\n<title>Entreculturas organiza y participa en las Jornadas \u201cPor una Econom\u00eda Global Justa y Sostenible\u201d - Entreculturas<\/title>\n<meta name=\"robots\" content=\"index, follow, max-snippet:-1, max-image-preview:large, max-video-preview:-1\" \/>\n<link rel=\"canonical\" href=\"https:\/\/www.entreculturas.org\/en\/noticia\/entreculturas-organiza-y-participa-en-las-jornadas-por-una-economia-global-justa-y\/\" \/>\n<meta property=\"og:locale\" content=\"en_US\" \/>\n<meta property=\"og:type\" content=\"article\" \/>\n<meta property=\"og:title\" content=\"Entreculturas organiza y participa en las Jornadas \u201cPor una Econom\u00eda Global Justa y Sostenible\u201d\" \/>\n<meta property=\"og:description\" content=\"Los d\u00edas mi\u00e9rcoles 13 y jueves 14 de septiembre Entreculturas organiz\u00f3 en Santiago de Compostela, junto con la Plataforma por Empresas Responsables de la que forma parte, estas jornadas, para reivindicar una Econom\u00eda Global, Justa y Sostenible, como evento paralelo a la Cumbre de Ministros de Econom\u00eda y Finanzas de la Uni\u00f3n Europea, Latinoam\u00e9rica y Caribe, celebrada tambi\u00e9n en este ciudad durante esta semana.\" \/>\n<meta property=\"og:url\" content=\"https:\/\/www.entreculturas.org\/en\/noticia\/entreculturas-organiza-y-participa-en-las-jornadas-por-una-economia-global-justa-y\/\" \/>\n<meta property=\"og:site_name\" content=\"Entreculturas\" \/>\n<meta property=\"article:publisher\" content=\"https:\/\/www.facebook.com\/entreculturas\" \/>\n<meta property=\"article:modified_time\" content=\"2024-02-14T14:15:50+00:00\" \/>\n<meta property=\"og:image\" content=\"https:\/\/www.entreculturas.org\/wp-content\/uploads\/2023\/12\/f6doqurweaaxpov-scaled-1.jpeg\" \/>\n\t<meta property=\"og:image:width\" content=\"2560\" \/>\n\t<meta property=\"og:image:height\" content=\"1920\" \/>\n\t<meta property=\"og:image:type\" content=\"image\/jpeg\" \/>\n<meta name=\"twitter:card\" content=\"summary_large_image\" \/>\n<meta name=\"twitter:site\" content=\"@Entreculturas\" \/>\n<script type=\"application\/ld+json\" class=\"yoast-schema-graph\">{\"@context\":\"https:\\\/\\\/schema.org\",\"@graph\":[{\"@type\":\"WebPage\",\"@id\":\"https:\\\/\\\/www.entreculturas.org\\\/en\\\/noticia\\\/entreculturas-organiza-y-participa-en-las-jornadas-por-una-economia-global-justa-y\\\/\",\"url\":\"https:\\\/\\\/www.entreculturas.org\\\/en\\\/noticia\\\/entreculturas-organiza-y-participa-en-las-jornadas-por-una-economia-global-justa-y\\\/\",\"name\":\"Entreculturas organiza y participa en las Jornadas \u201cPor una Econom\u00eda Global Justa y Sostenible\u201d - Entreculturas\",\"isPartOf\":{\"@id\":\"https:\\\/\\\/www.entreculturas.org\\\/en\\\/#website\"},\"primaryImageOfPage\":{\"@id\":\"https:\\\/\\\/www.entreculturas.org\\\/en\\\/noticia\\\/entreculturas-organiza-y-participa-en-las-jornadas-por-una-economia-global-justa-y\\\/#primaryimage\"},\"image\":{\"@id\":\"https:\\\/\\\/www.entreculturas.org\\\/en\\\/noticia\\\/entreculturas-organiza-y-participa-en-las-jornadas-por-una-economia-global-justa-y\\\/#primaryimage\"},\"thumbnailUrl\":\"https:\\\/\\\/www.entreculturas.org\\\/wp-content\\\/uploads\\\/2023\\\/12\\\/f6doqurweaaxpov-scaled-1.jpeg\",\"datePublished\":\"2023-09-26T06:25:59+00:00\",\"dateModified\":\"2024-02-14T14:15:50+00:00\",\"breadcrumb\":{\"@id\":\"https:\\\/\\\/www.entreculturas.org\\\/en\\\/noticia\\\/entreculturas-organiza-y-participa-en-las-jornadas-por-una-economia-global-justa-y\\\/#breadcrumb\"},\"inLanguage\":\"en-US\",\"potentialAction\":[{\"@type\":\"ReadAction\",\"target\":[\"https:\\\/\\\/www.entreculturas.org\\\/en\\\/noticia\\\/entreculturas-organiza-y-participa-en-las-jornadas-por-una-economia-global-justa-y\\\/\"]}]},{\"@type\":\"ImageObject\",\"inLanguage\":\"en-US\",\"@id\":\"https:\\\/\\\/www.entreculturas.org\\\/en\\\/noticia\\\/entreculturas-organiza-y-participa-en-las-jornadas-por-una-economia-global-justa-y\\\/#primaryimage\",\"url\":\"https:\\\/\\\/www.entreculturas.org\\\/wp-content\\\/uploads\\\/2023\\\/12\\\/f6doqurweaaxpov-scaled-1.jpeg\",\"contentUrl\":\"https:\\\/\\\/www.entreculturas.org\\\/wp-content\\\/uploads\\\/2023\\\/12\\\/f6doqurweaaxpov-scaled-1.jpeg\",\"width\":2560,\"height\":1920,\"caption\":\"f6doqurweaaxpov\"},{\"@type\":\"BreadcrumbList\",\"@id\":\"https:\\\/\\\/www.entreculturas.org\\\/en\\\/noticia\\\/entreculturas-organiza-y-participa-en-las-jornadas-por-una-economia-global-justa-y\\\/#breadcrumb\",\"itemListElement\":[{\"@type\":\"ListItem\",\"position\":1,\"name\":\"Home\",\"item\":\"https:\\\/\\\/www.entreculturas.org\\\/en\\\/\"},{\"@type\":\"ListItem\",\"position\":2,\"name\":\"Noticias\",\"item\":\"https:\\\/\\\/www.entreculturas.org\\\/en\\\/noticias\\\/\"},{\"@type\":\"ListItem\",\"position\":3,\"name\":\"Entreculturas organiza y participa en las Jornadas \u201cPor una Econom\u00eda Global Justa y Sostenible\u201d\"}]},{\"@type\":\"WebSite\",\"@id\":\"https:\\\/\\\/www.entreculturas.org\\\/en\\\/#website\",\"url\":\"https:\\\/\\\/www.entreculturas.org\\\/en\\\/\",\"name\":\"Entreculturas\",\"description\":\"\",\"publisher\":{\"@id\":\"https:\\\/\\\/www.entreculturas.org\\\/en\\\/#organization\"},\"alternateName\":\"Entreculturas\",\"potentialAction\":[{\"@type\":\"SearchAction\",\"target\":{\"@type\":\"EntryPoint\",\"urlTemplate\":\"https:\\\/\\\/www.entreculturas.org\\\/en\\\/?s={search_term_string}\"},\"query-input\":{\"@type\":\"PropertyValueSpecification\",\"valueRequired\":true,\"valueName\":\"search_term_string\"}}],\"inLanguage\":\"en-US\"},{\"@type\":\"Organization\",\"@id\":\"https:\\\/\\\/www.entreculturas.org\\\/en\\\/#organization\",\"name\":\"Entreculturas\",\"url\":\"https:\\\/\\\/www.entreculturas.org\\\/en\\\/\",\"logo\":{\"@type\":\"ImageObject\",\"inLanguage\":\"en-US\",\"@id\":\"https:\\\/\\\/www.entreculturas.org\\\/en\\\/#\\\/schema\\\/logo\\\/image\\\/\",\"url\":\"https:\\\/\\\/www.entreculturas.org\\\/wp-content\\\/uploads\\\/2025\\\/10\\\/ESP.svg\",\"contentUrl\":\"https:\\\/\\\/www.entreculturas.org\\\/wp-content\\\/uploads\\\/2025\\\/10\\\/ESP.svg\",\"caption\":\"Entreculturas\"},\"image\":{\"@id\":\"https:\\\/\\\/www.entreculturas.org\\\/en\\\/#\\\/schema\\\/logo\\\/image\\\/\"},\"sameAs\":[\"https:\\\/\\\/www.facebook.com\\\/entreculturas\",\"https:\\\/\\\/x.com\\\/Entreculturas\",\"https:\\\/\\\/www.instagram.com\\\/entreculturas\\\/\",\"https:\\\/\\\/www.youtube.com\\\/user\\\/entreculturasvideo\",\"https:\\\/\\\/www.linkedin.com\\\/company\\\/fundacion-entreculturas-ngdo\\\/\",\"https:\\\/\\\/www.flickr.com\\\/photos\\\/98455522@N04\\\/albums\\\/\"]}]}<\/script>\n<!-- \/ Yoast SEO Premium plugin. -->","yoast_head_json":{"title":"Entreculturas organiza y participa en las Jornadas \u201cPor una Econom\u00eda Global Justa y Sostenible\u201d - Entreculturas","robots":{"index":"index","follow":"follow","max-snippet":"max-snippet:-1","max-image-preview":"max-image-preview:large","max-video-preview":"max-video-preview:-1"},"canonical":"https:\/\/www.entreculturas.org\/en\/noticia\/entreculturas-organiza-y-participa-en-las-jornadas-por-una-economia-global-justa-y\/","og_locale":"en_US","og_type":"article","og_title":"Entreculturas organiza y participa en las Jornadas \u201cPor una Econom\u00eda Global Justa y Sostenible\u201d","og_description":"Los d\u00edas mi\u00e9rcoles 13 y jueves 14 de septiembre Entreculturas organiz\u00f3 en Santiago de Compostela, junto con la Plataforma por Empresas Responsables de la que forma parte, estas jornadas, para reivindicar una Econom\u00eda Global, Justa y Sostenible, como evento paralelo a la Cumbre de Ministros de Econom\u00eda y Finanzas de la Uni\u00f3n Europea, Latinoam\u00e9rica y Caribe, celebrada tambi\u00e9n en este ciudad durante esta semana.","og_url":"https:\/\/www.entreculturas.org\/en\/noticia\/entreculturas-organiza-y-participa-en-las-jornadas-por-una-economia-global-justa-y\/","og_site_name":"Entreculturas","article_publisher":"https:\/\/www.facebook.com\/entreculturas","article_modified_time":"2024-02-14T14:15:50+00:00","og_image":[{"width":2560,"height":1920,"url":"https:\/\/www.entreculturas.org\/wp-content\/uploads\/2023\/12\/f6doqurweaaxpov-scaled-1.jpeg","type":"image\/jpeg"}],"twitter_card":"summary_large_image","twitter_site":"@Entreculturas","schema":{"@context":"https:\/\/schema.org","@graph":[{"@type":"WebPage","@id":"https:\/\/www.entreculturas.org\/en\/noticia\/entreculturas-organiza-y-participa-en-las-jornadas-por-una-economia-global-justa-y\/","url":"https:\/\/www.entreculturas.org\/en\/noticia\/entreculturas-organiza-y-participa-en-las-jornadas-por-una-economia-global-justa-y\/","name":"Entreculturas organiza y participa en las Jornadas \u201cPor una Econom\u00eda Global Justa y Sostenible\u201d - Entreculturas","isPartOf":{"@id":"https:\/\/www.entreculturas.org\/en\/#website"},"primaryImageOfPage":{"@id":"https:\/\/www.entreculturas.org\/en\/noticia\/entreculturas-organiza-y-participa-en-las-jornadas-por-una-economia-global-justa-y\/#primaryimage"},"image":{"@id":"https:\/\/www.entreculturas.org\/en\/noticia\/entreculturas-organiza-y-participa-en-las-jornadas-por-una-economia-global-justa-y\/#primaryimage"},"thumbnailUrl":"https:\/\/www.entreculturas.org\/wp-content\/uploads\/2023\/12\/f6doqurweaaxpov-scaled-1.jpeg","datePublished":"2023-09-26T06:25:59+00:00","dateModified":"2024-02-14T14:15:50+00:00","breadcrumb":{"@id":"https:\/\/www.entreculturas.org\/en\/noticia\/entreculturas-organiza-y-participa-en-las-jornadas-por-una-economia-global-justa-y\/#breadcrumb"},"inLanguage":"en-US","potentialAction":[{"@type":"ReadAction","target":["https:\/\/www.entreculturas.org\/en\/noticia\/entreculturas-organiza-y-participa-en-las-jornadas-por-una-economia-global-justa-y\/"]}]},{"@type":"ImageObject","inLanguage":"en-US","@id":"https:\/\/www.entreculturas.org\/en\/noticia\/entreculturas-organiza-y-participa-en-las-jornadas-por-una-economia-global-justa-y\/#primaryimage","url":"https:\/\/www.entreculturas.org\/wp-content\/uploads\/2023\/12\/f6doqurweaaxpov-scaled-1.jpeg","contentUrl":"https:\/\/www.entreculturas.org\/wp-content\/uploads\/2023\/12\/f6doqurweaaxpov-scaled-1.jpeg","width":2560,"height":1920,"caption":"f6doqurweaaxpov"},{"@type":"BreadcrumbList","@id":"https:\/\/www.entreculturas.org\/en\/noticia\/entreculturas-organiza-y-participa-en-las-jornadas-por-una-economia-global-justa-y\/#breadcrumb","itemListElement":[{"@type":"ListItem","position":1,"name":"Home","item":"https:\/\/www.entreculturas.org\/en\/"},{"@type":"ListItem","position":2,"name":"Noticias","item":"https:\/\/www.entreculturas.org\/en\/noticias\/"},{"@type":"ListItem","position":3,"name":"Entreculturas organiza y participa en las Jornadas \u201cPor una Econom\u00eda Global Justa y Sostenible\u201d"}]},{"@type":"WebSite","@id":"https:\/\/www.entreculturas.org\/en\/#website","url":"https:\/\/www.entreculturas.org\/en\/","name":"Entreculturas","description":"","publisher":{"@id":"https:\/\/www.entreculturas.org\/en\/#organization"},"alternateName":"Entreculturas","potentialAction":[{"@type":"SearchAction","target":{"@type":"EntryPoint","urlTemplate":"https:\/\/www.entreculturas.org\/en\/?s={search_term_string}"},"query-input":{"@type":"PropertyValueSpecification","valueRequired":true,"valueName":"search_term_string"}}],"inLanguage":"en-US"},{"@type":"Organization","@id":"https:\/\/www.entreculturas.org\/en\/#organization","name":"Entreculturas","url":"https:\/\/www.entreculturas.org\/en\/","logo":{"@type":"ImageObject","inLanguage":"en-US","@id":"https:\/\/www.entreculturas.org\/en\/#\/schema\/logo\/image\/","url":"https:\/\/www.entreculturas.org\/wp-content\/uploads\/2025\/10\/ESP.svg","contentUrl":"https:\/\/www.entreculturas.org\/wp-content\/uploads\/2025\/10\/ESP.svg","caption":"Entreculturas"},"image":{"@id":"https:\/\/www.entreculturas.org\/en\/#\/schema\/logo\/image\/"},"sameAs":["https:\/\/www.facebook.com\/entreculturas","https:\/\/x.com\/Entreculturas","https:\/\/www.instagram.com\/entreculturas\/","https:\/\/www.youtube.com\/user\/entreculturasvideo","https:\/\/www.linkedin.com\/company\/fundacion-entreculturas-ngdo\/","https:\/\/www.flickr.com\/photos\/98455522@N04\/albums\/"]}]}},"_links":{"self":[{"href":"https:\/\/www.entreculturas.org\/en\/wp-json\/wp\/v2\/noticia\/9362","targetHints":{"allow":["GET"]}}],"collection":[{"href":"https:\/\/www.entreculturas.org\/en\/wp-json\/wp\/v2\/noticia"}],"about":[{"href":"https:\/\/www.entreculturas.org\/en\/wp-json\/wp\/v2\/types\/noticia"}],"wp:featuredmedia":[{"embeddable":true,"href":"https:\/\/www.entreculturas.org\/en\/wp-json\/wp\/v2\/media\/9363"}],"wp:attachment":[{"href":"https:\/\/www.entreculturas.org\/en\/wp-json\/wp\/v2\/media?parent=9362"}],"wp:term":[{"taxonomy":"category","embeddable":true,"href":"https:\/\/www.entreculturas.org\/en\/wp-json\/wp\/v2\/categories?post=9362"},{"taxonomy":"post_tag","embeddable":true,"href":"https:\/\/www.entreculturas.org\/en\/wp-json\/wp\/v2\/tags?post=9362"},{"taxonomy":"country","embeddable":true,"href":"https:\/\/www.entreculturas.org\/en\/wp-json\/wp\/v2\/country?post=9362"},{"taxonomy":"cause","embeddable":true,"href":"https:\/\/www.entreculturas.org\/en\/wp-json\/wp\/v2\/cause?post=9362"}],"curies":[{"name":"wp","href":"https:\/\/api.w.org\/{rel}","templated":true}]}}